{"id":1023,"date":"2018-03-01T07:52:45","date_gmt":"2018-03-01T07:52:45","guid":{"rendered":"https:\/\/blog.wtransnet.com\/de\/?p=1023"},"modified":"2018-03-01T07:52:45","modified_gmt":"2018-03-01T07:52:45","slug":"wconnecta-2018-kommt-nach-madrid-oktober","status":"publish","type":"post","link":"https:\/\/blog.wtransnet.com\/de\/wconnecta-2018-kommt-nach-madrid-oktober\/","title":{"rendered":"WConnecta kommt im Oktober nach Madrid mit einer erwarteten Beteiligung von 1.000 Transportfachleuten"},"content":{"rendered":"<blockquote><p><u>Das wichtigste <em>Networking<\/em>-Event der Branche wird in diesem Jahr zum neunten Mal, zeitgleich mit der Messe Fruit Attraction stattfinden.<\/u><\/p><\/blockquote>\n<p>Nach acht Ausgaben und nach seiner Zeit in Deutschland kehrt WConnecta in die Stadt zur\u00fcck, in der sie geboren wurde. Am <strong>26. Oktober <\/strong>findet in Madrid die n\u00e4chste Ausgabe der internationalen Veranstaltung f\u00fcr Transportfachleute mit <strong>gesch\u00e4tzten 1.000 Teilnehmern <\/strong>statt.<\/p>\n<p>Die <strong>WConnecta Madrid 2018,<\/strong> die von der <strong>Wtransnet-Stiftung<\/strong> in ihrem Engagement f\u00fcr die Durchf\u00fchrung von Initiativen zur Unterst\u00fctzung des Verkehrs organisiert wird, wird allen europ\u00e4ischen Unternehmen eine neue Gelegenheit bieten, an einem <strong>einzigartigen <em>Networking<\/em>-Event der Branche <\/strong>teilzunehmen.<\/p>\n<p>Die diesj\u00e4hrige Ausgabe f\u00e4llt erneut mit der <strong>Fruit<\/strong> <strong>Attraction<\/strong> zusammen, der internationalen Fachmesse f\u00fcr Obst und Gem\u00fcse, die vom 23. bis 25. Oktober auf der IFEMA stattfindet, sodass zwei f\u00fcr die Branche interessante Veranstaltungen in derselben Woche stattfinden und die Teilnahme der Unternehmen an beiden Veranstaltungen erleichtert wird.<\/p>\n<p><img loading=\"lazy\" decoding=\"async\" class=\"aligncenter size-full wp-image-1026\" src=\"https:\/\/blog.wtransnet.com\/de\/wp-content\/uploads\/sites\/6\/2018\/03\/Wconnecta-2018-kommt-nach-Madrid-im-Oktober.png\" alt=\"Wconnecta-2018-kommt-nach-Madrid-im-Oktober\" width=\"500\" height=\"300\" srcset=\"https:\/\/blog.wtransnet.com\/de\/wp-content\/uploads\/sites\/6\/2018\/03\/Wconnecta-2018-kommt-nach-Madrid-im-Oktober.png 500w, https:\/\/blog.wtransnet.com\/de\/wp-content\/uploads\/sites\/6\/2018\/03\/Wconnecta-2018-kommt-nach-Madrid-im-Oktober-300x180.png 300w\" sizes=\"auto, (max-width: 500px) 100vw, 500px\" \/><\/p>\n<p>In all diesen Jahren haben <strong>3.500<\/strong> <strong>Fachleute<\/strong> aus <strong>30<\/strong> <strong>verschiedenen<\/strong> <strong>europ\u00e4ischen L\u00e4ndern<\/strong> WConnecta&#8217;s <em>Speed-Networking<\/em>-Tische durchlaufen und mehr als <strong>50.000 schnelle Meetings<\/strong> abgehalten, aus denen sicher Tausende von Kollaborationen hervorgegangen sind.<\/p>\n<p><strong>Jos\u00e9 Mar\u00eda Sall\u00e9s<\/strong>, Gesch\u00e4ftsf\u00fchrer der Stiftung Wtransnet, erkl\u00e4rt: \u00bb Mit dem Aufkommen der Verkehrstechnologie hat sich vieles ver\u00e4ndert: die Referenzen, die wir hatten, die Art und Weise, wie wir Gesch\u00e4fte machen, etc. Eines hat sich jedoch nicht ge\u00e4ndert: die Notwendigkeit, jemandem die Hand zu sch\u00fctteln. Dieser physische Kontakt, der beim Abschluss eines Gesch\u00e4fts Gef\u00fchle des Vertrauens und der Sicherheit hervorruft. WConnecta wurde aus dieser Idee geboren und ich liebe es zu sehen, wie konkurrierende Unternehmen an einem Tisch sitzen, um m\u00f6gliche Synergien zwischen ihnen zu finden.\u201d.<\/p>\n<p><img loading=\"lazy\" decoding=\"async\" class=\"aligncenter size-full wp-image-1025\" src=\"https:\/\/blog.wtransnet.com\/de\/wp-content\/uploads\/sites\/6\/2018\/03\/Wconnecta-feiert-neunte-Ausgabe-im-Oktober.png\" alt=\"Wconnecta-feiert-neunte-Ausgabe-im-Oktober\" width=\"500\" height=\"300\" srcset=\"https:\/\/blog.wtransnet.com\/de\/wp-content\/uploads\/sites\/6\/2018\/03\/Wconnecta-feiert-neunte-Ausgabe-im-Oktober.png 500w, https:\/\/blog.wtransnet.com\/de\/wp-content\/uploads\/sites\/6\/2018\/03\/Wconnecta-feiert-neunte-Ausgabe-im-Oktober-300x180.png 300w\" sizes=\"auto, (max-width: 500px) 100vw, 500px\" \/><\/p>\n<p>Wir haben bereits die <strong>internationale Projektion<\/strong> der Veranstaltung, die Konsolidierung der Teilnehmerzahl und die Anerkennung unter den besten Unternehmen der Branche erw\u00e4hnt, daher <strong>bleibt die WConnecta ihrem Format treu<\/strong>. Wenn etwas funktioniert, machen Sie es besser.<\/p>\n<p>Durch ihre <strong><em>Speed-Networking-Runden<\/em><\/strong>, organisiert durch Spezialgebiete und entsprechend internationalen oder nationalen Routen, sind Teilnehmer in der Lage, sich in einer Geschwindigkeit im Stile des <em>speed dating<\/em> mit den Fachleuten zu interviewen, die ihre Bed\u00fcrfnissen erg\u00e4nzen.<\/p>\n<p>Die <strong>Cargo Area<\/strong> wird den ganzen Tag \u00fcber als offener Raum f\u00fcr Logistiker und Spediteure genutzt, um private, vorher vereinbarte Treffen mit Spediteuren abzuhalten, die daran interessiert sind, mit ihnen zusammenzuarbeiten.<\/p>\n<p>Abgerundet wird das Ganze durch die <strong>Coffee Area<\/strong>, einen permanenten Cafeteria-Raum, in dem informelle Meetings stattfinden k\u00f6nnen, und das <strong>Business Center<\/strong>, die diesj\u00e4hrige Neuheit: ein Meeting-Raum, auf den Unternehmen am Nachmittag zugreifen k\u00f6nnen, um gesch\u00e4ftliche Meetings mit gr\u00f6\u00dferer Privatsph\u00e4re abzuhalten.<\/p>\n<p>Die Anmeldung kann ab sofort auf der Veranstaltungswebsite erfolgen.<\/p>\n","protected":false},"excerpt":{"rendered":"<p>Das wichtigste Networking-Event der Branche wird in diesem Jahr zum neunten Mal, zeitgleich mit der Messe Fruit Attraction stattfinden. Nach acht Ausgaben und nach seiner Zeit in Deutschland kehrt WConnecta in die Stadt zur\u00fcck, in der sie geboren wurde. Am 26. Oktober findet in Madrid die n\u00e4chste Ausgabe der internationalen Veranstaltung f\u00fcr Transportfachleute mit gesch\u00e4tzten &hellip;<\/p>\n","protected":false},"author":2,"featured_media":1025,"comment_status":"open","ping_status":"open","sticky":false,"template":"","format":"standard","meta":{"_monsterinsights_skip_tracking":false,"_monsterinsights_sitenote_active":false,"_monsterinsights_sitenote_note":"","_monsterinsights_sitenote_category":0,"footnotes":""},"categories":[346,108,2],"tags":[379,27,380,53,73,165,244,118,381,382,16],"class_list":["post-1023","post","type-post","status-publish","format-standard","has-post-thumbnail","","category-aktualitat","category-blog","category-wtransnet","tag-frachtangebote","tag-frachtenborse","tag-international-transporte","tag-networking","tag-speed-networking","tag-stiftung-wtransnet","tag-strasenguterverkehr","tag-transporte","tag-transportevent","tag-wconnecta-madrid-2018","tag-wtransnet"],"yoast_head":"<!-- This site is optimized with the Yoast SEO plugin v26.9 - https:\/\/yoast.com\/product\/yoast-seo-wordpress\/ -->\n<title>WConnecta 2018 kommt im Oktober nach Madrid | Blog Wtransnet<\/title>\n<meta name=\"description\" content=\"Das wichtigste Networking-Event der Branche feiert in diesem Jahr seine neunte Auflage, zeitgleich mit Fruit Attraction in der spanischen Hauptstadt.\" \/>\n<meta name=\"robots\" content=\"index, follow, max-snippet:-1, max-image-preview:large, max-video-preview:-1\" \/>\n<link rel=\"canonical\" href=\"https:\/\/blog.wtransnet.com\/de\/wconnecta-2018-kommt-nach-madrid-oktober\/\" \/>\n<meta property=\"og:locale\" content=\"es_ES\" \/>\n<meta property=\"og:type\" content=\"article\" \/>\n<meta property=\"og:title\" content=\"WConnecta 2018 kommt im Oktober nach Madrid | Blog Wtransnet\" \/>\n<meta property=\"og:description\" content=\"Das wichtigste Networking-Event der Branche feiert in diesem Jahr seine neunte Auflage, zeitgleich mit Fruit Attraction in der spanischen Hauptstadt.\" \/>\n<meta property=\"og:url\" content=\"https:\/\/blog.wtransnet.com\/de\/wconnecta-2018-kommt-nach-madrid-oktober\/\" \/>\n<meta property=\"og:site_name\" content=\"Blog Wtransnet Deutschland\" \/>\n<meta property=\"article:published_time\" content=\"2018-03-01T07:52:45+00:00\" \/>\n<meta property=\"og:image\" content=\"https:\/\/blog.wtransnet.com\/de\/wp-content\/uploads\/sites\/6\/2018\/03\/Wconnecta-feiert-neunte-Ausgabe-im-Oktober.png\" \/>\n\t<meta property=\"og:image:width\" content=\"500\" \/>\n\t<meta property=\"og:image:height\" content=\"300\" \/>\n\t<meta property=\"og:image:type\" content=\"image\/png\" \/>\n<meta name=\"author\" content=\"Edgar Compte Reollo\" \/>\n<meta name=\"twitter:card\" content=\"summary_large_image\" \/>\n<meta name=\"twitter:label1\" content=\"Escrito por\" \/>\n\t<meta name=\"twitter:data1\" content=\"Edgar Compte Reollo\" \/>\n\t<meta name=\"twitter:label2\" content=\"Tiempo de lectura\" \/>\n\t<meta name=\"twitter:data2\" content=\"2 minutos\" \/>\n<script type=\"application\/ld+json\" class=\"yoast-schema-graph\">{\"@context\":\"https:\/\/schema.org\",\"@graph\":[{\"@type\":\"Article\",\"@id\":\"https:\/\/blog.wtransnet.com\/de\/wconnecta-2018-kommt-nach-madrid-oktober\/#article\",\"isPartOf\":{\"@id\":\"https:\/\/blog.wtransnet.com\/de\/wconnecta-2018-kommt-nach-madrid-oktober\/\"},\"author\":{\"name\":\"Edgar Compte Reollo\",\"@id\":\"https:\/\/blog.wtransnet.com\/de\/#\/schema\/person\/72e72ba89ffa96d0d5f7e50a6af29d29\"},\"headline\":\"WConnecta kommt im Oktober nach Madrid mit einer erwarteten Beteiligung von 1.000 Transportfachleuten\",\"datePublished\":\"2018-03-01T07:52:45+00:00\",\"mainEntityOfPage\":{\"@id\":\"https:\/\/blog.wtransnet.com\/de\/wconnecta-2018-kommt-nach-madrid-oktober\/\"},\"wordCount\":451,\"commentCount\":0,\"image\":{\"@id\":\"https:\/\/blog.wtransnet.com\/de\/wconnecta-2018-kommt-nach-madrid-oktober\/#primaryimage\"},\"thumbnailUrl\":\"https:\/\/blog.wtransnet.com\/de\/wp-content\/uploads\/sites\/6\/2018\/03\/Wconnecta-feiert-neunte-Ausgabe-im-Oktober.png\",\"keywords\":[\"Frachtangebote\",\"frachtenb\u00f6rse\",\"international Transporte\",\"networking\",\"speed networking\",\"Stiftung Wtransnet\",\"Stra\u00dfeng\u00fcterverkehr\",\"Transporte\",\"Transportevent\",\"WConnecta Madrid 2018\",\"Wtransnet\"],\"articleSection\":[\"Aktualit\u00e4t\",\"Blog\",\"Wtransnet\"],\"inLanguage\":\"es\",\"potentialAction\":[{\"@type\":\"CommentAction\",\"name\":\"Comment\",\"target\":[\"https:\/\/blog.wtransnet.com\/de\/wconnecta-2018-kommt-nach-madrid-oktober\/#respond\"]}]},{\"@type\":\"WebPage\",\"@id\":\"https:\/\/blog.wtransnet.com\/de\/wconnecta-2018-kommt-nach-madrid-oktober\/\",\"url\":\"https:\/\/blog.wtransnet.com\/de\/wconnecta-2018-kommt-nach-madrid-oktober\/\",\"name\":\"WConnecta 2018 kommt im Oktober nach Madrid | Blog Wtransnet\",\"isPartOf\":{\"@id\":\"https:\/\/blog.wtransnet.com\/de\/#website\"},\"primaryImageOfPage\":{\"@id\":\"https:\/\/blog.wtransnet.com\/de\/wconnecta-2018-kommt-nach-madrid-oktober\/#primaryimage\"},\"image\":{\"@id\":\"https:\/\/blog.wtransnet.com\/de\/wconnecta-2018-kommt-nach-madrid-oktober\/#primaryimage\"},\"thumbnailUrl\":\"https:\/\/blog.wtransnet.com\/de\/wp-content\/uploads\/sites\/6\/2018\/03\/Wconnecta-feiert-neunte-Ausgabe-im-Oktober.png\",\"datePublished\":\"2018-03-01T07:52:45+00:00\",\"author\":{\"@id\":\"https:\/\/blog.wtransnet.com\/de\/#\/schema\/person\/72e72ba89ffa96d0d5f7e50a6af29d29\"},\"description\":\"Das wichtigste Networking-Event der Branche feiert in diesem Jahr seine neunte Auflage, zeitgleich mit Fruit Attraction in der spanischen Hauptstadt.\",\"breadcrumb\":{\"@id\":\"https:\/\/blog.wtransnet.com\/de\/wconnecta-2018-kommt-nach-madrid-oktober\/#breadcrumb\"},\"inLanguage\":\"es\",\"potentialAction\":[{\"@type\":\"ReadAction\",\"target\":[\"https:\/\/blog.wtransnet.com\/de\/wconnecta-2018-kommt-nach-madrid-oktober\/\"]}]},{\"@type\":\"ImageObject\",\"inLanguage\":\"es\",\"@id\":\"https:\/\/blog.wtransnet.com\/de\/wconnecta-2018-kommt-nach-madrid-oktober\/#primaryimage\",\"url\":\"https:\/\/blog.wtransnet.com\/de\/wp-content\/uploads\/sites\/6\/2018\/03\/Wconnecta-feiert-neunte-Ausgabe-im-Oktober.png\",\"contentUrl\":\"https:\/\/blog.wtransnet.com\/de\/wp-content\/uploads\/sites\/6\/2018\/03\/Wconnecta-feiert-neunte-Ausgabe-im-Oktober.png\",\"width\":500,\"height\":300},{\"@type\":\"BreadcrumbList\",\"@id\":\"https:\/\/blog.wtransnet.com\/de\/wconnecta-2018-kommt-nach-madrid-oktober\/#breadcrumb\",\"itemListElement\":[{\"@type\":\"ListItem\",\"position\":1,\"name\":\"Portada\",\"item\":\"https:\/\/blog.wtransnet.com\/de\/\"},{\"@type\":\"ListItem\",\"position\":2,\"name\":\"WConnecta kommt im Oktober nach Madrid mit einer erwarteten Beteiligung von 1.000 Transportfachleuten\"}]},{\"@type\":\"WebSite\",\"@id\":\"https:\/\/blog.wtransnet.com\/de\/#website\",\"url\":\"https:\/\/blog.wtransnet.com\/de\/\",\"name\":\"Blog Wtransnet Deutschland\",\"description\":\"Blog Wtransnet Deutschland: News von Transport und Logistik\",\"potentialAction\":[{\"@type\":\"SearchAction\",\"target\":{\"@type\":\"EntryPoint\",\"urlTemplate\":\"https:\/\/blog.wtransnet.com\/de\/?s={search_term_string}\"},\"query-input\":{\"@type\":\"PropertyValueSpecification\",\"valueRequired\":true,\"valueName\":\"search_term_string\"}}],\"inLanguage\":\"es\"},{\"@type\":\"Person\",\"@id\":\"https:\/\/blog.wtransnet.com\/de\/#\/schema\/person\/72e72ba89ffa96d0d5f7e50a6af29d29\",\"name\":\"Edgar Compte Reollo\",\"image\":{\"@type\":\"ImageObject\",\"inLanguage\":\"es\",\"@id\":\"https:\/\/blog.wtransnet.com\/de\/#\/schema\/person\/image\/\",\"url\":\"https:\/\/secure.gravatar.com\/avatar\/cdef3ab443cd703d80f8618c041e62e3338cd7adb52bb56655047a411be15900?s=96&d=mm&r=g\",\"contentUrl\":\"https:\/\/secure.gravatar.com\/avatar\/cdef3ab443cd703d80f8618c041e62e3338cd7adb52bb56655047a411be15900?s=96&d=mm&r=g\",\"caption\":\"Edgar Compte Reollo\"},\"url\":\"https:\/\/blog.wtransnet.com\/de\/author\/ecompte\/\"}]}<\/script>\n<!-- \/ Yoast SEO plugin. -->","yoast_head_json":{"title":"WConnecta 2018 kommt im Oktober nach Madrid | Blog Wtransnet","description":"Das wichtigste Networking-Event der Branche feiert in diesem Jahr seine neunte Auflage, zeitgleich mit Fruit Attraction in der spanischen Hauptstadt.","robots":{"index":"index","follow":"follow","max-snippet":"max-snippet:-1","max-image-preview":"max-image-preview:large","max-video-preview":"max-video-preview:-1"},"canonical":"https:\/\/blog.wtransnet.com\/de\/wconnecta-2018-kommt-nach-madrid-oktober\/","og_locale":"es_ES","og_type":"article","og_title":"WConnecta 2018 kommt im Oktober nach Madrid | Blog Wtransnet","og_description":"Das wichtigste Networking-Event der Branche feiert in diesem Jahr seine neunte Auflage, zeitgleich mit Fruit Attraction in der spanischen Hauptstadt.","og_url":"https:\/\/blog.wtransnet.com\/de\/wconnecta-2018-kommt-nach-madrid-oktober\/","og_site_name":"Blog Wtransnet Deutschland","article_published_time":"2018-03-01T07:52:45+00:00","og_image":[{"width":500,"height":300,"url":"https:\/\/blog.wtransnet.com\/de\/wp-content\/uploads\/sites\/6\/2018\/03\/Wconnecta-feiert-neunte-Ausgabe-im-Oktober.png","type":"image\/png"}],"author":"Edgar Compte Reollo","twitter_card":"summary_large_image","twitter_misc":{"Escrito por":"Edgar Compte Reollo","Tiempo de lectura":"2 minutos"},"schema":{"@context":"https:\/\/schema.org","@graph":[{"@type":"Article","@id":"https:\/\/blog.wtransnet.com\/de\/wconnecta-2018-kommt-nach-madrid-oktober\/#article","isPartOf":{"@id":"https:\/\/blog.wtransnet.com\/de\/wconnecta-2018-kommt-nach-madrid-oktober\/"},"author":{"name":"Edgar Compte Reollo","@id":"https:\/\/blog.wtransnet.com\/de\/#\/schema\/person\/72e72ba89ffa96d0d5f7e50a6af29d29"},"headline":"WConnecta kommt im Oktober nach Madrid mit einer erwarteten Beteiligung von 1.000 Transportfachleuten","datePublished":"2018-03-01T07:52:45+00:00","mainEntityOfPage":{"@id":"https:\/\/blog.wtransnet.com\/de\/wconnecta-2018-kommt-nach-madrid-oktober\/"},"wordCount":451,"commentCount":0,"image":{"@id":"https:\/\/blog.wtransnet.com\/de\/wconnecta-2018-kommt-nach-madrid-oktober\/#primaryimage"},"thumbnailUrl":"https:\/\/blog.wtransnet.com\/de\/wp-content\/uploads\/sites\/6\/2018\/03\/Wconnecta-feiert-neunte-Ausgabe-im-Oktober.png","keywords":["Frachtangebote","frachtenb\u00f6rse","international Transporte","networking","speed networking","Stiftung Wtransnet","Stra\u00dfeng\u00fcterverkehr","Transporte","Transportevent","WConnecta Madrid 2018","Wtransnet"],"articleSection":["Aktualit\u00e4t","Blog","Wtransnet"],"inLanguage":"es","potentialAction":[{"@type":"CommentAction","name":"Comment","target":["https:\/\/blog.wtransnet.com\/de\/wconnecta-2018-kommt-nach-madrid-oktober\/#respond"]}]},{"@type":"WebPage","@id":"https:\/\/blog.wtransnet.com\/de\/wconnecta-2018-kommt-nach-madrid-oktober\/","url":"https:\/\/blog.wtransnet.com\/de\/wconnecta-2018-kommt-nach-madrid-oktober\/","name":"WConnecta 2018 kommt im Oktober nach Madrid | Blog Wtransnet","isPartOf":{"@id":"https:\/\/blog.wtransnet.com\/de\/#website"},"primaryImageOfPage":{"@id":"https:\/\/blog.wtransnet.com\/de\/wconnecta-2018-kommt-nach-madrid-oktober\/#primaryimage"},"image":{"@id":"https:\/\/blog.wtransnet.com\/de\/wconnecta-2018-kommt-nach-madrid-oktober\/#primaryimage"},"thumbnailUrl":"https:\/\/blog.wtransnet.com\/de\/wp-content\/uploads\/sites\/6\/2018\/03\/Wconnecta-feiert-neunte-Ausgabe-im-Oktober.png","datePublished":"2018-03-01T07:52:45+00:00","author":{"@id":"https:\/\/blog.wtransnet.com\/de\/#\/schema\/person\/72e72ba89ffa96d0d5f7e50a6af29d29"},"description":"Das wichtigste Networking-Event der Branche feiert in diesem Jahr seine neunte Auflage, zeitgleich mit Fruit Attraction in der spanischen Hauptstadt.","breadcrumb":{"@id":"https:\/\/blog.wtransnet.com\/de\/wconnecta-2018-kommt-nach-madrid-oktober\/#breadcrumb"},"inLanguage":"es","potentialAction":[{"@type":"ReadAction","target":["https:\/\/blog.wtransnet.com\/de\/wconnecta-2018-kommt-nach-madrid-oktober\/"]}]},{"@type":"ImageObject","inLanguage":"es","@id":"https:\/\/blog.wtransnet.com\/de\/wconnecta-2018-kommt-nach-madrid-oktober\/#primaryimage","url":"https:\/\/blog.wtransnet.com\/de\/wp-content\/uploads\/sites\/6\/2018\/03\/Wconnecta-feiert-neunte-Ausgabe-im-Oktober.png","contentUrl":"https:\/\/blog.wtransnet.com\/de\/wp-content\/uploads\/sites\/6\/2018\/03\/Wconnecta-feiert-neunte-Ausgabe-im-Oktober.png","width":500,"height":300},{"@type":"BreadcrumbList","@id":"https:\/\/blog.wtransnet.com\/de\/wconnecta-2018-kommt-nach-madrid-oktober\/#breadcrumb","itemListElement":[{"@type":"ListItem","position":1,"name":"Portada","item":"https:\/\/blog.wtransnet.com\/de\/"},{"@type":"ListItem","position":2,"name":"WConnecta kommt im Oktober nach Madrid mit einer erwarteten Beteiligung von 1.000 Transportfachleuten"}]},{"@type":"WebSite","@id":"https:\/\/blog.wtransnet.com\/de\/#website","url":"https:\/\/blog.wtransnet.com\/de\/","name":"Blog Wtransnet Deutschland","description":"Blog Wtransnet Deutschland: News von Transport und Logistik","potentialAction":[{"@type":"SearchAction","target":{"@type":"EntryPoint","urlTemplate":"https:\/\/blog.wtransnet.com\/de\/?s={search_term_string}"},"query-input":{"@type":"PropertyValueSpecification","valueRequired":true,"valueName":"search_term_string"}}],"inLanguage":"es"},{"@type":"Person","@id":"https:\/\/blog.wtransnet.com\/de\/#\/schema\/person\/72e72ba89ffa96d0d5f7e50a6af29d29","name":"Edgar Compte Reollo","image":{"@type":"ImageObject","inLanguage":"es","@id":"https:\/\/blog.wtransnet.com\/de\/#\/schema\/person\/image\/","url":"https:\/\/secure.gravatar.com\/avatar\/cdef3ab443cd703d80f8618c041e62e3338cd7adb52bb56655047a411be15900?s=96&d=mm&r=g","contentUrl":"https:\/\/secure.gravatar.com\/avatar\/cdef3ab443cd703d80f8618c041e62e3338cd7adb52bb56655047a411be15900?s=96&d=mm&r=g","caption":"Edgar Compte Reollo"},"url":"https:\/\/blog.wtransnet.com\/de\/author\/ecompte\/"}]}},"_links":{"self":[{"href":"https:\/\/blog.wtransnet.com\/de\/wp-json\/wp\/v2\/posts\/1023","targetHints":{"allow":["GET"]}}],"collection":[{"href":"https:\/\/blog.wtransnet.com\/de\/wp-json\/wp\/v2\/posts"}],"about":[{"href":"https:\/\/blog.wtransnet.com\/de\/wp-json\/wp\/v2\/types\/post"}],"author":[{"embeddable":true,"href":"https:\/\/blog.wtransnet.com\/de\/wp-json\/wp\/v2\/users\/2"}],"replies":[{"embeddable":true,"href":"https:\/\/blog.wtransnet.com\/de\/wp-json\/wp\/v2\/comments?post=1023"}],"version-history":[{"count":2,"href":"https:\/\/blog.wtransnet.com\/de\/wp-json\/wp\/v2\/posts\/1023\/revisions"}],"predecessor-version":[{"id":1027,"href":"https:\/\/blog.wtransnet.com\/de\/wp-json\/wp\/v2\/posts\/1023\/revisions\/1027"}],"wp:featuredmedia":[{"embeddable":true,"href":"https:\/\/blog.wtransnet.com\/de\/wp-json\/wp\/v2\/media\/1025"}],"wp:attachment":[{"href":"https:\/\/blog.wtransnet.com\/de\/wp-json\/wp\/v2\/media?parent=1023"}],"wp:term":[{"taxonomy":"category","embeddable":true,"href":"https:\/\/blog.wtransnet.com\/de\/wp-json\/wp\/v2\/categories?post=1023"},{"taxonomy":"post_tag","embeddable":true,"href":"https:\/\/blog.wtransnet.com\/de\/wp-json\/wp\/v2\/tags?post=1023"}],"curies":[{"name":"wp","href":"https:\/\/api.w.org\/{rel}","templated":true}]}}