{"id":122,"date":"2015-11-13T00:00:00","date_gmt":"2015-11-13T00:00:00","guid":{"rendered":"https:\/\/blog.wtransnet.com\/de\/2015\/11\/13\/die-verkehrsabteilung-von-wtransnet-ein-kleines-buro-in-der-lkw-kabine\/"},"modified":"2016-02-09T15:17:33","modified_gmt":"2016-02-09T15:17:33","slug":"die-verkehrsabteilung-von-wtransnet-ein-kleines-buro-in-der-lkw-kabine","status":"publish","type":"post","link":"https:\/\/blog.wtransnet.com\/de\/die-verkehrsabteilung-von-wtransnet-ein-kleines-buro-in-der-lkw-kabine\/","title":{"rendered":"Die Verkehrsabteilung von Wtransnet: ein kleines B\u00fcro in der LKW- Kabine"},"content":{"rendered":"<div class=\"content\">\n<div class=\"field field-type-filefield field-field-main-image\"><\/div>\n<p class=\"rteleft\">Die Abteilung Verkehr von Wtransnet ist exklusiv f\u00fcr die Sparte Selbstst\u00e4ndige Profis gedacht die die meiste Zeit von ihrem LKW aus arbeiten und keine M\u00f6glichkeit haben von ihrem B\u00fcro aus Online zu gehen.<\/p>\n<p class=\"rteleft\">Mit mehr als 8.000 monatlichen Anrufen und einer Verf\u00fcgbarkeit von 12 Stunden t\u00e4glich, startete 1999 diese Abteilung mit der Pr\u00e4misse die Wtransnet zu jeder Zeit ausgezeichnet hat: ein unterst\u00fctzendes Werkzeug f\u00fcr Transporteure zu sein.<\/p>\n<p>&nbsp;<\/p>\n<p class=\"rteleft\"><strong>N\u00e4he und Einsatz<\/strong><\/p>\n<p class=\"rteleft\">Bei Wtransnet arbeitet die Abteilung Verkehr direkt und zeitnah mit dem Transporteur zusammen. Sie sieht eventuelle Schwierigkeiten, die sich ergeben k\u00f6nnen, \u00a0voraus und schl\u00e4gt Alternativen vor.<\/p>\n<p class=\"rteleft\">Mit einem einfachen Anruf kontaktiert der Transporteur mit der Abteilung um seinen LKW anzubieten: Ladeort, Ziel und Fahrzeugtyp. Im gleichen Augenblick wird des Team dem Transporteur die \u00dcbereinstimmungen mit seiner Suche mitteilen und sollte sich keine \u00dcbereinstimmungen ergeben wird das System des Handyalarms aktiviert, \u00fcber das der Transporteur \u00fcber Folge\u00fcbereinstimmungen, die sich an die Charakteren seines angebotenen LKWs anpassen, informiert wird.<\/p>\n<p class=\"rteleft\">So wie einige der Veteranen der Transporteure es bezeichnen ist der Gebrauch der Verkehrsabteilung von Wtransnet, wie wenn man Online w\u00e4re ohne die Seite vor sich zu haben. Manuel Acebedo, seit 10 Jahren Nutzer dieser Abteilung:<\/p>\n<p class=\"rteleft\">\u201cIch nutze den Service der Verkehrsabteilung und dies hilft mir Arbeit zu bekommen w\u00e4hrend ich in Bewegung bin ohne notwendigerweise \u00a0zu halten um zu suchen. Die M\u00f6glichkeit diesen Service w\u00e4hrend der t\u00e4glichen Fahrzeiten zu nutzen erspart es mir anhalten zu m\u00fcssen. Ich arbeite mit den SMS-Mitteilungen und erhalte \u00dcbereinstimmungen auf dem Handy und kann so viel schneller auf die Angebote zugreifen.<\/p>\n<p class=\"rteleft\"><a href=\"https:\/\/blog.wtransnet.com\/de\/wp-content\/uploads\/sites\/6\/2015\/11\/4-departamento.jpg\"><img loading=\"lazy\" decoding=\"async\" class=\"size-full wp-image-445 aligncenter\" src=\"https:\/\/blog.wtransnet.com\/de\/wp-content\/uploads\/sites\/6\/2015\/11\/4-departamento.jpg\" alt=\"4-departamento\" width=\"500\" height=\"300\" \/><\/a><\/p>\n<p>Daher, dass es so wichtig ist, dass der Transporteur abgesehen von der Frachtensuche auf der Plattform auch sein Fahrzeug anbietet um so sichtbar f\u00fcr die Unternehmen zu sein die LKWs suchen, da er andernfalls m\u00f6gliche Gesch\u00e4ftsm\u00f6glichkeiten verpassen w\u00fcrde.<\/p>\n<p class=\"rteleft\">Giaquinto Aniello von der italienischen Firma ISA TRANSPORT best\u00e4tigt, dass der Verkehrsservice sehr n\u00fctzlich ist, vor Allem wenn er in seinem Truck sitzt und nicht auf die Web zugreifen kann. Er definiert diesen Service mit: \u201eEs ist wie eine nette Person die dich begleitet und dir hilft deine Probleme ohne Zeitverlust zu l\u00f6sen.<\/p>\n<\/div>\n","protected":false},"excerpt":{"rendered":"<p>Die Abteilung Verkehr von Wtransnet ist exklusiv f\u00fcr die Sparte Selbstst\u00e4ndige Profis gedacht die die meiste Zeit von ihrem LKW aus arbeiten und keine M\u00f6glichkeit haben von ihrem B\u00fcro aus Online zu gehen. Mit mehr als 8.000 monatlichen Anrufen und einer Verf\u00fcgbarkeit von 12 Stunden t\u00e4glich, startete 1999 diese Abteilung mit der Pr\u00e4misse die Wtransnet &hellip;<\/p>\n","protected":false},"author":2,"featured_media":446,"comment_status":"open","ping_status":"open","sticky":false,"template":"","format":"standard","meta":{"_monsterinsights_skip_tracking":false,"_monsterinsights_sitenote_active":false,"_monsterinsights_sitenote_note":"","_monsterinsights_sitenote_category":0,"footnotes":""},"categories":[108,2],"tags":[104,94,105,16],"class_list":["post-122","post","type-post","status-publish","format-standard","has-post-thumbnail","","category-blog","category-wtransnet","tag-buro","tag-lkw","tag-verkehrsabteilung","tag-wtransnet"],"yoast_head":"<!-- This site is optimized with the Yoast SEO plugin v26.9 - https:\/\/yoast.com\/product\/yoast-seo-wordpress\/ -->\n<title>Die Verkehrsabteilung von Wtransnet: ein kleines B\u00fcro in der LKW- Kabine - Blog Wtransnet Deutschland<\/title>\n<meta name=\"robots\" content=\"index, follow, max-snippet:-1, max-image-preview:large, max-video-preview:-1\" \/>\n<link rel=\"canonical\" href=\"https:\/\/blog.wtransnet.com\/de\/die-verkehrsabteilung-von-wtransnet-ein-kleines-buro-in-der-lkw-kabine\/\" \/>\n<meta property=\"og:locale\" content=\"es_ES\" \/>\n<meta property=\"og:type\" content=\"article\" \/>\n<meta property=\"og:title\" content=\"Die Verkehrsabteilung von Wtransnet: ein kleines B\u00fcro in der LKW- Kabine - Blog Wtransnet Deutschland\" \/>\n<meta property=\"og:description\" content=\"Die Abteilung Verkehr von Wtransnet ist exklusiv f\u00fcr die Sparte Selbstst\u00e4ndige Profis gedacht die die meiste Zeit von ihrem LKW aus arbeiten und keine M\u00f6glichkeit haben von ihrem B\u00fcro aus Online zu gehen. Mit mehr als 8.000 monatlichen Anrufen und einer Verf\u00fcgbarkeit von 12 Stunden t\u00e4glich, startete 1999 diese Abteilung mit der Pr\u00e4misse die Wtransnet &hellip;\" \/>\n<meta property=\"og:url\" content=\"https:\/\/blog.wtransnet.com\/de\/die-verkehrsabteilung-von-wtransnet-ein-kleines-buro-in-der-lkw-kabine\/\" \/>\n<meta property=\"og:site_name\" content=\"Blog Wtransnet Deutschland\" \/>\n<meta property=\"article:published_time\" content=\"2015-11-13T00:00:00+00:00\" \/>\n<meta property=\"article:modified_time\" content=\"2016-02-09T15:17:33+00:00\" \/>\n<meta property=\"og:image\" content=\"https:\/\/blog.wtransnet.com\/de\/wp-content\/uploads\/sites\/6\/2015\/11\/4-departamento-small.jpg\" \/>\n\t<meta property=\"og:image:width\" content=\"150\" \/>\n\t<meta property=\"og:image:height\" content=\"150\" \/>\n\t<meta property=\"og:image:type\" content=\"image\/jpeg\" \/>\n<meta name=\"author\" content=\"Edgar Compte Reollo\" \/>\n<meta name=\"twitter:card\" content=\"summary_large_image\" \/>\n<meta name=\"twitter:label1\" content=\"Escrito por\" \/>\n\t<meta name=\"twitter:data1\" content=\"Edgar Compte Reollo\" \/>\n\t<meta name=\"twitter:label2\" content=\"Tiempo de lectura\" \/>\n\t<meta name=\"twitter:data2\" content=\"2 minutos\" \/>\n<script type=\"application\/ld+json\" class=\"yoast-schema-graph\">{\"@context\":\"https:\/\/schema.org\",\"@graph\":[{\"@type\":\"Article\",\"@id\":\"https:\/\/blog.wtransnet.com\/de\/die-verkehrsabteilung-von-wtransnet-ein-kleines-buro-in-der-lkw-kabine\/#article\",\"isPartOf\":{\"@id\":\"https:\/\/blog.wtransnet.com\/de\/die-verkehrsabteilung-von-wtransnet-ein-kleines-buro-in-der-lkw-kabine\/\"},\"author\":{\"name\":\"Edgar Compte Reollo\",\"@id\":\"https:\/\/blog.wtransnet.com\/de\/#\/schema\/person\/72e72ba89ffa96d0d5f7e50a6af29d29\"},\"headline\":\"Die Verkehrsabteilung von Wtransnet: ein kleines B\u00fcro in der LKW- Kabine\",\"datePublished\":\"2015-11-13T00:00:00+00:00\",\"dateModified\":\"2016-02-09T15:17:33+00:00\",\"mainEntityOfPage\":{\"@id\":\"https:\/\/blog.wtransnet.com\/de\/die-verkehrsabteilung-von-wtransnet-ein-kleines-buro-in-der-lkw-kabine\/\"},\"wordCount\":381,\"commentCount\":0,\"image\":{\"@id\":\"https:\/\/blog.wtransnet.com\/de\/die-verkehrsabteilung-von-wtransnet-ein-kleines-buro-in-der-lkw-kabine\/#primaryimage\"},\"thumbnailUrl\":\"https:\/\/blog.wtransnet.com\/de\/wp-content\/uploads\/sites\/6\/2015\/11\/4-departamento-small.jpg\",\"keywords\":[\"B\u00fcro\",\"LKW\",\"Verkehrsabteilung\",\"Wtransnet\"],\"articleSection\":[\"Blog\",\"Wtransnet\"],\"inLanguage\":\"es\",\"potentialAction\":[{\"@type\":\"CommentAction\",\"name\":\"Comment\",\"target\":[\"https:\/\/blog.wtransnet.com\/de\/die-verkehrsabteilung-von-wtransnet-ein-kleines-buro-in-der-lkw-kabine\/#respond\"]}]},{\"@type\":\"WebPage\",\"@id\":\"https:\/\/blog.wtransnet.com\/de\/die-verkehrsabteilung-von-wtransnet-ein-kleines-buro-in-der-lkw-kabine\/\",\"url\":\"https:\/\/blog.wtransnet.com\/de\/die-verkehrsabteilung-von-wtransnet-ein-kleines-buro-in-der-lkw-kabine\/\",\"name\":\"Die Verkehrsabteilung von Wtransnet: ein kleines B\u00fcro in der LKW- Kabine - Blog Wtransnet Deutschland\",\"isPartOf\":{\"@id\":\"https:\/\/blog.wtransnet.com\/de\/#website\"},\"primaryImageOfPage\":{\"@id\":\"https:\/\/blog.wtransnet.com\/de\/die-verkehrsabteilung-von-wtransnet-ein-kleines-buro-in-der-lkw-kabine\/#primaryimage\"},\"image\":{\"@id\":\"https:\/\/blog.wtransnet.com\/de\/die-verkehrsabteilung-von-wtransnet-ein-kleines-buro-in-der-lkw-kabine\/#primaryimage\"},\"thumbnailUrl\":\"https:\/\/blog.wtransnet.com\/de\/wp-content\/uploads\/sites\/6\/2015\/11\/4-departamento-small.jpg\",\"datePublished\":\"2015-11-13T00:00:00+00:00\",\"dateModified\":\"2016-02-09T15:17:33+00:00\",\"author\":{\"@id\":\"https:\/\/blog.wtransnet.com\/de\/#\/schema\/person\/72e72ba89ffa96d0d5f7e50a6af29d29\"},\"breadcrumb\":{\"@id\":\"https:\/\/blog.wtransnet.com\/de\/die-verkehrsabteilung-von-wtransnet-ein-kleines-buro-in-der-lkw-kabine\/#breadcrumb\"},\"inLanguage\":\"es\",\"potentialAction\":[{\"@type\":\"ReadAction\",\"target\":[\"https:\/\/blog.wtransnet.com\/de\/die-verkehrsabteilung-von-wtransnet-ein-kleines-buro-in-der-lkw-kabine\/\"]}]},{\"@type\":\"ImageObject\",\"inLanguage\":\"es\",\"@id\":\"https:\/\/blog.wtransnet.com\/de\/die-verkehrsabteilung-von-wtransnet-ein-kleines-buro-in-der-lkw-kabine\/#primaryimage\",\"url\":\"https:\/\/blog.wtransnet.com\/de\/wp-content\/uploads\/sites\/6\/2015\/11\/4-departamento-small.jpg\",\"contentUrl\":\"https:\/\/blog.wtransnet.com\/de\/wp-content\/uploads\/sites\/6\/2015\/11\/4-departamento-small.jpg\",\"width\":150,\"height\":150},{\"@type\":\"BreadcrumbList\",\"@id\":\"https:\/\/blog.wtransnet.com\/de\/die-verkehrsabteilung-von-wtransnet-ein-kleines-buro-in-der-lkw-kabine\/#breadcrumb\",\"itemListElement\":[{\"@type\":\"ListItem\",\"position\":1,\"name\":\"Portada\",\"item\":\"https:\/\/blog.wtransnet.com\/de\/\"},{\"@type\":\"ListItem\",\"position\":2,\"name\":\"Die Verkehrsabteilung von Wtransnet: ein kleines B\u00fcro in der LKW- Kabine\"}]},{\"@type\":\"WebSite\",\"@id\":\"https:\/\/blog.wtransnet.com\/de\/#website\",\"url\":\"https:\/\/blog.wtransnet.com\/de\/\",\"name\":\"Blog Wtransnet Deutschland\",\"description\":\"Blog Wtransnet Deutschland: News von Transport und Logistik\",\"potentialAction\":[{\"@type\":\"SearchAction\",\"target\":{\"@type\":\"EntryPoint\",\"urlTemplate\":\"https:\/\/blog.wtransnet.com\/de\/?s={search_term_string}\"},\"query-input\":{\"@type\":\"PropertyValueSpecification\",\"valueRequired\":true,\"valueName\":\"search_term_string\"}}],\"inLanguage\":\"es\"},{\"@type\":\"Person\",\"@id\":\"https:\/\/blog.wtransnet.com\/de\/#\/schema\/person\/72e72ba89ffa96d0d5f7e50a6af29d29\",\"name\":\"Edgar Compte Reollo\",\"image\":{\"@type\":\"ImageObject\",\"inLanguage\":\"es\",\"@id\":\"https:\/\/blog.wtransnet.com\/de\/#\/schema\/person\/image\/\",\"url\":\"https:\/\/secure.gravatar.com\/avatar\/cdef3ab443cd703d80f8618c041e62e3338cd7adb52bb56655047a411be15900?s=96&d=mm&r=g\",\"contentUrl\":\"https:\/\/secure.gravatar.com\/avatar\/cdef3ab443cd703d80f8618c041e62e3338cd7adb52bb56655047a411be15900?s=96&d=mm&r=g\",\"caption\":\"Edgar Compte Reollo\"},\"url\":\"https:\/\/blog.wtransnet.com\/de\/author\/ecompte\/\"}]}<\/script>\n<!-- \/ Yoast SEO plugin. -->","yoast_head_json":{"title":"Die Verkehrsabteilung von Wtransnet: ein kleines B\u00fcro in der LKW- Kabine - Blog Wtransnet Deutschland","robots":{"index":"index","follow":"follow","max-snippet":"max-snippet:-1","max-image-preview":"max-image-preview:large","max-video-preview":"max-video-preview:-1"},"canonical":"https:\/\/blog.wtransnet.com\/de\/die-verkehrsabteilung-von-wtransnet-ein-kleines-buro-in-der-lkw-kabine\/","og_locale":"es_ES","og_type":"article","og_title":"Die Verkehrsabteilung von Wtransnet: ein kleines B\u00fcro in der LKW- Kabine - Blog Wtransnet Deutschland","og_description":"Die Abteilung Verkehr von Wtransnet ist exklusiv f\u00fcr die Sparte Selbstst\u00e4ndige Profis gedacht die die meiste Zeit von ihrem LKW aus arbeiten und keine M\u00f6glichkeit haben von ihrem B\u00fcro aus Online zu gehen. Mit mehr als 8.000 monatlichen Anrufen und einer Verf\u00fcgbarkeit von 12 Stunden t\u00e4glich, startete 1999 diese Abteilung mit der Pr\u00e4misse die Wtransnet &hellip;","og_url":"https:\/\/blog.wtransnet.com\/de\/die-verkehrsabteilung-von-wtransnet-ein-kleines-buro-in-der-lkw-kabine\/","og_site_name":"Blog Wtransnet Deutschland","article_published_time":"2015-11-13T00:00:00+00:00","article_modified_time":"2016-02-09T15:17:33+00:00","og_image":[{"width":150,"height":150,"url":"https:\/\/blog.wtransnet.com\/de\/wp-content\/uploads\/sites\/6\/2015\/11\/4-departamento-small.jpg","type":"image\/jpeg"}],"author":"Edgar Compte Reollo","twitter_card":"summary_large_image","twitter_misc":{"Escrito por":"Edgar Compte Reollo","Tiempo de lectura":"2 minutos"},"schema":{"@context":"https:\/\/schema.org","@graph":[{"@type":"Article","@id":"https:\/\/blog.wtransnet.com\/de\/die-verkehrsabteilung-von-wtransnet-ein-kleines-buro-in-der-lkw-kabine\/#article","isPartOf":{"@id":"https:\/\/blog.wtransnet.com\/de\/die-verkehrsabteilung-von-wtransnet-ein-kleines-buro-in-der-lkw-kabine\/"},"author":{"name":"Edgar Compte Reollo","@id":"https:\/\/blog.wtransnet.com\/de\/#\/schema\/person\/72e72ba89ffa96d0d5f7e50a6af29d29"},"headline":"Die Verkehrsabteilung von Wtransnet: ein kleines B\u00fcro in der LKW- Kabine","datePublished":"2015-11-13T00:00:00+00:00","dateModified":"2016-02-09T15:17:33+00:00","mainEntityOfPage":{"@id":"https:\/\/blog.wtransnet.com\/de\/die-verkehrsabteilung-von-wtransnet-ein-kleines-buro-in-der-lkw-kabine\/"},"wordCount":381,"commentCount":0,"image":{"@id":"https:\/\/blog.wtransnet.com\/de\/die-verkehrsabteilung-von-wtransnet-ein-kleines-buro-in-der-lkw-kabine\/#primaryimage"},"thumbnailUrl":"https:\/\/blog.wtransnet.com\/de\/wp-content\/uploads\/sites\/6\/2015\/11\/4-departamento-small.jpg","keywords":["B\u00fcro","LKW","Verkehrsabteilung","Wtransnet"],"articleSection":["Blog","Wtransnet"],"inLanguage":"es","potentialAction":[{"@type":"CommentAction","name":"Comment","target":["https:\/\/blog.wtransnet.com\/de\/die-verkehrsabteilung-von-wtransnet-ein-kleines-buro-in-der-lkw-kabine\/#respond"]}]},{"@type":"WebPage","@id":"https:\/\/blog.wtransnet.com\/de\/die-verkehrsabteilung-von-wtransnet-ein-kleines-buro-in-der-lkw-kabine\/","url":"https:\/\/blog.wtransnet.com\/de\/die-verkehrsabteilung-von-wtransnet-ein-kleines-buro-in-der-lkw-kabine\/","name":"Die Verkehrsabteilung von Wtransnet: ein kleines B\u00fcro in der LKW- Kabine - Blog Wtransnet Deutschland","isPartOf":{"@id":"https:\/\/blog.wtransnet.com\/de\/#website"},"primaryImageOfPage":{"@id":"https:\/\/blog.wtransnet.com\/de\/die-verkehrsabteilung-von-wtransnet-ein-kleines-buro-in-der-lkw-kabine\/#primaryimage"},"image":{"@id":"https:\/\/blog.wtransnet.com\/de\/die-verkehrsabteilung-von-wtransnet-ein-kleines-buro-in-der-lkw-kabine\/#primaryimage"},"thumbnailUrl":"https:\/\/blog.wtransnet.com\/de\/wp-content\/uploads\/sites\/6\/2015\/11\/4-departamento-small.jpg","datePublished":"2015-11-13T00:00:00+00:00","dateModified":"2016-02-09T15:17:33+00:00","author":{"@id":"https:\/\/blog.wtransnet.com\/de\/#\/schema\/person\/72e72ba89ffa96d0d5f7e50a6af29d29"},"breadcrumb":{"@id":"https:\/\/blog.wtransnet.com\/de\/die-verkehrsabteilung-von-wtransnet-ein-kleines-buro-in-der-lkw-kabine\/#breadcrumb"},"inLanguage":"es","potentialAction":[{"@type":"ReadAction","target":["https:\/\/blog.wtransnet.com\/de\/die-verkehrsabteilung-von-wtransnet-ein-kleines-buro-in-der-lkw-kabine\/"]}]},{"@type":"ImageObject","inLanguage":"es","@id":"https:\/\/blog.wtransnet.com\/de\/die-verkehrsabteilung-von-wtransnet-ein-kleines-buro-in-der-lkw-kabine\/#primaryimage","url":"https:\/\/blog.wtransnet.com\/de\/wp-content\/uploads\/sites\/6\/2015\/11\/4-departamento-small.jpg","contentUrl":"https:\/\/blog.wtransnet.com\/de\/wp-content\/uploads\/sites\/6\/2015\/11\/4-departamento-small.jpg","width":150,"height":150},{"@type":"BreadcrumbList","@id":"https:\/\/blog.wtransnet.com\/de\/die-verkehrsabteilung-von-wtransnet-ein-kleines-buro-in-der-lkw-kabine\/#breadcrumb","itemListElement":[{"@type":"ListItem","position":1,"name":"Portada","item":"https:\/\/blog.wtransnet.com\/de\/"},{"@type":"ListItem","position":2,"name":"Die Verkehrsabteilung von Wtransnet: ein kleines B\u00fcro in der LKW- Kabine"}]},{"@type":"WebSite","@id":"https:\/\/blog.wtransnet.com\/de\/#website","url":"https:\/\/blog.wtransnet.com\/de\/","name":"Blog Wtransnet Deutschland","description":"Blog Wtransnet Deutschland: News von Transport und Logistik","potentialAction":[{"@type":"SearchAction","target":{"@type":"EntryPoint","urlTemplate":"https:\/\/blog.wtransnet.com\/de\/?s={search_term_string}"},"query-input":{"@type":"PropertyValueSpecification","valueRequired":true,"valueName":"search_term_string"}}],"inLanguage":"es"},{"@type":"Person","@id":"https:\/\/blog.wtransnet.com\/de\/#\/schema\/person\/72e72ba89ffa96d0d5f7e50a6af29d29","name":"Edgar Compte Reollo","image":{"@type":"ImageObject","inLanguage":"es","@id":"https:\/\/blog.wtransnet.com\/de\/#\/schema\/person\/image\/","url":"https:\/\/secure.gravatar.com\/avatar\/cdef3ab443cd703d80f8618c041e62e3338cd7adb52bb56655047a411be15900?s=96&d=mm&r=g","contentUrl":"https:\/\/secure.gravatar.com\/avatar\/cdef3ab443cd703d80f8618c041e62e3338cd7adb52bb56655047a411be15900?s=96&d=mm&r=g","caption":"Edgar Compte Reollo"},"url":"https:\/\/blog.wtransnet.com\/de\/author\/ecompte\/"}]}},"_links":{"self":[{"href":"https:\/\/blog.wtransnet.com\/de\/wp-json\/wp\/v2\/posts\/122","targetHints":{"allow":["GET"]}}],"collection":[{"href":"https:\/\/blog.wtransnet.com\/de\/wp-json\/wp\/v2\/posts"}],"about":[{"href":"https:\/\/blog.wtransnet.com\/de\/wp-json\/wp\/v2\/types\/post"}],"author":[{"embeddable":true,"href":"https:\/\/blog.wtransnet.com\/de\/wp-json\/wp\/v2\/users\/2"}],"replies":[{"embeddable":true,"href":"https:\/\/blog.wtransnet.com\/de\/wp-json\/wp\/v2\/comments?post=122"}],"version-history":[{"count":0,"href":"https:\/\/blog.wtransnet.com\/de\/wp-json\/wp\/v2\/posts\/122\/revisions"}],"wp:featuredmedia":[{"embeddable":true,"href":"https:\/\/blog.wtransnet.com\/de\/wp-json\/wp\/v2\/media\/446"}],"wp:attachment":[{"href":"https:\/\/blog.wtransnet.com\/de\/wp-json\/wp\/v2\/media?parent=122"}],"wp:term":[{"taxonomy":"category","embeddable":true,"href":"https:\/\/blog.wtransnet.com\/de\/wp-json\/wp\/v2\/categories?post=122"},{"taxonomy":"post_tag","embeddable":true,"href":"https:\/\/blog.wtransnet.com\/de\/wp-json\/wp\/v2\/tags?post=122"}],"curies":[{"name":"wp","href":"https:\/\/api.w.org\/{rel}","templated":true}]}}