{"id":1054,"date":"2013-03-11T00:00:00","date_gmt":"2013-03-11T00:00:00","guid":{"rendered":"https:\/\/blog.wtransnet.com\/es\/nuevo-director-de-relaciones-institucionales-de-wtransnet\/"},"modified":"2016-01-27T11:40:35","modified_gmt":"2016-01-27T11:40:35","slug":"nuevo-director-de-relaciones-institucionales-de-wtransnet","status":"publish","type":"post","link":"https:\/\/blog.wtransnet.com\/es\/nuevo-director-de-relaciones-institucionales-de-wtransnet\/","title":{"rendered":"Nuevo Director de Relaciones Institucionales de Wtransnet"},"content":{"rendered":"<p><a href=\"https:\/\/blog.wtransnet.com\/es\/wp-content\/uploads\/sites\/2\/1313\/03\/director-comercial-wtransnet.jpg\"><img loading=\"lazy\" decoding=\"async\" class=\"alignleft wp-image-1899 size-full\" title=\"Josep Maria Sall\u00e9s nuevo director de relaciones institucionales\" src=\"https:\/\/blog.wtransnet.com\/es\/wp-content\/uploads\/sites\/2\/1313\/03\/director-comercial-wtransnet.jpg\" alt=\"jos\u00e9 maria sall\u00e9s\" width=\"150\" height=\"150\" \/><\/a><strong>Wtransnet ha nombrado a Jose Mar\u00eda Sall\u00e9s como nuevo Director de Relaciones Institucionales, encarg\u00e1ndose de impulsar la colaboraci\u00f3n con las Asociaciones de transporte y log\u00edstica para buscar soluciones conjuntas<\/strong><\/p>\n<p>Jose Mar\u00eda Sall\u00e9s, presente en la empresa desde sus inicios, ha desarrollado su actividad en los \u00faltimos 3 a\u00f1os como responsable de la Fundaci\u00f3n Wtransnet, -cargo que seguir\u00e1 ejerciendo- promoviendo la creaci\u00f3n y consolidaci\u00f3n de los eventos de networking<strong> Madrid Connecta y Barcelona Connecta<\/strong> que este a\u00f1o celebrar\u00e1n ya su 4\u00aa edici\u00f3n y colaborando activamente con la Federaci\u00f3n Espa\u00f1ola de Bancos de Alimentos con la creaci\u00f3n e impulso del <strong>proyecto \u201cTransporte solidario\u201d<\/strong>.<\/p>\n<p>Las sesiones formativas por toda Espa\u00f1a para el sector del transporte organizadas por la Fundaci\u00f3n encajan perfectamente con su nueva responsabilidad.<\/p>\n<p>La misi\u00f3n de Jose Mar\u00eda Sall\u00e9s es promover relaciones y colaboraciones con empresas y entidades relacionadas con el sector del transporte de mercanc\u00edas por carretera, con el fin de aportar soluciones conjuntas para las empresas y aut\u00f3nomos del sector.<\/p>\n","protected":false},"excerpt":{"rendered":"<p>Wtransnet ha nombrado a Jose Mar\u00eda Sall\u00e9s como nuevo Director de Relaciones Institucionales, encarg\u00e1ndose de impulsar la colaboraci\u00f3n con las Asociaciones de transporte y log\u00edstica para buscar soluciones conjuntas Jose Mar\u00eda Sall\u00e9s, presente en la empresa desde sus inicios, ha desarrollado su actividad en los \u00faltimos 3 a\u00f1os como responsable de la Fundaci\u00f3n Wtransnet, -cargo &hellip;<\/p>\n","protected":false},"author":1,"featured_media":1898,"comment_status":"open","ping_status":"open","sticky":false,"template":"","format":"standard","meta":{"_monsterinsights_skip_tracking":false,"_monsterinsights_sitenote_active":false,"_monsterinsights_sitenote_note":"","_monsterinsights_sitenote_category":0,"footnotes":""},"categories":[87],"tags":[],"class_list":["post-1054","post","type-post","status-publish","format-standard","has-post-thumbnail","","category-wtransnet"],"yoast_head":"<!-- This site is optimized with the Yoast SEO plugin v26.9 - https:\/\/yoast.com\/product\/yoast-seo-wordpress\/ -->\n<title>Nuevo Director de Relaciones Institucionales de Wtransnet - Blog Wtransnet Espa\u00f1a<\/title>\n<meta name=\"robots\" content=\"index, follow, max-snippet:-1, max-image-preview:large, max-video-preview:-1\" \/>\n<link rel=\"canonical\" href=\"https:\/\/blog.wtransnet.com\/es\/nuevo-director-de-relaciones-institucionales-de-wtransnet\/\" \/>\n<meta property=\"og:locale\" content=\"es_ES\" \/>\n<meta property=\"og:type\" content=\"article\" \/>\n<meta property=\"og:title\" content=\"Nuevo Director de Relaciones Institucionales de Wtransnet - Blog Wtransnet Espa\u00f1a\" \/>\n<meta property=\"og:description\" content=\"Wtransnet ha nombrado a Jose Mar\u00eda Sall\u00e9s como nuevo Director de Relaciones Institucionales, encarg\u00e1ndose de impulsar la colaboraci\u00f3n con las Asociaciones de transporte y log\u00edstica para buscar soluciones conjuntas Jose Mar\u00eda Sall\u00e9s, presente en la empresa desde sus inicios, ha desarrollado su actividad en los \u00faltimos 3 a\u00f1os como responsable de la Fundaci\u00f3n Wtransnet, -cargo &hellip;\" \/>\n<meta property=\"og:url\" content=\"https:\/\/blog.wtransnet.com\/es\/nuevo-director-de-relaciones-institucionales-de-wtransnet\/\" \/>\n<meta property=\"og:site_name\" content=\"Blog Wtransnet Espa\u00f1a\" \/>\n<meta property=\"article:published_time\" content=\"2013-03-11T00:00:00+00:00\" \/>\n<meta property=\"article:modified_time\" content=\"2016-01-27T11:40:35+00:00\" \/>\n<meta property=\"og:image\" content=\"https:\/\/blog.wtransnet.com\/es\/wp-content\/uploads\/sites\/2\/1313\/03\/jose-maria-salles-nuevo-director-comercial-wtransnet.jpg\" \/>\n\t<meta property=\"og:image:width\" content=\"228\" \/>\n\t<meta property=\"og:image:height\" content=\"225\" \/>\n\t<meta property=\"og:image:type\" content=\"image\/jpeg\" \/>\n<meta name=\"author\" content=\"wtransnet\" \/>\n<meta name=\"twitter:card\" content=\"summary_large_image\" \/>\n<meta name=\"twitter:label1\" content=\"Escrito por\" \/>\n\t<meta name=\"twitter:data1\" content=\"wtransnet\" \/>\n\t<meta name=\"twitter:label2\" content=\"Tiempo de lectura\" \/>\n\t<meta name=\"twitter:data2\" content=\"1 minuto\" \/>\n<script type=\"application\/ld+json\" class=\"yoast-schema-graph\">{\"@context\":\"https:\/\/schema.org\",\"@graph\":[{\"@type\":\"Article\",\"@id\":\"https:\/\/blog.wtransnet.com\/es\/nuevo-director-de-relaciones-institucionales-de-wtransnet\/#article\",\"isPartOf\":{\"@id\":\"https:\/\/blog.wtransnet.com\/es\/nuevo-director-de-relaciones-institucionales-de-wtransnet\/\"},\"author\":{\"name\":\"wtransnet\",\"@id\":\"https:\/\/blog.wtransnet.com\/es\/#\/schema\/person\/fceb9548f80ce7f179d676f87807077c\"},\"headline\":\"Nuevo Director de Relaciones Institucionales de Wtransnet\",\"datePublished\":\"2013-03-11T00:00:00+00:00\",\"dateModified\":\"2016-01-27T11:40:35+00:00\",\"mainEntityOfPage\":{\"@id\":\"https:\/\/blog.wtransnet.com\/es\/nuevo-director-de-relaciones-institucionales-de-wtransnet\/\"},\"wordCount\":190,\"commentCount\":0,\"image\":{\"@id\":\"https:\/\/blog.wtransnet.com\/es\/nuevo-director-de-relaciones-institucionales-de-wtransnet\/#primaryimage\"},\"thumbnailUrl\":\"https:\/\/blog.wtransnet.com\/es\/wp-content\/uploads\/sites\/2\/1313\/03\/jose-maria-salles-nuevo-director-comercial-wtransnet.jpg\",\"articleSection\":[\"Wtransnet\"],\"inLanguage\":\"es\",\"potentialAction\":[{\"@type\":\"CommentAction\",\"name\":\"Comment\",\"target\":[\"https:\/\/blog.wtransnet.com\/es\/nuevo-director-de-relaciones-institucionales-de-wtransnet\/#respond\"]}]},{\"@type\":\"WebPage\",\"@id\":\"https:\/\/blog.wtransnet.com\/es\/nuevo-director-de-relaciones-institucionales-de-wtransnet\/\",\"url\":\"https:\/\/blog.wtransnet.com\/es\/nuevo-director-de-relaciones-institucionales-de-wtransnet\/\",\"name\":\"Nuevo Director de Relaciones Institucionales de Wtransnet - Blog Wtransnet Espa\u00f1a\",\"isPartOf\":{\"@id\":\"https:\/\/blog.wtransnet.com\/es\/#website\"},\"primaryImageOfPage\":{\"@id\":\"https:\/\/blog.wtransnet.com\/es\/nuevo-director-de-relaciones-institucionales-de-wtransnet\/#primaryimage\"},\"image\":{\"@id\":\"https:\/\/blog.wtransnet.com\/es\/nuevo-director-de-relaciones-institucionales-de-wtransnet\/#primaryimage\"},\"thumbnailUrl\":\"https:\/\/blog.wtransnet.com\/es\/wp-content\/uploads\/sites\/2\/1313\/03\/jose-maria-salles-nuevo-director-comercial-wtransnet.jpg\",\"datePublished\":\"2013-03-11T00:00:00+00:00\",\"dateModified\":\"2016-01-27T11:40:35+00:00\",\"author\":{\"@id\":\"https:\/\/blog.wtransnet.com\/es\/#\/schema\/person\/fceb9548f80ce7f179d676f87807077c\"},\"breadcrumb\":{\"@id\":\"https:\/\/blog.wtransnet.com\/es\/nuevo-director-de-relaciones-institucionales-de-wtransnet\/#breadcrumb\"},\"inLanguage\":\"es\",\"potentialAction\":[{\"@type\":\"ReadAction\",\"target\":[\"https:\/\/blog.wtransnet.com\/es\/nuevo-director-de-relaciones-institucionales-de-wtransnet\/\"]}]},{\"@type\":\"ImageObject\",\"inLanguage\":\"es\",\"@id\":\"https:\/\/blog.wtransnet.com\/es\/nuevo-director-de-relaciones-institucionales-de-wtransnet\/#primaryimage\",\"url\":\"https:\/\/blog.wtransnet.com\/es\/wp-content\/uploads\/sites\/2\/1313\/03\/jose-maria-salles-nuevo-director-comercial-wtransnet.jpg\",\"contentUrl\":\"https:\/\/blog.wtransnet.com\/es\/wp-content\/uploads\/sites\/2\/1313\/03\/jose-maria-salles-nuevo-director-comercial-wtransnet.jpg\",\"width\":228,\"height\":225},{\"@type\":\"BreadcrumbList\",\"@id\":\"https:\/\/blog.wtransnet.com\/es\/nuevo-director-de-relaciones-institucionales-de-wtransnet\/#breadcrumb\",\"itemListElement\":[{\"@type\":\"ListItem\",\"position\":1,\"name\":\"Portada\",\"item\":\"https:\/\/blog.wtransnet.com\/es\/\"},{\"@type\":\"ListItem\",\"position\":2,\"name\":\"Nuevo Director de Relaciones Institucionales de Wtransnet\"}]},{\"@type\":\"WebSite\",\"@id\":\"https:\/\/blog.wtransnet.com\/es\/#website\",\"url\":\"https:\/\/blog.wtransnet.com\/es\/\",\"name\":\"Blog Wtransnet Espa\u00f1a\",\"description\":\"Blog Wtransnet: Noticias de transporte, log\u00edstica y bolsa de cargas en Espa\u00f1a y Europa.\",\"potentialAction\":[{\"@type\":\"SearchAction\",\"target\":{\"@type\":\"EntryPoint\",\"urlTemplate\":\"https:\/\/blog.wtransnet.com\/es\/?s={search_term_string}\"},\"query-input\":{\"@type\":\"PropertyValueSpecification\",\"valueRequired\":true,\"valueName\":\"search_term_string\"}}],\"inLanguage\":\"es\"},{\"@type\":\"Person\",\"@id\":\"https:\/\/blog.wtransnet.com\/es\/#\/schema\/person\/fceb9548f80ce7f179d676f87807077c\",\"name\":\"wtransnet\",\"image\":{\"@type\":\"ImageObject\",\"inLanguage\":\"es\",\"@id\":\"https:\/\/blog.wtransnet.com\/es\/#\/schema\/person\/image\/\",\"url\":\"https:\/\/secure.gravatar.com\/avatar\/a05fe32dee93b4aac2b3ec7f2963147f4949dc5f60df7d491cc2199728053e0b?s=96&d=mm&r=g\",\"contentUrl\":\"https:\/\/secure.gravatar.com\/avatar\/a05fe32dee93b4aac2b3ec7f2963147f4949dc5f60df7d491cc2199728053e0b?s=96&d=mm&r=g\",\"caption\":\"wtransnet\"},\"url\":\"https:\/\/blog.wtransnet.com\/es\/author\/wtransnet\/\"}]}<\/script>\n<!-- \/ Yoast SEO plugin. -->","yoast_head_json":{"title":"Nuevo Director de Relaciones Institucionales de Wtransnet - Blog Wtransnet Espa\u00f1a","robots":{"index":"index","follow":"follow","max-snippet":"max-snippet:-1","max-image-preview":"max-image-preview:large","max-video-preview":"max-video-preview:-1"},"canonical":"https:\/\/blog.wtransnet.com\/es\/nuevo-director-de-relaciones-institucionales-de-wtransnet\/","og_locale":"es_ES","og_type":"article","og_title":"Nuevo Director de Relaciones Institucionales de Wtransnet - Blog Wtransnet Espa\u00f1a","og_description":"Wtransnet ha nombrado a Jose Mar\u00eda Sall\u00e9s como nuevo Director de Relaciones Institucionales, encarg\u00e1ndose de impulsar la colaboraci\u00f3n con las Asociaciones de transporte y log\u00edstica para buscar soluciones conjuntas Jose Mar\u00eda Sall\u00e9s, presente en la empresa desde sus inicios, ha desarrollado su actividad en los \u00faltimos 3 a\u00f1os como responsable de la Fundaci\u00f3n Wtransnet, -cargo &hellip;","og_url":"https:\/\/blog.wtransnet.com\/es\/nuevo-director-de-relaciones-institucionales-de-wtransnet\/","og_site_name":"Blog Wtransnet Espa\u00f1a","article_published_time":"2013-03-11T00:00:00+00:00","article_modified_time":"2016-01-27T11:40:35+00:00","og_image":[{"width":228,"height":225,"url":"https:\/\/blog.wtransnet.com\/es\/wp-content\/uploads\/sites\/2\/1313\/03\/jose-maria-salles-nuevo-director-comercial-wtransnet.jpg","type":"image\/jpeg"}],"author":"wtransnet","twitter_card":"summary_large_image","twitter_misc":{"Escrito por":"wtransnet","Tiempo de lectura":"1 minuto"},"schema":{"@context":"https:\/\/schema.org","@graph":[{"@type":"Article","@id":"https:\/\/blog.wtransnet.com\/es\/nuevo-director-de-relaciones-institucionales-de-wtransnet\/#article","isPartOf":{"@id":"https:\/\/blog.wtransnet.com\/es\/nuevo-director-de-relaciones-institucionales-de-wtransnet\/"},"author":{"name":"wtransnet","@id":"https:\/\/blog.wtransnet.com\/es\/#\/schema\/person\/fceb9548f80ce7f179d676f87807077c"},"headline":"Nuevo Director de Relaciones Institucionales de Wtransnet","datePublished":"2013-03-11T00:00:00+00:00","dateModified":"2016-01-27T11:40:35+00:00","mainEntityOfPage":{"@id":"https:\/\/blog.wtransnet.com\/es\/nuevo-director-de-relaciones-institucionales-de-wtransnet\/"},"wordCount":190,"commentCount":0,"image":{"@id":"https:\/\/blog.wtransnet.com\/es\/nuevo-director-de-relaciones-institucionales-de-wtransnet\/#primaryimage"},"thumbnailUrl":"https:\/\/blog.wtransnet.com\/es\/wp-content\/uploads\/sites\/2\/1313\/03\/jose-maria-salles-nuevo-director-comercial-wtransnet.jpg","articleSection":["Wtransnet"],"inLanguage":"es","potentialAction":[{"@type":"CommentAction","name":"Comment","target":["https:\/\/blog.wtransnet.com\/es\/nuevo-director-de-relaciones-institucionales-de-wtransnet\/#respond"]}]},{"@type":"WebPage","@id":"https:\/\/blog.wtransnet.com\/es\/nuevo-director-de-relaciones-institucionales-de-wtransnet\/","url":"https:\/\/blog.wtransnet.com\/es\/nuevo-director-de-relaciones-institucionales-de-wtransnet\/","name":"Nuevo Director de Relaciones Institucionales de Wtransnet - Blog Wtransnet Espa\u00f1a","isPartOf":{"@id":"https:\/\/blog.wtransnet.com\/es\/#website"},"primaryImageOfPage":{"@id":"https:\/\/blog.wtransnet.com\/es\/nuevo-director-de-relaciones-institucionales-de-wtransnet\/#primaryimage"},"image":{"@id":"https:\/\/blog.wtransnet.com\/es\/nuevo-director-de-relaciones-institucionales-de-wtransnet\/#primaryimage"},"thumbnailUrl":"https:\/\/blog.wtransnet.com\/es\/wp-content\/uploads\/sites\/2\/1313\/03\/jose-maria-salles-nuevo-director-comercial-wtransnet.jpg","datePublished":"2013-03-11T00:00:00+00:00","dateModified":"2016-01-27T11:40:35+00:00","author":{"@id":"https:\/\/blog.wtransnet.com\/es\/#\/schema\/person\/fceb9548f80ce7f179d676f87807077c"},"breadcrumb":{"@id":"https:\/\/blog.wtransnet.com\/es\/nuevo-director-de-relaciones-institucionales-de-wtransnet\/#breadcrumb"},"inLanguage":"es","potentialAction":[{"@type":"ReadAction","target":["https:\/\/blog.wtransnet.com\/es\/nuevo-director-de-relaciones-institucionales-de-wtransnet\/"]}]},{"@type":"ImageObject","inLanguage":"es","@id":"https:\/\/blog.wtransnet.com\/es\/nuevo-director-de-relaciones-institucionales-de-wtransnet\/#primaryimage","url":"https:\/\/blog.wtransnet.com\/es\/wp-content\/uploads\/sites\/2\/1313\/03\/jose-maria-salles-nuevo-director-comercial-wtransnet.jpg","contentUrl":"https:\/\/blog.wtransnet.com\/es\/wp-content\/uploads\/sites\/2\/1313\/03\/jose-maria-salles-nuevo-director-comercial-wtransnet.jpg","width":228,"height":225},{"@type":"BreadcrumbList","@id":"https:\/\/blog.wtransnet.com\/es\/nuevo-director-de-relaciones-institucionales-de-wtransnet\/#breadcrumb","itemListElement":[{"@type":"ListItem","position":1,"name":"Portada","item":"https:\/\/blog.wtransnet.com\/es\/"},{"@type":"ListItem","position":2,"name":"Nuevo Director de Relaciones Institucionales de Wtransnet"}]},{"@type":"WebSite","@id":"https:\/\/blog.wtransnet.com\/es\/#website","url":"https:\/\/blog.wtransnet.com\/es\/","name":"Blog Wtransnet Espa\u00f1a","description":"Blog Wtransnet: Noticias de transporte, log\u00edstica y bolsa de cargas en Espa\u00f1a y Europa.","potentialAction":[{"@type":"SearchAction","target":{"@type":"EntryPoint","urlTemplate":"https:\/\/blog.wtransnet.com\/es\/?s={search_term_string}"},"query-input":{"@type":"PropertyValueSpecification","valueRequired":true,"valueName":"search_term_string"}}],"inLanguage":"es"},{"@type":"Person","@id":"https:\/\/blog.wtransnet.com\/es\/#\/schema\/person\/fceb9548f80ce7f179d676f87807077c","name":"wtransnet","image":{"@type":"ImageObject","inLanguage":"es","@id":"https:\/\/blog.wtransnet.com\/es\/#\/schema\/person\/image\/","url":"https:\/\/secure.gravatar.com\/avatar\/a05fe32dee93b4aac2b3ec7f2963147f4949dc5f60df7d491cc2199728053e0b?s=96&d=mm&r=g","contentUrl":"https:\/\/secure.gravatar.com\/avatar\/a05fe32dee93b4aac2b3ec7f2963147f4949dc5f60df7d491cc2199728053e0b?s=96&d=mm&r=g","caption":"wtransnet"},"url":"https:\/\/blog.wtransnet.com\/es\/author\/wtransnet\/"}]}},"_links":{"self":[{"href":"https:\/\/blog.wtransnet.com\/es\/wp-json\/wp\/v2\/posts\/1054","targetHints":{"allow":["GET"]}}],"collection":[{"href":"https:\/\/blog.wtransnet.com\/es\/wp-json\/wp\/v2\/posts"}],"about":[{"href":"https:\/\/blog.wtransnet.com\/es\/wp-json\/wp\/v2\/types\/post"}],"author":[{"embeddable":true,"href":"https:\/\/blog.wtransnet.com\/es\/wp-json\/wp\/v2\/users\/1"}],"replies":[{"embeddable":true,"href":"https:\/\/blog.wtransnet.com\/es\/wp-json\/wp\/v2\/comments?post=1054"}],"version-history":[{"count":0,"href":"https:\/\/blog.wtransnet.com\/es\/wp-json\/wp\/v2\/posts\/1054\/revisions"}],"wp:featuredmedia":[{"embeddable":true,"href":"https:\/\/blog.wtransnet.com\/es\/wp-json\/wp\/v2\/media\/1898"}],"wp:attachment":[{"href":"https:\/\/blog.wtransnet.com\/es\/wp-json\/wp\/v2\/media?parent=1054"}],"wp:term":[{"taxonomy":"category","embeddable":true,"href":"https:\/\/blog.wtransnet.com\/es\/wp-json\/wp\/v2\/categories?post=1054"},{"taxonomy":"post_tag","embeddable":true,"href":"https:\/\/blog.wtransnet.com\/es\/wp-json\/wp\/v2\/tags?post=1054"}],"curies":[{"name":"wp","href":"https:\/\/api.w.org\/{rel}","templated":true}]}}