{"id":1095,"date":"2013-11-15T00:00:00","date_gmt":"2013-11-15T00:00:00","guid":{"rendered":"https:\/\/blog.wtransnet.com\/es\/jose-maria-salles-nuevo-director-comercial-de-wtransnet-en-espana-y-portugal\/"},"modified":"2016-01-27T11:01:37","modified_gmt":"2016-01-27T11:01:37","slug":"jose-maria-salles-nuevo-director-comercial-de-wtransnet-en-espana-y-portugal","status":"publish","type":"post","link":"https:\/\/blog.wtransnet.com\/es\/jose-maria-salles-nuevo-director-comercial-de-wtransnet-en-espana-y-portugal\/","title":{"rendered":"Jos\u00e9 Mar\u00eda Sall\u00e9s, nuevo Director Comercial de Wtransnet en Espa\u00f1a y Portugal"},"content":{"rendered":"<p><a href=\"https:\/\/blog.wtransnet.com\/es\/wp-content\/uploads\/sites\/2\/1313\/11\/director-comercial-wtransnet-espana-y-portugal.png\"><img loading=\"lazy\" decoding=\"async\" class=\"alignleft wp-image-1635 size-full\" title=\"Fundaci\u00f3n Wtransnet\" src=\"https:\/\/blog.wtransnet.com\/es\/wp-content\/uploads\/sites\/2\/1313\/11\/director-comercial-wtransnet-espana-y-portugal.png\" alt=\"jos\u00e9 maria sall\u00e9s\" width=\"150\" height=\"150\" \/><\/a>Desde el 11 de noviembre, \u00a0Jos\u00e9 M\u00aa Sall\u00e9s ocupa la Direcci\u00f3n Comercial de Wtransnet para los mercados de Espa\u00f1a y Portugal.<\/p>\n<p>&nbsp;<\/p>\n<p>&nbsp;<\/p>\n<p>Dentro de sus responsabilidades se encuentra \u00a0la definici\u00f3n de la estrategia comercial, la planificaci\u00f3n de acciones comerciales, establecer los objetivos y realizar tareas de apoyo y seguimiento al equipo comercial.<\/p>\n<p>As\u00ed mismo, entre sus cometidos, estar\u00e1 la ampliaci\u00f3n de los canales de venta y las relaciones institucionales con empresas y organismos a trav\u00e9s de los cuales establecer colaboraciones.<\/p>\n<p><a href=\"https:\/\/blog.wtransnet.com\/es\/wp-content\/uploads\/sites\/2\/1313\/11\/jose-maria-salles-director-comercial-wtransnet.png\"><img loading=\"lazy\" decoding=\"async\" class=\"alignleft wp-image-1636 size-full\" title=\"Josep Maria Sall\u00e9s director comercial Wtransnet\" src=\"https:\/\/blog.wtransnet.com\/es\/wp-content\/uploads\/sites\/2\/1313\/11\/jose-maria-salles-director-comercial-wtransnet.png\" alt=\"jos\u00e9 maria sall\u00e9s director comercial\" width=\"433\" height=\"300\" \/><\/a><\/p>\n<p>&nbsp;<\/p>\n<p>&nbsp;<\/p>\n<p>&nbsp;<\/p>\n<p>&nbsp;<\/p>\n<p>&nbsp;<\/p>\n<p>&nbsp;<\/p>\n<p>&nbsp;<\/p>\n<p>&nbsp;<\/p>\n<p>Con esta incorporaci\u00f3n,\u00a0Anna Esteve, \u00a0que hasta ahora desempe\u00f1aba esta funci\u00f3n, \u00a0pasar\u00e1 a centrarse en la direcci\u00f3n comercial de Wtransnet\u00a0 en el resto de Europa.<\/p>\n","protected":false},"excerpt":{"rendered":"<p>Desde el 11 de noviembre, \u00a0Jos\u00e9 M\u00aa Sall\u00e9s ocupa la Direcci\u00f3n Comercial de Wtransnet para los mercados de Espa\u00f1a y Portugal. &nbsp; &nbsp; Dentro de sus responsabilidades se encuentra \u00a0la definici\u00f3n de la estrategia comercial, la planificaci\u00f3n de acciones comerciales, establecer los objetivos y realizar tareas de apoyo y seguimiento al equipo comercial. As\u00ed mismo, &hellip;<\/p>\n","protected":false},"author":2,"featured_media":1637,"comment_status":"open","ping_status":"open","sticky":false,"template":"","format":"standard","meta":{"_monsterinsights_skip_tracking":false,"_monsterinsights_sitenote_active":false,"_monsterinsights_sitenote_note":"","_monsterinsights_sitenote_category":0,"footnotes":""},"categories":[87],"tags":[230,231,232,233],"class_list":["post-1095","post","type-post","status-publish","format-standard","has-post-thumbnail","","category-wtransnet","tag-director-comercial","tag-josep-maria-salles","tag-wtransnet-espana","tag-wtransnet-portugal"],"yoast_head":"<!-- This site is optimized with the Yoast SEO plugin v26.9 - https:\/\/yoast.com\/product\/yoast-seo-wordpress\/ -->\n<title>Jos\u00e9 Mar\u00eda Sall\u00e9s, nuevo Director Comercial de Wtransnet en Espa\u00f1a y Portugal - Blog Wtransnet Espa\u00f1a<\/title>\n<meta name=\"robots\" content=\"index, follow, max-snippet:-1, max-image-preview:large, max-video-preview:-1\" \/>\n<link rel=\"canonical\" href=\"https:\/\/blog.wtransnet.com\/es\/jose-maria-salles-nuevo-director-comercial-de-wtransnet-en-espana-y-portugal\/\" \/>\n<meta property=\"og:locale\" content=\"es_ES\" \/>\n<meta property=\"og:type\" content=\"article\" \/>\n<meta property=\"og:title\" content=\"Jos\u00e9 Mar\u00eda Sall\u00e9s, nuevo Director Comercial de Wtransnet en Espa\u00f1a y Portugal - Blog Wtransnet Espa\u00f1a\" \/>\n<meta property=\"og:description\" content=\"Desde el 11 de noviembre, \u00a0Jos\u00e9 M\u00aa Sall\u00e9s ocupa la Direcci\u00f3n Comercial de Wtransnet para los mercados de Espa\u00f1a y Portugal. &nbsp; &nbsp; Dentro de sus responsabilidades se encuentra \u00a0la definici\u00f3n de la estrategia comercial, la planificaci\u00f3n de acciones comerciales, establecer los objetivos y realizar tareas de apoyo y seguimiento al equipo comercial. As\u00ed mismo, &hellip;\" \/>\n<meta property=\"og:url\" content=\"https:\/\/blog.wtransnet.com\/es\/jose-maria-salles-nuevo-director-comercial-de-wtransnet-en-espana-y-portugal\/\" \/>\n<meta property=\"og:site_name\" content=\"Blog Wtransnet Espa\u00f1a\" \/>\n<meta property=\"article:published_time\" content=\"2013-11-15T00:00:00+00:00\" \/>\n<meta property=\"article:modified_time\" content=\"2016-01-27T11:01:37+00:00\" \/>\n<meta property=\"og:image\" content=\"https:\/\/blog.wtransnet.com\/es\/wp-content\/uploads\/sites\/2\/1313\/11\/jose-maria-salles-nuevo-director-comercial-wtransnet.jpg\" \/>\n\t<meta property=\"og:image:width\" content=\"228\" \/>\n\t<meta property=\"og:image:height\" content=\"225\" \/>\n\t<meta property=\"og:image:type\" content=\"image\/jpeg\" \/>\n<meta name=\"author\" content=\"Edgar Compte Reollo\" \/>\n<meta name=\"twitter:card\" content=\"summary_large_image\" \/>\n<meta name=\"twitter:label1\" content=\"Escrito por\" \/>\n\t<meta name=\"twitter:data1\" content=\"Edgar Compte Reollo\" \/>\n\t<meta name=\"twitter:label2\" content=\"Tiempo de lectura\" \/>\n\t<meta name=\"twitter:data2\" content=\"1 minuto\" \/>\n<script type=\"application\/ld+json\" class=\"yoast-schema-graph\">{\"@context\":\"https:\/\/schema.org\",\"@graph\":[{\"@type\":\"Article\",\"@id\":\"https:\/\/blog.wtransnet.com\/es\/jose-maria-salles-nuevo-director-comercial-de-wtransnet-en-espana-y-portugal\/#article\",\"isPartOf\":{\"@id\":\"https:\/\/blog.wtransnet.com\/es\/jose-maria-salles-nuevo-director-comercial-de-wtransnet-en-espana-y-portugal\/\"},\"author\":{\"name\":\"Edgar Compte Reollo\",\"@id\":\"https:\/\/blog.wtransnet.com\/es\/#\/schema\/person\/72e72ba89ffa96d0d5f7e50a6af29d29\"},\"headline\":\"Jos\u00e9 Mar\u00eda Sall\u00e9s, nuevo Director Comercial de Wtransnet en Espa\u00f1a y Portugal\",\"datePublished\":\"2013-11-15T00:00:00+00:00\",\"dateModified\":\"2016-01-27T11:01:37+00:00\",\"mainEntityOfPage\":{\"@id\":\"https:\/\/blog.wtransnet.com\/es\/jose-maria-salles-nuevo-director-comercial-de-wtransnet-en-espana-y-portugal\/\"},\"wordCount\":139,\"commentCount\":0,\"image\":{\"@id\":\"https:\/\/blog.wtransnet.com\/es\/jose-maria-salles-nuevo-director-comercial-de-wtransnet-en-espana-y-portugal\/#primaryimage\"},\"thumbnailUrl\":\"https:\/\/blog.wtransnet.com\/es\/wp-content\/uploads\/sites\/2\/1313\/11\/jose-maria-salles-nuevo-director-comercial-wtransnet.jpg\",\"keywords\":[\"director comercial\",\"josep maria sall\u00e9s\",\"wtransnet espa\u00f1a\",\"wtransnet portugal\"],\"articleSection\":[\"Wtransnet\"],\"inLanguage\":\"es\",\"potentialAction\":[{\"@type\":\"CommentAction\",\"name\":\"Comment\",\"target\":[\"https:\/\/blog.wtransnet.com\/es\/jose-maria-salles-nuevo-director-comercial-de-wtransnet-en-espana-y-portugal\/#respond\"]}]},{\"@type\":\"WebPage\",\"@id\":\"https:\/\/blog.wtransnet.com\/es\/jose-maria-salles-nuevo-director-comercial-de-wtransnet-en-espana-y-portugal\/\",\"url\":\"https:\/\/blog.wtransnet.com\/es\/jose-maria-salles-nuevo-director-comercial-de-wtransnet-en-espana-y-portugal\/\",\"name\":\"Jos\u00e9 Mar\u00eda Sall\u00e9s, nuevo Director Comercial de Wtransnet en Espa\u00f1a y Portugal - Blog Wtransnet Espa\u00f1a\",\"isPartOf\":{\"@id\":\"https:\/\/blog.wtransnet.com\/es\/#website\"},\"primaryImageOfPage\":{\"@id\":\"https:\/\/blog.wtransnet.com\/es\/jose-maria-salles-nuevo-director-comercial-de-wtransnet-en-espana-y-portugal\/#primaryimage\"},\"image\":{\"@id\":\"https:\/\/blog.wtransnet.com\/es\/jose-maria-salles-nuevo-director-comercial-de-wtransnet-en-espana-y-portugal\/#primaryimage\"},\"thumbnailUrl\":\"https:\/\/blog.wtransnet.com\/es\/wp-content\/uploads\/sites\/2\/1313\/11\/jose-maria-salles-nuevo-director-comercial-wtransnet.jpg\",\"datePublished\":\"2013-11-15T00:00:00+00:00\",\"dateModified\":\"2016-01-27T11:01:37+00:00\",\"author\":{\"@id\":\"https:\/\/blog.wtransnet.com\/es\/#\/schema\/person\/72e72ba89ffa96d0d5f7e50a6af29d29\"},\"breadcrumb\":{\"@id\":\"https:\/\/blog.wtransnet.com\/es\/jose-maria-salles-nuevo-director-comercial-de-wtransnet-en-espana-y-portugal\/#breadcrumb\"},\"inLanguage\":\"es\",\"potentialAction\":[{\"@type\":\"ReadAction\",\"target\":[\"https:\/\/blog.wtransnet.com\/es\/jose-maria-salles-nuevo-director-comercial-de-wtransnet-en-espana-y-portugal\/\"]}]},{\"@type\":\"ImageObject\",\"inLanguage\":\"es\",\"@id\":\"https:\/\/blog.wtransnet.com\/es\/jose-maria-salles-nuevo-director-comercial-de-wtransnet-en-espana-y-portugal\/#primaryimage\",\"url\":\"https:\/\/blog.wtransnet.com\/es\/wp-content\/uploads\/sites\/2\/1313\/11\/jose-maria-salles-nuevo-director-comercial-wtransnet.jpg\",\"contentUrl\":\"https:\/\/blog.wtransnet.com\/es\/wp-content\/uploads\/sites\/2\/1313\/11\/jose-maria-salles-nuevo-director-comercial-wtransnet.jpg\",\"width\":228,\"height\":225},{\"@type\":\"BreadcrumbList\",\"@id\":\"https:\/\/blog.wtransnet.com\/es\/jose-maria-salles-nuevo-director-comercial-de-wtransnet-en-espana-y-portugal\/#breadcrumb\",\"itemListElement\":[{\"@type\":\"ListItem\",\"position\":1,\"name\":\"Portada\",\"item\":\"https:\/\/blog.wtransnet.com\/es\/\"},{\"@type\":\"ListItem\",\"position\":2,\"name\":\"Jos\u00e9 Mar\u00eda Sall\u00e9s, nuevo Director Comercial de Wtransnet en Espa\u00f1a y Portugal\"}]},{\"@type\":\"WebSite\",\"@id\":\"https:\/\/blog.wtransnet.com\/es\/#website\",\"url\":\"https:\/\/blog.wtransnet.com\/es\/\",\"name\":\"Blog Wtransnet Espa\u00f1a\",\"description\":\"Blog Wtransnet: Noticias de transporte, log\u00edstica y bolsa de cargas en Espa\u00f1a y Europa.\",\"potentialAction\":[{\"@type\":\"SearchAction\",\"target\":{\"@type\":\"EntryPoint\",\"urlTemplate\":\"https:\/\/blog.wtransnet.com\/es\/?s={search_term_string}\"},\"query-input\":{\"@type\":\"PropertyValueSpecification\",\"valueRequired\":true,\"valueName\":\"search_term_string\"}}],\"inLanguage\":\"es\"},{\"@type\":\"Person\",\"@id\":\"https:\/\/blog.wtransnet.com\/es\/#\/schema\/person\/72e72ba89ffa96d0d5f7e50a6af29d29\",\"name\":\"Edgar Compte Reollo\",\"image\":{\"@type\":\"ImageObject\",\"inLanguage\":\"es\",\"@id\":\"https:\/\/blog.wtransnet.com\/es\/#\/schema\/person\/image\/\",\"url\":\"https:\/\/secure.gravatar.com\/avatar\/cdef3ab443cd703d80f8618c041e62e3338cd7adb52bb56655047a411be15900?s=96&d=mm&r=g\",\"contentUrl\":\"https:\/\/secure.gravatar.com\/avatar\/cdef3ab443cd703d80f8618c041e62e3338cd7adb52bb56655047a411be15900?s=96&d=mm&r=g\",\"caption\":\"Edgar Compte Reollo\"},\"url\":\"https:\/\/blog.wtransnet.com\/es\/author\/ecompte\/\"}]}<\/script>\n<!-- \/ Yoast SEO plugin. -->","yoast_head_json":{"title":"Jos\u00e9 Mar\u00eda Sall\u00e9s, nuevo Director Comercial de Wtransnet en Espa\u00f1a y Portugal - Blog Wtransnet Espa\u00f1a","robots":{"index":"index","follow":"follow","max-snippet":"max-snippet:-1","max-image-preview":"max-image-preview:large","max-video-preview":"max-video-preview:-1"},"canonical":"https:\/\/blog.wtransnet.com\/es\/jose-maria-salles-nuevo-director-comercial-de-wtransnet-en-espana-y-portugal\/","og_locale":"es_ES","og_type":"article","og_title":"Jos\u00e9 Mar\u00eda Sall\u00e9s, nuevo Director Comercial de Wtransnet en Espa\u00f1a y Portugal - Blog Wtransnet Espa\u00f1a","og_description":"Desde el 11 de noviembre, \u00a0Jos\u00e9 M\u00aa Sall\u00e9s ocupa la Direcci\u00f3n Comercial de Wtransnet para los mercados de Espa\u00f1a y Portugal. &nbsp; &nbsp; Dentro de sus responsabilidades se encuentra \u00a0la definici\u00f3n de la estrategia comercial, la planificaci\u00f3n de acciones comerciales, establecer los objetivos y realizar tareas de apoyo y seguimiento al equipo comercial. As\u00ed mismo, &hellip;","og_url":"https:\/\/blog.wtransnet.com\/es\/jose-maria-salles-nuevo-director-comercial-de-wtransnet-en-espana-y-portugal\/","og_site_name":"Blog Wtransnet Espa\u00f1a","article_published_time":"2013-11-15T00:00:00+00:00","article_modified_time":"2016-01-27T11:01:37+00:00","og_image":[{"width":228,"height":225,"url":"https:\/\/blog.wtransnet.com\/es\/wp-content\/uploads\/sites\/2\/1313\/11\/jose-maria-salles-nuevo-director-comercial-wtransnet.jpg","type":"image\/jpeg"}],"author":"Edgar Compte Reollo","twitter_card":"summary_large_image","twitter_misc":{"Escrito por":"Edgar Compte Reollo","Tiempo de lectura":"1 minuto"},"schema":{"@context":"https:\/\/schema.org","@graph":[{"@type":"Article","@id":"https:\/\/blog.wtransnet.com\/es\/jose-maria-salles-nuevo-director-comercial-de-wtransnet-en-espana-y-portugal\/#article","isPartOf":{"@id":"https:\/\/blog.wtransnet.com\/es\/jose-maria-salles-nuevo-director-comercial-de-wtransnet-en-espana-y-portugal\/"},"author":{"name":"Edgar Compte Reollo","@id":"https:\/\/blog.wtransnet.com\/es\/#\/schema\/person\/72e72ba89ffa96d0d5f7e50a6af29d29"},"headline":"Jos\u00e9 Mar\u00eda Sall\u00e9s, nuevo Director Comercial de Wtransnet en Espa\u00f1a y Portugal","datePublished":"2013-11-15T00:00:00+00:00","dateModified":"2016-01-27T11:01:37+00:00","mainEntityOfPage":{"@id":"https:\/\/blog.wtransnet.com\/es\/jose-maria-salles-nuevo-director-comercial-de-wtransnet-en-espana-y-portugal\/"},"wordCount":139,"commentCount":0,"image":{"@id":"https:\/\/blog.wtransnet.com\/es\/jose-maria-salles-nuevo-director-comercial-de-wtransnet-en-espana-y-portugal\/#primaryimage"},"thumbnailUrl":"https:\/\/blog.wtransnet.com\/es\/wp-content\/uploads\/sites\/2\/1313\/11\/jose-maria-salles-nuevo-director-comercial-wtransnet.jpg","keywords":["director comercial","josep maria sall\u00e9s","wtransnet espa\u00f1a","wtransnet portugal"],"articleSection":["Wtransnet"],"inLanguage":"es","potentialAction":[{"@type":"CommentAction","name":"Comment","target":["https:\/\/blog.wtransnet.com\/es\/jose-maria-salles-nuevo-director-comercial-de-wtransnet-en-espana-y-portugal\/#respond"]}]},{"@type":"WebPage","@id":"https:\/\/blog.wtransnet.com\/es\/jose-maria-salles-nuevo-director-comercial-de-wtransnet-en-espana-y-portugal\/","url":"https:\/\/blog.wtransnet.com\/es\/jose-maria-salles-nuevo-director-comercial-de-wtransnet-en-espana-y-portugal\/","name":"Jos\u00e9 Mar\u00eda Sall\u00e9s, nuevo Director Comercial de Wtransnet en Espa\u00f1a y Portugal - Blog Wtransnet Espa\u00f1a","isPartOf":{"@id":"https:\/\/blog.wtransnet.com\/es\/#website"},"primaryImageOfPage":{"@id":"https:\/\/blog.wtransnet.com\/es\/jose-maria-salles-nuevo-director-comercial-de-wtransnet-en-espana-y-portugal\/#primaryimage"},"image":{"@id":"https:\/\/blog.wtransnet.com\/es\/jose-maria-salles-nuevo-director-comercial-de-wtransnet-en-espana-y-portugal\/#primaryimage"},"thumbnailUrl":"https:\/\/blog.wtransnet.com\/es\/wp-content\/uploads\/sites\/2\/1313\/11\/jose-maria-salles-nuevo-director-comercial-wtransnet.jpg","datePublished":"2013-11-15T00:00:00+00:00","dateModified":"2016-01-27T11:01:37+00:00","author":{"@id":"https:\/\/blog.wtransnet.com\/es\/#\/schema\/person\/72e72ba89ffa96d0d5f7e50a6af29d29"},"breadcrumb":{"@id":"https:\/\/blog.wtransnet.com\/es\/jose-maria-salles-nuevo-director-comercial-de-wtransnet-en-espana-y-portugal\/#breadcrumb"},"inLanguage":"es","potentialAction":[{"@type":"ReadAction","target":["https:\/\/blog.wtransnet.com\/es\/jose-maria-salles-nuevo-director-comercial-de-wtransnet-en-espana-y-portugal\/"]}]},{"@type":"ImageObject","inLanguage":"es","@id":"https:\/\/blog.wtransnet.com\/es\/jose-maria-salles-nuevo-director-comercial-de-wtransnet-en-espana-y-portugal\/#primaryimage","url":"https:\/\/blog.wtransnet.com\/es\/wp-content\/uploads\/sites\/2\/1313\/11\/jose-maria-salles-nuevo-director-comercial-wtransnet.jpg","contentUrl":"https:\/\/blog.wtransnet.com\/es\/wp-content\/uploads\/sites\/2\/1313\/11\/jose-maria-salles-nuevo-director-comercial-wtransnet.jpg","width":228,"height":225},{"@type":"BreadcrumbList","@id":"https:\/\/blog.wtransnet.com\/es\/jose-maria-salles-nuevo-director-comercial-de-wtransnet-en-espana-y-portugal\/#breadcrumb","itemListElement":[{"@type":"ListItem","position":1,"name":"Portada","item":"https:\/\/blog.wtransnet.com\/es\/"},{"@type":"ListItem","position":2,"name":"Jos\u00e9 Mar\u00eda Sall\u00e9s, nuevo Director Comercial de Wtransnet en Espa\u00f1a y Portugal"}]},{"@type":"WebSite","@id":"https:\/\/blog.wtransnet.com\/es\/#website","url":"https:\/\/blog.wtransnet.com\/es\/","name":"Blog Wtransnet Espa\u00f1a","description":"Blog Wtransnet: Noticias de transporte, log\u00edstica y bolsa de cargas en Espa\u00f1a y Europa.","potentialAction":[{"@type":"SearchAction","target":{"@type":"EntryPoint","urlTemplate":"https:\/\/blog.wtransnet.com\/es\/?s={search_term_string}"},"query-input":{"@type":"PropertyValueSpecification","valueRequired":true,"valueName":"search_term_string"}}],"inLanguage":"es"},{"@type":"Person","@id":"https:\/\/blog.wtransnet.com\/es\/#\/schema\/person\/72e72ba89ffa96d0d5f7e50a6af29d29","name":"Edgar Compte Reollo","image":{"@type":"ImageObject","inLanguage":"es","@id":"https:\/\/blog.wtransnet.com\/es\/#\/schema\/person\/image\/","url":"https:\/\/secure.gravatar.com\/avatar\/cdef3ab443cd703d80f8618c041e62e3338cd7adb52bb56655047a411be15900?s=96&d=mm&r=g","contentUrl":"https:\/\/secure.gravatar.com\/avatar\/cdef3ab443cd703d80f8618c041e62e3338cd7adb52bb56655047a411be15900?s=96&d=mm&r=g","caption":"Edgar Compte Reollo"},"url":"https:\/\/blog.wtransnet.com\/es\/author\/ecompte\/"}]}},"_links":{"self":[{"href":"https:\/\/blog.wtransnet.com\/es\/wp-json\/wp\/v2\/posts\/1095","targetHints":{"allow":["GET"]}}],"collection":[{"href":"https:\/\/blog.wtransnet.com\/es\/wp-json\/wp\/v2\/posts"}],"about":[{"href":"https:\/\/blog.wtransnet.com\/es\/wp-json\/wp\/v2\/types\/post"}],"author":[{"embeddable":true,"href":"https:\/\/blog.wtransnet.com\/es\/wp-json\/wp\/v2\/users\/2"}],"replies":[{"embeddable":true,"href":"https:\/\/blog.wtransnet.com\/es\/wp-json\/wp\/v2\/comments?post=1095"}],"version-history":[{"count":0,"href":"https:\/\/blog.wtransnet.com\/es\/wp-json\/wp\/v2\/posts\/1095\/revisions"}],"wp:featuredmedia":[{"embeddable":true,"href":"https:\/\/blog.wtransnet.com\/es\/wp-json\/wp\/v2\/media\/1637"}],"wp:attachment":[{"href":"https:\/\/blog.wtransnet.com\/es\/wp-json\/wp\/v2\/media?parent=1095"}],"wp:term":[{"taxonomy":"category","embeddable":true,"href":"https:\/\/blog.wtransnet.com\/es\/wp-json\/wp\/v2\/categories?post=1095"},{"taxonomy":"post_tag","embeddable":true,"href":"https:\/\/blog.wtransnet.com\/es\/wp-json\/wp\/v2\/tags?post=1095"}],"curies":[{"name":"wp","href":"https:\/\/api.w.org\/{rel}","templated":true}]}}