{"id":1112,"date":"2014-03-21T00:00:00","date_gmt":"2014-03-21T00:00:00","guid":{"rendered":"https:\/\/blog.wtransnet.com\/es\/de-profesion-camionera-cada-dia-mas-mujeres-al-volante-2\/"},"modified":"2016-01-27T10:50:20","modified_gmt":"2016-01-27T10:50:20","slug":"de-profesion-camionera-cada-dia-mas-mujeres-al-volante-2","status":"publish","type":"post","link":"https:\/\/blog.wtransnet.com\/es\/de-profesion-camionera-cada-dia-mas-mujeres-al-volante-2\/","title":{"rendered":"De profesi\u00f3n, camionera. Cada d\u00eda m\u00e1s mujeres al volante (2)"},"content":{"rendered":"<p><a href=\"https:\/\/blog.wtransnet.com\/es\/wp-content\/uploads\/sites\/2\/1414\/03\/mas-mujeres-al-volante-wtransnet.gif\"><img loading=\"lazy\" decoding=\"async\" class=\"alignleft wp-image-1532 size-full\" title=\"M\u00e1s mujeres al volante\" src=\"https:\/\/blog.wtransnet.com\/es\/wp-content\/uploads\/sites\/2\/1414\/03\/mas-mujeres-al-volante-wtransnet.gif\" alt=\"Mujer trabajadora\" width=\"150\" height=\"150\" \/><\/a>Hace unos d\u00edas celebr\u00e1bamos el <strong>D\u00eda Internacional de la Mujer Trabajadora<\/strong> junto a todas las mujeres transportistas de este pa\u00eds. Siguen siendo minor\u00eda pero a pesar de ello cada vez nos resulta menos extra\u00f1o ver una mujer detr\u00e1s del volante de un cami\u00f3n.<\/p>\n<p>&nbsp;<\/p>\n<p>&nbsp;<\/p>\n<p>De hecho, en 2012 la asociaci\u00f3n estadounidense &#8216;<a href=\"http:\/\/www.womenintrucking.org\/\">Women in Trucking<\/a>&#8216;\u00a0public\u00f3 un estudio junto a <strong>Volvo Trucks<\/strong>\u00a0sobre la presencia de la mujer en el sector del\u00a0<strong>transporte por carretera<\/strong>. El estudio cifraba que en Europa<strong>\u00a0el 1% de los conductores de cami\u00f3n son mujeres<\/strong>, un porcentaje irrisorio si lo comparamos con sus colegas masculinos\u00a0que tambi\u00e9n encontramos en otras partes del mundo. El estudio desprende que el pa\u00eds europeo con m\u00e1s mujeres dedicadas a la conducci\u00f3n de camiones es<strong>\u00a0Suecia<\/strong>, con un 3% de mujeres al volante, seguido de\u00a0<strong>Reino Unido<\/strong>\u00a0(2%) y\u00a0<strong>Dinamarca<\/strong>\u00a0(1%).<\/p>\n<p>En<strong>\u00a0EE.UU<\/strong>\u00a0el porcentaje de mujeres asciende al 5% de los 3,2 millones de<strong>\u00a0conductores de camiones<\/strong>\u00a0que\u00a0circulan por las carreteras norteamericanas, un caso parad\u00f3jico si tenemos en cuenta que en este pa\u00eds existe un d\u00e9ficit de mano de obra en el sector.<br \/>\nPero <a href=\"https:\/\/blog.wtransnet.com\/es\/wtransnet-blog\/de-profesion-camionera-cada-dia-mas-mujeres-al-volante\">\u00bfc\u00f3mo accede una mujer a un empleo tradicionalmente masculino<\/a>? Desde fuera cualquier persona puede pensar que no tiene que resultar f\u00e1cil. Vivimos en una sociedad que todav\u00eda no ha logrado liberarse de ciertos t\u00f3picos. Para comprobarlo, nos dirigimos a varias profesionales del transporte que sorprendentemente nos han desmontado algunos mitos sobre el machismo en el cami\u00f3n.<br \/>\nEste es el caso de<strong> Isabel Guardia<\/strong>, de 44 a\u00f1os, madre de dos hijos y casada con un camionero aut\u00f3nomo. Nos cuenta que, aunque es t\u00e9cnico de imagen y sonido, <em>por circunstancias de la vida tuvimos que tomar una decisi\u00f3n que supon\u00eda cambiar el estar mi marido siempre fuera, a dormir todos los d\u00edas en casa y estar con sus hijos. Desgraciadamente no salieron las cosas como esper\u00e1bamos y tuvo que volver a la ruta, pero como ya hab\u00edamos comprado el cami\u00f3n decid\u00ed sacarme el carnet e intentar darle provecho<\/em>.<\/p>\n<p><a href=\"https:\/\/blog.wtransnet.com\/es\/wp-content\/uploads\/sites\/2\/1414\/03\/isabel-camionera-wtransnet.png\"><img loading=\"lazy\" decoding=\"async\" class=\"alignleft wp-image-1534 size-full\" title=\"Camionera wtransnet\" src=\"https:\/\/blog.wtransnet.com\/es\/wp-content\/uploads\/sites\/2\/1414\/03\/isabel-camionera-wtransnet.png\" alt=\"isabel guardia\" width=\"349\" height=\"467\" \/><\/a><\/p>\n<p>&nbsp;<\/p>\n<p>&nbsp;<\/p>\n<p>&nbsp;<\/p>\n<p>&nbsp;<\/p>\n<p>&nbsp;<\/p>\n<p>&nbsp;<\/p>\n<p>&nbsp;<\/p>\n<p>&nbsp;<\/p>\n<p>&nbsp;<\/p>\n<p>&nbsp;<\/p>\n<p>&nbsp;<\/p>\n<p>&nbsp;<\/p>\n<p>Isabel Guardia<\/p>\n<p>Hace ocho a\u00f1os que se subi\u00f3 a su <strong>tr\u00e1iler con gr\u00faa<\/strong> para primero hacer cercan\u00edas y luego ruta como su marido. Los dos son aut\u00f3nomos, no trabajan para nadie en exclusiva pero s\u00ed que tienen sus propios clientes desde hace muchos a\u00f1os:<em> Mi marido lleva en el oficio desde que lo conozco y nos hemos ganado la confianza de agencias y transportistas con los que trabajamos, la gran mayor\u00eda de ellos contactados en Wtransnet<\/em>.<\/p>\n<p>Le preguntamos qu\u00e9 significa para ella ser camionera. No duda ni un segundo y responde: <em>Es un orgullo, un oficio de responsabilidad tanto en la carretera como con la empresa que me contrata. Es un trabajo\u00a0duro, sobre todo por estar lejos de cas.\u00a0 Actualmente no compensan tantos quebraderos de cabeza, certificados de todo tipo, papeleo, el gasoil cada vez m\u00e1s caro, los precios cada vez m\u00e1s bajos, los impuestos, los impagados, etc.<\/em><\/p>\n<p>Pero no todo son lamentos para esta tarraconense. Le gusta su profesi\u00f3n y se le nota. Nos explica que le ha ayudado a conocer a mucha gente: <em>conversaciones aunque sean por tel\u00e9fono, an\u00e9cdotas, risas. A m\u00ed todo eso me enrique como persona.<\/em><\/p>\n<p>Isabel es categ\u00f3rica cuando le preguntamos sobre el machismo en el <strong>cami\u00f3n<\/strong>: <em>Quiz\u00e1s haya tenido suerte, pero siempre me han tratado bien, nunca me he sentido discriminada por ser mujer y los compa\u00f1eros de profesi\u00f3n siempre me han ayudado si lo he necesitado. Si alguien ha podido pensar que este era un mundo machista, por mi parte, no puede estar m\u00e1s equivocado<\/em>.<\/p>\n<p><em>Aunque sorpresas s\u00ed que se han llevado m\u00e1s de uno. Nos cuenta Isabel que en algunos sitios para cargar o descargar le llaman por tel\u00e9fono y le suele pasar que al contestar una mujer le cuelgan el tel\u00e9fono diciendo Perdone, me he equivocado. En la segunda llamada, tengo que apresurarme a decir que soy yo la que llevo el cami\u00f3n antes de que me cuelguen de nuevo, nos dice ri\u00e9ndose.<\/em><\/p>\n<p><a href=\"https:\/\/blog.wtransnet.com\/es\/wp-content\/uploads\/sites\/2\/1414\/03\/ainhoa-camionera-wtransnet.png\"><img loading=\"lazy\" decoding=\"async\" class=\"alignleft wp-image-1535 size-full\" title=\"Camionera wtransnet\" src=\"https:\/\/blog.wtransnet.com\/es\/wp-content\/uploads\/sites\/2\/1414\/03\/ainhoa-camionera-wtransnet.png\" alt=\"ainhoa ega\u00f1a\" width=\"467\" height=\"400\" \/><\/a><\/p>\n<p>&nbsp;<\/p>\n<p>&nbsp;<\/p>\n<p>&nbsp;<\/p>\n<p>&nbsp;<\/p>\n<p>&nbsp;<\/p>\n<p>&nbsp;<\/p>\n<p>&nbsp;<\/p>\n<p>&nbsp;<\/p>\n<p>&nbsp;<\/p>\n<p>&nbsp;<\/p>\n<p>Ainhoa Ega\u00f1a<br \/>\nEsta otra mujer con agallas es <strong>Ainhoa Ega\u00f1a<\/strong>, una vizca\u00edna de 34 a\u00f1os. \u00a0Es la primera camionera de\u00a0su familia y ya son casi 8 a\u00f1os al frente de un cami\u00f3n. Le preguntamos c\u00f3mo acab\u00f3 siendo camionera y contesta categ\u00f3rica:<em> \u00a1Por bocazas! El por aquel entonces mi jefe llevaba d\u00edas diciendo que necesitaba un chofer de cami\u00f3n\u00a0as\u00ed le dije que, si me pagaba el carnet, yo me lo sacaba. Dicho y hecho, a la semana de decirle eso ya ten\u00eda el cami\u00f3n all\u00ed. \u00a1A ver qui\u00e9n era la guapa entonces que le dec\u00eda que no!<\/em><\/p>\n<p>De esa empresa Ainhoa pas\u00f3 a la actual, que se dedica a la recogida de neum\u00e1ticos fuera de uso. Nos explica que lo ha tenido f\u00e1cil: <em>Todo vino rodado, se r\u00ede y a\u00f1ade: Me consta que a\u00a0otras compa\u00f1eras del gremio les ha costado algo m\u00e1s porque, aunque poco a poco haya m\u00e1s camioneras, a\u00fan hay algo de\u00a0machismo en el sector. Siempre parece que tenemos que demostrar m\u00e1s<\/em>. A pesar de todo, a\u00f1ade que con los compa\u00f1eros siempre se ha llevado bien, aunque haya podido tener alg\u00fan roce con alguno siempre ha procurado sacarle el lado positivo a las cosas.<\/p>\n<p><a href=\"https:\/\/blog.wtransnet.com\/es\/wp-content\/uploads\/sites\/2\/1414\/03\/mujeres-al-volante.png\"><img loading=\"lazy\" decoding=\"async\" class=\"alignleft wp-image-1533 size-full\" title=\"Camionera wtransnet\" src=\"https:\/\/blog.wtransnet.com\/es\/wp-content\/uploads\/sites\/2\/1414\/03\/mujeres-al-volante.png\" alt=\"ainhoa ega\u00f1a\" width=\"400\" height=\"467\" \/><\/a><\/p>\n<p>&nbsp;<\/p>\n<p>&nbsp;<\/p>\n<p>&nbsp;<\/p>\n<p>&nbsp;<\/p>\n<p>&nbsp;<\/p>\n<p>&nbsp;<\/p>\n<p>&nbsp;<\/p>\n<p>&nbsp;<\/p>\n<p>&nbsp;<\/p>\n<p>&nbsp;<\/p>\n<p>&nbsp;<\/p>\n<p>&nbsp;<\/p>\n<p>Ainhoa Ega\u00f1a<\/p>\n<p><em>Para mi ser camionera no es s\u00f3lo sentarse y conducir, que es lo que la gente piensa que es. Es el trato con la gente, la aventura del d\u00eda a d\u00eda, cargar, descargar, usar la gr\u00faa, enganchar o desenganchar. \u00a1A m\u00ed todo eso me da vidilla!<\/em><\/p>\n<p>Ainhoa lamenta que en Espa\u00f1a no se fomente, del mismo modo que en EEUU y Suecia, el acceso de la mujer a esta profesi\u00f3n: <em>Cada vez hay m\u00e1s mujeres en paro y somos tan v\u00e1lidas como los hombres para hacer este trabajo. Solo necesitamos que alguien nos d\u00e9 la oportunidad de demostrarlo.<\/em><\/p>\n<p>Precisamente el cometido de &#8216;Women in Trucking&#8217;, fundada en 2007 y que cuenta con m\u00e1s de 2.000 miembros, es que la presencia de la mujer en el sector est\u00e9 cada vez m\u00e1s normalizado y que el caso de Isabel no sea tan anecd\u00f3tico. La organizaci\u00f3n ha puesto en marcha diversas estrategias para acrecentar la presencia femenina en el sector. Una de estas medidas es el desarrollo de una serie de gu\u00edas con indicaciones sobre c\u00f3mo las\u00a0<strong>compa\u00f1\u00edas de transporte<\/strong> pueden atraer a m\u00e1s mujeres para formar parte de su plantilla.<\/p>\n<p>La presidenta y fundadora de de &#8216;Women in Trucking&#8217;,\u00a0<strong>Ellen Voie<\/strong>,\u00a0declaraba que lo m\u00e1s importante es que las empresas de transporte y sus empleados masculinos reconsideren sus creencias y dejen atr\u00e1s una cultura centrada en los hombres en este sector. \u201cTodav\u00eda es muy frecuente que las mujeres se sientan acosadas por sus compa\u00f1eros de g\u00e9nero masculino y que se sientan inseguras en sus paradas. Estamos trabajando para que esto cambie\u00bb, a\u00f1ad\u00eda Ellen Voie.<\/p>\n","protected":false},"excerpt":{"rendered":"<p>Hace unos d\u00edas celebr\u00e1bamos el D\u00eda Internacional de la Mujer Trabajadora junto a todas las mujeres transportistas de este pa\u00eds. Siguen siendo minor\u00eda pero a pesar de ello cada vez nos resulta menos extra\u00f1o ver una mujer detr\u00e1s del volante de un cami\u00f3n. &nbsp; &nbsp; De hecho, en 2012 la asociaci\u00f3n estadounidense &#8216;Women in Trucking&#8216;\u00a0public\u00f3 &hellip;<\/p>\n","protected":false},"author":2,"featured_media":1536,"comment_status":"open","ping_status":"open","sticky":false,"template":"","format":"standard","meta":{"_monsterinsights_skip_tracking":false,"_monsterinsights_sitenote_active":false,"_monsterinsights_sitenote_note":"","_monsterinsights_sitenote_category":0,"footnotes":""},"categories":[43],"tags":[297,168,284,261,298,299],"class_list":["post-1112","post","type-post","status-publish","format-standard","has-post-thumbnail","","category-transporte","tag-ellen-voie","tag-logistica","tag-mujeres-camioneras","tag-transporte-carretera","tag-volvo-trucks","tag-women-in-trucking"],"yoast_head":"<!-- This site is optimized with the Yoast SEO plugin v26.9 - https:\/\/yoast.com\/product\/yoast-seo-wordpress\/ -->\n<title>De profesi\u00f3n, camionera. Cada d\u00eda m\u00e1s mujeres al volante (2) - Blog Wtransnet Espa\u00f1a<\/title>\n<meta name=\"robots\" content=\"index, follow, max-snippet:-1, max-image-preview:large, max-video-preview:-1\" \/>\n<link rel=\"canonical\" href=\"https:\/\/blog.wtransnet.com\/es\/de-profesion-camionera-cada-dia-mas-mujeres-al-volante-2\/\" \/>\n<meta property=\"og:locale\" content=\"es_ES\" \/>\n<meta property=\"og:type\" content=\"article\" \/>\n<meta property=\"og:title\" content=\"De profesi\u00f3n, camionera. Cada d\u00eda m\u00e1s mujeres al volante (2) - Blog Wtransnet Espa\u00f1a\" \/>\n<meta property=\"og:description\" content=\"Hace unos d\u00edas celebr\u00e1bamos el D\u00eda Internacional de la Mujer Trabajadora junto a todas las mujeres transportistas de este pa\u00eds. Siguen siendo minor\u00eda pero a pesar de ello cada vez nos resulta menos extra\u00f1o ver una mujer detr\u00e1s del volante de un cami\u00f3n. &nbsp; &nbsp; De hecho, en 2012 la asociaci\u00f3n estadounidense &#8216;Women in Trucking&#8216;\u00a0public\u00f3 &hellip;\" \/>\n<meta property=\"og:url\" content=\"https:\/\/blog.wtransnet.com\/es\/de-profesion-camionera-cada-dia-mas-mujeres-al-volante-2\/\" \/>\n<meta property=\"og:site_name\" content=\"Blog Wtransnet Espa\u00f1a\" \/>\n<meta property=\"article:published_time\" content=\"2014-03-21T00:00:00+00:00\" \/>\n<meta property=\"article:modified_time\" content=\"2016-01-27T10:50:20+00:00\" \/>\n<meta property=\"og:image\" content=\"https:\/\/blog.wtransnet.com\/es\/wp-content\/uploads\/sites\/2\/1414\/03\/mas-mujeres-al-volante-de-un-camion.jpg\" \/>\n\t<meta property=\"og:image:width\" content=\"228\" \/>\n\t<meta property=\"og:image:height\" content=\"225\" \/>\n\t<meta property=\"og:image:type\" content=\"image\/jpeg\" \/>\n<meta name=\"author\" content=\"Edgar Compte Reollo\" \/>\n<meta name=\"twitter:card\" content=\"summary_large_image\" \/>\n<meta name=\"twitter:label1\" content=\"Escrito por\" \/>\n\t<meta name=\"twitter:data1\" content=\"Edgar Compte Reollo\" \/>\n\t<meta name=\"twitter:label2\" content=\"Tiempo de lectura\" \/>\n\t<meta name=\"twitter:data2\" content=\"6 minutos\" \/>\n<script type=\"application\/ld+json\" class=\"yoast-schema-graph\">{\"@context\":\"https:\/\/schema.org\",\"@graph\":[{\"@type\":\"Article\",\"@id\":\"https:\/\/blog.wtransnet.com\/es\/de-profesion-camionera-cada-dia-mas-mujeres-al-volante-2\/#article\",\"isPartOf\":{\"@id\":\"https:\/\/blog.wtransnet.com\/es\/de-profesion-camionera-cada-dia-mas-mujeres-al-volante-2\/\"},\"author\":{\"name\":\"Edgar Compte Reollo\",\"@id\":\"https:\/\/blog.wtransnet.com\/es\/#\/schema\/person\/72e72ba89ffa96d0d5f7e50a6af29d29\"},\"headline\":\"De profesi\u00f3n, camionera. Cada d\u00eda m\u00e1s mujeres al volante (2)\",\"datePublished\":\"2014-03-21T00:00:00+00:00\",\"dateModified\":\"2016-01-27T10:50:20+00:00\",\"mainEntityOfPage\":{\"@id\":\"https:\/\/blog.wtransnet.com\/es\/de-profesion-camionera-cada-dia-mas-mujeres-al-volante-2\/\"},\"wordCount\":1257,\"commentCount\":1,\"image\":{\"@id\":\"https:\/\/blog.wtransnet.com\/es\/de-profesion-camionera-cada-dia-mas-mujeres-al-volante-2\/#primaryimage\"},\"thumbnailUrl\":\"https:\/\/blog.wtransnet.com\/es\/wp-content\/uploads\/sites\/2\/1414\/03\/mas-mujeres-al-volante-de-un-camion.jpg\",\"keywords\":[\"ellen voie\",\"logistica\",\"mujeres camioneras\",\"transporte carretera\",\"volvo trucks\",\"women in trucking\"],\"articleSection\":[\"Transporte\"],\"inLanguage\":\"es\",\"potentialAction\":[{\"@type\":\"CommentAction\",\"name\":\"Comment\",\"target\":[\"https:\/\/blog.wtransnet.com\/es\/de-profesion-camionera-cada-dia-mas-mujeres-al-volante-2\/#respond\"]}]},{\"@type\":\"WebPage\",\"@id\":\"https:\/\/blog.wtransnet.com\/es\/de-profesion-camionera-cada-dia-mas-mujeres-al-volante-2\/\",\"url\":\"https:\/\/blog.wtransnet.com\/es\/de-profesion-camionera-cada-dia-mas-mujeres-al-volante-2\/\",\"name\":\"De profesi\u00f3n, camionera. Cada d\u00eda m\u00e1s mujeres al volante (2) - Blog Wtransnet Espa\u00f1a\",\"isPartOf\":{\"@id\":\"https:\/\/blog.wtransnet.com\/es\/#website\"},\"primaryImageOfPage\":{\"@id\":\"https:\/\/blog.wtransnet.com\/es\/de-profesion-camionera-cada-dia-mas-mujeres-al-volante-2\/#primaryimage\"},\"image\":{\"@id\":\"https:\/\/blog.wtransnet.com\/es\/de-profesion-camionera-cada-dia-mas-mujeres-al-volante-2\/#primaryimage\"},\"thumbnailUrl\":\"https:\/\/blog.wtransnet.com\/es\/wp-content\/uploads\/sites\/2\/1414\/03\/mas-mujeres-al-volante-de-un-camion.jpg\",\"datePublished\":\"2014-03-21T00:00:00+00:00\",\"dateModified\":\"2016-01-27T10:50:20+00:00\",\"author\":{\"@id\":\"https:\/\/blog.wtransnet.com\/es\/#\/schema\/person\/72e72ba89ffa96d0d5f7e50a6af29d29\"},\"breadcrumb\":{\"@id\":\"https:\/\/blog.wtransnet.com\/es\/de-profesion-camionera-cada-dia-mas-mujeres-al-volante-2\/#breadcrumb\"},\"inLanguage\":\"es\",\"potentialAction\":[{\"@type\":\"ReadAction\",\"target\":[\"https:\/\/blog.wtransnet.com\/es\/de-profesion-camionera-cada-dia-mas-mujeres-al-volante-2\/\"]}]},{\"@type\":\"ImageObject\",\"inLanguage\":\"es\",\"@id\":\"https:\/\/blog.wtransnet.com\/es\/de-profesion-camionera-cada-dia-mas-mujeres-al-volante-2\/#primaryimage\",\"url\":\"https:\/\/blog.wtransnet.com\/es\/wp-content\/uploads\/sites\/2\/1414\/03\/mas-mujeres-al-volante-de-un-camion.jpg\",\"contentUrl\":\"https:\/\/blog.wtransnet.com\/es\/wp-content\/uploads\/sites\/2\/1414\/03\/mas-mujeres-al-volante-de-un-camion.jpg\",\"width\":228,\"height\":225},{\"@type\":\"BreadcrumbList\",\"@id\":\"https:\/\/blog.wtransnet.com\/es\/de-profesion-camionera-cada-dia-mas-mujeres-al-volante-2\/#breadcrumb\",\"itemListElement\":[{\"@type\":\"ListItem\",\"position\":1,\"name\":\"Portada\",\"item\":\"https:\/\/blog.wtransnet.com\/es\/\"},{\"@type\":\"ListItem\",\"position\":2,\"name\":\"De profesi\u00f3n, camionera. Cada d\u00eda m\u00e1s mujeres al volante (2)\"}]},{\"@type\":\"WebSite\",\"@id\":\"https:\/\/blog.wtransnet.com\/es\/#website\",\"url\":\"https:\/\/blog.wtransnet.com\/es\/\",\"name\":\"Blog Wtransnet Espa\u00f1a\",\"description\":\"Blog Wtransnet: Noticias de transporte, log\u00edstica y bolsa de cargas en Espa\u00f1a y Europa.\",\"potentialAction\":[{\"@type\":\"SearchAction\",\"target\":{\"@type\":\"EntryPoint\",\"urlTemplate\":\"https:\/\/blog.wtransnet.com\/es\/?s={search_term_string}\"},\"query-input\":{\"@type\":\"PropertyValueSpecification\",\"valueRequired\":true,\"valueName\":\"search_term_string\"}}],\"inLanguage\":\"es\"},{\"@type\":\"Person\",\"@id\":\"https:\/\/blog.wtransnet.com\/es\/#\/schema\/person\/72e72ba89ffa96d0d5f7e50a6af29d29\",\"name\":\"Edgar Compte Reollo\",\"image\":{\"@type\":\"ImageObject\",\"inLanguage\":\"es\",\"@id\":\"https:\/\/blog.wtransnet.com\/es\/#\/schema\/person\/image\/\",\"url\":\"https:\/\/secure.gravatar.com\/avatar\/cdef3ab443cd703d80f8618c041e62e3338cd7adb52bb56655047a411be15900?s=96&d=mm&r=g\",\"contentUrl\":\"https:\/\/secure.gravatar.com\/avatar\/cdef3ab443cd703d80f8618c041e62e3338cd7adb52bb56655047a411be15900?s=96&d=mm&r=g\",\"caption\":\"Edgar Compte Reollo\"},\"url\":\"https:\/\/blog.wtransnet.com\/es\/author\/ecompte\/\"}]}<\/script>\n<!-- \/ Yoast SEO plugin. -->","yoast_head_json":{"title":"De profesi\u00f3n, camionera. Cada d\u00eda m\u00e1s mujeres al volante (2) - Blog Wtransnet Espa\u00f1a","robots":{"index":"index","follow":"follow","max-snippet":"max-snippet:-1","max-image-preview":"max-image-preview:large","max-video-preview":"max-video-preview:-1"},"canonical":"https:\/\/blog.wtransnet.com\/es\/de-profesion-camionera-cada-dia-mas-mujeres-al-volante-2\/","og_locale":"es_ES","og_type":"article","og_title":"De profesi\u00f3n, camionera. Cada d\u00eda m\u00e1s mujeres al volante (2) - Blog Wtransnet Espa\u00f1a","og_description":"Hace unos d\u00edas celebr\u00e1bamos el D\u00eda Internacional de la Mujer Trabajadora junto a todas las mujeres transportistas de este pa\u00eds. Siguen siendo minor\u00eda pero a pesar de ello cada vez nos resulta menos extra\u00f1o ver una mujer detr\u00e1s del volante de un cami\u00f3n. &nbsp; &nbsp; De hecho, en 2012 la asociaci\u00f3n estadounidense &#8216;Women in Trucking&#8216;\u00a0public\u00f3 &hellip;","og_url":"https:\/\/blog.wtransnet.com\/es\/de-profesion-camionera-cada-dia-mas-mujeres-al-volante-2\/","og_site_name":"Blog Wtransnet Espa\u00f1a","article_published_time":"2014-03-21T00:00:00+00:00","article_modified_time":"2016-01-27T10:50:20+00:00","og_image":[{"width":228,"height":225,"url":"https:\/\/blog.wtransnet.com\/es\/wp-content\/uploads\/sites\/2\/1414\/03\/mas-mujeres-al-volante-de-un-camion.jpg","type":"image\/jpeg"}],"author":"Edgar Compte Reollo","twitter_card":"summary_large_image","twitter_misc":{"Escrito por":"Edgar Compte Reollo","Tiempo de lectura":"6 minutos"},"schema":{"@context":"https:\/\/schema.org","@graph":[{"@type":"Article","@id":"https:\/\/blog.wtransnet.com\/es\/de-profesion-camionera-cada-dia-mas-mujeres-al-volante-2\/#article","isPartOf":{"@id":"https:\/\/blog.wtransnet.com\/es\/de-profesion-camionera-cada-dia-mas-mujeres-al-volante-2\/"},"author":{"name":"Edgar Compte Reollo","@id":"https:\/\/blog.wtransnet.com\/es\/#\/schema\/person\/72e72ba89ffa96d0d5f7e50a6af29d29"},"headline":"De profesi\u00f3n, camionera. Cada d\u00eda m\u00e1s mujeres al volante (2)","datePublished":"2014-03-21T00:00:00+00:00","dateModified":"2016-01-27T10:50:20+00:00","mainEntityOfPage":{"@id":"https:\/\/blog.wtransnet.com\/es\/de-profesion-camionera-cada-dia-mas-mujeres-al-volante-2\/"},"wordCount":1257,"commentCount":1,"image":{"@id":"https:\/\/blog.wtransnet.com\/es\/de-profesion-camionera-cada-dia-mas-mujeres-al-volante-2\/#primaryimage"},"thumbnailUrl":"https:\/\/blog.wtransnet.com\/es\/wp-content\/uploads\/sites\/2\/1414\/03\/mas-mujeres-al-volante-de-un-camion.jpg","keywords":["ellen voie","logistica","mujeres camioneras","transporte carretera","volvo trucks","women in trucking"],"articleSection":["Transporte"],"inLanguage":"es","potentialAction":[{"@type":"CommentAction","name":"Comment","target":["https:\/\/blog.wtransnet.com\/es\/de-profesion-camionera-cada-dia-mas-mujeres-al-volante-2\/#respond"]}]},{"@type":"WebPage","@id":"https:\/\/blog.wtransnet.com\/es\/de-profesion-camionera-cada-dia-mas-mujeres-al-volante-2\/","url":"https:\/\/blog.wtransnet.com\/es\/de-profesion-camionera-cada-dia-mas-mujeres-al-volante-2\/","name":"De profesi\u00f3n, camionera. Cada d\u00eda m\u00e1s mujeres al volante (2) - Blog Wtransnet Espa\u00f1a","isPartOf":{"@id":"https:\/\/blog.wtransnet.com\/es\/#website"},"primaryImageOfPage":{"@id":"https:\/\/blog.wtransnet.com\/es\/de-profesion-camionera-cada-dia-mas-mujeres-al-volante-2\/#primaryimage"},"image":{"@id":"https:\/\/blog.wtransnet.com\/es\/de-profesion-camionera-cada-dia-mas-mujeres-al-volante-2\/#primaryimage"},"thumbnailUrl":"https:\/\/blog.wtransnet.com\/es\/wp-content\/uploads\/sites\/2\/1414\/03\/mas-mujeres-al-volante-de-un-camion.jpg","datePublished":"2014-03-21T00:00:00+00:00","dateModified":"2016-01-27T10:50:20+00:00","author":{"@id":"https:\/\/blog.wtransnet.com\/es\/#\/schema\/person\/72e72ba89ffa96d0d5f7e50a6af29d29"},"breadcrumb":{"@id":"https:\/\/blog.wtransnet.com\/es\/de-profesion-camionera-cada-dia-mas-mujeres-al-volante-2\/#breadcrumb"},"inLanguage":"es","potentialAction":[{"@type":"ReadAction","target":["https:\/\/blog.wtransnet.com\/es\/de-profesion-camionera-cada-dia-mas-mujeres-al-volante-2\/"]}]},{"@type":"ImageObject","inLanguage":"es","@id":"https:\/\/blog.wtransnet.com\/es\/de-profesion-camionera-cada-dia-mas-mujeres-al-volante-2\/#primaryimage","url":"https:\/\/blog.wtransnet.com\/es\/wp-content\/uploads\/sites\/2\/1414\/03\/mas-mujeres-al-volante-de-un-camion.jpg","contentUrl":"https:\/\/blog.wtransnet.com\/es\/wp-content\/uploads\/sites\/2\/1414\/03\/mas-mujeres-al-volante-de-un-camion.jpg","width":228,"height":225},{"@type":"BreadcrumbList","@id":"https:\/\/blog.wtransnet.com\/es\/de-profesion-camionera-cada-dia-mas-mujeres-al-volante-2\/#breadcrumb","itemListElement":[{"@type":"ListItem","position":1,"name":"Portada","item":"https:\/\/blog.wtransnet.com\/es\/"},{"@type":"ListItem","position":2,"name":"De profesi\u00f3n, camionera. Cada d\u00eda m\u00e1s mujeres al volante (2)"}]},{"@type":"WebSite","@id":"https:\/\/blog.wtransnet.com\/es\/#website","url":"https:\/\/blog.wtransnet.com\/es\/","name":"Blog Wtransnet Espa\u00f1a","description":"Blog Wtransnet: Noticias de transporte, log\u00edstica y bolsa de cargas en Espa\u00f1a y Europa.","potentialAction":[{"@type":"SearchAction","target":{"@type":"EntryPoint","urlTemplate":"https:\/\/blog.wtransnet.com\/es\/?s={search_term_string}"},"query-input":{"@type":"PropertyValueSpecification","valueRequired":true,"valueName":"search_term_string"}}],"inLanguage":"es"},{"@type":"Person","@id":"https:\/\/blog.wtransnet.com\/es\/#\/schema\/person\/72e72ba89ffa96d0d5f7e50a6af29d29","name":"Edgar Compte Reollo","image":{"@type":"ImageObject","inLanguage":"es","@id":"https:\/\/blog.wtransnet.com\/es\/#\/schema\/person\/image\/","url":"https:\/\/secure.gravatar.com\/avatar\/cdef3ab443cd703d80f8618c041e62e3338cd7adb52bb56655047a411be15900?s=96&d=mm&r=g","contentUrl":"https:\/\/secure.gravatar.com\/avatar\/cdef3ab443cd703d80f8618c041e62e3338cd7adb52bb56655047a411be15900?s=96&d=mm&r=g","caption":"Edgar Compte Reollo"},"url":"https:\/\/blog.wtransnet.com\/es\/author\/ecompte\/"}]}},"_links":{"self":[{"href":"https:\/\/blog.wtransnet.com\/es\/wp-json\/wp\/v2\/posts\/1112","targetHints":{"allow":["GET"]}}],"collection":[{"href":"https:\/\/blog.wtransnet.com\/es\/wp-json\/wp\/v2\/posts"}],"about":[{"href":"https:\/\/blog.wtransnet.com\/es\/wp-json\/wp\/v2\/types\/post"}],"author":[{"embeddable":true,"href":"https:\/\/blog.wtransnet.com\/es\/wp-json\/wp\/v2\/users\/2"}],"replies":[{"embeddable":true,"href":"https:\/\/blog.wtransnet.com\/es\/wp-json\/wp\/v2\/comments?post=1112"}],"version-history":[{"count":0,"href":"https:\/\/blog.wtransnet.com\/es\/wp-json\/wp\/v2\/posts\/1112\/revisions"}],"wp:featuredmedia":[{"embeddable":true,"href":"https:\/\/blog.wtransnet.com\/es\/wp-json\/wp\/v2\/media\/1536"}],"wp:attachment":[{"href":"https:\/\/blog.wtransnet.com\/es\/wp-json\/wp\/v2\/media?parent=1112"}],"wp:term":[{"taxonomy":"category","embeddable":true,"href":"https:\/\/blog.wtransnet.com\/es\/wp-json\/wp\/v2\/categories?post=1112"},{"taxonomy":"post_tag","embeddable":true,"href":"https:\/\/blog.wtransnet.com\/es\/wp-json\/wp\/v2\/tags?post=1112"}],"curies":[{"name":"wp","href":"https:\/\/api.w.org\/{rel}","templated":true}]}}