{"id":1134,"date":"2014-09-02T00:00:00","date_gmt":"2014-09-02T00:00:00","guid":{"rendered":"https:\/\/blog.wtransnet.com\/es\/wtransnet-relanza-bolsadealmacenaje-com-como-el-directorio-de-almacenes-y-servicios-logisticos-mas-completo-de-europa\/"},"modified":"2016-01-27T10:36:35","modified_gmt":"2016-01-27T10:36:35","slug":"wtransnet-relanza-bolsadealmacenaje-com-como-el-directorio-de-almacenes-y-servicios-logisticos-mas-completo-de-europa","status":"publish","type":"post","link":"https:\/\/blog.wtransnet.com\/es\/wtransnet-relanza-bolsadealmacenaje-com-como-el-directorio-de-almacenes-y-servicios-logisticos-mas-completo-de-europa\/","title":{"rendered":"Wtransnet relanza bolsadealmacenaje.com como el directorio de almacenes y servicios log\u00edsticos m\u00e1s completo de Europa"},"content":{"rendered":"<p><strong><a href=\"https:\/\/blog.wtransnet.com\/es\/wp-content\/uploads\/sites\/2\/1414\/09\/relanzamiento-portal-bolsa-de-almacenaje.jpg\"><br \/>\n<\/a><a href=\"https:\/\/blog.wtransnet.com\/es\/wp-content\/uploads\/sites\/2\/1414\/09\/lanzamiento-portal-bolsa-de-almacenaje-logo.gif\"><img loading=\"lazy\" decoding=\"async\" class=\"alignleft wp-image-1414 size-full\" title=\"Bolsa de almacenaje\" src=\"https:\/\/blog.wtransnet.com\/es\/wp-content\/uploads\/sites\/2\/1414\/09\/lanzamiento-portal-bolsa-de-almacenaje-logo.gif\" alt=\"lanzamiento portal bolsa de almacenaje\" width=\"150\" height=\"150\" \/><\/a>bolsadealmacenaje.com<\/strong>\u00a0naci\u00f3 para dar respuesta a las empresas del sector ante la necesidad de encontrar almacenes, constituy\u00e9ndose en 2008 como la primera <strong>Red Europea de Almacenes<\/strong>.<br \/>\nTras una reestructuraci\u00f3n de la actividad, el Grupo Wtransnet presenta una bolsa de almacenaje con web renovada y con un cat\u00e1logo de prestaciones ampliado que contempla, adem\u00e1s del <strong>buscador de almacenes<\/strong>, un buscador completo de servicios log\u00edsticos.<\/p>\n<p>&nbsp;<\/p>\n<p><a href=\"http:\/\/www.bolsadealmacenaje.com\/\">bolsadealmacenaje.com<\/a>\u00a0se convierte de esta manera en el \u00fanico buscador especializado de\u00a0almacenes\u00a0en toda Europa, donde encontrar cualquier tipo de<strong>\u00a0servicio log\u00edstico<\/strong> gracias a sus resultados precisos y relevantes.<\/p>\n<p>El buscador permite afinar la b\u00fasqueda para encontrar el servicio que m\u00e1s se ajuste a nuestras necesidades: self storage, almacenaje de\u00a0mercanc\u00edas generales, productos qu\u00edmicos, paletizados, almacenes para\u00a0e-commerce, cross docking, picking,\u00a0almacenes certificados, frigor\u00edficos, embalaje, etiquetado, etc.<\/p>\n<p><a href=\"https:\/\/blog.wtransnet.com\/es\/wp-content\/uploads\/sites\/2\/1414\/09\/lanzamiento-portal-bolsa-de-almacenaje-wtransnet.jpg\"><img loading=\"lazy\" decoding=\"async\" class=\"alignleft wp-image-1415 size-full\" title=\"Buscador especializado de almacenes\" src=\"https:\/\/blog.wtransnet.com\/es\/wp-content\/uploads\/sites\/2\/1414\/09\/lanzamiento-portal-bolsa-de-almacenaje-wtransnet.jpg\" alt=\"Bolsa de almacenaje Wtransnet\" width=\"433\" height=\"300\" \/><\/a><\/p>\n<p>&nbsp;<\/p>\n<p>&nbsp;<\/p>\n<p>&nbsp;<\/p>\n<p>&nbsp;<\/p>\n<p>&nbsp;<\/p>\n<p>&nbsp;<\/p>\n<p>&nbsp;<\/p>\n<p>&nbsp;<\/p>\n<p>De entre los resultados de b\u00fasqueda, es\u00a0posible contactar con las empresas m\u00e1s adecuadas y solicitarles presupuesto\u00a0directamente. Adem\u00e1s, si no encuentras los que est\u00e1s buscando, puedes contactar con el departamento de <strong>atenci\u00f3n al cliente<\/strong> para que ellos se ocupen de realizar una b\u00fasqueda personalizada y te pongan en contacto con las empresas que normalmente realizan el servicio que est\u00e1s buscando.<br \/>\n<a href=\"http:\/\/www.bolsadealmacenaje.com\/\">bolsadealmacenaje.com<\/a>\u00a0pertenece al Grupo Wtransnet, fundado en 1996 y l\u00edder en el desarrollo de bolsas de cargas y de sistemas de gesti\u00f3n para el sector de la\u00a0log\u00edstica y el transporte.<br \/>\n<a href=\"http:\/\/www.bolsadealmacenaje.com\/\">bolsadealmacenaje.com<\/a> es hoy en d\u00eda un referente dentro del\u00a0almacenaje y los servicios log\u00edsticos, asumiendo como propios los valores de calidad, innovaci\u00f3n y seguridad de Wtransnet. Un compromiso respaldado por el desarrollo tecnol\u00f3gico y una atenci\u00f3n al cliente de calidad que hacen de \u00e9sta un\u00a0<strong>directorio especializado en log\u00edstica<\/strong>\u00a0\u00fanico en Europa.<\/p>\n","protected":false},"excerpt":{"rendered":"<p>bolsadealmacenaje.com\u00a0naci\u00f3 para dar respuesta a las empresas del sector ante la necesidad de encontrar almacenes, constituy\u00e9ndose en 2008 como la primera Red Europea de Almacenes. Tras una reestructuraci\u00f3n de la actividad, el Grupo Wtransnet presenta una bolsa de almacenaje con web renovada y con un cat\u00e1logo de prestaciones ampliado que contempla, adem\u00e1s del buscador de &hellip;<\/p>\n","protected":false},"author":2,"featured_media":1417,"comment_status":"open","ping_status":"open","sticky":false,"template":"","format":"standard","meta":{"_monsterinsights_skip_tracking":false,"_monsterinsights_sitenote_active":false,"_monsterinsights_sitenote_note":"","_monsterinsights_sitenote_category":0,"footnotes":""},"categories":[41,87],"tags":[369,370,371,372,373,104],"class_list":["post-1134","post","type-post","status-publish","format-standard","has-post-thumbnail","","category-transporte-actualidad","category-wtransnet","tag-almacenes","tag-bolsa-de-almacenaje","tag-directorio","tag-red-europea-de-almacenaje","tag-servicios-logisticos","tag-wtransnet"],"yoast_head":"<!-- This site is optimized with the Yoast SEO plugin v26.9 - https:\/\/yoast.com\/product\/yoast-seo-wordpress\/ -->\n<title>Wtransnet relanza bolsadealmacenaje.com como el directorio de almacenes y servicios log\u00edsticos m\u00e1s completo de Europa - Blog Wtransnet Espa\u00f1a<\/title>\n<meta name=\"robots\" content=\"index, follow, max-snippet:-1, max-image-preview:large, max-video-preview:-1\" \/>\n<link rel=\"canonical\" href=\"https:\/\/blog.wtransnet.com\/es\/wtransnet-relanza-bolsadealmacenaje-com-como-el-directorio-de-almacenes-y-servicios-logisticos-mas-completo-de-europa\/\" \/>\n<meta property=\"og:locale\" content=\"es_ES\" \/>\n<meta property=\"og:type\" content=\"article\" \/>\n<meta property=\"og:title\" content=\"Wtransnet relanza bolsadealmacenaje.com como el directorio de almacenes y servicios log\u00edsticos m\u00e1s completo de Europa - Blog Wtransnet Espa\u00f1a\" \/>\n<meta property=\"og:description\" content=\"bolsadealmacenaje.com\u00a0naci\u00f3 para dar respuesta a las empresas del sector ante la necesidad de encontrar almacenes, constituy\u00e9ndose en 2008 como la primera Red Europea de Almacenes. Tras una reestructuraci\u00f3n de la actividad, el Grupo Wtransnet presenta una bolsa de almacenaje con web renovada y con un cat\u00e1logo de prestaciones ampliado que contempla, adem\u00e1s del buscador de &hellip;\" \/>\n<meta property=\"og:url\" content=\"https:\/\/blog.wtransnet.com\/es\/wtransnet-relanza-bolsadealmacenaje-com-como-el-directorio-de-almacenes-y-servicios-logisticos-mas-completo-de-europa\/\" \/>\n<meta property=\"og:site_name\" content=\"Blog Wtransnet Espa\u00f1a\" \/>\n<meta property=\"article:published_time\" content=\"2014-09-02T00:00:00+00:00\" \/>\n<meta property=\"article:modified_time\" content=\"2016-01-27T10:36:35+00:00\" \/>\n<meta property=\"og:image\" content=\"https:\/\/blog.wtransnet.com\/es\/wp-content\/uploads\/sites\/2\/1414\/09\/relanzamiento-portal-bolsa-de-almacenaje.jpg\" \/>\n\t<meta property=\"og:image:width\" content=\"228\" \/>\n\t<meta property=\"og:image:height\" content=\"225\" \/>\n\t<meta property=\"og:image:type\" content=\"image\/jpeg\" \/>\n<meta name=\"author\" content=\"Edgar Compte Reollo\" \/>\n<meta name=\"twitter:card\" content=\"summary_large_image\" \/>\n<meta name=\"twitter:label1\" content=\"Escrito por\" \/>\n\t<meta name=\"twitter:data1\" content=\"Edgar Compte Reollo\" \/>\n\t<meta name=\"twitter:label2\" content=\"Tiempo de lectura\" \/>\n\t<meta name=\"twitter:data2\" content=\"2 minutos\" \/>\n<script type=\"application\/ld+json\" class=\"yoast-schema-graph\">{\"@context\":\"https:\/\/schema.org\",\"@graph\":[{\"@type\":\"Article\",\"@id\":\"https:\/\/blog.wtransnet.com\/es\/wtransnet-relanza-bolsadealmacenaje-com-como-el-directorio-de-almacenes-y-servicios-logisticos-mas-completo-de-europa\/#article\",\"isPartOf\":{\"@id\":\"https:\/\/blog.wtransnet.com\/es\/wtransnet-relanza-bolsadealmacenaje-com-como-el-directorio-de-almacenes-y-servicios-logisticos-mas-completo-de-europa\/\"},\"author\":{\"name\":\"Edgar Compte Reollo\",\"@id\":\"https:\/\/blog.wtransnet.com\/es\/#\/schema\/person\/72e72ba89ffa96d0d5f7e50a6af29d29\"},\"headline\":\"Wtransnet relanza bolsadealmacenaje.com como el directorio de almacenes y servicios log\u00edsticos m\u00e1s completo de Europa\",\"datePublished\":\"2014-09-02T00:00:00+00:00\",\"dateModified\":\"2016-01-27T10:36:35+00:00\",\"mainEntityOfPage\":{\"@id\":\"https:\/\/blog.wtransnet.com\/es\/wtransnet-relanza-bolsadealmacenaje-com-como-el-directorio-de-almacenes-y-servicios-logisticos-mas-completo-de-europa\/\"},\"wordCount\":331,\"commentCount\":0,\"image\":{\"@id\":\"https:\/\/blog.wtransnet.com\/es\/wtransnet-relanza-bolsadealmacenaje-com-como-el-directorio-de-almacenes-y-servicios-logisticos-mas-completo-de-europa\/#primaryimage\"},\"thumbnailUrl\":\"https:\/\/blog.wtransnet.com\/es\/wp-content\/uploads\/sites\/2\/1414\/09\/relanzamiento-portal-bolsa-de-almacenaje.jpg\",\"keywords\":[\"almacenes\",\"bolsa de almacenaje\",\"directorio\",\"red europea de almacenaje\",\"servicios log\u00edsticos\",\"wtransnet\"],\"articleSection\":[\"Transporte y Actualidad\",\"Wtransnet\"],\"inLanguage\":\"es\",\"potentialAction\":[{\"@type\":\"CommentAction\",\"name\":\"Comment\",\"target\":[\"https:\/\/blog.wtransnet.com\/es\/wtransnet-relanza-bolsadealmacenaje-com-como-el-directorio-de-almacenes-y-servicios-logisticos-mas-completo-de-europa\/#respond\"]}]},{\"@type\":\"WebPage\",\"@id\":\"https:\/\/blog.wtransnet.com\/es\/wtransnet-relanza-bolsadealmacenaje-com-como-el-directorio-de-almacenes-y-servicios-logisticos-mas-completo-de-europa\/\",\"url\":\"https:\/\/blog.wtransnet.com\/es\/wtransnet-relanza-bolsadealmacenaje-com-como-el-directorio-de-almacenes-y-servicios-logisticos-mas-completo-de-europa\/\",\"name\":\"Wtransnet relanza bolsadealmacenaje.com como el directorio de almacenes y servicios log\u00edsticos m\u00e1s completo de Europa - Blog Wtransnet Espa\u00f1a\",\"isPartOf\":{\"@id\":\"https:\/\/blog.wtransnet.com\/es\/#website\"},\"primaryImageOfPage\":{\"@id\":\"https:\/\/blog.wtransnet.com\/es\/wtransnet-relanza-bolsadealmacenaje-com-como-el-directorio-de-almacenes-y-servicios-logisticos-mas-completo-de-europa\/#primaryimage\"},\"image\":{\"@id\":\"https:\/\/blog.wtransnet.com\/es\/wtransnet-relanza-bolsadealmacenaje-com-como-el-directorio-de-almacenes-y-servicios-logisticos-mas-completo-de-europa\/#primaryimage\"},\"thumbnailUrl\":\"https:\/\/blog.wtransnet.com\/es\/wp-content\/uploads\/sites\/2\/1414\/09\/relanzamiento-portal-bolsa-de-almacenaje.jpg\",\"datePublished\":\"2014-09-02T00:00:00+00:00\",\"dateModified\":\"2016-01-27T10:36:35+00:00\",\"author\":{\"@id\":\"https:\/\/blog.wtransnet.com\/es\/#\/schema\/person\/72e72ba89ffa96d0d5f7e50a6af29d29\"},\"breadcrumb\":{\"@id\":\"https:\/\/blog.wtransnet.com\/es\/wtransnet-relanza-bolsadealmacenaje-com-como-el-directorio-de-almacenes-y-servicios-logisticos-mas-completo-de-europa\/#breadcrumb\"},\"inLanguage\":\"es\",\"potentialAction\":[{\"@type\":\"ReadAction\",\"target\":[\"https:\/\/blog.wtransnet.com\/es\/wtransnet-relanza-bolsadealmacenaje-com-como-el-directorio-de-almacenes-y-servicios-logisticos-mas-completo-de-europa\/\"]}]},{\"@type\":\"ImageObject\",\"inLanguage\":\"es\",\"@id\":\"https:\/\/blog.wtransnet.com\/es\/wtransnet-relanza-bolsadealmacenaje-com-como-el-directorio-de-almacenes-y-servicios-logisticos-mas-completo-de-europa\/#primaryimage\",\"url\":\"https:\/\/blog.wtransnet.com\/es\/wp-content\/uploads\/sites\/2\/1414\/09\/relanzamiento-portal-bolsa-de-almacenaje.jpg\",\"contentUrl\":\"https:\/\/blog.wtransnet.com\/es\/wp-content\/uploads\/sites\/2\/1414\/09\/relanzamiento-portal-bolsa-de-almacenaje.jpg\",\"width\":228,\"height\":225},{\"@type\":\"BreadcrumbList\",\"@id\":\"https:\/\/blog.wtransnet.com\/es\/wtransnet-relanza-bolsadealmacenaje-com-como-el-directorio-de-almacenes-y-servicios-logisticos-mas-completo-de-europa\/#breadcrumb\",\"itemListElement\":[{\"@type\":\"ListItem\",\"position\":1,\"name\":\"Portada\",\"item\":\"https:\/\/blog.wtransnet.com\/es\/\"},{\"@type\":\"ListItem\",\"position\":2,\"name\":\"Wtransnet relanza bolsadealmacenaje.com como el directorio de almacenes y servicios log\u00edsticos m\u00e1s completo de Europa\"}]},{\"@type\":\"WebSite\",\"@id\":\"https:\/\/blog.wtransnet.com\/es\/#website\",\"url\":\"https:\/\/blog.wtransnet.com\/es\/\",\"name\":\"Blog Wtransnet Espa\u00f1a\",\"description\":\"Blog Wtransnet: Noticias de transporte, log\u00edstica y bolsa de cargas en Espa\u00f1a y Europa.\",\"potentialAction\":[{\"@type\":\"SearchAction\",\"target\":{\"@type\":\"EntryPoint\",\"urlTemplate\":\"https:\/\/blog.wtransnet.com\/es\/?s={search_term_string}\"},\"query-input\":{\"@type\":\"PropertyValueSpecification\",\"valueRequired\":true,\"valueName\":\"search_term_string\"}}],\"inLanguage\":\"es\"},{\"@type\":\"Person\",\"@id\":\"https:\/\/blog.wtransnet.com\/es\/#\/schema\/person\/72e72ba89ffa96d0d5f7e50a6af29d29\",\"name\":\"Edgar Compte Reollo\",\"image\":{\"@type\":\"ImageObject\",\"inLanguage\":\"es\",\"@id\":\"https:\/\/blog.wtransnet.com\/es\/#\/schema\/person\/image\/\",\"url\":\"https:\/\/secure.gravatar.com\/avatar\/cdef3ab443cd703d80f8618c041e62e3338cd7adb52bb56655047a411be15900?s=96&d=mm&r=g\",\"contentUrl\":\"https:\/\/secure.gravatar.com\/avatar\/cdef3ab443cd703d80f8618c041e62e3338cd7adb52bb56655047a411be15900?s=96&d=mm&r=g\",\"caption\":\"Edgar Compte Reollo\"},\"url\":\"https:\/\/blog.wtransnet.com\/es\/author\/ecompte\/\"}]}<\/script>\n<!-- \/ Yoast SEO plugin. -->","yoast_head_json":{"title":"Wtransnet relanza bolsadealmacenaje.com como el directorio de almacenes y servicios log\u00edsticos m\u00e1s completo de Europa - Blog Wtransnet Espa\u00f1a","robots":{"index":"index","follow":"follow","max-snippet":"max-snippet:-1","max-image-preview":"max-image-preview:large","max-video-preview":"max-video-preview:-1"},"canonical":"https:\/\/blog.wtransnet.com\/es\/wtransnet-relanza-bolsadealmacenaje-com-como-el-directorio-de-almacenes-y-servicios-logisticos-mas-completo-de-europa\/","og_locale":"es_ES","og_type":"article","og_title":"Wtransnet relanza bolsadealmacenaje.com como el directorio de almacenes y servicios log\u00edsticos m\u00e1s completo de Europa - Blog Wtransnet Espa\u00f1a","og_description":"bolsadealmacenaje.com\u00a0naci\u00f3 para dar respuesta a las empresas del sector ante la necesidad de encontrar almacenes, constituy\u00e9ndose en 2008 como la primera Red Europea de Almacenes. Tras una reestructuraci\u00f3n de la actividad, el Grupo Wtransnet presenta una bolsa de almacenaje con web renovada y con un cat\u00e1logo de prestaciones ampliado que contempla, adem\u00e1s del buscador de &hellip;","og_url":"https:\/\/blog.wtransnet.com\/es\/wtransnet-relanza-bolsadealmacenaje-com-como-el-directorio-de-almacenes-y-servicios-logisticos-mas-completo-de-europa\/","og_site_name":"Blog Wtransnet Espa\u00f1a","article_published_time":"2014-09-02T00:00:00+00:00","article_modified_time":"2016-01-27T10:36:35+00:00","og_image":[{"width":228,"height":225,"url":"https:\/\/blog.wtransnet.com\/es\/wp-content\/uploads\/sites\/2\/1414\/09\/relanzamiento-portal-bolsa-de-almacenaje.jpg","type":"image\/jpeg"}],"author":"Edgar Compte Reollo","twitter_card":"summary_large_image","twitter_misc":{"Escrito por":"Edgar Compte Reollo","Tiempo de lectura":"2 minutos"},"schema":{"@context":"https:\/\/schema.org","@graph":[{"@type":"Article","@id":"https:\/\/blog.wtransnet.com\/es\/wtransnet-relanza-bolsadealmacenaje-com-como-el-directorio-de-almacenes-y-servicios-logisticos-mas-completo-de-europa\/#article","isPartOf":{"@id":"https:\/\/blog.wtransnet.com\/es\/wtransnet-relanza-bolsadealmacenaje-com-como-el-directorio-de-almacenes-y-servicios-logisticos-mas-completo-de-europa\/"},"author":{"name":"Edgar Compte Reollo","@id":"https:\/\/blog.wtransnet.com\/es\/#\/schema\/person\/72e72ba89ffa96d0d5f7e50a6af29d29"},"headline":"Wtransnet relanza bolsadealmacenaje.com como el directorio de almacenes y servicios log\u00edsticos m\u00e1s completo de Europa","datePublished":"2014-09-02T00:00:00+00:00","dateModified":"2016-01-27T10:36:35+00:00","mainEntityOfPage":{"@id":"https:\/\/blog.wtransnet.com\/es\/wtransnet-relanza-bolsadealmacenaje-com-como-el-directorio-de-almacenes-y-servicios-logisticos-mas-completo-de-europa\/"},"wordCount":331,"commentCount":0,"image":{"@id":"https:\/\/blog.wtransnet.com\/es\/wtransnet-relanza-bolsadealmacenaje-com-como-el-directorio-de-almacenes-y-servicios-logisticos-mas-completo-de-europa\/#primaryimage"},"thumbnailUrl":"https:\/\/blog.wtransnet.com\/es\/wp-content\/uploads\/sites\/2\/1414\/09\/relanzamiento-portal-bolsa-de-almacenaje.jpg","keywords":["almacenes","bolsa de almacenaje","directorio","red europea de almacenaje","servicios log\u00edsticos","wtransnet"],"articleSection":["Transporte y Actualidad","Wtransnet"],"inLanguage":"es","potentialAction":[{"@type":"CommentAction","name":"Comment","target":["https:\/\/blog.wtransnet.com\/es\/wtransnet-relanza-bolsadealmacenaje-com-como-el-directorio-de-almacenes-y-servicios-logisticos-mas-completo-de-europa\/#respond"]}]},{"@type":"WebPage","@id":"https:\/\/blog.wtransnet.com\/es\/wtransnet-relanza-bolsadealmacenaje-com-como-el-directorio-de-almacenes-y-servicios-logisticos-mas-completo-de-europa\/","url":"https:\/\/blog.wtransnet.com\/es\/wtransnet-relanza-bolsadealmacenaje-com-como-el-directorio-de-almacenes-y-servicios-logisticos-mas-completo-de-europa\/","name":"Wtransnet relanza bolsadealmacenaje.com como el directorio de almacenes y servicios log\u00edsticos m\u00e1s completo de Europa - Blog Wtransnet Espa\u00f1a","isPartOf":{"@id":"https:\/\/blog.wtransnet.com\/es\/#website"},"primaryImageOfPage":{"@id":"https:\/\/blog.wtransnet.com\/es\/wtransnet-relanza-bolsadealmacenaje-com-como-el-directorio-de-almacenes-y-servicios-logisticos-mas-completo-de-europa\/#primaryimage"},"image":{"@id":"https:\/\/blog.wtransnet.com\/es\/wtransnet-relanza-bolsadealmacenaje-com-como-el-directorio-de-almacenes-y-servicios-logisticos-mas-completo-de-europa\/#primaryimage"},"thumbnailUrl":"https:\/\/blog.wtransnet.com\/es\/wp-content\/uploads\/sites\/2\/1414\/09\/relanzamiento-portal-bolsa-de-almacenaje.jpg","datePublished":"2014-09-02T00:00:00+00:00","dateModified":"2016-01-27T10:36:35+00:00","author":{"@id":"https:\/\/blog.wtransnet.com\/es\/#\/schema\/person\/72e72ba89ffa96d0d5f7e50a6af29d29"},"breadcrumb":{"@id":"https:\/\/blog.wtransnet.com\/es\/wtransnet-relanza-bolsadealmacenaje-com-como-el-directorio-de-almacenes-y-servicios-logisticos-mas-completo-de-europa\/#breadcrumb"},"inLanguage":"es","potentialAction":[{"@type":"ReadAction","target":["https:\/\/blog.wtransnet.com\/es\/wtransnet-relanza-bolsadealmacenaje-com-como-el-directorio-de-almacenes-y-servicios-logisticos-mas-completo-de-europa\/"]}]},{"@type":"ImageObject","inLanguage":"es","@id":"https:\/\/blog.wtransnet.com\/es\/wtransnet-relanza-bolsadealmacenaje-com-como-el-directorio-de-almacenes-y-servicios-logisticos-mas-completo-de-europa\/#primaryimage","url":"https:\/\/blog.wtransnet.com\/es\/wp-content\/uploads\/sites\/2\/1414\/09\/relanzamiento-portal-bolsa-de-almacenaje.jpg","contentUrl":"https:\/\/blog.wtransnet.com\/es\/wp-content\/uploads\/sites\/2\/1414\/09\/relanzamiento-portal-bolsa-de-almacenaje.jpg","width":228,"height":225},{"@type":"BreadcrumbList","@id":"https:\/\/blog.wtransnet.com\/es\/wtransnet-relanza-bolsadealmacenaje-com-como-el-directorio-de-almacenes-y-servicios-logisticos-mas-completo-de-europa\/#breadcrumb","itemListElement":[{"@type":"ListItem","position":1,"name":"Portada","item":"https:\/\/blog.wtransnet.com\/es\/"},{"@type":"ListItem","position":2,"name":"Wtransnet relanza bolsadealmacenaje.com como el directorio de almacenes y servicios log\u00edsticos m\u00e1s completo de Europa"}]},{"@type":"WebSite","@id":"https:\/\/blog.wtransnet.com\/es\/#website","url":"https:\/\/blog.wtransnet.com\/es\/","name":"Blog Wtransnet Espa\u00f1a","description":"Blog Wtransnet: Noticias de transporte, log\u00edstica y bolsa de cargas en Espa\u00f1a y Europa.","potentialAction":[{"@type":"SearchAction","target":{"@type":"EntryPoint","urlTemplate":"https:\/\/blog.wtransnet.com\/es\/?s={search_term_string}"},"query-input":{"@type":"PropertyValueSpecification","valueRequired":true,"valueName":"search_term_string"}}],"inLanguage":"es"},{"@type":"Person","@id":"https:\/\/blog.wtransnet.com\/es\/#\/schema\/person\/72e72ba89ffa96d0d5f7e50a6af29d29","name":"Edgar Compte Reollo","image":{"@type":"ImageObject","inLanguage":"es","@id":"https:\/\/blog.wtransnet.com\/es\/#\/schema\/person\/image\/","url":"https:\/\/secure.gravatar.com\/avatar\/cdef3ab443cd703d80f8618c041e62e3338cd7adb52bb56655047a411be15900?s=96&d=mm&r=g","contentUrl":"https:\/\/secure.gravatar.com\/avatar\/cdef3ab443cd703d80f8618c041e62e3338cd7adb52bb56655047a411be15900?s=96&d=mm&r=g","caption":"Edgar Compte Reollo"},"url":"https:\/\/blog.wtransnet.com\/es\/author\/ecompte\/"}]}},"_links":{"self":[{"href":"https:\/\/blog.wtransnet.com\/es\/wp-json\/wp\/v2\/posts\/1134","targetHints":{"allow":["GET"]}}],"collection":[{"href":"https:\/\/blog.wtransnet.com\/es\/wp-json\/wp\/v2\/posts"}],"about":[{"href":"https:\/\/blog.wtransnet.com\/es\/wp-json\/wp\/v2\/types\/post"}],"author":[{"embeddable":true,"href":"https:\/\/blog.wtransnet.com\/es\/wp-json\/wp\/v2\/users\/2"}],"replies":[{"embeddable":true,"href":"https:\/\/blog.wtransnet.com\/es\/wp-json\/wp\/v2\/comments?post=1134"}],"version-history":[{"count":0,"href":"https:\/\/blog.wtransnet.com\/es\/wp-json\/wp\/v2\/posts\/1134\/revisions"}],"wp:featuredmedia":[{"embeddable":true,"href":"https:\/\/blog.wtransnet.com\/es\/wp-json\/wp\/v2\/media\/1417"}],"wp:attachment":[{"href":"https:\/\/blog.wtransnet.com\/es\/wp-json\/wp\/v2\/media?parent=1134"}],"wp:term":[{"taxonomy":"category","embeddable":true,"href":"https:\/\/blog.wtransnet.com\/es\/wp-json\/wp\/v2\/categories?post=1134"},{"taxonomy":"post_tag","embeddable":true,"href":"https:\/\/blog.wtransnet.com\/es\/wp-json\/wp\/v2\/tags?post=1134"}],"curies":[{"name":"wp","href":"https:\/\/api.w.org\/{rel}","templated":true}]}}