{"id":1135,"date":"2014-09-12T00:00:00","date_gmt":"2014-09-12T00:00:00","guid":{"rendered":"https:\/\/blog.wtransnet.com\/es\/operadores-logisticos-y-empresas-de-transporte-se-veran-las-caras-en-wconnecta-quieres-saber-quienes-son\/"},"modified":"2016-01-27T10:35:46","modified_gmt":"2016-01-27T10:35:46","slug":"operadores-logisticos-y-empresas-de-transporte-se-veran-las-caras-en-wconnecta-quieres-saber-quienes-son","status":"publish","type":"post","link":"https:\/\/blog.wtransnet.com\/es\/operadores-logisticos-y-empresas-de-transporte-se-veran-las-caras-en-wconnecta-quieres-saber-quienes-son\/","title":{"rendered":"Operadores log\u00edsticos y empresas de transporte se ver\u00e1n las caras en WConnecta. \u00bfQuieres saber qui\u00e9nes son?"},"content":{"rendered":"<p><a href=\"https:\/\/blog.wtransnet.com\/es\/wp-content\/uploads\/sites\/2\/1414\/09\/wconnecta-en-barcelona.gif\"><img loading=\"lazy\" decoding=\"async\" class=\"alignleft wp-image-2121 size-full\" title=\"Wconnecta Barcelona 2014\" src=\"https:\/\/blog.wtransnet.com\/es\/wp-content\/uploads\/sites\/2\/1414\/09\/wconnecta-en-barcelona.gif\" alt=\"wconnecta barcelona 2014\" width=\"150\" height=\"150\" \/><\/a>Cuando quedan dos meses para la pr\u00f3xima edici\u00f3n de <strong>WConnecta<\/strong>, <a href=\"http:\/\/wconnecta.com\/es\/index.html\">que tendr\u00e1 lugar en Barcelona el 14 de noviembre<\/a>, iniciamos nuestra particular cuenta atr\u00e1s haciendo una radiograf\u00eda del ritmo de inscripci\u00f3n de una de las zonas m\u00e1s relevantes del evento: la <strong>Networking Cargo Area<\/strong>.<\/p>\n<p>&nbsp;<\/p>\n<p>&nbsp;<\/p>\n<p>Se trata de un espacio donde <strong>operadores log\u00edsticos y empresas de transporte<\/strong> ofertantes de cargas mantendr\u00e1n reuniones privadas con profesionales interesados en colaborar con ellos. A d\u00eda de hoy, son 25 las empresas con disponibilidad de<strong> cargas<\/strong> que estar\u00e1n presentes en la <a href=\"http:\/\/wconnecta.com\/es\/cargo-area.html\">Networking Cargo Area<\/a> en busca de nuevos colaboradores.<\/p>\n<p><strong>Empresas ofertantes de cargas por pa\u00eds<\/strong><\/p>\n<p><a href=\"https:\/\/blog.wtransnet.com\/es\/wp-content\/uploads\/sites\/2\/1414\/09\/cargo-area-es.gif\"><img loading=\"lazy\" decoding=\"async\" class=\"alignleft wp-image-2123 size-full\" title=\"Empresas ofertantes de cargas por pa\u00eds\" src=\"https:\/\/blog.wtransnet.com\/es\/wp-content\/uploads\/sites\/2\/1414\/09\/cargo-area-es.gif\" alt=\"Gr\u00e1fico empresas ofertantes\" width=\"730\" height=\"267\" \/><\/a><\/p>\n<p>\u00bfY t\u00fa? \u00bfQuieres reunirte con empresas ofertantes de cargas en WConnecta Barcelona 2014? En este v\u00eddeo te mostramos c\u00f3mo hacerlo.<\/p>\n<p>&nbsp;<\/p>\n<p><iframe loading=\"lazy\" width=\"450\" height=\"253\" src=\"https:\/\/www.youtube.com\/embed\/eBZi-uQ8BiE?feature=oembed\" frameborder=\"0\" allowfullscreen><\/iframe><\/p>\n<p>Recuerda que para solicitar entrevistas, tienes que estar inscrito al evento. Si todav\u00eda no lo has hecho, clicka en <a href=\"http:\/\/wconnecta.com\/es\/inscribete.html\">Inscr\u00edbete<\/a> y rellena el formulario.\u00a0Una vez inscrito, podr\u00e1s acceder a la <strong>Networking Cargo Area<\/strong> y de entre todo el listado de empresas, elegir las que m\u00e1s te interesen para solicitarles cita.\u00a0No esperes al \u00faltimo momento y planifica tus entrevistas con antelaci\u00f3n para no quedarte sin.<\/p>\n<p>Nos vemos en <a href=\"http:\/\/www.wconnecta.com\/\">WConnecta Barcelona 2014<\/a>.<\/p>\n","protected":false},"excerpt":{"rendered":"<p>Cuando quedan dos meses para la pr\u00f3xima edici\u00f3n de WConnecta, que tendr\u00e1 lugar en Barcelona el 14 de noviembre, iniciamos nuestra particular cuenta atr\u00e1s haciendo una radiograf\u00eda del ritmo de inscripci\u00f3n de una de las zonas m\u00e1s relevantes del evento: la Networking Cargo Area. &nbsp; &nbsp; Se trata de un espacio donde operadores log\u00edsticos y &hellip;<\/p>\n","protected":false},"author":2,"featured_media":0,"comment_status":"open","ping_status":"open","sticky":false,"template":"","format":"standard","meta":{"_monsterinsights_skip_tracking":false,"_monsterinsights_sitenote_active":false,"_monsterinsights_sitenote_note":"","_monsterinsights_sitenote_category":0,"footnotes":""},"categories":[44],"tags":[309,213,101,311,130,90,104],"class_list":["post-1135","post","type-post","status-publish","format-standard","","category-actos-y-eventos","tag-barcelona-2014","tag-eventos-transporte","tag-fundacion-wtransnet","tag-networking","tag-transporte","tag-wconnecta","tag-wtransnet"],"yoast_head":"<!-- This site is optimized with the Yoast SEO plugin v26.9 - https:\/\/yoast.com\/product\/yoast-seo-wordpress\/ -->\n<title>Operadores log\u00edsticos y empresas de transporte se ver\u00e1n las caras en WConnecta. \u00bfQuieres saber qui\u00e9nes son? - Blog Wtransnet Espa\u00f1a<\/title>\n<meta name=\"robots\" content=\"index, follow, max-snippet:-1, max-image-preview:large, max-video-preview:-1\" \/>\n<link rel=\"canonical\" href=\"https:\/\/blog.wtransnet.com\/es\/operadores-logisticos-y-empresas-de-transporte-se-veran-las-caras-en-wconnecta-quieres-saber-quienes-son\/\" \/>\n<meta property=\"og:locale\" content=\"es_ES\" \/>\n<meta property=\"og:type\" content=\"article\" \/>\n<meta property=\"og:title\" content=\"Operadores log\u00edsticos y empresas de transporte se ver\u00e1n las caras en WConnecta. \u00bfQuieres saber qui\u00e9nes son? - Blog Wtransnet Espa\u00f1a\" \/>\n<meta property=\"og:description\" content=\"Cuando quedan dos meses para la pr\u00f3xima edici\u00f3n de WConnecta, que tendr\u00e1 lugar en Barcelona el 14 de noviembre, iniciamos nuestra particular cuenta atr\u00e1s haciendo una radiograf\u00eda del ritmo de inscripci\u00f3n de una de las zonas m\u00e1s relevantes del evento: la Networking Cargo Area. &nbsp; &nbsp; Se trata de un espacio donde operadores log\u00edsticos y &hellip;\" \/>\n<meta property=\"og:url\" content=\"https:\/\/blog.wtransnet.com\/es\/operadores-logisticos-y-empresas-de-transporte-se-veran-las-caras-en-wconnecta-quieres-saber-quienes-son\/\" \/>\n<meta property=\"og:site_name\" content=\"Blog Wtransnet Espa\u00f1a\" \/>\n<meta property=\"article:published_time\" content=\"2014-09-12T00:00:00+00:00\" \/>\n<meta property=\"article:modified_time\" content=\"2016-01-27T10:35:46+00:00\" \/>\n<meta property=\"og:image\" content=\"https:\/\/blog.wtransnet.com\/es\/wp-content\/uploads\/sites\/2\/1414\/09\/wconnecta-en-barcelona.gif\" \/>\n<meta name=\"author\" content=\"Edgar Compte Reollo\" \/>\n<meta name=\"twitter:card\" content=\"summary_large_image\" \/>\n<meta name=\"twitter:label1\" content=\"Escrito por\" \/>\n\t<meta name=\"twitter:data1\" content=\"Edgar Compte Reollo\" \/>\n\t<meta name=\"twitter:label2\" content=\"Tiempo de lectura\" \/>\n\t<meta name=\"twitter:data2\" content=\"1 minuto\" \/>\n<script type=\"application\/ld+json\" class=\"yoast-schema-graph\">{\"@context\":\"https:\/\/schema.org\",\"@graph\":[{\"@type\":\"Article\",\"@id\":\"https:\/\/blog.wtransnet.com\/es\/operadores-logisticos-y-empresas-de-transporte-se-veran-las-caras-en-wconnecta-quieres-saber-quienes-son\/#article\",\"isPartOf\":{\"@id\":\"https:\/\/blog.wtransnet.com\/es\/operadores-logisticos-y-empresas-de-transporte-se-veran-las-caras-en-wconnecta-quieres-saber-quienes-son\/\"},\"author\":{\"name\":\"Edgar Compte Reollo\",\"@id\":\"https:\/\/blog.wtransnet.com\/es\/#\/schema\/person\/72e72ba89ffa96d0d5f7e50a6af29d29\"},\"headline\":\"Operadores log\u00edsticos y empresas de transporte se ver\u00e1n las caras en WConnecta. \u00bfQuieres saber qui\u00e9nes son?\",\"datePublished\":\"2014-09-12T00:00:00+00:00\",\"dateModified\":\"2016-01-27T10:35:46+00:00\",\"mainEntityOfPage\":{\"@id\":\"https:\/\/blog.wtransnet.com\/es\/operadores-logisticos-y-empresas-de-transporte-se-veran-las-caras-en-wconnecta-quieres-saber-quienes-son\/\"},\"wordCount\":237,\"commentCount\":0,\"image\":{\"@id\":\"https:\/\/blog.wtransnet.com\/es\/operadores-logisticos-y-empresas-de-transporte-se-veran-las-caras-en-wconnecta-quieres-saber-quienes-son\/#primaryimage\"},\"thumbnailUrl\":\"https:\/\/blog.wtransnet.com\/es\/wp-content\/uploads\/sites\/2\/1414\/09\/wconnecta-en-barcelona.gif\",\"keywords\":[\"barcelona 2014\",\"eventos transporte\",\"fundacion-wtransnet\",\"networking\",\"transporte\",\"wconnecta\",\"wtransnet\"],\"articleSection\":[\"Actos y eventos\"],\"inLanguage\":\"es\",\"potentialAction\":[{\"@type\":\"CommentAction\",\"name\":\"Comment\",\"target\":[\"https:\/\/blog.wtransnet.com\/es\/operadores-logisticos-y-empresas-de-transporte-se-veran-las-caras-en-wconnecta-quieres-saber-quienes-son\/#respond\"]}]},{\"@type\":\"WebPage\",\"@id\":\"https:\/\/blog.wtransnet.com\/es\/operadores-logisticos-y-empresas-de-transporte-se-veran-las-caras-en-wconnecta-quieres-saber-quienes-son\/\",\"url\":\"https:\/\/blog.wtransnet.com\/es\/operadores-logisticos-y-empresas-de-transporte-se-veran-las-caras-en-wconnecta-quieres-saber-quienes-son\/\",\"name\":\"Operadores log\u00edsticos y empresas de transporte se ver\u00e1n las caras en WConnecta. \u00bfQuieres saber qui\u00e9nes son? - Blog Wtransnet Espa\u00f1a\",\"isPartOf\":{\"@id\":\"https:\/\/blog.wtransnet.com\/es\/#website\"},\"primaryImageOfPage\":{\"@id\":\"https:\/\/blog.wtransnet.com\/es\/operadores-logisticos-y-empresas-de-transporte-se-veran-las-caras-en-wconnecta-quieres-saber-quienes-son\/#primaryimage\"},\"image\":{\"@id\":\"https:\/\/blog.wtransnet.com\/es\/operadores-logisticos-y-empresas-de-transporte-se-veran-las-caras-en-wconnecta-quieres-saber-quienes-son\/#primaryimage\"},\"thumbnailUrl\":\"https:\/\/blog.wtransnet.com\/es\/wp-content\/uploads\/sites\/2\/1414\/09\/wconnecta-en-barcelona.gif\",\"datePublished\":\"2014-09-12T00:00:00+00:00\",\"dateModified\":\"2016-01-27T10:35:46+00:00\",\"author\":{\"@id\":\"https:\/\/blog.wtransnet.com\/es\/#\/schema\/person\/72e72ba89ffa96d0d5f7e50a6af29d29\"},\"breadcrumb\":{\"@id\":\"https:\/\/blog.wtransnet.com\/es\/operadores-logisticos-y-empresas-de-transporte-se-veran-las-caras-en-wconnecta-quieres-saber-quienes-son\/#breadcrumb\"},\"inLanguage\":\"es\",\"potentialAction\":[{\"@type\":\"ReadAction\",\"target\":[\"https:\/\/blog.wtransnet.com\/es\/operadores-logisticos-y-empresas-de-transporte-se-veran-las-caras-en-wconnecta-quieres-saber-quienes-son\/\"]}]},{\"@type\":\"ImageObject\",\"inLanguage\":\"es\",\"@id\":\"https:\/\/blog.wtransnet.com\/es\/operadores-logisticos-y-empresas-de-transporte-se-veran-las-caras-en-wconnecta-quieres-saber-quienes-son\/#primaryimage\",\"url\":\"https:\/\/blog.wtransnet.com\/es\/wp-content\/uploads\/sites\/2\/1414\/09\/wconnecta-en-barcelona.gif\",\"contentUrl\":\"https:\/\/blog.wtransnet.com\/es\/wp-content\/uploads\/sites\/2\/1414\/09\/wconnecta-en-barcelona.gif\",\"width\":150,\"height\":150},{\"@type\":\"BreadcrumbList\",\"@id\":\"https:\/\/blog.wtransnet.com\/es\/operadores-logisticos-y-empresas-de-transporte-se-veran-las-caras-en-wconnecta-quieres-saber-quienes-son\/#breadcrumb\",\"itemListElement\":[{\"@type\":\"ListItem\",\"position\":1,\"name\":\"Portada\",\"item\":\"https:\/\/blog.wtransnet.com\/es\/\"},{\"@type\":\"ListItem\",\"position\":2,\"name\":\"Operadores log\u00edsticos y empresas de transporte se ver\u00e1n las caras en WConnecta. \u00bfQuieres saber qui\u00e9nes son?\"}]},{\"@type\":\"WebSite\",\"@id\":\"https:\/\/blog.wtransnet.com\/es\/#website\",\"url\":\"https:\/\/blog.wtransnet.com\/es\/\",\"name\":\"Blog Wtransnet Espa\u00f1a\",\"description\":\"Blog Wtransnet: Noticias de transporte, log\u00edstica y bolsa de cargas en Espa\u00f1a y Europa.\",\"potentialAction\":[{\"@type\":\"SearchAction\",\"target\":{\"@type\":\"EntryPoint\",\"urlTemplate\":\"https:\/\/blog.wtransnet.com\/es\/?s={search_term_string}\"},\"query-input\":{\"@type\":\"PropertyValueSpecification\",\"valueRequired\":true,\"valueName\":\"search_term_string\"}}],\"inLanguage\":\"es\"},{\"@type\":\"Person\",\"@id\":\"https:\/\/blog.wtransnet.com\/es\/#\/schema\/person\/72e72ba89ffa96d0d5f7e50a6af29d29\",\"name\":\"Edgar Compte Reollo\",\"image\":{\"@type\":\"ImageObject\",\"inLanguage\":\"es\",\"@id\":\"https:\/\/blog.wtransnet.com\/es\/#\/schema\/person\/image\/\",\"url\":\"https:\/\/secure.gravatar.com\/avatar\/cdef3ab443cd703d80f8618c041e62e3338cd7adb52bb56655047a411be15900?s=96&d=mm&r=g\",\"contentUrl\":\"https:\/\/secure.gravatar.com\/avatar\/cdef3ab443cd703d80f8618c041e62e3338cd7adb52bb56655047a411be15900?s=96&d=mm&r=g\",\"caption\":\"Edgar Compte Reollo\"},\"url\":\"https:\/\/blog.wtransnet.com\/es\/author\/ecompte\/\"}]}<\/script>\n<!-- \/ Yoast SEO plugin. -->","yoast_head_json":{"title":"Operadores log\u00edsticos y empresas de transporte se ver\u00e1n las caras en WConnecta. \u00bfQuieres saber qui\u00e9nes son? - Blog Wtransnet Espa\u00f1a","robots":{"index":"index","follow":"follow","max-snippet":"max-snippet:-1","max-image-preview":"max-image-preview:large","max-video-preview":"max-video-preview:-1"},"canonical":"https:\/\/blog.wtransnet.com\/es\/operadores-logisticos-y-empresas-de-transporte-se-veran-las-caras-en-wconnecta-quieres-saber-quienes-son\/","og_locale":"es_ES","og_type":"article","og_title":"Operadores log\u00edsticos y empresas de transporte se ver\u00e1n las caras en WConnecta. \u00bfQuieres saber qui\u00e9nes son? - Blog Wtransnet Espa\u00f1a","og_description":"Cuando quedan dos meses para la pr\u00f3xima edici\u00f3n de WConnecta, que tendr\u00e1 lugar en Barcelona el 14 de noviembre, iniciamos nuestra particular cuenta atr\u00e1s haciendo una radiograf\u00eda del ritmo de inscripci\u00f3n de una de las zonas m\u00e1s relevantes del evento: la Networking Cargo Area. &nbsp; &nbsp; Se trata de un espacio donde operadores log\u00edsticos y &hellip;","og_url":"https:\/\/blog.wtransnet.com\/es\/operadores-logisticos-y-empresas-de-transporte-se-veran-las-caras-en-wconnecta-quieres-saber-quienes-son\/","og_site_name":"Blog Wtransnet Espa\u00f1a","article_published_time":"2014-09-12T00:00:00+00:00","article_modified_time":"2016-01-27T10:35:46+00:00","og_image":[{"url":"https:\/\/blog.wtransnet.com\/es\/wp-content\/uploads\/sites\/2\/1414\/09\/wconnecta-en-barcelona.gif","type":"","width":"","height":""}],"author":"Edgar Compte Reollo","twitter_card":"summary_large_image","twitter_misc":{"Escrito por":"Edgar Compte Reollo","Tiempo de lectura":"1 minuto"},"schema":{"@context":"https:\/\/schema.org","@graph":[{"@type":"Article","@id":"https:\/\/blog.wtransnet.com\/es\/operadores-logisticos-y-empresas-de-transporte-se-veran-las-caras-en-wconnecta-quieres-saber-quienes-son\/#article","isPartOf":{"@id":"https:\/\/blog.wtransnet.com\/es\/operadores-logisticos-y-empresas-de-transporte-se-veran-las-caras-en-wconnecta-quieres-saber-quienes-son\/"},"author":{"name":"Edgar Compte Reollo","@id":"https:\/\/blog.wtransnet.com\/es\/#\/schema\/person\/72e72ba89ffa96d0d5f7e50a6af29d29"},"headline":"Operadores log\u00edsticos y empresas de transporte se ver\u00e1n las caras en WConnecta. \u00bfQuieres saber qui\u00e9nes son?","datePublished":"2014-09-12T00:00:00+00:00","dateModified":"2016-01-27T10:35:46+00:00","mainEntityOfPage":{"@id":"https:\/\/blog.wtransnet.com\/es\/operadores-logisticos-y-empresas-de-transporte-se-veran-las-caras-en-wconnecta-quieres-saber-quienes-son\/"},"wordCount":237,"commentCount":0,"image":{"@id":"https:\/\/blog.wtransnet.com\/es\/operadores-logisticos-y-empresas-de-transporte-se-veran-las-caras-en-wconnecta-quieres-saber-quienes-son\/#primaryimage"},"thumbnailUrl":"https:\/\/blog.wtransnet.com\/es\/wp-content\/uploads\/sites\/2\/1414\/09\/wconnecta-en-barcelona.gif","keywords":["barcelona 2014","eventos transporte","fundacion-wtransnet","networking","transporte","wconnecta","wtransnet"],"articleSection":["Actos y eventos"],"inLanguage":"es","potentialAction":[{"@type":"CommentAction","name":"Comment","target":["https:\/\/blog.wtransnet.com\/es\/operadores-logisticos-y-empresas-de-transporte-se-veran-las-caras-en-wconnecta-quieres-saber-quienes-son\/#respond"]}]},{"@type":"WebPage","@id":"https:\/\/blog.wtransnet.com\/es\/operadores-logisticos-y-empresas-de-transporte-se-veran-las-caras-en-wconnecta-quieres-saber-quienes-son\/","url":"https:\/\/blog.wtransnet.com\/es\/operadores-logisticos-y-empresas-de-transporte-se-veran-las-caras-en-wconnecta-quieres-saber-quienes-son\/","name":"Operadores log\u00edsticos y empresas de transporte se ver\u00e1n las caras en WConnecta. \u00bfQuieres saber qui\u00e9nes son? - Blog Wtransnet Espa\u00f1a","isPartOf":{"@id":"https:\/\/blog.wtransnet.com\/es\/#website"},"primaryImageOfPage":{"@id":"https:\/\/blog.wtransnet.com\/es\/operadores-logisticos-y-empresas-de-transporte-se-veran-las-caras-en-wconnecta-quieres-saber-quienes-son\/#primaryimage"},"image":{"@id":"https:\/\/blog.wtransnet.com\/es\/operadores-logisticos-y-empresas-de-transporte-se-veran-las-caras-en-wconnecta-quieres-saber-quienes-son\/#primaryimage"},"thumbnailUrl":"https:\/\/blog.wtransnet.com\/es\/wp-content\/uploads\/sites\/2\/1414\/09\/wconnecta-en-barcelona.gif","datePublished":"2014-09-12T00:00:00+00:00","dateModified":"2016-01-27T10:35:46+00:00","author":{"@id":"https:\/\/blog.wtransnet.com\/es\/#\/schema\/person\/72e72ba89ffa96d0d5f7e50a6af29d29"},"breadcrumb":{"@id":"https:\/\/blog.wtransnet.com\/es\/operadores-logisticos-y-empresas-de-transporte-se-veran-las-caras-en-wconnecta-quieres-saber-quienes-son\/#breadcrumb"},"inLanguage":"es","potentialAction":[{"@type":"ReadAction","target":["https:\/\/blog.wtransnet.com\/es\/operadores-logisticos-y-empresas-de-transporte-se-veran-las-caras-en-wconnecta-quieres-saber-quienes-son\/"]}]},{"@type":"ImageObject","inLanguage":"es","@id":"https:\/\/blog.wtransnet.com\/es\/operadores-logisticos-y-empresas-de-transporte-se-veran-las-caras-en-wconnecta-quieres-saber-quienes-son\/#primaryimage","url":"https:\/\/blog.wtransnet.com\/es\/wp-content\/uploads\/sites\/2\/1414\/09\/wconnecta-en-barcelona.gif","contentUrl":"https:\/\/blog.wtransnet.com\/es\/wp-content\/uploads\/sites\/2\/1414\/09\/wconnecta-en-barcelona.gif","width":150,"height":150},{"@type":"BreadcrumbList","@id":"https:\/\/blog.wtransnet.com\/es\/operadores-logisticos-y-empresas-de-transporte-se-veran-las-caras-en-wconnecta-quieres-saber-quienes-son\/#breadcrumb","itemListElement":[{"@type":"ListItem","position":1,"name":"Portada","item":"https:\/\/blog.wtransnet.com\/es\/"},{"@type":"ListItem","position":2,"name":"Operadores log\u00edsticos y empresas de transporte se ver\u00e1n las caras en WConnecta. \u00bfQuieres saber qui\u00e9nes son?"}]},{"@type":"WebSite","@id":"https:\/\/blog.wtransnet.com\/es\/#website","url":"https:\/\/blog.wtransnet.com\/es\/","name":"Blog Wtransnet Espa\u00f1a","description":"Blog Wtransnet: Noticias de transporte, log\u00edstica y bolsa de cargas en Espa\u00f1a y Europa.","potentialAction":[{"@type":"SearchAction","target":{"@type":"EntryPoint","urlTemplate":"https:\/\/blog.wtransnet.com\/es\/?s={search_term_string}"},"query-input":{"@type":"PropertyValueSpecification","valueRequired":true,"valueName":"search_term_string"}}],"inLanguage":"es"},{"@type":"Person","@id":"https:\/\/blog.wtransnet.com\/es\/#\/schema\/person\/72e72ba89ffa96d0d5f7e50a6af29d29","name":"Edgar Compte Reollo","image":{"@type":"ImageObject","inLanguage":"es","@id":"https:\/\/blog.wtransnet.com\/es\/#\/schema\/person\/image\/","url":"https:\/\/secure.gravatar.com\/avatar\/cdef3ab443cd703d80f8618c041e62e3338cd7adb52bb56655047a411be15900?s=96&d=mm&r=g","contentUrl":"https:\/\/secure.gravatar.com\/avatar\/cdef3ab443cd703d80f8618c041e62e3338cd7adb52bb56655047a411be15900?s=96&d=mm&r=g","caption":"Edgar Compte Reollo"},"url":"https:\/\/blog.wtransnet.com\/es\/author\/ecompte\/"}]}},"_links":{"self":[{"href":"https:\/\/blog.wtransnet.com\/es\/wp-json\/wp\/v2\/posts\/1135","targetHints":{"allow":["GET"]}}],"collection":[{"href":"https:\/\/blog.wtransnet.com\/es\/wp-json\/wp\/v2\/posts"}],"about":[{"href":"https:\/\/blog.wtransnet.com\/es\/wp-json\/wp\/v2\/types\/post"}],"author":[{"embeddable":true,"href":"https:\/\/blog.wtransnet.com\/es\/wp-json\/wp\/v2\/users\/2"}],"replies":[{"embeddable":true,"href":"https:\/\/blog.wtransnet.com\/es\/wp-json\/wp\/v2\/comments?post=1135"}],"version-history":[{"count":0,"href":"https:\/\/blog.wtransnet.com\/es\/wp-json\/wp\/v2\/posts\/1135\/revisions"}],"wp:attachment":[{"href":"https:\/\/blog.wtransnet.com\/es\/wp-json\/wp\/v2\/media?parent=1135"}],"wp:term":[{"taxonomy":"category","embeddable":true,"href":"https:\/\/blog.wtransnet.com\/es\/wp-json\/wp\/v2\/categories?post=1135"},{"taxonomy":"post_tag","embeddable":true,"href":"https:\/\/blog.wtransnet.com\/es\/wp-json\/wp\/v2\/tags?post=1135"}],"curies":[{"name":"wp","href":"https:\/\/api.w.org\/{rel}","templated":true}]}}