{"id":1150,"date":"2015-02-13T00:00:00","date_gmt":"2015-02-13T00:00:00","guid":{"rendered":"https:\/\/blog.wtransnet.com\/es\/la-reduccion-de-los-kilometros-en-vacio-es-una-condicion-para-hacer-mas-competitivo-el-sector-del-transporte-espanol\/"},"modified":"2017-01-04T11:49:24","modified_gmt":"2017-01-04T11:49:24","slug":"la-reduccion-de-los-kilometros-en-vacio-es-una-condicion-para-hacer-mas-competitivo-el-sector-del-transporte-espanol","status":"publish","type":"post","link":"https:\/\/blog.wtransnet.com\/es\/la-reduccion-de-los-kilometros-en-vacio-es-una-condicion-para-hacer-mas-competitivo-el-sector-del-transporte-espanol\/","title":{"rendered":"La reducci\u00f3n de los kil\u00f3metros en vac\u00edo es una condici\u00f3n para hacer m\u00e1s competitivo el sector del transporte espa\u00f1ol"},"content":{"rendered":"<p><a href=\"https:\/\/blog.wtransnet.com\/es\/wp-content\/uploads\/sites\/2\/1515\/02\/reduccion-km-vacio-bolsas-de-carga-logo.gif\"><img loading=\"lazy\" decoding=\"async\" class=\"alignleft wp-image-1333 size-full\" title=\"Competitividad del transporte\" src=\"https:\/\/blog.wtransnet.com\/es\/wp-content\/uploads\/sites\/2\/1515\/02\/reduccion-km-vacio-bolsas-de-carga-logo.gif\" alt=\"reduccion de km en vacio bolsas de carga\" width=\"150\" height=\"150\" \/><\/a>Espa\u00f1a tradicionalmente presenta un desequilibrio entre sus exportaciones y sus importaciones anuales. Seg\u00fan datos del <a href=\"http:\/\/www.etrasa.com\/content\/la-flota-espanola-se-situa-en-el-segundo-lugar-en-el-transporte-internacional\">Observatorio Anual del Transporte Internacional de Mercanc\u00edas por Carretera<\/a> de veh\u00edculos espa\u00f1oles, en 2013 se exportaron 35.549 millones de toneladas por kil\u00f3metro, mientras que las importaciones fueron de 24.078 millones de toneladas por kil\u00f3metro.<br \/>\nEstos datos \u00a0ponen sobre la mesa el eterno dilema del transporte de mercanc\u00edas por carretera: los quil\u00f3metros en vac\u00edo, el tal\u00f3n de Aquiles contra el que muchas empresas intentan combatir para optimizar el rendimiento de sus flotas.<\/p>\n<p>Tradicionalmente, las vueltas en vac\u00edo han sido una caracter\u00edstica del transporte nacional e internacional, hasta el punto que el 35% de empresas reconoce rechazar cargas seg\u00fan el destino ante la dificultad de encontrar un retorno**.<\/p>\n<p><a href=\"https:\/\/blog.wtransnet.com\/es\/wp-content\/uploads\/sites\/2\/1515\/02\/reduccion-km-en-vacio.jpg\"><img loading=\"lazy\" decoding=\"async\" class=\"alignleft wp-image-1334 size-full\" title=\"La mayoria de camiones espa\u00f1oles vuelve sin carga\" src=\"https:\/\/blog.wtransnet.com\/es\/wp-content\/uploads\/sites\/2\/1515\/02\/reduccion-km-en-vacio.jpg\" alt=\"reduccion km en vacio\" width=\"433\" height=\"274\" \/><\/a><\/p>\n<p>&nbsp;<\/p>\n<p>&nbsp;<\/p>\n<p>&nbsp;<\/p>\n<p>&nbsp;<\/p>\n<p>&nbsp;<\/p>\n<p>&nbsp;<\/p>\n<p>&nbsp;<\/p>\n<p><em>El 25% de camiones espa\u00f1oles que circulan por Europa vuelve a casa sin carga<\/em><\/p>\n<p>Seg\u00fan la<strong> Gu\u00eda para la Gesti\u00f3n del Combustible en las Flotas de Transporte por Carretera<\/strong> del IDAE (Instituto para la Diversificaci\u00f3n y el Ahorro de Energ\u00eda), la optimizaci\u00f3n de rutas es un factor clave para el ahorro de combustible, la reducci\u00f3n de emisiones y para un funcionamiento eficiente de la empresa de transporte. \u00a0De ah\u00ed que recomienden recurrir a las <a href=\"https:\/\/blog.wtransnet.com\/es\/wtransnet-blog\/bolsas-de-cargas-eficiencia-transporte-por-carretera\">bolsas de cargas<\/a> como sistemas de informaci\u00f3n interconectados entre empresas de transporte para gestionar las cargas de los veh\u00edculos en tr\u00e1nsito.<br \/>\nCon la entrada de Internet en Espa\u00f1a, en 1997, nacieron las primeras<strong>\u00a0bolsas de cargas y camiones<\/strong>.\u00a0Estos servicios online se han convertido, en las dos \u00faltimas d\u00e9cadas, en herramientas indispensables para<strong>\u00a0empresas y transportistas aut\u00f3nomos<\/strong>, ya que han permitido que el proceso de contratar cargas y camiones sea mucho m\u00e1s eficiente.<\/p>\n<p><a href=\"https:\/\/blog.wtransnet.com\/es\/wp-content\/uploads\/sites\/2\/1515\/02\/reduccion-km-en-vacio-wtransnet.jpg\"><img loading=\"lazy\" decoding=\"async\" class=\"alignleft wp-image-1335 size-full\" title=\"Quality assurance policy\" src=\"https:\/\/blog.wtransnet.com\/es\/wp-content\/uploads\/sites\/2\/1515\/02\/reduccion-km-en-vacio-wtransnet.jpg\" alt=\"QAP\" width=\"433\" height=\"274\" \/><\/a><\/p>\n<p>&nbsp;<\/p>\n<p>&nbsp;<\/p>\n<p>&nbsp;<\/p>\n<p>&nbsp;<\/p>\n<p>&nbsp;<\/p>\n<p>&nbsp;<\/p>\n<p>&nbsp;<\/p>\n<p>No es casualidad que desde 1999 la tendencia predominante que observamos es la reducci\u00f3n interanual de kil\u00f3metros recorridos en vac\u00edo, un comportamiento que ha sido especialmente\u00a0 remarcable desde el 2010 con la generalizaci\u00f3n del uso de herramientas telem\u00e1ticas para la gesti\u00f3n eficiente de la contrataci\u00f3n del transporte.<br \/>\nDe hecho, si tomamos como referencia los <a href=\"https:\/\/blog.wtransnet.com\/es\/wtransnet-blog\/jaume-esteve-ceo-de-wtransnet-repasa-el-2014-para-la-bolsa-de-cargas\">\u00faltimos datos aportados por Wtransnet<\/a> sobre el flujo de cargas ofertadas en la bolsa, respecto al ejercicio anterior, en el 2014 las cargas que m\u00e1s incrementaron fueron las de importaci\u00f3n de Europa hacia Espa\u00f1a, siendo los datos del \u00faltimo semestre especialmente significativos, con un aumento del 44%.<\/p>\n<p><a href=\"http:\/\/www.fomento.gob.es\/NR\/rdonlyres\/20BA2A7A-6A46-48BD-A908-116B7BDF27EF\/8700\/comercializacion.pdf\">**\u00a0 La Comercializaci\u00f3n del Transporte de Mercanc\u00edas por Carretera<\/a><\/p>\n<p>\u00bfSe puede decir entonces que las bolsas de cargas como Wtransnet han contribuido a que el transporte espa\u00f1ol sea m\u00e1s competitivo en Europa?<\/p>\n<p>&nbsp;<\/p>\n","protected":false},"excerpt":{"rendered":"<p>Espa\u00f1a tradicionalmente presenta un desequilibrio entre sus exportaciones y sus importaciones anuales. Seg\u00fan datos del Observatorio Anual del Transporte Internacional de Mercanc\u00edas por Carretera de veh\u00edculos espa\u00f1oles, en 2013 se exportaron 35.549 millones de toneladas por kil\u00f3metro, mientras que las importaciones fueron de 24.078 millones de toneladas por kil\u00f3metro. Estos datos \u00a0ponen sobre la mesa &hellip;<\/p>\n","protected":false},"author":2,"featured_media":1338,"comment_status":"open","ping_status":"open","sticky":false,"template":"","format":"standard","meta":{"_monsterinsights_skip_tracking":false,"_monsterinsights_sitenote_active":false,"_monsterinsights_sitenote_note":"","_monsterinsights_sitenote_category":0,"footnotes":""},"categories":[43],"tags":[307,420,421,328,104],"class_list":["post-1150","post","type-post","status-publish","format-standard","has-post-thumbnail","","category-transporte","tag-bolsas-de-cargas","tag-kilometros-en-vacio","tag-sector-transporte","tag-transporte-de-mercancias-por-carretera","tag-wtransnet"],"yoast_head":"<!-- This site is optimized with the Yoast SEO plugin v26.9 - https:\/\/yoast.com\/product\/yoast-seo-wordpress\/ -->\n<title>La reducci\u00f3n de los kil\u00f3metros en vac\u00edo es una condici\u00f3n para hacer m\u00e1s competitivo el sector del transporte espa\u00f1ol - Blog Wtransnet Espa\u00f1a<\/title>\n<meta name=\"robots\" content=\"index, follow, max-snippet:-1, max-image-preview:large, max-video-preview:-1\" \/>\n<link rel=\"canonical\" href=\"https:\/\/blog.wtransnet.com\/es\/la-reduccion-de-los-kilometros-en-vacio-es-una-condicion-para-hacer-mas-competitivo-el-sector-del-transporte-espanol\/\" \/>\n<meta property=\"og:locale\" content=\"es_ES\" \/>\n<meta property=\"og:type\" content=\"article\" \/>\n<meta property=\"og:title\" content=\"La reducci\u00f3n de los kil\u00f3metros en vac\u00edo es una condici\u00f3n para hacer m\u00e1s competitivo el sector del transporte espa\u00f1ol - Blog Wtransnet Espa\u00f1a\" \/>\n<meta property=\"og:description\" content=\"Espa\u00f1a tradicionalmente presenta un desequilibrio entre sus exportaciones y sus importaciones anuales. Seg\u00fan datos del Observatorio Anual del Transporte Internacional de Mercanc\u00edas por Carretera de veh\u00edculos espa\u00f1oles, en 2013 se exportaron 35.549 millones de toneladas por kil\u00f3metro, mientras que las importaciones fueron de 24.078 millones de toneladas por kil\u00f3metro. Estos datos \u00a0ponen sobre la mesa &hellip;\" \/>\n<meta property=\"og:url\" content=\"https:\/\/blog.wtransnet.com\/es\/la-reduccion-de-los-kilometros-en-vacio-es-una-condicion-para-hacer-mas-competitivo-el-sector-del-transporte-espanol\/\" \/>\n<meta property=\"og:site_name\" content=\"Blog Wtransnet Espa\u00f1a\" \/>\n<meta property=\"article:published_time\" content=\"2015-02-13T00:00:00+00:00\" \/>\n<meta property=\"article:modified_time\" content=\"2017-01-04T11:49:24+00:00\" \/>\n<meta property=\"og:image\" content=\"https:\/\/blog.wtransnet.com\/es\/wp-content\/uploads\/sites\/2\/1515\/02\/reduccion-km-en-vacio-bolsas-de-carga.jpg\" \/>\n\t<meta property=\"og:image:width\" content=\"228\" \/>\n\t<meta property=\"og:image:height\" content=\"225\" \/>\n\t<meta property=\"og:image:type\" content=\"image\/jpeg\" \/>\n<meta name=\"author\" content=\"Edgar Compte Reollo\" \/>\n<meta name=\"twitter:card\" content=\"summary_large_image\" \/>\n<meta name=\"twitter:label1\" content=\"Escrito por\" \/>\n\t<meta name=\"twitter:data1\" content=\"Edgar Compte Reollo\" \/>\n\t<meta name=\"twitter:label2\" content=\"Tiempo de lectura\" \/>\n\t<meta name=\"twitter:data2\" content=\"2 minutos\" \/>\n<script type=\"application\/ld+json\" class=\"yoast-schema-graph\">{\"@context\":\"https:\/\/schema.org\",\"@graph\":[{\"@type\":\"Article\",\"@id\":\"https:\/\/blog.wtransnet.com\/es\/la-reduccion-de-los-kilometros-en-vacio-es-una-condicion-para-hacer-mas-competitivo-el-sector-del-transporte-espanol\/#article\",\"isPartOf\":{\"@id\":\"https:\/\/blog.wtransnet.com\/es\/la-reduccion-de-los-kilometros-en-vacio-es-una-condicion-para-hacer-mas-competitivo-el-sector-del-transporte-espanol\/\"},\"author\":{\"name\":\"Edgar Compte Reollo\",\"@id\":\"https:\/\/blog.wtransnet.com\/es\/#\/schema\/person\/72e72ba89ffa96d0d5f7e50a6af29d29\"},\"headline\":\"La reducci\u00f3n de los kil\u00f3metros en vac\u00edo es una condici\u00f3n para hacer m\u00e1s competitivo el sector del transporte espa\u00f1ol\",\"datePublished\":\"2015-02-13T00:00:00+00:00\",\"dateModified\":\"2017-01-04T11:49:24+00:00\",\"mainEntityOfPage\":{\"@id\":\"https:\/\/blog.wtransnet.com\/es\/la-reduccion-de-los-kilometros-en-vacio-es-una-condicion-para-hacer-mas-competitivo-el-sector-del-transporte-espanol\/\"},\"wordCount\":473,\"commentCount\":0,\"image\":{\"@id\":\"https:\/\/blog.wtransnet.com\/es\/la-reduccion-de-los-kilometros-en-vacio-es-una-condicion-para-hacer-mas-competitivo-el-sector-del-transporte-espanol\/#primaryimage\"},\"thumbnailUrl\":\"https:\/\/blog.wtransnet.com\/es\/wp-content\/uploads\/sites\/2\/1515\/02\/reduccion-km-en-vacio-bolsas-de-carga.jpg\",\"keywords\":[\"bolsas de cargas\",\"kil\u00f3metros en vac\u00edo\",\"sector transporte\",\"transporte de mercanc\u00edas por carretera\",\"wtransnet\"],\"articleSection\":[\"Transporte\"],\"inLanguage\":\"es\",\"potentialAction\":[{\"@type\":\"CommentAction\",\"name\":\"Comment\",\"target\":[\"https:\/\/blog.wtransnet.com\/es\/la-reduccion-de-los-kilometros-en-vacio-es-una-condicion-para-hacer-mas-competitivo-el-sector-del-transporte-espanol\/#respond\"]}]},{\"@type\":\"WebPage\",\"@id\":\"https:\/\/blog.wtransnet.com\/es\/la-reduccion-de-los-kilometros-en-vacio-es-una-condicion-para-hacer-mas-competitivo-el-sector-del-transporte-espanol\/\",\"url\":\"https:\/\/blog.wtransnet.com\/es\/la-reduccion-de-los-kilometros-en-vacio-es-una-condicion-para-hacer-mas-competitivo-el-sector-del-transporte-espanol\/\",\"name\":\"La reducci\u00f3n de los kil\u00f3metros en vac\u00edo es una condici\u00f3n para hacer m\u00e1s competitivo el sector del transporte espa\u00f1ol - Blog Wtransnet Espa\u00f1a\",\"isPartOf\":{\"@id\":\"https:\/\/blog.wtransnet.com\/es\/#website\"},\"primaryImageOfPage\":{\"@id\":\"https:\/\/blog.wtransnet.com\/es\/la-reduccion-de-los-kilometros-en-vacio-es-una-condicion-para-hacer-mas-competitivo-el-sector-del-transporte-espanol\/#primaryimage\"},\"image\":{\"@id\":\"https:\/\/blog.wtransnet.com\/es\/la-reduccion-de-los-kilometros-en-vacio-es-una-condicion-para-hacer-mas-competitivo-el-sector-del-transporte-espanol\/#primaryimage\"},\"thumbnailUrl\":\"https:\/\/blog.wtransnet.com\/es\/wp-content\/uploads\/sites\/2\/1515\/02\/reduccion-km-en-vacio-bolsas-de-carga.jpg\",\"datePublished\":\"2015-02-13T00:00:00+00:00\",\"dateModified\":\"2017-01-04T11:49:24+00:00\",\"author\":{\"@id\":\"https:\/\/blog.wtransnet.com\/es\/#\/schema\/person\/72e72ba89ffa96d0d5f7e50a6af29d29\"},\"breadcrumb\":{\"@id\":\"https:\/\/blog.wtransnet.com\/es\/la-reduccion-de-los-kilometros-en-vacio-es-una-condicion-para-hacer-mas-competitivo-el-sector-del-transporte-espanol\/#breadcrumb\"},\"inLanguage\":\"es\",\"potentialAction\":[{\"@type\":\"ReadAction\",\"target\":[\"https:\/\/blog.wtransnet.com\/es\/la-reduccion-de-los-kilometros-en-vacio-es-una-condicion-para-hacer-mas-competitivo-el-sector-del-transporte-espanol\/\"]}]},{\"@type\":\"ImageObject\",\"inLanguage\":\"es\",\"@id\":\"https:\/\/blog.wtransnet.com\/es\/la-reduccion-de-los-kilometros-en-vacio-es-una-condicion-para-hacer-mas-competitivo-el-sector-del-transporte-espanol\/#primaryimage\",\"url\":\"https:\/\/blog.wtransnet.com\/es\/wp-content\/uploads\/sites\/2\/1515\/02\/reduccion-km-en-vacio-bolsas-de-carga.jpg\",\"contentUrl\":\"https:\/\/blog.wtransnet.com\/es\/wp-content\/uploads\/sites\/2\/1515\/02\/reduccion-km-en-vacio-bolsas-de-carga.jpg\",\"width\":228,\"height\":225},{\"@type\":\"BreadcrumbList\",\"@id\":\"https:\/\/blog.wtransnet.com\/es\/la-reduccion-de-los-kilometros-en-vacio-es-una-condicion-para-hacer-mas-competitivo-el-sector-del-transporte-espanol\/#breadcrumb\",\"itemListElement\":[{\"@type\":\"ListItem\",\"position\":1,\"name\":\"Portada\",\"item\":\"https:\/\/blog.wtransnet.com\/es\/\"},{\"@type\":\"ListItem\",\"position\":2,\"name\":\"La reducci\u00f3n de los kil\u00f3metros en vac\u00edo es una condici\u00f3n para hacer m\u00e1s competitivo el sector del transporte espa\u00f1ol\"}]},{\"@type\":\"WebSite\",\"@id\":\"https:\/\/blog.wtransnet.com\/es\/#website\",\"url\":\"https:\/\/blog.wtransnet.com\/es\/\",\"name\":\"Blog Wtransnet Espa\u00f1a\",\"description\":\"Blog Wtransnet: Noticias de transporte, log\u00edstica y bolsa de cargas en Espa\u00f1a y Europa.\",\"potentialAction\":[{\"@type\":\"SearchAction\",\"target\":{\"@type\":\"EntryPoint\",\"urlTemplate\":\"https:\/\/blog.wtransnet.com\/es\/?s={search_term_string}\"},\"query-input\":{\"@type\":\"PropertyValueSpecification\",\"valueRequired\":true,\"valueName\":\"search_term_string\"}}],\"inLanguage\":\"es\"},{\"@type\":\"Person\",\"@id\":\"https:\/\/blog.wtransnet.com\/es\/#\/schema\/person\/72e72ba89ffa96d0d5f7e50a6af29d29\",\"name\":\"Edgar Compte Reollo\",\"image\":{\"@type\":\"ImageObject\",\"inLanguage\":\"es\",\"@id\":\"https:\/\/blog.wtransnet.com\/es\/#\/schema\/person\/image\/\",\"url\":\"https:\/\/secure.gravatar.com\/avatar\/cdef3ab443cd703d80f8618c041e62e3338cd7adb52bb56655047a411be15900?s=96&d=mm&r=g\",\"contentUrl\":\"https:\/\/secure.gravatar.com\/avatar\/cdef3ab443cd703d80f8618c041e62e3338cd7adb52bb56655047a411be15900?s=96&d=mm&r=g\",\"caption\":\"Edgar Compte Reollo\"},\"url\":\"https:\/\/blog.wtransnet.com\/es\/author\/ecompte\/\"}]}<\/script>\n<!-- \/ Yoast SEO plugin. -->","yoast_head_json":{"title":"La reducci\u00f3n de los kil\u00f3metros en vac\u00edo es una condici\u00f3n para hacer m\u00e1s competitivo el sector del transporte espa\u00f1ol - Blog Wtransnet Espa\u00f1a","robots":{"index":"index","follow":"follow","max-snippet":"max-snippet:-1","max-image-preview":"max-image-preview:large","max-video-preview":"max-video-preview:-1"},"canonical":"https:\/\/blog.wtransnet.com\/es\/la-reduccion-de-los-kilometros-en-vacio-es-una-condicion-para-hacer-mas-competitivo-el-sector-del-transporte-espanol\/","og_locale":"es_ES","og_type":"article","og_title":"La reducci\u00f3n de los kil\u00f3metros en vac\u00edo es una condici\u00f3n para hacer m\u00e1s competitivo el sector del transporte espa\u00f1ol - Blog Wtransnet Espa\u00f1a","og_description":"Espa\u00f1a tradicionalmente presenta un desequilibrio entre sus exportaciones y sus importaciones anuales. Seg\u00fan datos del Observatorio Anual del Transporte Internacional de Mercanc\u00edas por Carretera de veh\u00edculos espa\u00f1oles, en 2013 se exportaron 35.549 millones de toneladas por kil\u00f3metro, mientras que las importaciones fueron de 24.078 millones de toneladas por kil\u00f3metro. Estos datos \u00a0ponen sobre la mesa &hellip;","og_url":"https:\/\/blog.wtransnet.com\/es\/la-reduccion-de-los-kilometros-en-vacio-es-una-condicion-para-hacer-mas-competitivo-el-sector-del-transporte-espanol\/","og_site_name":"Blog Wtransnet Espa\u00f1a","article_published_time":"2015-02-13T00:00:00+00:00","article_modified_time":"2017-01-04T11:49:24+00:00","og_image":[{"width":228,"height":225,"url":"https:\/\/blog.wtransnet.com\/es\/wp-content\/uploads\/sites\/2\/1515\/02\/reduccion-km-en-vacio-bolsas-de-carga.jpg","type":"image\/jpeg"}],"author":"Edgar Compte Reollo","twitter_card":"summary_large_image","twitter_misc":{"Escrito por":"Edgar Compte Reollo","Tiempo de lectura":"2 minutos"},"schema":{"@context":"https:\/\/schema.org","@graph":[{"@type":"Article","@id":"https:\/\/blog.wtransnet.com\/es\/la-reduccion-de-los-kilometros-en-vacio-es-una-condicion-para-hacer-mas-competitivo-el-sector-del-transporte-espanol\/#article","isPartOf":{"@id":"https:\/\/blog.wtransnet.com\/es\/la-reduccion-de-los-kilometros-en-vacio-es-una-condicion-para-hacer-mas-competitivo-el-sector-del-transporte-espanol\/"},"author":{"name":"Edgar Compte Reollo","@id":"https:\/\/blog.wtransnet.com\/es\/#\/schema\/person\/72e72ba89ffa96d0d5f7e50a6af29d29"},"headline":"La reducci\u00f3n de los kil\u00f3metros en vac\u00edo es una condici\u00f3n para hacer m\u00e1s competitivo el sector del transporte espa\u00f1ol","datePublished":"2015-02-13T00:00:00+00:00","dateModified":"2017-01-04T11:49:24+00:00","mainEntityOfPage":{"@id":"https:\/\/blog.wtransnet.com\/es\/la-reduccion-de-los-kilometros-en-vacio-es-una-condicion-para-hacer-mas-competitivo-el-sector-del-transporte-espanol\/"},"wordCount":473,"commentCount":0,"image":{"@id":"https:\/\/blog.wtransnet.com\/es\/la-reduccion-de-los-kilometros-en-vacio-es-una-condicion-para-hacer-mas-competitivo-el-sector-del-transporte-espanol\/#primaryimage"},"thumbnailUrl":"https:\/\/blog.wtransnet.com\/es\/wp-content\/uploads\/sites\/2\/1515\/02\/reduccion-km-en-vacio-bolsas-de-carga.jpg","keywords":["bolsas de cargas","kil\u00f3metros en vac\u00edo","sector transporte","transporte de mercanc\u00edas por carretera","wtransnet"],"articleSection":["Transporte"],"inLanguage":"es","potentialAction":[{"@type":"CommentAction","name":"Comment","target":["https:\/\/blog.wtransnet.com\/es\/la-reduccion-de-los-kilometros-en-vacio-es-una-condicion-para-hacer-mas-competitivo-el-sector-del-transporte-espanol\/#respond"]}]},{"@type":"WebPage","@id":"https:\/\/blog.wtransnet.com\/es\/la-reduccion-de-los-kilometros-en-vacio-es-una-condicion-para-hacer-mas-competitivo-el-sector-del-transporte-espanol\/","url":"https:\/\/blog.wtransnet.com\/es\/la-reduccion-de-los-kilometros-en-vacio-es-una-condicion-para-hacer-mas-competitivo-el-sector-del-transporte-espanol\/","name":"La reducci\u00f3n de los kil\u00f3metros en vac\u00edo es una condici\u00f3n para hacer m\u00e1s competitivo el sector del transporte espa\u00f1ol - Blog Wtransnet Espa\u00f1a","isPartOf":{"@id":"https:\/\/blog.wtransnet.com\/es\/#website"},"primaryImageOfPage":{"@id":"https:\/\/blog.wtransnet.com\/es\/la-reduccion-de-los-kilometros-en-vacio-es-una-condicion-para-hacer-mas-competitivo-el-sector-del-transporte-espanol\/#primaryimage"},"image":{"@id":"https:\/\/blog.wtransnet.com\/es\/la-reduccion-de-los-kilometros-en-vacio-es-una-condicion-para-hacer-mas-competitivo-el-sector-del-transporte-espanol\/#primaryimage"},"thumbnailUrl":"https:\/\/blog.wtransnet.com\/es\/wp-content\/uploads\/sites\/2\/1515\/02\/reduccion-km-en-vacio-bolsas-de-carga.jpg","datePublished":"2015-02-13T00:00:00+00:00","dateModified":"2017-01-04T11:49:24+00:00","author":{"@id":"https:\/\/blog.wtransnet.com\/es\/#\/schema\/person\/72e72ba89ffa96d0d5f7e50a6af29d29"},"breadcrumb":{"@id":"https:\/\/blog.wtransnet.com\/es\/la-reduccion-de-los-kilometros-en-vacio-es-una-condicion-para-hacer-mas-competitivo-el-sector-del-transporte-espanol\/#breadcrumb"},"inLanguage":"es","potentialAction":[{"@type":"ReadAction","target":["https:\/\/blog.wtransnet.com\/es\/la-reduccion-de-los-kilometros-en-vacio-es-una-condicion-para-hacer-mas-competitivo-el-sector-del-transporte-espanol\/"]}]},{"@type":"ImageObject","inLanguage":"es","@id":"https:\/\/blog.wtransnet.com\/es\/la-reduccion-de-los-kilometros-en-vacio-es-una-condicion-para-hacer-mas-competitivo-el-sector-del-transporte-espanol\/#primaryimage","url":"https:\/\/blog.wtransnet.com\/es\/wp-content\/uploads\/sites\/2\/1515\/02\/reduccion-km-en-vacio-bolsas-de-carga.jpg","contentUrl":"https:\/\/blog.wtransnet.com\/es\/wp-content\/uploads\/sites\/2\/1515\/02\/reduccion-km-en-vacio-bolsas-de-carga.jpg","width":228,"height":225},{"@type":"BreadcrumbList","@id":"https:\/\/blog.wtransnet.com\/es\/la-reduccion-de-los-kilometros-en-vacio-es-una-condicion-para-hacer-mas-competitivo-el-sector-del-transporte-espanol\/#breadcrumb","itemListElement":[{"@type":"ListItem","position":1,"name":"Portada","item":"https:\/\/blog.wtransnet.com\/es\/"},{"@type":"ListItem","position":2,"name":"La reducci\u00f3n de los kil\u00f3metros en vac\u00edo es una condici\u00f3n para hacer m\u00e1s competitivo el sector del transporte espa\u00f1ol"}]},{"@type":"WebSite","@id":"https:\/\/blog.wtransnet.com\/es\/#website","url":"https:\/\/blog.wtransnet.com\/es\/","name":"Blog Wtransnet Espa\u00f1a","description":"Blog Wtransnet: Noticias de transporte, log\u00edstica y bolsa de cargas en Espa\u00f1a y Europa.","potentialAction":[{"@type":"SearchAction","target":{"@type":"EntryPoint","urlTemplate":"https:\/\/blog.wtransnet.com\/es\/?s={search_term_string}"},"query-input":{"@type":"PropertyValueSpecification","valueRequired":true,"valueName":"search_term_string"}}],"inLanguage":"es"},{"@type":"Person","@id":"https:\/\/blog.wtransnet.com\/es\/#\/schema\/person\/72e72ba89ffa96d0d5f7e50a6af29d29","name":"Edgar Compte Reollo","image":{"@type":"ImageObject","inLanguage":"es","@id":"https:\/\/blog.wtransnet.com\/es\/#\/schema\/person\/image\/","url":"https:\/\/secure.gravatar.com\/avatar\/cdef3ab443cd703d80f8618c041e62e3338cd7adb52bb56655047a411be15900?s=96&d=mm&r=g","contentUrl":"https:\/\/secure.gravatar.com\/avatar\/cdef3ab443cd703d80f8618c041e62e3338cd7adb52bb56655047a411be15900?s=96&d=mm&r=g","caption":"Edgar Compte Reollo"},"url":"https:\/\/blog.wtransnet.com\/es\/author\/ecompte\/"}]}},"_links":{"self":[{"href":"https:\/\/blog.wtransnet.com\/es\/wp-json\/wp\/v2\/posts\/1150","targetHints":{"allow":["GET"]}}],"collection":[{"href":"https:\/\/blog.wtransnet.com\/es\/wp-json\/wp\/v2\/posts"}],"about":[{"href":"https:\/\/blog.wtransnet.com\/es\/wp-json\/wp\/v2\/types\/post"}],"author":[{"embeddable":true,"href":"https:\/\/blog.wtransnet.com\/es\/wp-json\/wp\/v2\/users\/2"}],"replies":[{"embeddable":true,"href":"https:\/\/blog.wtransnet.com\/es\/wp-json\/wp\/v2\/comments?post=1150"}],"version-history":[{"count":1,"href":"https:\/\/blog.wtransnet.com\/es\/wp-json\/wp\/v2\/posts\/1150\/revisions"}],"predecessor-version":[{"id":6435,"href":"https:\/\/blog.wtransnet.com\/es\/wp-json\/wp\/v2\/posts\/1150\/revisions\/6435"}],"wp:featuredmedia":[{"embeddable":true,"href":"https:\/\/blog.wtransnet.com\/es\/wp-json\/wp\/v2\/media\/1338"}],"wp:attachment":[{"href":"https:\/\/blog.wtransnet.com\/es\/wp-json\/wp\/v2\/media?parent=1150"}],"wp:term":[{"taxonomy":"category","embeddable":true,"href":"https:\/\/blog.wtransnet.com\/es\/wp-json\/wp\/v2\/categories?post=1150"},{"taxonomy":"post_tag","embeddable":true,"href":"https:\/\/blog.wtransnet.com\/es\/wp-json\/wp\/v2\/tags?post=1150"}],"curies":[{"name":"wp","href":"https:\/\/api.w.org\/{rel}","templated":true}]}}