{"id":2768,"date":"2015-11-16T15:52:43","date_gmt":"2015-11-16T15:52:43","guid":{"rendered":"https:\/\/blog.wtransnet.com\/es\/?p=2768"},"modified":"2016-01-27T09:25:38","modified_gmt":"2016-01-27T09:25:38","slug":"wconnecta-las-claves-del-exito","status":"publish","type":"post","link":"https:\/\/blog.wtransnet.com\/es\/wconnecta-las-claves-del-exito\/","title":{"rendered":"WConnecta, un modelo de evento pensado en exclusiva para las empresas de transporte"},"content":{"rendered":"<div class=\"content\">\n<p class=\"rteleft\">Han pasado varias semanas desde que tuviera lugar <strong>WConnecta\u00a0 Madrid 2015<\/strong>, la VI edici\u00f3n de un encuentro que desde sus inicios se ha concebido por y para los profesionales del transporte de mercanc\u00edas por carretera. Precisamente es en este enfoque donde radica el \u00e9xito del encuentro, donde toda la actividad gira en torno a la <strong>filosof\u00eda colaborativa entre empresas<\/strong> y cuyo objetivo es encontrar colaboradores de confianza en un sector donde la <strong>seguridad<\/strong> \u00a0y la profesionalidad son un valor al alza.<\/p>\n<p class=\"rteleft\">\u00a0En la pasada edici\u00f3n se ha conseguido extender la convocatoria a cerca de <strong>700 participantes<\/strong>, convirti\u00e9ndose en la m\u00e1s multitudinaria de su historia con un incremento del 40% de participaci\u00f3n respecto a la edici\u00f3n anterior.<\/p>\n<p class=\"rteleft\"><strong>Pero \u00bfcu\u00e1les son las claves que hacen de WConnecta un evento de referencia en Europa dentro los encuentros sectoriales de transporte?<\/strong><\/p>\n<p class=\"rteleft\">La respuesta no es otra que el formato y c\u00f3mo \u00e9ste est\u00e1 dirigido a la consecuci\u00f3n de objetivos por parte de sus participantes.\u00a0 Mediante el sistema de <strong><em>speed networking<\/em><\/strong>, o entrevistas r\u00e1pidas, organizados seg\u00fan los intereses y especialidades de cada empresa, se pretende fomentar las relaciones entre profesionales europeos que geogr\u00e1ficamente se encuentran distantes pero que profesionalmente son complementarios en necesidades e intereses.<\/p>\n<p class=\"rteleft\"><a href=\"https:\/\/blog.wtransnet.com\/es\/wp-content\/uploads\/sites\/2\/2015\/11\/1-wconnectaa.jpg\"><img loading=\"lazy\" decoding=\"async\" class=\"size-full wp-image-2767 aligncenter\" src=\"https:\/\/blog.wtransnet.com\/es\/wp-content\/uploads\/sites\/2\/2015\/11\/1-wconnectaa.jpg\" alt=\"1-wconnectaa\" width=\"500\" height=\"300\" \/><\/a><\/p>\n<p class=\"rteleft\">Se trata de conocer de primera mano el m\u00e1ximo n\u00famero de contactos para construir las bases de futuras colaboraciones con <strong>empresas europeas<\/strong>: un trabajo que a un departamento comercial le llevar\u00eda meses, resuelto en una sola jornada laboral.<\/p>\n<p class=\"rteleft\"><em>\u201cEl formato de WConnecta es innovador y permite realmente conectar a muchas empresas \u00a1en un tiempo record! Se tardar\u00eda much\u00edsimo m\u00e1s tiempo haci\u00e9ndolo telef\u00f3nicamente o personalmente. Al acudir a este evento sabemos todos que estamos para conocernos y mientras m\u00e1s contactos, m\u00e1s posibilidad de podernos ayudar mutuamente en nuestro trabajo del d\u00eda a d\u00eda\u201d.<\/em><\/p>\n<p class=\"rteleft\"><strong>Celia Valdivia<\/strong><br \/>\n<strong>Commercial Manager de P&amp;O Ferrymasters<\/strong><\/p>\n<p class=\"rteleft\"><a href=\"https:\/\/blog.wtransnet.com\/es\/wp-content\/uploads\/sites\/2\/2015\/11\/1-wconnectab.jpg\"><img loading=\"lazy\" decoding=\"async\" class=\"size-full wp-image-2766 aligncenter\" src=\"https:\/\/blog.wtransnet.com\/es\/wp-content\/uploads\/sites\/2\/2015\/11\/1-wconnectab.jpg\" alt=\"1-wconnectab\" width=\"500\" height=\"300\" \/><\/a><\/p>\n<p class=\"rteleft\">Otro de los puntos clave para entender el \u00e9xito del formato es la <strong><em>Cargo Area<\/em><\/strong>, un espacio reservado a los principales operadores log\u00edsticos y empresas de transporte ofertantes de cargas de Europa. Al final son las empresas con las que todo el mundo quiere hablar, de ah\u00ed que cuenten con un espacio propio en <a href=\"http:\/\/www.wconnecta.com\/es\/\" target=\"_blank\">WConnecta<\/a> para encontrarse de forma privada con empresas que previamente han solicitado una entrevista con ellos.<\/p>\n<p class=\"rteleft\">En esta ocasi\u00f3n, el espacio cont\u00f3 con la presencia de 45 empresas, concentrando casi un 30% m\u00e1s de reuniones que en la pasada edici\u00f3n.<\/p>\n<p class=\"rteleft\"><em>\u201cDesde mi punto de vista ha sido con certeza la edici\u00f3n mejor organizada.\u00a0 Se ha conseguido delimitar muy bien las dos a\u00e9reas de trabajo: los Speed Networking y la Cargo Area. En principio s\u00ed hemos conseguido nuestro objetivo, ahora tenemos que terminar de cerrar acuerdos para futuras colaboraciones\u201d.<\/em><\/p>\n<p class=\"rteleft\"><strong>Ana Isabel Teresa<\/strong><br \/>\n<strong>Responsable de Compras de Transporte Nacional<\/strong><\/p>\n<\/div>\n<p class=\"rteleft\"><a href=\"https:\/\/blog.wtransnet.com\/es\/wp-content\/uploads\/sites\/2\/2015\/11\/estadisticas-wconnecta-es_0.jpg\"><img loading=\"lazy\" decoding=\"async\" class=\"size-full wp-image-2765 aligncenter\" src=\"https:\/\/blog.wtransnet.com\/es\/wp-content\/uploads\/sites\/2\/2015\/11\/estadisticas-wconnecta-es_0.jpg\" alt=\"estadisticas-wconnecta-es_0\" width=\"550\" height=\"329\" \/><\/a><\/p>\n<div class=\"content\">\n<p class=\"rteleft\">Otro de los factores que han llevado a WConnecta a ser un <strong>evento de referencia dentro del sector del transporte de mercanc\u00edas por carretera<\/strong> es su creciente internacionalizaci\u00f3n. En <a href=\"http:\/\/www.wconnecta.com\/es\/\" target=\"_blank\"><strong>WConnecta Madrid 2015<\/strong><\/a> han contado con representaci\u00f3n 16 pa\u00edses. Despu\u00e9s de <strong>Espa\u00f1a<\/strong>, que sigue siendo el pa\u00eds con mayor presencia, <strong>Portugal<\/strong> ha ocupado el segundo lugar con el 30,6% de participaci\u00f3n respecto a empresas europeas, seguido de <strong>Polonia<\/strong> (20,45%) e <strong>Italia<\/strong> (14,77%). En conjunto, el 33% de las empresas participantes proven\u00edan de fuera de Espa\u00f1a, convirtiendo esta edici\u00f3n, una vez m\u00e1s, en una de las m\u00e1s internacionales de su historia. Adem\u00e1s, tambi\u00e9n es destacable el hecho de que m\u00e1s de la mitad de las empresas participantes acud\u00edan por primera vez al evento.<\/p>\n<p class=\"rteleft\"><em>\u201cWConnecta nos ha permitido conocer empresas interesadas en nuestra experiencia en el \u00e1mbito de la distribuci\u00f3n en territorio europeo y con ofertas concretas al respecto.\u00a0Nuevamente el evento ha sido un \u00e9xito y nos ha permitido alcanzar nuestro objetivo, el cual para este a\u00f1o era conocer empresas fiables con las que colaborar en Polonia\u201d. \u00a0<\/em><\/p>\n<p class=\"rteleft\"><strong>Laura Leocata<\/strong><br \/>\n<strong>Desarrollo de Negocio &#8211; Marcotran<\/strong><\/p>\n<p class=\"rteleft\">El reto est\u00e1 ahora en el tejado de la organizaci\u00f3n, la cual tiene la responsabilidad de empezar a trabajar en la edici\u00f3n de <strong>WConnecta 2016<\/strong> y valorar todas las posibilidades para hacer de este evento anual una cita obligada para las mejores empresas de transporte de Europa.<\/p>\n<\/div>\n","protected":false},"excerpt":{"rendered":"<p>Han pasado varias semanas desde que tuviera lugar WConnecta\u00a0 Madrid 2015, la VI edici\u00f3n de un encuentro que desde sus inicios se ha concebido por y para los profesionales del transporte de mercanc\u00edas por carretera. Precisamente es en este enfoque donde radica el \u00e9xito del encuentro, donde toda la actividad gira en torno a la &hellip;<\/p>\n","protected":false},"author":2,"featured_media":2764,"comment_status":"open","ping_status":"open","sticky":false,"template":"","format":"standard","meta":{"_monsterinsights_skip_tracking":false,"_monsterinsights_sitenote_active":false,"_monsterinsights_sitenote_note":"","_monsterinsights_sitenote_category":0,"footnotes":""},"categories":[44,91,41,519],"tags":[],"class_list":["post-2768","post","type-post","status-publish","format-standard","has-post-thumbnail","","category-actos-y-eventos","category-fundacion-wtransnet","category-transporte-actualidad","category-wconnecta"],"yoast_head":"<!-- This site is optimized with the Yoast SEO plugin v26.9 - https:\/\/yoast.com\/product\/yoast-seo-wordpress\/ -->\n<title>WConnecta, un modelo de evento pensado en exclusiva para las empresas de transporte - Blog Wtransnet Espa\u00f1a<\/title>\n<meta name=\"description\" content=\"WConnecta Madrid , la VI edici\u00f3n de un encuentro que desde sus inicios se ha concebido por y para los profesionales del transporte de mercanc\u00edas por carretera.\" \/>\n<meta name=\"robots\" content=\"index, follow, max-snippet:-1, max-image-preview:large, max-video-preview:-1\" \/>\n<link rel=\"canonical\" href=\"https:\/\/blog.wtransnet.com\/es\/wconnecta-las-claves-del-exito\/\" \/>\n<meta property=\"og:locale\" content=\"es_ES\" \/>\n<meta property=\"og:type\" content=\"article\" \/>\n<meta property=\"og:title\" content=\"WConnecta, un modelo de evento pensado en exclusiva para las empresas de transporte - Blog Wtransnet Espa\u00f1a\" \/>\n<meta property=\"og:description\" content=\"WConnecta Madrid , la VI edici\u00f3n de un encuentro que desde sus inicios se ha concebido por y para los profesionales del transporte de mercanc\u00edas por carretera.\" \/>\n<meta property=\"og:url\" content=\"https:\/\/blog.wtransnet.com\/es\/wconnecta-las-claves-del-exito\/\" \/>\n<meta property=\"og:site_name\" content=\"Blog Wtransnet Espa\u00f1a\" \/>\n<meta property=\"article:published_time\" content=\"2015-11-16T15:52:43+00:00\" \/>\n<meta property=\"article:modified_time\" content=\"2016-01-27T09:25:38+00:00\" \/>\n<meta property=\"og:image\" content=\"https:\/\/blog.wtransnet.com\/es\/wp-content\/uploads\/sites\/2\/2015\/11\/wconnecta_final.jpg\" \/>\n\t<meta property=\"og:image:width\" content=\"300\" \/>\n\t<meta property=\"og:image:height\" content=\"300\" \/>\n\t<meta property=\"og:image:type\" content=\"image\/jpeg\" \/>\n<meta name=\"author\" content=\"Edgar Compte Reollo\" \/>\n<meta name=\"twitter:card\" content=\"summary_large_image\" \/>\n<meta name=\"twitter:label1\" content=\"Escrito por\" \/>\n\t<meta name=\"twitter:data1\" content=\"Edgar Compte Reollo\" \/>\n\t<meta name=\"twitter:label2\" content=\"Tiempo de lectura\" \/>\n\t<meta name=\"twitter:data2\" content=\"4 minutos\" \/>\n<script type=\"application\/ld+json\" class=\"yoast-schema-graph\">{\"@context\":\"https:\/\/schema.org\",\"@graph\":[{\"@type\":\"Article\",\"@id\":\"https:\/\/blog.wtransnet.com\/es\/wconnecta-las-claves-del-exito\/#article\",\"isPartOf\":{\"@id\":\"https:\/\/blog.wtransnet.com\/es\/wconnecta-las-claves-del-exito\/\"},\"author\":{\"name\":\"Edgar Compte Reollo\",\"@id\":\"https:\/\/blog.wtransnet.com\/es\/#\/schema\/person\/72e72ba89ffa96d0d5f7e50a6af29d29\"},\"headline\":\"WConnecta, un modelo de evento pensado en exclusiva para las empresas de transporte\",\"datePublished\":\"2015-11-16T15:52:43+00:00\",\"dateModified\":\"2016-01-27T09:25:38+00:00\",\"mainEntityOfPage\":{\"@id\":\"https:\/\/blog.wtransnet.com\/es\/wconnecta-las-claves-del-exito\/\"},\"wordCount\":735,\"commentCount\":0,\"image\":{\"@id\":\"https:\/\/blog.wtransnet.com\/es\/wconnecta-las-claves-del-exito\/#primaryimage\"},\"thumbnailUrl\":\"https:\/\/blog.wtransnet.com\/es\/wp-content\/uploads\/sites\/2\/2015\/11\/wconnecta_final.jpg\",\"articleSection\":[\"Actos y eventos\",\"Fundaci\u00f3n Wtransnet\",\"Transporte y Actualidad\",\"WConnecta\"],\"inLanguage\":\"es\",\"potentialAction\":[{\"@type\":\"CommentAction\",\"name\":\"Comment\",\"target\":[\"https:\/\/blog.wtransnet.com\/es\/wconnecta-las-claves-del-exito\/#respond\"]}]},{\"@type\":\"WebPage\",\"@id\":\"https:\/\/blog.wtransnet.com\/es\/wconnecta-las-claves-del-exito\/\",\"url\":\"https:\/\/blog.wtransnet.com\/es\/wconnecta-las-claves-del-exito\/\",\"name\":\"WConnecta, un modelo de evento pensado en exclusiva para las empresas de transporte - Blog Wtransnet Espa\u00f1a\",\"isPartOf\":{\"@id\":\"https:\/\/blog.wtransnet.com\/es\/#website\"},\"primaryImageOfPage\":{\"@id\":\"https:\/\/blog.wtransnet.com\/es\/wconnecta-las-claves-del-exito\/#primaryimage\"},\"image\":{\"@id\":\"https:\/\/blog.wtransnet.com\/es\/wconnecta-las-claves-del-exito\/#primaryimage\"},\"thumbnailUrl\":\"https:\/\/blog.wtransnet.com\/es\/wp-content\/uploads\/sites\/2\/2015\/11\/wconnecta_final.jpg\",\"datePublished\":\"2015-11-16T15:52:43+00:00\",\"dateModified\":\"2016-01-27T09:25:38+00:00\",\"author\":{\"@id\":\"https:\/\/blog.wtransnet.com\/es\/#\/schema\/person\/72e72ba89ffa96d0d5f7e50a6af29d29\"},\"description\":\"WConnecta Madrid , la VI edici\u00f3n de un encuentro que desde sus inicios se ha concebido por y para los profesionales del transporte de mercanc\u00edas por carretera.\",\"breadcrumb\":{\"@id\":\"https:\/\/blog.wtransnet.com\/es\/wconnecta-las-claves-del-exito\/#breadcrumb\"},\"inLanguage\":\"es\",\"potentialAction\":[{\"@type\":\"ReadAction\",\"target\":[\"https:\/\/blog.wtransnet.com\/es\/wconnecta-las-claves-del-exito\/\"]}]},{\"@type\":\"ImageObject\",\"inLanguage\":\"es\",\"@id\":\"https:\/\/blog.wtransnet.com\/es\/wconnecta-las-claves-del-exito\/#primaryimage\",\"url\":\"https:\/\/blog.wtransnet.com\/es\/wp-content\/uploads\/sites\/2\/2015\/11\/wconnecta_final.jpg\",\"contentUrl\":\"https:\/\/blog.wtransnet.com\/es\/wp-content\/uploads\/sites\/2\/2015\/11\/wconnecta_final.jpg\",\"width\":300,\"height\":300},{\"@type\":\"BreadcrumbList\",\"@id\":\"https:\/\/blog.wtransnet.com\/es\/wconnecta-las-claves-del-exito\/#breadcrumb\",\"itemListElement\":[{\"@type\":\"ListItem\",\"position\":1,\"name\":\"Portada\",\"item\":\"https:\/\/blog.wtransnet.com\/es\/\"},{\"@type\":\"ListItem\",\"position\":2,\"name\":\"WConnecta, un modelo de evento pensado en exclusiva para las empresas de transporte\"}]},{\"@type\":\"WebSite\",\"@id\":\"https:\/\/blog.wtransnet.com\/es\/#website\",\"url\":\"https:\/\/blog.wtransnet.com\/es\/\",\"name\":\"Blog Wtransnet Espa\u00f1a\",\"description\":\"Blog Wtransnet: Noticias de transporte, log\u00edstica y bolsa de cargas en Espa\u00f1a y Europa.\",\"potentialAction\":[{\"@type\":\"SearchAction\",\"target\":{\"@type\":\"EntryPoint\",\"urlTemplate\":\"https:\/\/blog.wtransnet.com\/es\/?s={search_term_string}\"},\"query-input\":{\"@type\":\"PropertyValueSpecification\",\"valueRequired\":true,\"valueName\":\"search_term_string\"}}],\"inLanguage\":\"es\"},{\"@type\":\"Person\",\"@id\":\"https:\/\/blog.wtransnet.com\/es\/#\/schema\/person\/72e72ba89ffa96d0d5f7e50a6af29d29\",\"name\":\"Edgar Compte Reollo\",\"image\":{\"@type\":\"ImageObject\",\"inLanguage\":\"es\",\"@id\":\"https:\/\/blog.wtransnet.com\/es\/#\/schema\/person\/image\/\",\"url\":\"https:\/\/secure.gravatar.com\/avatar\/cdef3ab443cd703d80f8618c041e62e3338cd7adb52bb56655047a411be15900?s=96&d=mm&r=g\",\"contentUrl\":\"https:\/\/secure.gravatar.com\/avatar\/cdef3ab443cd703d80f8618c041e62e3338cd7adb52bb56655047a411be15900?s=96&d=mm&r=g\",\"caption\":\"Edgar Compte Reollo\"},\"url\":\"https:\/\/blog.wtransnet.com\/es\/author\/ecompte\/\"}]}<\/script>\n<!-- \/ Yoast SEO plugin. -->","yoast_head_json":{"title":"WConnecta, un modelo de evento pensado en exclusiva para las empresas de transporte - Blog Wtransnet Espa\u00f1a","description":"WConnecta Madrid , la VI edici\u00f3n de un encuentro que desde sus inicios se ha concebido por y para los profesionales del transporte de mercanc\u00edas por carretera.","robots":{"index":"index","follow":"follow","max-snippet":"max-snippet:-1","max-image-preview":"max-image-preview:large","max-video-preview":"max-video-preview:-1"},"canonical":"https:\/\/blog.wtransnet.com\/es\/wconnecta-las-claves-del-exito\/","og_locale":"es_ES","og_type":"article","og_title":"WConnecta, un modelo de evento pensado en exclusiva para las empresas de transporte - Blog Wtransnet Espa\u00f1a","og_description":"WConnecta Madrid , la VI edici\u00f3n de un encuentro que desde sus inicios se ha concebido por y para los profesionales del transporte de mercanc\u00edas por carretera.","og_url":"https:\/\/blog.wtransnet.com\/es\/wconnecta-las-claves-del-exito\/","og_site_name":"Blog Wtransnet Espa\u00f1a","article_published_time":"2015-11-16T15:52:43+00:00","article_modified_time":"2016-01-27T09:25:38+00:00","og_image":[{"width":300,"height":300,"url":"https:\/\/blog.wtransnet.com\/es\/wp-content\/uploads\/sites\/2\/2015\/11\/wconnecta_final.jpg","type":"image\/jpeg"}],"author":"Edgar Compte Reollo","twitter_card":"summary_large_image","twitter_misc":{"Escrito por":"Edgar Compte Reollo","Tiempo de lectura":"4 minutos"},"schema":{"@context":"https:\/\/schema.org","@graph":[{"@type":"Article","@id":"https:\/\/blog.wtransnet.com\/es\/wconnecta-las-claves-del-exito\/#article","isPartOf":{"@id":"https:\/\/blog.wtransnet.com\/es\/wconnecta-las-claves-del-exito\/"},"author":{"name":"Edgar Compte Reollo","@id":"https:\/\/blog.wtransnet.com\/es\/#\/schema\/person\/72e72ba89ffa96d0d5f7e50a6af29d29"},"headline":"WConnecta, un modelo de evento pensado en exclusiva para las empresas de transporte","datePublished":"2015-11-16T15:52:43+00:00","dateModified":"2016-01-27T09:25:38+00:00","mainEntityOfPage":{"@id":"https:\/\/blog.wtransnet.com\/es\/wconnecta-las-claves-del-exito\/"},"wordCount":735,"commentCount":0,"image":{"@id":"https:\/\/blog.wtransnet.com\/es\/wconnecta-las-claves-del-exito\/#primaryimage"},"thumbnailUrl":"https:\/\/blog.wtransnet.com\/es\/wp-content\/uploads\/sites\/2\/2015\/11\/wconnecta_final.jpg","articleSection":["Actos y eventos","Fundaci\u00f3n Wtransnet","Transporte y Actualidad","WConnecta"],"inLanguage":"es","potentialAction":[{"@type":"CommentAction","name":"Comment","target":["https:\/\/blog.wtransnet.com\/es\/wconnecta-las-claves-del-exito\/#respond"]}]},{"@type":"WebPage","@id":"https:\/\/blog.wtransnet.com\/es\/wconnecta-las-claves-del-exito\/","url":"https:\/\/blog.wtransnet.com\/es\/wconnecta-las-claves-del-exito\/","name":"WConnecta, un modelo de evento pensado en exclusiva para las empresas de transporte - Blog Wtransnet Espa\u00f1a","isPartOf":{"@id":"https:\/\/blog.wtransnet.com\/es\/#website"},"primaryImageOfPage":{"@id":"https:\/\/blog.wtransnet.com\/es\/wconnecta-las-claves-del-exito\/#primaryimage"},"image":{"@id":"https:\/\/blog.wtransnet.com\/es\/wconnecta-las-claves-del-exito\/#primaryimage"},"thumbnailUrl":"https:\/\/blog.wtransnet.com\/es\/wp-content\/uploads\/sites\/2\/2015\/11\/wconnecta_final.jpg","datePublished":"2015-11-16T15:52:43+00:00","dateModified":"2016-01-27T09:25:38+00:00","author":{"@id":"https:\/\/blog.wtransnet.com\/es\/#\/schema\/person\/72e72ba89ffa96d0d5f7e50a6af29d29"},"description":"WConnecta Madrid , la VI edici\u00f3n de un encuentro que desde sus inicios se ha concebido por y para los profesionales del transporte de mercanc\u00edas por carretera.","breadcrumb":{"@id":"https:\/\/blog.wtransnet.com\/es\/wconnecta-las-claves-del-exito\/#breadcrumb"},"inLanguage":"es","potentialAction":[{"@type":"ReadAction","target":["https:\/\/blog.wtransnet.com\/es\/wconnecta-las-claves-del-exito\/"]}]},{"@type":"ImageObject","inLanguage":"es","@id":"https:\/\/blog.wtransnet.com\/es\/wconnecta-las-claves-del-exito\/#primaryimage","url":"https:\/\/blog.wtransnet.com\/es\/wp-content\/uploads\/sites\/2\/2015\/11\/wconnecta_final.jpg","contentUrl":"https:\/\/blog.wtransnet.com\/es\/wp-content\/uploads\/sites\/2\/2015\/11\/wconnecta_final.jpg","width":300,"height":300},{"@type":"BreadcrumbList","@id":"https:\/\/blog.wtransnet.com\/es\/wconnecta-las-claves-del-exito\/#breadcrumb","itemListElement":[{"@type":"ListItem","position":1,"name":"Portada","item":"https:\/\/blog.wtransnet.com\/es\/"},{"@type":"ListItem","position":2,"name":"WConnecta, un modelo de evento pensado en exclusiva para las empresas de transporte"}]},{"@type":"WebSite","@id":"https:\/\/blog.wtransnet.com\/es\/#website","url":"https:\/\/blog.wtransnet.com\/es\/","name":"Blog Wtransnet Espa\u00f1a","description":"Blog Wtransnet: Noticias de transporte, log\u00edstica y bolsa de cargas en Espa\u00f1a y Europa.","potentialAction":[{"@type":"SearchAction","target":{"@type":"EntryPoint","urlTemplate":"https:\/\/blog.wtransnet.com\/es\/?s={search_term_string}"},"query-input":{"@type":"PropertyValueSpecification","valueRequired":true,"valueName":"search_term_string"}}],"inLanguage":"es"},{"@type":"Person","@id":"https:\/\/blog.wtransnet.com\/es\/#\/schema\/person\/72e72ba89ffa96d0d5f7e50a6af29d29","name":"Edgar Compte Reollo","image":{"@type":"ImageObject","inLanguage":"es","@id":"https:\/\/blog.wtransnet.com\/es\/#\/schema\/person\/image\/","url":"https:\/\/secure.gravatar.com\/avatar\/cdef3ab443cd703d80f8618c041e62e3338cd7adb52bb56655047a411be15900?s=96&d=mm&r=g","contentUrl":"https:\/\/secure.gravatar.com\/avatar\/cdef3ab443cd703d80f8618c041e62e3338cd7adb52bb56655047a411be15900?s=96&d=mm&r=g","caption":"Edgar Compte Reollo"},"url":"https:\/\/blog.wtransnet.com\/es\/author\/ecompte\/"}]}},"_links":{"self":[{"href":"https:\/\/blog.wtransnet.com\/es\/wp-json\/wp\/v2\/posts\/2768","targetHints":{"allow":["GET"]}}],"collection":[{"href":"https:\/\/blog.wtransnet.com\/es\/wp-json\/wp\/v2\/posts"}],"about":[{"href":"https:\/\/blog.wtransnet.com\/es\/wp-json\/wp\/v2\/types\/post"}],"author":[{"embeddable":true,"href":"https:\/\/blog.wtransnet.com\/es\/wp-json\/wp\/v2\/users\/2"}],"replies":[{"embeddable":true,"href":"https:\/\/blog.wtransnet.com\/es\/wp-json\/wp\/v2\/comments?post=2768"}],"version-history":[{"count":0,"href":"https:\/\/blog.wtransnet.com\/es\/wp-json\/wp\/v2\/posts\/2768\/revisions"}],"wp:featuredmedia":[{"embeddable":true,"href":"https:\/\/blog.wtransnet.com\/es\/wp-json\/wp\/v2\/media\/2764"}],"wp:attachment":[{"href":"https:\/\/blog.wtransnet.com\/es\/wp-json\/wp\/v2\/media?parent=2768"}],"wp:term":[{"taxonomy":"category","embeddable":true,"href":"https:\/\/blog.wtransnet.com\/es\/wp-json\/wp\/v2\/categories?post=2768"},{"taxonomy":"post_tag","embeddable":true,"href":"https:\/\/blog.wtransnet.com\/es\/wp-json\/wp\/v2\/tags?post=2768"}],"curies":[{"name":"wp","href":"https:\/\/api.w.org\/{rel}","templated":true}]}}