{"id":4799,"date":"2016-10-13T14:23:58","date_gmt":"2016-10-13T14:23:58","guid":{"rendered":"https:\/\/blog.wtransnet.com\/es\/?p=4799"},"modified":"2017-07-18T06:50:15","modified_gmt":"2017-07-18T06:50:15","slug":"wconnecta-llega-a-barcelona-con-asistencia-de-mil-profesionales-del-transporte","status":"publish","type":"post","link":"https:\/\/blog.wtransnet.com\/es\/wconnecta-llega-a-barcelona-con-asistencia-de-mil-profesionales-del-transporte\/","title":{"rendered":"WConnecta llega a Barcelona el 11 de noviembre con una previsi\u00f3n de participaci\u00f3n de 1.000 profesionales del transporte de toda Europa"},"content":{"rendered":"<p><strong>WConnecta<\/strong>, el encuentro internacional de profesionales del transporte organizado por la <a href=\"http:\/\/www.wtransnet.org\/es\">Fundaci\u00f3n Wtransnet<\/a>, celebra su <strong>s\u00e9ptima edici\u00f3n<\/strong> el pr\u00f3ximo 11 de noviembre, con una asistencia prevista de 1.000 profesionales del transporte de mercanc\u00edas provenientes de toda Europa.<\/p>\n<p>A falta de un mes para la celebraci\u00f3n del <strong>encuentro de transporte m\u00e1s importante de Europa<\/strong>, el ritmo de las inscripciones apunta a que ser\u00e1 una edici\u00f3n hist\u00f3rica. Ya no solo en n\u00famero de participantes, que prev\u00e9 llegar a 1.000, si no en representaci\u00f3n internacional, empresas inscritas y entrevistas realizadas.<\/p>\n<p>Hasta la fecha, acudir\u00e1n a <a href=\"http:\/\/www.wconnecta.com\/es\"><strong>WConnecta Barcelona 2016<\/strong><\/a> empresas de <strong>20 pa\u00edses europeos<\/strong> distintos. <strong>Espa\u00f1a, Portugal, Italia <\/strong>y <strong>Polonia<\/strong> encabezan el ranking de representados pero se incorporan al evento pa\u00edses como Suiza, Noruega y Rep\u00fablica Checa, hasta ahora no presentes en anteriores ediciones.<\/p>\n<p>Si la tendencia en las \u00faltimas ediciones ha sido de <strong>crecimiento internacional<\/strong>, para esta ocasi\u00f3n ya podemos hablar de paridad en la <strong>participaci\u00f3n<\/strong> de empresas espa\u00f1olas versus empresas europeas. En cuanto al <strong>perfil<\/strong> de \u00e9stas, aunque destacan los <strong>operadores log\u00edsticos<\/strong>, cada vez son m\u00e1s numerosas las <strong>empresas de transporte<\/strong>, los <strong>peque\u00f1os flotistas<\/strong> y el <strong>aut\u00f3nomo<\/strong>, que ve en WConnecta un gran escaparate para llegar al responsable de tr\u00e1fico de grandes empresas que de otro modo no conseguir\u00eda contactar personalmente.<\/p>\n<p><strong><img loading=\"lazy\" decoding=\"async\" class=\"aligncenter size-full wp-image-4803\" src=\"https:\/\/blog.wtransnet.com\/es\/wp-content\/uploads\/sites\/2\/2016\/10\/wconnecta-barcelona-2016-evento.png\" alt=\"Evento WConnecta networking transporte\" width=\"500\" height=\"300\" \/><\/strong><\/p>\n<p>&nbsp;<\/p>\n<p><strong>WConnecta Barcelona 2016<\/strong>, aunque fiel a su formato, consistir\u00e1 como principal novedad en una jornada de trabajo de todo el d\u00eda, que alternar\u00e1 sus ya conocidas rondas de <em>speed networking<\/em> y la <strong>Cargo Area<\/strong>, un espacio donde operadores log\u00edsticos y empresas de transporte ofertantes de cargas mantendr\u00e1n reuniones privadas con profesionales interesados en colaborar con ellos.<\/p>\n<p>En esta ocasi\u00f3n, <strong>Italia acude como pa\u00eds invitado<\/strong>, de modo que dentro de las actividades previstas para la tarde, est\u00e1 previsto <strong>un Especial Networking Italia<\/strong> donde las empresas que busquen colaboradores o tengan puesto su foco de negocio en el pa\u00eds transalpino, podr\u00e1n solicitar entrevistas privadas con las empresas de transporte italianas asistentes.<\/p>\n<p>La <strong>Fundaci\u00f3n Wtransnet<\/strong> hace 7 a\u00f1os pens\u00f3 que el mundo del transporte de mercanc\u00edas por carretera, tan vinculado a las colaboraciones y a la creaci\u00f3n de relaciones de confianza a largo plazo, necesitaba un evento de este tipo. Con esa idea naci\u00f3 WConnecta, dirigido a profesionales del transporte con el que se pretende dar un espacio a las empresas para que puedan ampliar contactos e iniciar nuevas colaboraciones con otras empresas complementarias a sus necesidades.<\/p>\n<p><strong>\u00a0<\/strong><strong>Jos\u00e9 Mar\u00eda Sall\u00e9s<\/strong>, Gerente de la Fundaci\u00f3n Wtransnet:<\/p>\n<p>\u201cPodr\u00edamos crecer m\u00e1s pero entonces ya pasar\u00edamos al formato feria y se perder\u00eda la esencia de WConnecta. No queremos hacer un evento convencional, sino organizar una jornada de trabajo para que los participantes le saquen el m\u00e1ximo provecho. Cabe destacar que WConnecta es una iniciativa de la Fundaci\u00f3n Wtransnet y que a pesar del apoyo de los sponsors sigue siendo deficitaria\u201d.<\/p>\n<p>El evento, ya consolidado como el mayor encuentro del transporte de mercanc\u00edas por carretera en Europa, <strong>coincidir\u00e1 con el 20 aniversario de Wtransnet<\/strong> y servir\u00e1 para dar el pistoletazo de salida a los actos de celebraci\u00f3n que se van a llevar a cabo durante 2017.<\/p>\n","protected":false},"excerpt":{"rendered":"<p>WConnecta, el encuentro internacional de profesionales del transporte organizado por la Fundaci\u00f3n Wtransnet, celebra su s\u00e9ptima edici\u00f3n el pr\u00f3ximo 11 de noviembre, con una asistencia prevista de 1.000 profesionales del transporte de mercanc\u00edas provenientes de toda Europa. A falta de un mes para la celebraci\u00f3n del encuentro de transporte m\u00e1s importante de Europa, el ritmo &hellip;<\/p>\n","protected":false},"author":2,"featured_media":4802,"comment_status":"open","ping_status":"open","sticky":false,"template":"","format":"standard","meta":{"_monsterinsights_skip_tracking":false,"_monsterinsights_sitenote_active":false,"_monsterinsights_sitenote_note":"","_monsterinsights_sitenote_category":0,"footnotes":""},"categories":[59,519],"tags":[307,162,206,269,1124,527,450,101,271,311,171,130,90],"class_list":["post-4799","post","type-post","status-publish","format-standard","has-post-thumbnail","","category-fundacion","category-wconnecta","tag-bolsas-de-cargas","tag-camiones","tag-cargas","tag-carretera","tag-colaboradores-transporte","tag-contratacion-transporte","tag-eventos","tag-fundacion-wtransnet","tag-mercancias","tag-networking","tag-speed-networking","tag-transporte","tag-wconnecta"],"yoast_head":"<!-- This site is optimized with the Yoast SEO plugin v26.9 - https:\/\/yoast.com\/product\/yoast-seo-wordpress\/ -->\n<title>WConnecta llega a Barcelona el 11 de noviembre con una previsi\u00f3n de participaci\u00f3n de 1.000 profesionales del transporte de toda Europa - Blog Wtransnet Espa\u00f1a<\/title>\n<meta name=\"robots\" content=\"index, follow, max-snippet:-1, max-image-preview:large, max-video-preview:-1\" \/>\n<link rel=\"canonical\" href=\"https:\/\/blog.wtransnet.com\/es\/wconnecta-llega-a-barcelona-con-asistencia-de-mil-profesionales-del-transporte\/\" \/>\n<meta property=\"og:locale\" content=\"es_ES\" \/>\n<meta property=\"og:type\" content=\"article\" \/>\n<meta property=\"og:title\" content=\"WConnecta llega a Barcelona el 11 de noviembre con una previsi\u00f3n de participaci\u00f3n de 1.000 profesionales del transporte de toda Europa - Blog Wtransnet Espa\u00f1a\" \/>\n<meta property=\"og:description\" content=\"WConnecta, el encuentro internacional de profesionales del transporte organizado por la Fundaci\u00f3n Wtransnet, celebra su s\u00e9ptima edici\u00f3n el pr\u00f3ximo 11 de noviembre, con una asistencia prevista de 1.000 profesionales del transporte de mercanc\u00edas provenientes de toda Europa. A falta de un mes para la celebraci\u00f3n del encuentro de transporte m\u00e1s importante de Europa, el ritmo &hellip;\" \/>\n<meta property=\"og:url\" content=\"https:\/\/blog.wtransnet.com\/es\/wconnecta-llega-a-barcelona-con-asistencia-de-mil-profesionales-del-transporte\/\" \/>\n<meta property=\"og:site_name\" content=\"Blog Wtransnet Espa\u00f1a\" \/>\n<meta property=\"article:published_time\" content=\"2016-10-13T14:23:58+00:00\" \/>\n<meta property=\"article:modified_time\" content=\"2017-07-18T06:50:15+00:00\" \/>\n<meta property=\"og:image\" content=\"https:\/\/blog.wtransnet.com\/es\/wp-content\/uploads\/sites\/2\/2016\/10\/wconnecta-barcelona-networking-transporte.png\" \/>\n\t<meta property=\"og:image:width\" content=\"290\" \/>\n\t<meta property=\"og:image:height\" content=\"250\" \/>\n\t<meta property=\"og:image:type\" content=\"image\/png\" \/>\n<meta name=\"author\" content=\"Edgar Compte Reollo\" \/>\n<meta name=\"twitter:card\" content=\"summary_large_image\" \/>\n<meta name=\"twitter:label1\" content=\"Escrito por\" \/>\n\t<meta name=\"twitter:data1\" content=\"Edgar Compte Reollo\" \/>\n\t<meta name=\"twitter:label2\" content=\"Tiempo de lectura\" \/>\n\t<meta name=\"twitter:data2\" content=\"3 minutos\" \/>\n<script type=\"application\/ld+json\" class=\"yoast-schema-graph\">{\"@context\":\"https:\/\/schema.org\",\"@graph\":[{\"@type\":\"Article\",\"@id\":\"https:\/\/blog.wtransnet.com\/es\/wconnecta-llega-a-barcelona-con-asistencia-de-mil-profesionales-del-transporte\/#article\",\"isPartOf\":{\"@id\":\"https:\/\/blog.wtransnet.com\/es\/wconnecta-llega-a-barcelona-con-asistencia-de-mil-profesionales-del-transporte\/\"},\"author\":{\"name\":\"Edgar Compte Reollo\",\"@id\":\"https:\/\/blog.wtransnet.com\/es\/#\/schema\/person\/72e72ba89ffa96d0d5f7e50a6af29d29\"},\"headline\":\"WConnecta llega a Barcelona el 11 de noviembre con una previsi\u00f3n de participaci\u00f3n de 1.000 profesionales del transporte de toda Europa\",\"datePublished\":\"2016-10-13T14:23:58+00:00\",\"dateModified\":\"2017-07-18T06:50:15+00:00\",\"mainEntityOfPage\":{\"@id\":\"https:\/\/blog.wtransnet.com\/es\/wconnecta-llega-a-barcelona-con-asistencia-de-mil-profesionales-del-transporte\/\"},\"wordCount\":567,\"commentCount\":0,\"image\":{\"@id\":\"https:\/\/blog.wtransnet.com\/es\/wconnecta-llega-a-barcelona-con-asistencia-de-mil-profesionales-del-transporte\/#primaryimage\"},\"thumbnailUrl\":\"https:\/\/blog.wtransnet.com\/es\/wp-content\/uploads\/sites\/2\/2016\/10\/wconnecta-barcelona-networking-transporte.png\",\"keywords\":[\"bolsas de cargas\",\"camiones\",\"cargas\",\"carretera\",\"colaboradores transporte\",\"contrataci\u00f3n transporte\",\"eventos\",\"fundacion-wtransnet\",\"mercanc\u00edas\",\"networking\",\"speed networking\",\"transporte\",\"wconnecta\"],\"articleSection\":[\"Fundaci\u00f3n\",\"WConnecta\"],\"inLanguage\":\"es\",\"potentialAction\":[{\"@type\":\"CommentAction\",\"name\":\"Comment\",\"target\":[\"https:\/\/blog.wtransnet.com\/es\/wconnecta-llega-a-barcelona-con-asistencia-de-mil-profesionales-del-transporte\/#respond\"]}]},{\"@type\":\"WebPage\",\"@id\":\"https:\/\/blog.wtransnet.com\/es\/wconnecta-llega-a-barcelona-con-asistencia-de-mil-profesionales-del-transporte\/\",\"url\":\"https:\/\/blog.wtransnet.com\/es\/wconnecta-llega-a-barcelona-con-asistencia-de-mil-profesionales-del-transporte\/\",\"name\":\"WConnecta llega a Barcelona el 11 de noviembre con una previsi\u00f3n de participaci\u00f3n de 1.000 profesionales del transporte de toda Europa - Blog Wtransnet Espa\u00f1a\",\"isPartOf\":{\"@id\":\"https:\/\/blog.wtransnet.com\/es\/#website\"},\"primaryImageOfPage\":{\"@id\":\"https:\/\/blog.wtransnet.com\/es\/wconnecta-llega-a-barcelona-con-asistencia-de-mil-profesionales-del-transporte\/#primaryimage\"},\"image\":{\"@id\":\"https:\/\/blog.wtransnet.com\/es\/wconnecta-llega-a-barcelona-con-asistencia-de-mil-profesionales-del-transporte\/#primaryimage\"},\"thumbnailUrl\":\"https:\/\/blog.wtransnet.com\/es\/wp-content\/uploads\/sites\/2\/2016\/10\/wconnecta-barcelona-networking-transporte.png\",\"datePublished\":\"2016-10-13T14:23:58+00:00\",\"dateModified\":\"2017-07-18T06:50:15+00:00\",\"author\":{\"@id\":\"https:\/\/blog.wtransnet.com\/es\/#\/schema\/person\/72e72ba89ffa96d0d5f7e50a6af29d29\"},\"breadcrumb\":{\"@id\":\"https:\/\/blog.wtransnet.com\/es\/wconnecta-llega-a-barcelona-con-asistencia-de-mil-profesionales-del-transporte\/#breadcrumb\"},\"inLanguage\":\"es\",\"potentialAction\":[{\"@type\":\"ReadAction\",\"target\":[\"https:\/\/blog.wtransnet.com\/es\/wconnecta-llega-a-barcelona-con-asistencia-de-mil-profesionales-del-transporte\/\"]}]},{\"@type\":\"ImageObject\",\"inLanguage\":\"es\",\"@id\":\"https:\/\/blog.wtransnet.com\/es\/wconnecta-llega-a-barcelona-con-asistencia-de-mil-profesionales-del-transporte\/#primaryimage\",\"url\":\"https:\/\/blog.wtransnet.com\/es\/wp-content\/uploads\/sites\/2\/2016\/10\/wconnecta-barcelona-networking-transporte.png\",\"contentUrl\":\"https:\/\/blog.wtransnet.com\/es\/wp-content\/uploads\/sites\/2\/2016\/10\/wconnecta-barcelona-networking-transporte.png\",\"width\":290,\"height\":250,\"caption\":\"WConnecta Barcelona 2016\"},{\"@type\":\"BreadcrumbList\",\"@id\":\"https:\/\/blog.wtransnet.com\/es\/wconnecta-llega-a-barcelona-con-asistencia-de-mil-profesionales-del-transporte\/#breadcrumb\",\"itemListElement\":[{\"@type\":\"ListItem\",\"position\":1,\"name\":\"Portada\",\"item\":\"https:\/\/blog.wtransnet.com\/es\/\"},{\"@type\":\"ListItem\",\"position\":2,\"name\":\"WConnecta llega a Barcelona el 11 de noviembre con una previsi\u00f3n de participaci\u00f3n de 1.000 profesionales del transporte de toda Europa\"}]},{\"@type\":\"WebSite\",\"@id\":\"https:\/\/blog.wtransnet.com\/es\/#website\",\"url\":\"https:\/\/blog.wtransnet.com\/es\/\",\"name\":\"Blog Wtransnet Espa\u00f1a\",\"description\":\"Blog Wtransnet: Noticias de transporte, log\u00edstica y bolsa de cargas en Espa\u00f1a y Europa.\",\"potentialAction\":[{\"@type\":\"SearchAction\",\"target\":{\"@type\":\"EntryPoint\",\"urlTemplate\":\"https:\/\/blog.wtransnet.com\/es\/?s={search_term_string}\"},\"query-input\":{\"@type\":\"PropertyValueSpecification\",\"valueRequired\":true,\"valueName\":\"search_term_string\"}}],\"inLanguage\":\"es\"},{\"@type\":\"Person\",\"@id\":\"https:\/\/blog.wtransnet.com\/es\/#\/schema\/person\/72e72ba89ffa96d0d5f7e50a6af29d29\",\"name\":\"Edgar Compte Reollo\",\"image\":{\"@type\":\"ImageObject\",\"inLanguage\":\"es\",\"@id\":\"https:\/\/blog.wtransnet.com\/es\/#\/schema\/person\/image\/\",\"url\":\"https:\/\/secure.gravatar.com\/avatar\/cdef3ab443cd703d80f8618c041e62e3338cd7adb52bb56655047a411be15900?s=96&d=mm&r=g\",\"contentUrl\":\"https:\/\/secure.gravatar.com\/avatar\/cdef3ab443cd703d80f8618c041e62e3338cd7adb52bb56655047a411be15900?s=96&d=mm&r=g\",\"caption\":\"Edgar Compte Reollo\"},\"url\":\"https:\/\/blog.wtransnet.com\/es\/author\/ecompte\/\"}]}<\/script>\n<!-- \/ Yoast SEO plugin. -->","yoast_head_json":{"title":"WConnecta llega a Barcelona el 11 de noviembre con una previsi\u00f3n de participaci\u00f3n de 1.000 profesionales del transporte de toda Europa - Blog Wtransnet Espa\u00f1a","robots":{"index":"index","follow":"follow","max-snippet":"max-snippet:-1","max-image-preview":"max-image-preview:large","max-video-preview":"max-video-preview:-1"},"canonical":"https:\/\/blog.wtransnet.com\/es\/wconnecta-llega-a-barcelona-con-asistencia-de-mil-profesionales-del-transporte\/","og_locale":"es_ES","og_type":"article","og_title":"WConnecta llega a Barcelona el 11 de noviembre con una previsi\u00f3n de participaci\u00f3n de 1.000 profesionales del transporte de toda Europa - Blog Wtransnet Espa\u00f1a","og_description":"WConnecta, el encuentro internacional de profesionales del transporte organizado por la Fundaci\u00f3n Wtransnet, celebra su s\u00e9ptima edici\u00f3n el pr\u00f3ximo 11 de noviembre, con una asistencia prevista de 1.000 profesionales del transporte de mercanc\u00edas provenientes de toda Europa. A falta de un mes para la celebraci\u00f3n del encuentro de transporte m\u00e1s importante de Europa, el ritmo &hellip;","og_url":"https:\/\/blog.wtransnet.com\/es\/wconnecta-llega-a-barcelona-con-asistencia-de-mil-profesionales-del-transporte\/","og_site_name":"Blog Wtransnet Espa\u00f1a","article_published_time":"2016-10-13T14:23:58+00:00","article_modified_time":"2017-07-18T06:50:15+00:00","og_image":[{"width":290,"height":250,"url":"https:\/\/blog.wtransnet.com\/es\/wp-content\/uploads\/sites\/2\/2016\/10\/wconnecta-barcelona-networking-transporte.png","type":"image\/png"}],"author":"Edgar Compte Reollo","twitter_card":"summary_large_image","twitter_misc":{"Escrito por":"Edgar Compte Reollo","Tiempo de lectura":"3 minutos"},"schema":{"@context":"https:\/\/schema.org","@graph":[{"@type":"Article","@id":"https:\/\/blog.wtransnet.com\/es\/wconnecta-llega-a-barcelona-con-asistencia-de-mil-profesionales-del-transporte\/#article","isPartOf":{"@id":"https:\/\/blog.wtransnet.com\/es\/wconnecta-llega-a-barcelona-con-asistencia-de-mil-profesionales-del-transporte\/"},"author":{"name":"Edgar Compte Reollo","@id":"https:\/\/blog.wtransnet.com\/es\/#\/schema\/person\/72e72ba89ffa96d0d5f7e50a6af29d29"},"headline":"WConnecta llega a Barcelona el 11 de noviembre con una previsi\u00f3n de participaci\u00f3n de 1.000 profesionales del transporte de toda Europa","datePublished":"2016-10-13T14:23:58+00:00","dateModified":"2017-07-18T06:50:15+00:00","mainEntityOfPage":{"@id":"https:\/\/blog.wtransnet.com\/es\/wconnecta-llega-a-barcelona-con-asistencia-de-mil-profesionales-del-transporte\/"},"wordCount":567,"commentCount":0,"image":{"@id":"https:\/\/blog.wtransnet.com\/es\/wconnecta-llega-a-barcelona-con-asistencia-de-mil-profesionales-del-transporte\/#primaryimage"},"thumbnailUrl":"https:\/\/blog.wtransnet.com\/es\/wp-content\/uploads\/sites\/2\/2016\/10\/wconnecta-barcelona-networking-transporte.png","keywords":["bolsas de cargas","camiones","cargas","carretera","colaboradores transporte","contrataci\u00f3n transporte","eventos","fundacion-wtransnet","mercanc\u00edas","networking","speed networking","transporte","wconnecta"],"articleSection":["Fundaci\u00f3n","WConnecta"],"inLanguage":"es","potentialAction":[{"@type":"CommentAction","name":"Comment","target":["https:\/\/blog.wtransnet.com\/es\/wconnecta-llega-a-barcelona-con-asistencia-de-mil-profesionales-del-transporte\/#respond"]}]},{"@type":"WebPage","@id":"https:\/\/blog.wtransnet.com\/es\/wconnecta-llega-a-barcelona-con-asistencia-de-mil-profesionales-del-transporte\/","url":"https:\/\/blog.wtransnet.com\/es\/wconnecta-llega-a-barcelona-con-asistencia-de-mil-profesionales-del-transporte\/","name":"WConnecta llega a Barcelona el 11 de noviembre con una previsi\u00f3n de participaci\u00f3n de 1.000 profesionales del transporte de toda Europa - Blog Wtransnet Espa\u00f1a","isPartOf":{"@id":"https:\/\/blog.wtransnet.com\/es\/#website"},"primaryImageOfPage":{"@id":"https:\/\/blog.wtransnet.com\/es\/wconnecta-llega-a-barcelona-con-asistencia-de-mil-profesionales-del-transporte\/#primaryimage"},"image":{"@id":"https:\/\/blog.wtransnet.com\/es\/wconnecta-llega-a-barcelona-con-asistencia-de-mil-profesionales-del-transporte\/#primaryimage"},"thumbnailUrl":"https:\/\/blog.wtransnet.com\/es\/wp-content\/uploads\/sites\/2\/2016\/10\/wconnecta-barcelona-networking-transporte.png","datePublished":"2016-10-13T14:23:58+00:00","dateModified":"2017-07-18T06:50:15+00:00","author":{"@id":"https:\/\/blog.wtransnet.com\/es\/#\/schema\/person\/72e72ba89ffa96d0d5f7e50a6af29d29"},"breadcrumb":{"@id":"https:\/\/blog.wtransnet.com\/es\/wconnecta-llega-a-barcelona-con-asistencia-de-mil-profesionales-del-transporte\/#breadcrumb"},"inLanguage":"es","potentialAction":[{"@type":"ReadAction","target":["https:\/\/blog.wtransnet.com\/es\/wconnecta-llega-a-barcelona-con-asistencia-de-mil-profesionales-del-transporte\/"]}]},{"@type":"ImageObject","inLanguage":"es","@id":"https:\/\/blog.wtransnet.com\/es\/wconnecta-llega-a-barcelona-con-asistencia-de-mil-profesionales-del-transporte\/#primaryimage","url":"https:\/\/blog.wtransnet.com\/es\/wp-content\/uploads\/sites\/2\/2016\/10\/wconnecta-barcelona-networking-transporte.png","contentUrl":"https:\/\/blog.wtransnet.com\/es\/wp-content\/uploads\/sites\/2\/2016\/10\/wconnecta-barcelona-networking-transporte.png","width":290,"height":250,"caption":"WConnecta Barcelona 2016"},{"@type":"BreadcrumbList","@id":"https:\/\/blog.wtransnet.com\/es\/wconnecta-llega-a-barcelona-con-asistencia-de-mil-profesionales-del-transporte\/#breadcrumb","itemListElement":[{"@type":"ListItem","position":1,"name":"Portada","item":"https:\/\/blog.wtransnet.com\/es\/"},{"@type":"ListItem","position":2,"name":"WConnecta llega a Barcelona el 11 de noviembre con una previsi\u00f3n de participaci\u00f3n de 1.000 profesionales del transporte de toda Europa"}]},{"@type":"WebSite","@id":"https:\/\/blog.wtransnet.com\/es\/#website","url":"https:\/\/blog.wtransnet.com\/es\/","name":"Blog Wtransnet Espa\u00f1a","description":"Blog Wtransnet: Noticias de transporte, log\u00edstica y bolsa de cargas en Espa\u00f1a y Europa.","potentialAction":[{"@type":"SearchAction","target":{"@type":"EntryPoint","urlTemplate":"https:\/\/blog.wtransnet.com\/es\/?s={search_term_string}"},"query-input":{"@type":"PropertyValueSpecification","valueRequired":true,"valueName":"search_term_string"}}],"inLanguage":"es"},{"@type":"Person","@id":"https:\/\/blog.wtransnet.com\/es\/#\/schema\/person\/72e72ba89ffa96d0d5f7e50a6af29d29","name":"Edgar Compte Reollo","image":{"@type":"ImageObject","inLanguage":"es","@id":"https:\/\/blog.wtransnet.com\/es\/#\/schema\/person\/image\/","url":"https:\/\/secure.gravatar.com\/avatar\/cdef3ab443cd703d80f8618c041e62e3338cd7adb52bb56655047a411be15900?s=96&d=mm&r=g","contentUrl":"https:\/\/secure.gravatar.com\/avatar\/cdef3ab443cd703d80f8618c041e62e3338cd7adb52bb56655047a411be15900?s=96&d=mm&r=g","caption":"Edgar Compte Reollo"},"url":"https:\/\/blog.wtransnet.com\/es\/author\/ecompte\/"}]}},"_links":{"self":[{"href":"https:\/\/blog.wtransnet.com\/es\/wp-json\/wp\/v2\/posts\/4799","targetHints":{"allow":["GET"]}}],"collection":[{"href":"https:\/\/blog.wtransnet.com\/es\/wp-json\/wp\/v2\/posts"}],"about":[{"href":"https:\/\/blog.wtransnet.com\/es\/wp-json\/wp\/v2\/types\/post"}],"author":[{"embeddable":true,"href":"https:\/\/blog.wtransnet.com\/es\/wp-json\/wp\/v2\/users\/2"}],"replies":[{"embeddable":true,"href":"https:\/\/blog.wtransnet.com\/es\/wp-json\/wp\/v2\/comments?post=4799"}],"version-history":[{"count":3,"href":"https:\/\/blog.wtransnet.com\/es\/wp-json\/wp\/v2\/posts\/4799\/revisions"}],"predecessor-version":[{"id":4805,"href":"https:\/\/blog.wtransnet.com\/es\/wp-json\/wp\/v2\/posts\/4799\/revisions\/4805"}],"wp:featuredmedia":[{"embeddable":true,"href":"https:\/\/blog.wtransnet.com\/es\/wp-json\/wp\/v2\/media\/4802"}],"wp:attachment":[{"href":"https:\/\/blog.wtransnet.com\/es\/wp-json\/wp\/v2\/media?parent=4799"}],"wp:term":[{"taxonomy":"category","embeddable":true,"href":"https:\/\/blog.wtransnet.com\/es\/wp-json\/wp\/v2\/categories?post=4799"},{"taxonomy":"post_tag","embeddable":true,"href":"https:\/\/blog.wtransnet.com\/es\/wp-json\/wp\/v2\/tags?post=4799"}],"curies":[{"name":"wp","href":"https:\/\/api.w.org\/{rel}","templated":true}]}}