{"id":7319,"date":"2017-09-25T13:24:47","date_gmt":"2017-09-25T13:24:47","guid":{"rendered":"https:\/\/blog.wtransnet.com\/es\/?p=7319"},"modified":"2017-09-26T06:35:28","modified_gmt":"2017-09-26T06:35:28","slug":"entrevista-belen-baldomir-transportista-autonoma","status":"publish","type":"post","link":"https:\/\/blog.wtransnet.com\/es\/entrevista-belen-baldomir-transportista-autonoma\/","title":{"rendered":"\u201cSiendo mujer y ch\u00f3fer tienes que hacerlo todo bien, si no, te mandan para casa\u201d"},"content":{"rendered":"<p>Conoc\u00ed a <strong>Mar\u00eda Bel\u00e9n Baldomir<\/strong> de casualidad, tras interceptar una consulta suya en el <strong>Buz\u00f3n Jur\u00eddico<\/strong> sobre la <a href=\"https:\/\/blog.wtransnet.com\/es\/entra-en-vigor-la-ley-macron-salario-minimo-frances\/\">Ley Macron<\/a>. Algo me hac\u00eda sospechar, por su modo de hablar, que Bel\u00e9n sab\u00eda m\u00e1s de camiones de lo que aparentaba. \u00a1Y vaya s\u00ed sab\u00eda! Me encontraba ante una de las pocas mujeres asociadas de <strong>Wtransnet<\/strong> que van a bordo de una cabina. Quiz\u00e1s no deber\u00edamos sorprendernos tanto cuando encontramos una <strong>mujer al volante<\/strong> de un tr\u00e1iler pero la realidad es que no es tan com\u00fan como puede parecer.<\/p>\n<p>Natural de Carballo (A Coru\u00f1a),\u00a0 madre de dos hijos, Mar\u00eda Bel\u00e9n lleva m\u00e1s de 14 a\u00f1os en el mundo del <strong>transporte <\/strong>como <strong>aut\u00f3noma<\/strong>. Su ruta habitual es <strong>A Coru\u00f1a &#8211; B\u00e9lgica<\/strong> para el cual tiene un viaje semanal con un cliente fijo.\u00a0 Las vueltas no las tiene siempre cubiertas, de ah\u00ed que se asociara a <a href=\"http:\/\/www.wtransnet.com\/es\/\">Wtransnet<\/a> en 2005. Es de las veteranas.<\/p>\n<p>Las <strong>jornadas formativas<\/strong> de la <a href=\"http:\/\/www.wtransnet.org\/\">Fundaci\u00f3n Wtransnet<\/a> nos han llevado recientemente a <strong>Vigo<\/strong>, de modo que no perdimos la ocasi\u00f3n de conocerla en persona. De haberme cruzado con ella en otro contexto, jam\u00e1s hubiera dicho que era <strong>camionera<\/strong>, como ella misma se denomina. Su escaso metro cincuenta hace que cueste visualizarla maniobrando un cami\u00f3n. Consciente de ello, nos explica que cuando iba a la autoescuela a hacer pr\u00e1cticas todos se re\u00edan al verla ponerse en pie para hacer la cl\u00e1sica maniobra de examen de la \u201cL\u201d.<\/p>\n<p><img loading=\"lazy\" decoding=\"async\" class=\"aligncenter size-full wp-image-7322\" src=\"https:\/\/blog.wtransnet.com\/es\/wp-content\/uploads\/sites\/2\/2017\/09\/maria-belen-baldomir-mujer-transportista-wtransnet.jpg\" alt=\"maria-belen-baldomir-mujer-transportista-wtransnet\" width=\"500\" height=\"300\" \/><\/p>\n<p>&nbsp;<\/p>\n<p>Desde que nos hemos saludado, me muero de ganas de preguntarle c\u00f3mo ha acabado siendo camionera. Me responde<em>: \u201cLa cl\u00e1sica historia\u201d<\/em>. Lo primero que me viene a la cabeza es que procede de una familia de tradici\u00f3n transportista, ya sab\u00e9is, negocio familiar que pasa de padres a hijos, etc. Nada m\u00e1s lejos de la realidad<em>: \u201cMe met\u00ed en ello con mi ex-marido. Yo era modista y \u00e9l soldador pero siempre le hab\u00edan gustado los camiones. Nos sacamos los carnets y yo adem\u00e1s me hice con el t\u00edtulo de transportista. Nos compramos una cabeza tractora de segunda mano para trabajar al enganche. Cuando nos divorciamos, como el cami\u00f3n y la OT estaban a mi nombre, decid\u00ed quedarme con la empresa\u201d<\/em>. No fueron tiempos f\u00e1ciles, ya que se vio sola para hacer frente a los pagos de la letra del cami\u00f3n:<\/p>\n<blockquote><p><em>\u201cTuve que luchar mucho para salir adelante, nadie se imagina lo que he luchado y sigo luchando\u201d. <\/em><\/p><\/blockquote>\n<p>Entre risas a\u00f1ade que antes de \u00e9l ya com\u00eda as\u00ed que por qu\u00e9 no iba a ser capaz de seguir subi\u00e9ndose al cami\u00f3n.\u00a0 Y vaya si lo hizo, as\u00ed son las gallegas.<\/p>\n<p>No suele viajar sola, no porque no se sienta capaz, al contrario, pero la ruta que hace exige dos ch\u00f3feres en cabina para poder conducir las horas reglamentarias y volver a casa en una semana. Contratar a un ch\u00f3fer tampoco ha sido f\u00e1cil. El hecho de ser la jefa siendo mujer no siempre le ha facilitado las cosas: <em>\u201cMe ha costado lidiar con ellos. Con 14 a\u00f1os de ruta a mis espaldas, quieren ser ellos los jefes, hasta el punto de tener que decirles que parece que se han cambiado los papeles\u201d. <\/em>\u00a0&#8211; <em>\u00bfA m\u00ed me vas a ense\u00f1ar a llevar un cami\u00f3n? &#8211; Pues seguramente no, pero a moverte por ah\u00ed fuera, s\u00ed.<\/em> Siempre responde. No suelen aceptar de buen grado que les diga que han hecho algo mal: <em>\u201cm\u00e1s de una vez he tenido que recordarles que soy yo la que paga<\/em>\u201d.<\/p>\n<p>&nbsp;<\/p>\n<p><img loading=\"lazy\" decoding=\"async\" class=\"aligncenter size-full wp-image-7323\" src=\"https:\/\/blog.wtransnet.com\/es\/wp-content\/uploads\/sites\/2\/2017\/09\/mujer-camionera-transporte-mercancias-carretera.jpg\" alt=\"mujer-camionera-transporte-mercancias-carretera\" width=\"500\" height=\"500\" \/><\/p>\n<p>&nbsp;<\/p>\n<p>Tambi\u00e9n nos explica que a veces le ha resultado dif\u00edcil contratar ch\u00f3feres porque, siendo mujer y teniendo que pasar tantas horas en la cabina, algunos prefer\u00edan no hacerlo por estar casados o tener pareja.<\/p>\n<p>Adem\u00e1s de estos inconvenientes y pese a reconocer que este mundo no est\u00e1 hecho para la mujer, nos dice no haber sufrido nunca <strong>discriminaci\u00f3n<\/strong> y que ella prefiere trabajar con hombres <em>\u201cque son mejor compa\u00f1eros\u201d.<\/em> Lo que s\u00ed reconoce es que siendo mujer te exigen m\u00e1s:<\/p>\n<blockquote><p><em>\u201cTienes que hacerlo todo porque, si no, te mandan r\u00e1pido para casa\u201d.<\/em><\/p><\/blockquote>\n<p>No sabe <strong>idiomas<\/strong>, pero ella se apa\u00f1a. Dice que en espa\u00f1ol y con se\u00f1as puedes llegar a cualquier parte. Un d\u00eda su cliente le sugiri\u00f3 que aprendiera holand\u00e9s y se busc\u00f3 una profesora pero con esos horarios se le hac\u00eda dif\u00edcil as\u00ed que acab\u00f3 con un curso grabado en casete escuch\u00e1ndolo en la cabina. Tir\u00f3 la toalla.<\/p>\n<p>Su semblante risue\u00f1o y lleno de luz se oscurece un poco al hablar de las horas que pasas en la <strong>carretera<\/strong>, que dan para pensar mucho.<\/p>\n<blockquote><p><em>\u201cLa soledad, la falta de rutina, el no llegar a casa todas las noches, el marcharte un domingo y volver con suerte un jueves \u00bfqu\u00e9 vida es esa? Te tiene que gustar porque si no\u2026, no lo aguantas\u201d. \u00a0<\/em><\/p><\/blockquote>\n<p>A pesar de ello, l<strong>e gustar\u00eda que alguno de sus dos hijos siguiera con la empresa<\/strong>: el mayor, de 26, empez\u00f3 a sacarse el carnet e incluso obtuvo la capacitaci\u00f3n, pero al final lo dej\u00f3 porque con 22 a\u00f1os abri\u00f3 su propia empresa. Y la hija menor, de 21, parec\u00eda interesarle de peque\u00f1a pero, tras sacarse el carnet de conducir, se desanim\u00f3. A pesar de no seguir sus pasos, sus hijos la apoyan much\u00edsimo y saben que no es f\u00e1cil lo que hace su madre. Pero qui\u00e9n sabe, la vida da muchas vueltas, Mar\u00eda Bel\u00e9n, \u00a1que te lo digan a ti!<\/p>\n<p>Por lo pronto, ella sigue al pie del ca\u00f1\u00f3n, o a bordo de la cabina, sin nadie que le tosa y con el mismo \u00edmpetu de cuando empez\u00f3. Nos despedimos de ella. Gracias, Maria Bel\u00e9n, por tu testimonio. No est\u00e1s sola, hay m\u00e1s <strong>mujeres al volante<\/strong>, las puedes conocer <a href=\"https:\/\/blog.wtransnet.com\/es\/de-profesion-camionera-cada-dia-mas-mujeres-al-volante-2\/\">aqu\u00ed<\/a>.<\/p>\n","protected":false},"excerpt":{"rendered":"<p>Conoc\u00ed a Mar\u00eda Bel\u00e9n Baldomir de casualidad, tras interceptar una consulta suya en el Buz\u00f3n Jur\u00eddico sobre la Ley Macron. Algo me hac\u00eda sospechar, por su modo de hablar, que Bel\u00e9n sab\u00eda m\u00e1s de camiones de lo que aparentaba. \u00a1Y vaya s\u00ed sab\u00eda! Me encontraba ante una de las pocas mujeres asociadas de Wtransnet que &hellip;<\/p>\n","protected":false},"author":2,"featured_media":7320,"comment_status":"open","ping_status":"open","sticky":false,"template":"","format":"standard","meta":{"_monsterinsights_skip_tracking":false,"_monsterinsights_sitenote_active":false,"_monsterinsights_sitenote_note":"","_monsterinsights_sitenote_category":0,"footnotes":""},"categories":[91,515,43,87],"tags":[103,1356,1353,101,1112,1354,1351,1352,1355,130,328,104],"class_list":["post-7319","post","type-post","status-publish","format-standard","has-post-thumbnail","","category-fundacion-wtransnet","category-jornadas-formativas","category-transporte","category-wtransnet","tag-bolsa-de-cargas","tag-clientes-de-wtransnet","tag-entrevista-transportista","tag-fundacion-wtransnet","tag-jornadas-formativas","tag-maria-belen-baldomir","tag-mujer-transportista","tag-mujeres-al-volante","tag-ser-mujer","tag-transporte","tag-transporte-de-mercancias-por-carretera","tag-wtransnet"],"yoast_head":"<!-- This site is optimized with the Yoast SEO plugin v26.9 - https:\/\/yoast.com\/product\/yoast-seo-wordpress\/ -->\n<title>Entrevista a Bel\u00e9n Baldomir, aut\u00f3noma transportista | Blog Wtransnet<\/title>\n<meta name=\"description\" content=\"Os presentamos a una mujer luchadora, que al volante de su cami\u00f3n trae consigo una historia de lucha por seguir adelante como transportista aut\u00f3noma.\" \/>\n<meta name=\"robots\" content=\"index, follow, max-snippet:-1, max-image-preview:large, max-video-preview:-1\" \/>\n<link rel=\"canonical\" href=\"https:\/\/blog.wtransnet.com\/es\/entrevista-belen-baldomir-transportista-autonoma\/\" \/>\n<meta property=\"og:locale\" content=\"es_ES\" \/>\n<meta property=\"og:type\" content=\"article\" \/>\n<meta property=\"og:title\" content=\"Entrevista a Bel\u00e9n Baldomir, aut\u00f3noma transportista | Blog Wtransnet\" \/>\n<meta property=\"og:description\" content=\"Os presentamos a una mujer luchadora, que al volante de su cami\u00f3n trae consigo una historia de lucha por seguir adelante como transportista aut\u00f3noma.\" \/>\n<meta property=\"og:url\" content=\"https:\/\/blog.wtransnet.com\/es\/entrevista-belen-baldomir-transportista-autonoma\/\" \/>\n<meta property=\"og:site_name\" content=\"Blog Wtransnet Espa\u00f1a\" \/>\n<meta property=\"article:published_time\" content=\"2017-09-25T13:24:47+00:00\" \/>\n<meta property=\"article:modified_time\" content=\"2017-09-26T06:35:28+00:00\" \/>\n<meta property=\"og:image\" content=\"https:\/\/blog.wtransnet.com\/es\/wp-content\/uploads\/sites\/2\/2017\/09\/transportes-belen-mujer-camionera.jpg\" \/>\n\t<meta property=\"og:image:width\" content=\"300\" \/>\n\t<meta property=\"og:image:height\" content=\"170\" \/>\n\t<meta property=\"og:image:type\" content=\"image\/jpeg\" \/>\n<meta name=\"author\" content=\"Edgar Compte Reollo\" \/>\n<meta name=\"twitter:card\" content=\"summary_large_image\" \/>\n<meta name=\"twitter:label1\" content=\"Escrito por\" \/>\n\t<meta name=\"twitter:data1\" content=\"Edgar Compte Reollo\" \/>\n\t<meta name=\"twitter:label2\" content=\"Tiempo de lectura\" \/>\n\t<meta name=\"twitter:data2\" content=\"5 minutos\" \/>\n<script type=\"application\/ld+json\" class=\"yoast-schema-graph\">{\"@context\":\"https:\/\/schema.org\",\"@graph\":[{\"@type\":\"Article\",\"@id\":\"https:\/\/blog.wtransnet.com\/es\/entrevista-belen-baldomir-transportista-autonoma\/#article\",\"isPartOf\":{\"@id\":\"https:\/\/blog.wtransnet.com\/es\/entrevista-belen-baldomir-transportista-autonoma\/\"},\"author\":{\"name\":\"Edgar Compte Reollo\",\"@id\":\"https:\/\/blog.wtransnet.com\/es\/#\/schema\/person\/72e72ba89ffa96d0d5f7e50a6af29d29\"},\"headline\":\"\u201cSiendo mujer y ch\u00f3fer tienes que hacerlo todo bien, si no, te mandan para casa\u201d\",\"datePublished\":\"2017-09-25T13:24:47+00:00\",\"dateModified\":\"2017-09-26T06:35:28+00:00\",\"mainEntityOfPage\":{\"@id\":\"https:\/\/blog.wtransnet.com\/es\/entrevista-belen-baldomir-transportista-autonoma\/\"},\"wordCount\":1026,\"commentCount\":0,\"image\":{\"@id\":\"https:\/\/blog.wtransnet.com\/es\/entrevista-belen-baldomir-transportista-autonoma\/#primaryimage\"},\"thumbnailUrl\":\"https:\/\/blog.wtransnet.com\/es\/wp-content\/uploads\/sites\/2\/2017\/09\/transportes-belen-mujer-camionera.jpg\",\"keywords\":[\"bolsa de cargas\",\"clientes de wtransnet\",\"entrevista transportista\",\"fundacion-wtransnet\",\"Jornadas Formativas\",\"mar\u00eda bel\u00e9n baldomir\",\"mujer transportista\",\"mujeres al volante\",\"ser mujer\",\"transporte\",\"transporte de mercanc\u00edas por carretera\",\"wtransnet\"],\"articleSection\":[\"Fundaci\u00f3n Wtransnet\",\"Jornadas Formativas\",\"Transporte\",\"Wtransnet\"],\"inLanguage\":\"es\",\"potentialAction\":[{\"@type\":\"CommentAction\",\"name\":\"Comment\",\"target\":[\"https:\/\/blog.wtransnet.com\/es\/entrevista-belen-baldomir-transportista-autonoma\/#respond\"]}]},{\"@type\":\"WebPage\",\"@id\":\"https:\/\/blog.wtransnet.com\/es\/entrevista-belen-baldomir-transportista-autonoma\/\",\"url\":\"https:\/\/blog.wtransnet.com\/es\/entrevista-belen-baldomir-transportista-autonoma\/\",\"name\":\"Entrevista a Bel\u00e9n Baldomir, aut\u00f3noma transportista | Blog Wtransnet\",\"isPartOf\":{\"@id\":\"https:\/\/blog.wtransnet.com\/es\/#website\"},\"primaryImageOfPage\":{\"@id\":\"https:\/\/blog.wtransnet.com\/es\/entrevista-belen-baldomir-transportista-autonoma\/#primaryimage\"},\"image\":{\"@id\":\"https:\/\/blog.wtransnet.com\/es\/entrevista-belen-baldomir-transportista-autonoma\/#primaryimage\"},\"thumbnailUrl\":\"https:\/\/blog.wtransnet.com\/es\/wp-content\/uploads\/sites\/2\/2017\/09\/transportes-belen-mujer-camionera.jpg\",\"datePublished\":\"2017-09-25T13:24:47+00:00\",\"dateModified\":\"2017-09-26T06:35:28+00:00\",\"author\":{\"@id\":\"https:\/\/blog.wtransnet.com\/es\/#\/schema\/person\/72e72ba89ffa96d0d5f7e50a6af29d29\"},\"description\":\"Os presentamos a una mujer luchadora, que al volante de su cami\u00f3n trae consigo una historia de lucha por seguir adelante como transportista aut\u00f3noma.\",\"breadcrumb\":{\"@id\":\"https:\/\/blog.wtransnet.com\/es\/entrevista-belen-baldomir-transportista-autonoma\/#breadcrumb\"},\"inLanguage\":\"es\",\"potentialAction\":[{\"@type\":\"ReadAction\",\"target\":[\"https:\/\/blog.wtransnet.com\/es\/entrevista-belen-baldomir-transportista-autonoma\/\"]}]},{\"@type\":\"ImageObject\",\"inLanguage\":\"es\",\"@id\":\"https:\/\/blog.wtransnet.com\/es\/entrevista-belen-baldomir-transportista-autonoma\/#primaryimage\",\"url\":\"https:\/\/blog.wtransnet.com\/es\/wp-content\/uploads\/sites\/2\/2017\/09\/transportes-belen-mujer-camionera.jpg\",\"contentUrl\":\"https:\/\/blog.wtransnet.com\/es\/wp-content\/uploads\/sites\/2\/2017\/09\/transportes-belen-mujer-camionera.jpg\",\"width\":300,\"height\":170},{\"@type\":\"BreadcrumbList\",\"@id\":\"https:\/\/blog.wtransnet.com\/es\/entrevista-belen-baldomir-transportista-autonoma\/#breadcrumb\",\"itemListElement\":[{\"@type\":\"ListItem\",\"position\":1,\"name\":\"Portada\",\"item\":\"https:\/\/blog.wtransnet.com\/es\/\"},{\"@type\":\"ListItem\",\"position\":2,\"name\":\"\u201cSiendo mujer y ch\u00f3fer tienes que hacerlo todo bien, si no, te mandan para casa\u201d\"}]},{\"@type\":\"WebSite\",\"@id\":\"https:\/\/blog.wtransnet.com\/es\/#website\",\"url\":\"https:\/\/blog.wtransnet.com\/es\/\",\"name\":\"Blog Wtransnet Espa\u00f1a\",\"description\":\"Blog Wtransnet: Noticias de transporte, log\u00edstica y bolsa de cargas en Espa\u00f1a y Europa.\",\"potentialAction\":[{\"@type\":\"SearchAction\",\"target\":{\"@type\":\"EntryPoint\",\"urlTemplate\":\"https:\/\/blog.wtransnet.com\/es\/?s={search_term_string}\"},\"query-input\":{\"@type\":\"PropertyValueSpecification\",\"valueRequired\":true,\"valueName\":\"search_term_string\"}}],\"inLanguage\":\"es\"},{\"@type\":\"Person\",\"@id\":\"https:\/\/blog.wtransnet.com\/es\/#\/schema\/person\/72e72ba89ffa96d0d5f7e50a6af29d29\",\"name\":\"Edgar Compte Reollo\",\"image\":{\"@type\":\"ImageObject\",\"inLanguage\":\"es\",\"@id\":\"https:\/\/blog.wtransnet.com\/es\/#\/schema\/person\/image\/\",\"url\":\"https:\/\/secure.gravatar.com\/avatar\/cdef3ab443cd703d80f8618c041e62e3338cd7adb52bb56655047a411be15900?s=96&d=mm&r=g\",\"contentUrl\":\"https:\/\/secure.gravatar.com\/avatar\/cdef3ab443cd703d80f8618c041e62e3338cd7adb52bb56655047a411be15900?s=96&d=mm&r=g\",\"caption\":\"Edgar Compte Reollo\"},\"url\":\"https:\/\/blog.wtransnet.com\/es\/author\/ecompte\/\"}]}<\/script>\n<!-- \/ Yoast SEO plugin. -->","yoast_head_json":{"title":"Entrevista a Bel\u00e9n Baldomir, aut\u00f3noma transportista | Blog Wtransnet","description":"Os presentamos a una mujer luchadora, que al volante de su cami\u00f3n trae consigo una historia de lucha por seguir adelante como transportista aut\u00f3noma.","robots":{"index":"index","follow":"follow","max-snippet":"max-snippet:-1","max-image-preview":"max-image-preview:large","max-video-preview":"max-video-preview:-1"},"canonical":"https:\/\/blog.wtransnet.com\/es\/entrevista-belen-baldomir-transportista-autonoma\/","og_locale":"es_ES","og_type":"article","og_title":"Entrevista a Bel\u00e9n Baldomir, aut\u00f3noma transportista | Blog Wtransnet","og_description":"Os presentamos a una mujer luchadora, que al volante de su cami\u00f3n trae consigo una historia de lucha por seguir adelante como transportista aut\u00f3noma.","og_url":"https:\/\/blog.wtransnet.com\/es\/entrevista-belen-baldomir-transportista-autonoma\/","og_site_name":"Blog Wtransnet Espa\u00f1a","article_published_time":"2017-09-25T13:24:47+00:00","article_modified_time":"2017-09-26T06:35:28+00:00","og_image":[{"width":300,"height":170,"url":"https:\/\/blog.wtransnet.com\/es\/wp-content\/uploads\/sites\/2\/2017\/09\/transportes-belen-mujer-camionera.jpg","type":"image\/jpeg"}],"author":"Edgar Compte Reollo","twitter_card":"summary_large_image","twitter_misc":{"Escrito por":"Edgar Compte Reollo","Tiempo de lectura":"5 minutos"},"schema":{"@context":"https:\/\/schema.org","@graph":[{"@type":"Article","@id":"https:\/\/blog.wtransnet.com\/es\/entrevista-belen-baldomir-transportista-autonoma\/#article","isPartOf":{"@id":"https:\/\/blog.wtransnet.com\/es\/entrevista-belen-baldomir-transportista-autonoma\/"},"author":{"name":"Edgar Compte Reollo","@id":"https:\/\/blog.wtransnet.com\/es\/#\/schema\/person\/72e72ba89ffa96d0d5f7e50a6af29d29"},"headline":"\u201cSiendo mujer y ch\u00f3fer tienes que hacerlo todo bien, si no, te mandan para casa\u201d","datePublished":"2017-09-25T13:24:47+00:00","dateModified":"2017-09-26T06:35:28+00:00","mainEntityOfPage":{"@id":"https:\/\/blog.wtransnet.com\/es\/entrevista-belen-baldomir-transportista-autonoma\/"},"wordCount":1026,"commentCount":0,"image":{"@id":"https:\/\/blog.wtransnet.com\/es\/entrevista-belen-baldomir-transportista-autonoma\/#primaryimage"},"thumbnailUrl":"https:\/\/blog.wtransnet.com\/es\/wp-content\/uploads\/sites\/2\/2017\/09\/transportes-belen-mujer-camionera.jpg","keywords":["bolsa de cargas","clientes de wtransnet","entrevista transportista","fundacion-wtransnet","Jornadas Formativas","mar\u00eda bel\u00e9n baldomir","mujer transportista","mujeres al volante","ser mujer","transporte","transporte de mercanc\u00edas por carretera","wtransnet"],"articleSection":["Fundaci\u00f3n Wtransnet","Jornadas Formativas","Transporte","Wtransnet"],"inLanguage":"es","potentialAction":[{"@type":"CommentAction","name":"Comment","target":["https:\/\/blog.wtransnet.com\/es\/entrevista-belen-baldomir-transportista-autonoma\/#respond"]}]},{"@type":"WebPage","@id":"https:\/\/blog.wtransnet.com\/es\/entrevista-belen-baldomir-transportista-autonoma\/","url":"https:\/\/blog.wtransnet.com\/es\/entrevista-belen-baldomir-transportista-autonoma\/","name":"Entrevista a Bel\u00e9n Baldomir, aut\u00f3noma transportista | Blog Wtransnet","isPartOf":{"@id":"https:\/\/blog.wtransnet.com\/es\/#website"},"primaryImageOfPage":{"@id":"https:\/\/blog.wtransnet.com\/es\/entrevista-belen-baldomir-transportista-autonoma\/#primaryimage"},"image":{"@id":"https:\/\/blog.wtransnet.com\/es\/entrevista-belen-baldomir-transportista-autonoma\/#primaryimage"},"thumbnailUrl":"https:\/\/blog.wtransnet.com\/es\/wp-content\/uploads\/sites\/2\/2017\/09\/transportes-belen-mujer-camionera.jpg","datePublished":"2017-09-25T13:24:47+00:00","dateModified":"2017-09-26T06:35:28+00:00","author":{"@id":"https:\/\/blog.wtransnet.com\/es\/#\/schema\/person\/72e72ba89ffa96d0d5f7e50a6af29d29"},"description":"Os presentamos a una mujer luchadora, que al volante de su cami\u00f3n trae consigo una historia de lucha por seguir adelante como transportista aut\u00f3noma.","breadcrumb":{"@id":"https:\/\/blog.wtransnet.com\/es\/entrevista-belen-baldomir-transportista-autonoma\/#breadcrumb"},"inLanguage":"es","potentialAction":[{"@type":"ReadAction","target":["https:\/\/blog.wtransnet.com\/es\/entrevista-belen-baldomir-transportista-autonoma\/"]}]},{"@type":"ImageObject","inLanguage":"es","@id":"https:\/\/blog.wtransnet.com\/es\/entrevista-belen-baldomir-transportista-autonoma\/#primaryimage","url":"https:\/\/blog.wtransnet.com\/es\/wp-content\/uploads\/sites\/2\/2017\/09\/transportes-belen-mujer-camionera.jpg","contentUrl":"https:\/\/blog.wtransnet.com\/es\/wp-content\/uploads\/sites\/2\/2017\/09\/transportes-belen-mujer-camionera.jpg","width":300,"height":170},{"@type":"BreadcrumbList","@id":"https:\/\/blog.wtransnet.com\/es\/entrevista-belen-baldomir-transportista-autonoma\/#breadcrumb","itemListElement":[{"@type":"ListItem","position":1,"name":"Portada","item":"https:\/\/blog.wtransnet.com\/es\/"},{"@type":"ListItem","position":2,"name":"\u201cSiendo mujer y ch\u00f3fer tienes que hacerlo todo bien, si no, te mandan para casa\u201d"}]},{"@type":"WebSite","@id":"https:\/\/blog.wtransnet.com\/es\/#website","url":"https:\/\/blog.wtransnet.com\/es\/","name":"Blog Wtransnet Espa\u00f1a","description":"Blog Wtransnet: Noticias de transporte, log\u00edstica y bolsa de cargas en Espa\u00f1a y Europa.","potentialAction":[{"@type":"SearchAction","target":{"@type":"EntryPoint","urlTemplate":"https:\/\/blog.wtransnet.com\/es\/?s={search_term_string}"},"query-input":{"@type":"PropertyValueSpecification","valueRequired":true,"valueName":"search_term_string"}}],"inLanguage":"es"},{"@type":"Person","@id":"https:\/\/blog.wtransnet.com\/es\/#\/schema\/person\/72e72ba89ffa96d0d5f7e50a6af29d29","name":"Edgar Compte Reollo","image":{"@type":"ImageObject","inLanguage":"es","@id":"https:\/\/blog.wtransnet.com\/es\/#\/schema\/person\/image\/","url":"https:\/\/secure.gravatar.com\/avatar\/cdef3ab443cd703d80f8618c041e62e3338cd7adb52bb56655047a411be15900?s=96&d=mm&r=g","contentUrl":"https:\/\/secure.gravatar.com\/avatar\/cdef3ab443cd703d80f8618c041e62e3338cd7adb52bb56655047a411be15900?s=96&d=mm&r=g","caption":"Edgar Compte Reollo"},"url":"https:\/\/blog.wtransnet.com\/es\/author\/ecompte\/"}]}},"_links":{"self":[{"href":"https:\/\/blog.wtransnet.com\/es\/wp-json\/wp\/v2\/posts\/7319","targetHints":{"allow":["GET"]}}],"collection":[{"href":"https:\/\/blog.wtransnet.com\/es\/wp-json\/wp\/v2\/posts"}],"about":[{"href":"https:\/\/blog.wtransnet.com\/es\/wp-json\/wp\/v2\/types\/post"}],"author":[{"embeddable":true,"href":"https:\/\/blog.wtransnet.com\/es\/wp-json\/wp\/v2\/users\/2"}],"replies":[{"embeddable":true,"href":"https:\/\/blog.wtransnet.com\/es\/wp-json\/wp\/v2\/comments?post=7319"}],"version-history":[{"count":3,"href":"https:\/\/blog.wtransnet.com\/es\/wp-json\/wp\/v2\/posts\/7319\/revisions"}],"predecessor-version":[{"id":7325,"href":"https:\/\/blog.wtransnet.com\/es\/wp-json\/wp\/v2\/posts\/7319\/revisions\/7325"}],"wp:featuredmedia":[{"embeddable":true,"href":"https:\/\/blog.wtransnet.com\/es\/wp-json\/wp\/v2\/media\/7320"}],"wp:attachment":[{"href":"https:\/\/blog.wtransnet.com\/es\/wp-json\/wp\/v2\/media?parent=7319"}],"wp:term":[{"taxonomy":"category","embeddable":true,"href":"https:\/\/blog.wtransnet.com\/es\/wp-json\/wp\/v2\/categories?post=7319"},{"taxonomy":"post_tag","embeddable":true,"href":"https:\/\/blog.wtransnet.com\/es\/wp-json\/wp\/v2\/tags?post=7319"}],"curies":[{"name":"wp","href":"https:\/\/api.w.org\/{rel}","templated":true}]}}