{"id":7381,"date":"2017-10-27T10:18:24","date_gmt":"2017-10-27T10:18:24","guid":{"rendered":"https:\/\/blog.wtransnet.com\/es\/?p=7381"},"modified":"2017-10-27T10:21:28","modified_gmt":"2017-10-27T10:21:28","slug":"reviso-la-solucion-la-facturacion-la-gestion-contable-lider-europa","status":"publish","type":"post","link":"https:\/\/blog.wtransnet.com\/es\/reviso-la-solucion-la-facturacion-la-gestion-contable-lider-europa\/","title":{"rendered":"Reviso, la soluci\u00f3n para la facturaci\u00f3n y la gesti\u00f3n contable l\u00edder en Europa"},"content":{"rendered":"<p><strong>Wtransnet se integra y aconseja Reviso, la soluci\u00f3n para la facturaci\u00f3n y la gesti\u00f3n contable l\u00edder en Europa. <\/strong><\/p>\n<p>El software ha sido desarrollado por TeamSystem, uno de los 10 fabricantes de programas inform\u00e1ticos m\u00e1s importantes de Europa. \u00a1M\u00e1s de 100.000 usuarios utilizan ya la plataforma!<\/p>\n<p>&nbsp;<\/p>\n<p><img loading=\"lazy\" decoding=\"async\" class=\"aligncenter size-full wp-image-7382\" src=\"https:\/\/blog.wtransnet.com\/es\/wp-content\/uploads\/sites\/2\/2017\/10\/reviso-contabilidad-oferta-exclusiva-asociados-wtransnet.jpg\" alt=\"reviso-contabilidad-oferta-exclusiva-asociados-wtransnet\" width=\"660\" height=\"237\" \/><\/p>\n<p>&nbsp;<\/p>\n<h4><strong>Oferta reservada a los asociados de Wtransnet:<\/strong><\/h4>\n<p>33% \u00a0de descuento por la compra de REVISO hasta final de a\u00f1o (2017). Para beneficiarse de la promoci\u00f3n, indica <strong>el <\/strong><a href=\"http:\/\/context.reverso.net\/traduzione\/spagnolo-italiano\/indicar+el+c%C3%B3digo\"><em><strong>c\u00f3digo<\/strong><\/em><\/a><strong>: <\/strong><strong>WTRANSNET<\/strong><\/p>\n<p>\u00a1Pru\u00e9balo gratis durante 14 d\u00edas!<\/p>\n<p><a href=\"http:\/\/mailing.wtransnet.com\/2017\/email\/ES\/pdf\/oferta-especial-reviso-asociados-wtransnet.pdf\" target=\"_blank\"><strong>Desc\u00e1rgate toda la informaci\u00f3n aqu\u00ed.<\/strong><\/a><\/p>\n<p>www.reviso.com\/es<\/p>\n<p>&nbsp;<\/p>\n<p>&nbsp;<\/p>\n<p>&nbsp;<\/p>\n","protected":false},"excerpt":{"rendered":"<p>Wtransnet se integra y aconseja Reviso, la soluci\u00f3n para la facturaci\u00f3n y la gesti\u00f3n contable l\u00edder en Europa. El software ha sido desarrollado por TeamSystem, uno de los 10 fabricantes de programas inform\u00e1ticos m\u00e1s importantes de Europa. \u00a1M\u00e1s de 100.000 usuarios utilizan ya la plataforma! &nbsp; &nbsp; Oferta reservada a los asociados de Wtransnet: 33% &hellip;<\/p>\n","protected":false},"author":2,"featured_media":7382,"comment_status":"open","ping_status":"open","sticky":false,"template":"","format":"standard","meta":{"_monsterinsights_skip_tracking":false,"_monsterinsights_sitenote_active":false,"_monsterinsights_sitenote_note":"","_monsterinsights_sitenote_category":0,"footnotes":""},"categories":[47],"tags":[],"class_list":["post-7381","post","type-post","status-publish","format-standard","has-post-thumbnail","","category-ofertas-exclusivas"],"yoast_head":"<!-- This site is optimized with the Yoast SEO plugin v26.9 - https:\/\/yoast.com\/product\/yoast-seo-wordpress\/ -->\n<title>Reviso Oferta Especial | Blog Wtransnet<\/title>\n<meta name=\"description\" content=\"Wtransnet se integra y aconseja Reviso, la soluci\u00f3n para la facturaci\u00f3n y la gesti\u00f3n contable l\u00edder en Europa.\" \/>\n<meta name=\"robots\" content=\"index, follow, max-snippet:-1, max-image-preview:large, max-video-preview:-1\" \/>\n<link rel=\"canonical\" href=\"https:\/\/blog.wtransnet.com\/es\/reviso-la-solucion-la-facturacion-la-gestion-contable-lider-europa\/\" \/>\n<meta property=\"og:locale\" content=\"es_ES\" \/>\n<meta property=\"og:type\" content=\"article\" \/>\n<meta property=\"og:title\" content=\"Reviso Oferta Especial | Blog Wtransnet\" \/>\n<meta property=\"og:description\" content=\"Wtransnet se integra y aconseja Reviso, la soluci\u00f3n para la facturaci\u00f3n y la gesti\u00f3n contable l\u00edder en Europa.\" \/>\n<meta property=\"og:url\" content=\"https:\/\/blog.wtransnet.com\/es\/reviso-la-solucion-la-facturacion-la-gestion-contable-lider-europa\/\" \/>\n<meta property=\"og:site_name\" content=\"Blog Wtransnet Espa\u00f1a\" \/>\n<meta property=\"article:published_time\" content=\"2017-10-27T10:18:24+00:00\" \/>\n<meta property=\"article:modified_time\" content=\"2017-10-27T10:21:28+00:00\" \/>\n<meta property=\"og:image\" content=\"https:\/\/blog.wtransnet.com\/es\/wp-content\/uploads\/sites\/2\/2017\/10\/reviso-contabilidad-oferta-exclusiva-asociados-wtransnet.jpg\" \/>\n\t<meta property=\"og:image:width\" content=\"660\" \/>\n\t<meta property=\"og:image:height\" content=\"237\" \/>\n\t<meta property=\"og:image:type\" content=\"image\/jpeg\" \/>\n<meta name=\"author\" content=\"Edgar Compte Reollo\" \/>\n<meta name=\"twitter:card\" content=\"summary_large_image\" \/>\n<meta name=\"twitter:label1\" content=\"Escrito por\" \/>\n\t<meta name=\"twitter:data1\" content=\"Edgar Compte Reollo\" \/>\n\t<meta name=\"twitter:label2\" content=\"Tiempo de lectura\" \/>\n\t<meta name=\"twitter:data2\" content=\"1 minuto\" \/>\n<script type=\"application\/ld+json\" class=\"yoast-schema-graph\">{\"@context\":\"https:\/\/schema.org\",\"@graph\":[{\"@type\":\"Article\",\"@id\":\"https:\/\/blog.wtransnet.com\/es\/reviso-la-solucion-la-facturacion-la-gestion-contable-lider-europa\/#article\",\"isPartOf\":{\"@id\":\"https:\/\/blog.wtransnet.com\/es\/reviso-la-solucion-la-facturacion-la-gestion-contable-lider-europa\/\"},\"author\":{\"name\":\"Edgar Compte Reollo\",\"@id\":\"https:\/\/blog.wtransnet.com\/es\/#\/schema\/person\/72e72ba89ffa96d0d5f7e50a6af29d29\"},\"headline\":\"Reviso, la soluci\u00f3n para la facturaci\u00f3n y la gesti\u00f3n contable l\u00edder en Europa\",\"datePublished\":\"2017-10-27T10:18:24+00:00\",\"dateModified\":\"2017-10-27T10:21:28+00:00\",\"mainEntityOfPage\":{\"@id\":\"https:\/\/blog.wtransnet.com\/es\/reviso-la-solucion-la-facturacion-la-gestion-contable-lider-europa\/\"},\"wordCount\":119,\"commentCount\":0,\"image\":{\"@id\":\"https:\/\/blog.wtransnet.com\/es\/reviso-la-solucion-la-facturacion-la-gestion-contable-lider-europa\/#primaryimage\"},\"thumbnailUrl\":\"https:\/\/blog.wtransnet.com\/es\/wp-content\/uploads\/sites\/2\/2017\/10\/reviso-contabilidad-oferta-exclusiva-asociados-wtransnet.jpg\",\"articleSection\":[\"Ofertas Exclusivas\"],\"inLanguage\":\"es\",\"potentialAction\":[{\"@type\":\"CommentAction\",\"name\":\"Comment\",\"target\":[\"https:\/\/blog.wtransnet.com\/es\/reviso-la-solucion-la-facturacion-la-gestion-contable-lider-europa\/#respond\"]}]},{\"@type\":\"WebPage\",\"@id\":\"https:\/\/blog.wtransnet.com\/es\/reviso-la-solucion-la-facturacion-la-gestion-contable-lider-europa\/\",\"url\":\"https:\/\/blog.wtransnet.com\/es\/reviso-la-solucion-la-facturacion-la-gestion-contable-lider-europa\/\",\"name\":\"Reviso Oferta Especial | Blog Wtransnet\",\"isPartOf\":{\"@id\":\"https:\/\/blog.wtransnet.com\/es\/#website\"},\"primaryImageOfPage\":{\"@id\":\"https:\/\/blog.wtransnet.com\/es\/reviso-la-solucion-la-facturacion-la-gestion-contable-lider-europa\/#primaryimage\"},\"image\":{\"@id\":\"https:\/\/blog.wtransnet.com\/es\/reviso-la-solucion-la-facturacion-la-gestion-contable-lider-europa\/#primaryimage\"},\"thumbnailUrl\":\"https:\/\/blog.wtransnet.com\/es\/wp-content\/uploads\/sites\/2\/2017\/10\/reviso-contabilidad-oferta-exclusiva-asociados-wtransnet.jpg\",\"datePublished\":\"2017-10-27T10:18:24+00:00\",\"dateModified\":\"2017-10-27T10:21:28+00:00\",\"author\":{\"@id\":\"https:\/\/blog.wtransnet.com\/es\/#\/schema\/person\/72e72ba89ffa96d0d5f7e50a6af29d29\"},\"description\":\"Wtransnet se integra y aconseja Reviso, la soluci\u00f3n para la facturaci\u00f3n y la gesti\u00f3n contable l\u00edder en Europa.\",\"breadcrumb\":{\"@id\":\"https:\/\/blog.wtransnet.com\/es\/reviso-la-solucion-la-facturacion-la-gestion-contable-lider-europa\/#breadcrumb\"},\"inLanguage\":\"es\",\"potentialAction\":[{\"@type\":\"ReadAction\",\"target\":[\"https:\/\/blog.wtransnet.com\/es\/reviso-la-solucion-la-facturacion-la-gestion-contable-lider-europa\/\"]}]},{\"@type\":\"ImageObject\",\"inLanguage\":\"es\",\"@id\":\"https:\/\/blog.wtransnet.com\/es\/reviso-la-solucion-la-facturacion-la-gestion-contable-lider-europa\/#primaryimage\",\"url\":\"https:\/\/blog.wtransnet.com\/es\/wp-content\/uploads\/sites\/2\/2017\/10\/reviso-contabilidad-oferta-exclusiva-asociados-wtransnet.jpg\",\"contentUrl\":\"https:\/\/blog.wtransnet.com\/es\/wp-content\/uploads\/sites\/2\/2017\/10\/reviso-contabilidad-oferta-exclusiva-asociados-wtransnet.jpg\",\"width\":660,\"height\":237,\"caption\":\"reviso-contabilidad-oferta-exclusiva-asociados-wtransnet\"},{\"@type\":\"BreadcrumbList\",\"@id\":\"https:\/\/blog.wtransnet.com\/es\/reviso-la-solucion-la-facturacion-la-gestion-contable-lider-europa\/#breadcrumb\",\"itemListElement\":[{\"@type\":\"ListItem\",\"position\":1,\"name\":\"Portada\",\"item\":\"https:\/\/blog.wtransnet.com\/es\/\"},{\"@type\":\"ListItem\",\"position\":2,\"name\":\"Reviso, la soluci\u00f3n para la facturaci\u00f3n y la gesti\u00f3n contable l\u00edder en Europa\"}]},{\"@type\":\"WebSite\",\"@id\":\"https:\/\/blog.wtransnet.com\/es\/#website\",\"url\":\"https:\/\/blog.wtransnet.com\/es\/\",\"name\":\"Blog Wtransnet Espa\u00f1a\",\"description\":\"Blog Wtransnet: Noticias de transporte, log\u00edstica y bolsa de cargas en Espa\u00f1a y Europa.\",\"potentialAction\":[{\"@type\":\"SearchAction\",\"target\":{\"@type\":\"EntryPoint\",\"urlTemplate\":\"https:\/\/blog.wtransnet.com\/es\/?s={search_term_string}\"},\"query-input\":{\"@type\":\"PropertyValueSpecification\",\"valueRequired\":true,\"valueName\":\"search_term_string\"}}],\"inLanguage\":\"es\"},{\"@type\":\"Person\",\"@id\":\"https:\/\/blog.wtransnet.com\/es\/#\/schema\/person\/72e72ba89ffa96d0d5f7e50a6af29d29\",\"name\":\"Edgar Compte Reollo\",\"image\":{\"@type\":\"ImageObject\",\"inLanguage\":\"es\",\"@id\":\"https:\/\/blog.wtransnet.com\/es\/#\/schema\/person\/image\/\",\"url\":\"https:\/\/secure.gravatar.com\/avatar\/cdef3ab443cd703d80f8618c041e62e3338cd7adb52bb56655047a411be15900?s=96&d=mm&r=g\",\"contentUrl\":\"https:\/\/secure.gravatar.com\/avatar\/cdef3ab443cd703d80f8618c041e62e3338cd7adb52bb56655047a411be15900?s=96&d=mm&r=g\",\"caption\":\"Edgar Compte Reollo\"},\"url\":\"https:\/\/blog.wtransnet.com\/es\/author\/ecompte\/\"}]}<\/script>\n<!-- \/ Yoast SEO plugin. -->","yoast_head_json":{"title":"Reviso Oferta Especial | Blog Wtransnet","description":"Wtransnet se integra y aconseja Reviso, la soluci\u00f3n para la facturaci\u00f3n y la gesti\u00f3n contable l\u00edder en Europa.","robots":{"index":"index","follow":"follow","max-snippet":"max-snippet:-1","max-image-preview":"max-image-preview:large","max-video-preview":"max-video-preview:-1"},"canonical":"https:\/\/blog.wtransnet.com\/es\/reviso-la-solucion-la-facturacion-la-gestion-contable-lider-europa\/","og_locale":"es_ES","og_type":"article","og_title":"Reviso Oferta Especial | Blog Wtransnet","og_description":"Wtransnet se integra y aconseja Reviso, la soluci\u00f3n para la facturaci\u00f3n y la gesti\u00f3n contable l\u00edder en Europa.","og_url":"https:\/\/blog.wtransnet.com\/es\/reviso-la-solucion-la-facturacion-la-gestion-contable-lider-europa\/","og_site_name":"Blog Wtransnet Espa\u00f1a","article_published_time":"2017-10-27T10:18:24+00:00","article_modified_time":"2017-10-27T10:21:28+00:00","og_image":[{"width":660,"height":237,"url":"https:\/\/blog.wtransnet.com\/es\/wp-content\/uploads\/sites\/2\/2017\/10\/reviso-contabilidad-oferta-exclusiva-asociados-wtransnet.jpg","type":"image\/jpeg"}],"author":"Edgar Compte Reollo","twitter_card":"summary_large_image","twitter_misc":{"Escrito por":"Edgar Compte Reollo","Tiempo de lectura":"1 minuto"},"schema":{"@context":"https:\/\/schema.org","@graph":[{"@type":"Article","@id":"https:\/\/blog.wtransnet.com\/es\/reviso-la-solucion-la-facturacion-la-gestion-contable-lider-europa\/#article","isPartOf":{"@id":"https:\/\/blog.wtransnet.com\/es\/reviso-la-solucion-la-facturacion-la-gestion-contable-lider-europa\/"},"author":{"name":"Edgar Compte Reollo","@id":"https:\/\/blog.wtransnet.com\/es\/#\/schema\/person\/72e72ba89ffa96d0d5f7e50a6af29d29"},"headline":"Reviso, la soluci\u00f3n para la facturaci\u00f3n y la gesti\u00f3n contable l\u00edder en Europa","datePublished":"2017-10-27T10:18:24+00:00","dateModified":"2017-10-27T10:21:28+00:00","mainEntityOfPage":{"@id":"https:\/\/blog.wtransnet.com\/es\/reviso-la-solucion-la-facturacion-la-gestion-contable-lider-europa\/"},"wordCount":119,"commentCount":0,"image":{"@id":"https:\/\/blog.wtransnet.com\/es\/reviso-la-solucion-la-facturacion-la-gestion-contable-lider-europa\/#primaryimage"},"thumbnailUrl":"https:\/\/blog.wtransnet.com\/es\/wp-content\/uploads\/sites\/2\/2017\/10\/reviso-contabilidad-oferta-exclusiva-asociados-wtransnet.jpg","articleSection":["Ofertas Exclusivas"],"inLanguage":"es","potentialAction":[{"@type":"CommentAction","name":"Comment","target":["https:\/\/blog.wtransnet.com\/es\/reviso-la-solucion-la-facturacion-la-gestion-contable-lider-europa\/#respond"]}]},{"@type":"WebPage","@id":"https:\/\/blog.wtransnet.com\/es\/reviso-la-solucion-la-facturacion-la-gestion-contable-lider-europa\/","url":"https:\/\/blog.wtransnet.com\/es\/reviso-la-solucion-la-facturacion-la-gestion-contable-lider-europa\/","name":"Reviso Oferta Especial | Blog Wtransnet","isPartOf":{"@id":"https:\/\/blog.wtransnet.com\/es\/#website"},"primaryImageOfPage":{"@id":"https:\/\/blog.wtransnet.com\/es\/reviso-la-solucion-la-facturacion-la-gestion-contable-lider-europa\/#primaryimage"},"image":{"@id":"https:\/\/blog.wtransnet.com\/es\/reviso-la-solucion-la-facturacion-la-gestion-contable-lider-europa\/#primaryimage"},"thumbnailUrl":"https:\/\/blog.wtransnet.com\/es\/wp-content\/uploads\/sites\/2\/2017\/10\/reviso-contabilidad-oferta-exclusiva-asociados-wtransnet.jpg","datePublished":"2017-10-27T10:18:24+00:00","dateModified":"2017-10-27T10:21:28+00:00","author":{"@id":"https:\/\/blog.wtransnet.com\/es\/#\/schema\/person\/72e72ba89ffa96d0d5f7e50a6af29d29"},"description":"Wtransnet se integra y aconseja Reviso, la soluci\u00f3n para la facturaci\u00f3n y la gesti\u00f3n contable l\u00edder en Europa.","breadcrumb":{"@id":"https:\/\/blog.wtransnet.com\/es\/reviso-la-solucion-la-facturacion-la-gestion-contable-lider-europa\/#breadcrumb"},"inLanguage":"es","potentialAction":[{"@type":"ReadAction","target":["https:\/\/blog.wtransnet.com\/es\/reviso-la-solucion-la-facturacion-la-gestion-contable-lider-europa\/"]}]},{"@type":"ImageObject","inLanguage":"es","@id":"https:\/\/blog.wtransnet.com\/es\/reviso-la-solucion-la-facturacion-la-gestion-contable-lider-europa\/#primaryimage","url":"https:\/\/blog.wtransnet.com\/es\/wp-content\/uploads\/sites\/2\/2017\/10\/reviso-contabilidad-oferta-exclusiva-asociados-wtransnet.jpg","contentUrl":"https:\/\/blog.wtransnet.com\/es\/wp-content\/uploads\/sites\/2\/2017\/10\/reviso-contabilidad-oferta-exclusiva-asociados-wtransnet.jpg","width":660,"height":237,"caption":"reviso-contabilidad-oferta-exclusiva-asociados-wtransnet"},{"@type":"BreadcrumbList","@id":"https:\/\/blog.wtransnet.com\/es\/reviso-la-solucion-la-facturacion-la-gestion-contable-lider-europa\/#breadcrumb","itemListElement":[{"@type":"ListItem","position":1,"name":"Portada","item":"https:\/\/blog.wtransnet.com\/es\/"},{"@type":"ListItem","position":2,"name":"Reviso, la soluci\u00f3n para la facturaci\u00f3n y la gesti\u00f3n contable l\u00edder en Europa"}]},{"@type":"WebSite","@id":"https:\/\/blog.wtransnet.com\/es\/#website","url":"https:\/\/blog.wtransnet.com\/es\/","name":"Blog Wtransnet Espa\u00f1a","description":"Blog Wtransnet: Noticias de transporte, log\u00edstica y bolsa de cargas en Espa\u00f1a y Europa.","potentialAction":[{"@type":"SearchAction","target":{"@type":"EntryPoint","urlTemplate":"https:\/\/blog.wtransnet.com\/es\/?s={search_term_string}"},"query-input":{"@type":"PropertyValueSpecification","valueRequired":true,"valueName":"search_term_string"}}],"inLanguage":"es"},{"@type":"Person","@id":"https:\/\/blog.wtransnet.com\/es\/#\/schema\/person\/72e72ba89ffa96d0d5f7e50a6af29d29","name":"Edgar Compte Reollo","image":{"@type":"ImageObject","inLanguage":"es","@id":"https:\/\/blog.wtransnet.com\/es\/#\/schema\/person\/image\/","url":"https:\/\/secure.gravatar.com\/avatar\/cdef3ab443cd703d80f8618c041e62e3338cd7adb52bb56655047a411be15900?s=96&d=mm&r=g","contentUrl":"https:\/\/secure.gravatar.com\/avatar\/cdef3ab443cd703d80f8618c041e62e3338cd7adb52bb56655047a411be15900?s=96&d=mm&r=g","caption":"Edgar Compte Reollo"},"url":"https:\/\/blog.wtransnet.com\/es\/author\/ecompte\/"}]}},"_links":{"self":[{"href":"https:\/\/blog.wtransnet.com\/es\/wp-json\/wp\/v2\/posts\/7381","targetHints":{"allow":["GET"]}}],"collection":[{"href":"https:\/\/blog.wtransnet.com\/es\/wp-json\/wp\/v2\/posts"}],"about":[{"href":"https:\/\/blog.wtransnet.com\/es\/wp-json\/wp\/v2\/types\/post"}],"author":[{"embeddable":true,"href":"https:\/\/blog.wtransnet.com\/es\/wp-json\/wp\/v2\/users\/2"}],"replies":[{"embeddable":true,"href":"https:\/\/blog.wtransnet.com\/es\/wp-json\/wp\/v2\/comments?post=7381"}],"version-history":[{"count":3,"href":"https:\/\/blog.wtransnet.com\/es\/wp-json\/wp\/v2\/posts\/7381\/revisions"}],"predecessor-version":[{"id":7387,"href":"https:\/\/blog.wtransnet.com\/es\/wp-json\/wp\/v2\/posts\/7381\/revisions\/7387"}],"wp:featuredmedia":[{"embeddable":true,"href":"https:\/\/blog.wtransnet.com\/es\/wp-json\/wp\/v2\/media\/7382"}],"wp:attachment":[{"href":"https:\/\/blog.wtransnet.com\/es\/wp-json\/wp\/v2\/media?parent=7381"}],"wp:term":[{"taxonomy":"category","embeddable":true,"href":"https:\/\/blog.wtransnet.com\/es\/wp-json\/wp\/v2\/categories?post=7381"},{"taxonomy":"post_tag","embeddable":true,"href":"https:\/\/blog.wtransnet.com\/es\/wp-json\/wp\/v2\/tags?post=7381"}],"curies":[{"name":"wp","href":"https:\/\/api.w.org\/{rel}","templated":true}]}}