{"id":7388,"date":"2017-11-09T14:00:13","date_gmt":"2017-11-09T14:00:13","guid":{"rendered":"https:\/\/blog.wtransnet.com\/es\/?p=7388"},"modified":"2017-11-09T14:00:55","modified_gmt":"2017-11-09T14:00:55","slug":"transporte-mercancias-carretera-crece-en-castilla-la-mancha","status":"publish","type":"post","link":"https:\/\/blog.wtransnet.com\/es\/transporte-mercancias-carretera-crece-en-castilla-la-mancha\/","title":{"rendered":"El transporte de mercanc\u00edas por carretera crece un 20% en Castilla-La Mancha"},"content":{"rendered":"<p>Cuando a\u00fan faltan algunas semanas para dar carpetazo al a\u00f1o y justo a las puertas de la campa\u00f1a de Navidad, que significar\u00e1 un repunte de actividad para las empresas de transporte de Castilla-La Mancha, nos encontramos con un <strong>fuerte crecimiento de las ofertas en la bolsa de cargas y camiones de <\/strong><a href=\"http:\/\/www.wtransnet.com\/es\/\"><strong>Wtransnet<\/strong><\/a> con origen o destino cualquiera de las provincias manchegas.<\/p>\n<p>&nbsp;<\/p>\n<p><strong>Radiograf\u00eda del transporte de mercanc\u00edas por carretera en Castilla-La Mancha<\/strong><\/p>\n<p>Si nos fijamos en las ofertas de cargas publicadas durante el 2017 y las comparamos con los datos correspondientes al 2016, observamos que Castilla-La Mancha presenta un <strong>equilibrio en su balanza comercial<\/strong>.<\/p>\n<p>Seg\u00fan el bar\u00f3metro de oferta y demanda de la bolsa de cargas, hasta finales de octubre se ofertaron en Wtransnet un total de <strong>387.263 cargas <\/strong>con origen o destino la comunidad manchega, lo que ha supuesto un <strong>19% m\u00e1s de actividad exportadora <\/strong>y un <strong>22%<\/strong> para la <strong>importaci\u00f3n<\/strong>.<\/p>\n<p>&nbsp;<\/p>\n<figure id=\"attachment_7390\" aria-describedby=\"caption-attachment-7390\" style=\"width: 500px\" class=\"wp-caption aligncenter\"><img loading=\"lazy\" decoding=\"async\" class=\"size-full wp-image-7390\" src=\"https:\/\/blog.wtransnet.com\/es\/wp-content\/uploads\/sites\/2\/2017\/11\/cargas-origen-castilla-la-mancha-destino-europa-en-wtransnet.png\" alt=\"cargas-origen-castilla-la-mancha-destino-europa-en-wtransnet\" width=\"500\" height=\"300\" \/><figcaption id=\"caption-attachment-7390\" class=\"wp-caption-text\">Cargas con origen Castilla-La Mancha y destino resto de Europa<\/figcaption><\/figure>\n<p>&nbsp;<\/p>\n<p><strong>La exportaci\u00f3n de mercanc\u00edas en Castilla-La Mancha<\/strong><\/p>\n<p>Aunque m\u00e1s del 89% de las mercanc\u00edas se dirigen al resto de provincias espa\u00f1olas, se ha experimentado un <strong>crecimiento de la actividad internacional de las empresas manchegas,<\/strong> que principalmente exportan a Portugal y Francia, con vol\u00famenes parecidos, ocupando Alemania la tercera posici\u00f3n, lejos de los dos primeros. Sin embargo, durante el 2017, destaca el crecimiento que han tenido las ofertas de cargas con destino a pa\u00edses como Reino Unido (59%), Suiza (40%) y Holanda (32%).<\/p>\n<p>A nivel nacional, si recogemos los <strong>datos por provincia<\/strong>, Castilla-La Mancha exporta principalmente, y por este orden, a <strong>Barcelona<\/strong>, <strong>Valencia<\/strong>, <strong>Sevilla<\/strong> <strong>Madrid<\/strong> y <strong>Murcia<\/strong>, con porcentajes entre el 10-15% del total en cada provincia.<\/p>\n<p>Con flujos de mercanc\u00edas menores, pero con un gran crecimiento respecto al 2016, nos encontramos con Badajoz y Zaragoza, con un 24% m\u00e1s de ofertas, y <strong>Toledo<\/strong>, que es <strong>la provincia manchega que m\u00e1s mercanc\u00eda recibe de sus vecinas<\/strong> y que, adem\u00e1s, respecto el a\u00f1o pasado, ha crecido un 43%.<\/p>\n<p>Asimismo, <strong>Toledo <\/strong>y<strong> Guadalajara <\/strong>son las do<strong>s provincias que m\u00e1s exportan<\/strong>, aportando de forma equitativa entre las dos el <strong>61% del total de ofertas de cargas con origen Castilla-La Mancha.<\/strong> Les sigue Ciudad Real con un 17%, Albacete (14%) y Cuenca (8%).<\/p>\n<figure id=\"attachment_7391\" aria-describedby=\"caption-attachment-7391\" style=\"width: 500px\" class=\"wp-caption aligncenter\"><img loading=\"lazy\" decoding=\"async\" class=\"size-full wp-image-7391\" src=\"https:\/\/blog.wtransnet.com\/es\/wp-content\/uploads\/sites\/2\/2017\/11\/ofertas-importacion-provincias-espanolas-destino-castilla-la-mancha.png\" alt=\"ofertas-importacion-provincias-espanolas-destino-castilla-la-mancha\" width=\"500\" height=\"300\" \/><figcaption id=\"caption-attachment-7391\" class=\"wp-caption-text\">Ofertas de cargas de importaci\u00f3n con destino Castilla-La Mancha por provincias<\/figcaption><\/figure>\n<p>&nbsp;<\/p>\n<p><strong>El 80% de las importaciones manchegas proceden de Espa\u00f1a <\/strong><\/p>\n<p>En cuanto a\u00a0 las ofertas de cargas con destino Castilla-La Mancha, nos volvemos a encontrar con que m\u00e1s del 80% proceden del resto de provincias espa\u00f1olas. Sin embargo, los manchegos importan, adem\u00e1s del resto de Espa\u00f1a, principalmente de Francia e Italia. Las <strong>cargas con origen Italia \u00a0<\/strong>sorprendentemente ocupan el tercer puesto en la lista, por delante de Portugal, habiendo experimentado adem\u00e1s un <strong>crecimiento del 32% en el \u00faltimo a\u00f1o.<\/strong><\/p>\n<p>Tambi\u00e9n en las importaciones nos encontramos con un aumento de los flujos de mercanc\u00eda con <strong>Reino Unido<\/strong>, cuyas ofertas han aumentado un 65%, as\u00ed como <strong>Polonia<\/strong>, que han crecido un 47%, y <strong>Austria<\/strong>, con un 36%. Por el contrario, las importaciones desde Portugal han ca\u00eddo un 7%.<\/p>\n<p><strong>Valencia, Barcelona <\/strong>y<strong> Madrid<\/strong> son las <strong>principales provincias de origen de las mercanc\u00edas<\/strong> que entran a La Mancha. Valencia, en esta ocasi\u00f3n, le ha arrebatado la primera posici\u00f3n a Barcelona con un crecimiento interanual del 24%.\u00a0 Destaca, sin embargo, el crecimiento obtenido por <strong>Murcia<\/strong> que, pese a ocupar la quinta posici\u00f3n, <strong>ha aumentado en un 84% el n\u00famero de ofertas.<\/strong><\/p>\n<p>Como ve\u00edamos con las exportaciones, <strong>Toledo y Guadalajara<\/strong> son las dos provincias que concentran una <strong>mayor actividad importadora<\/strong>, con el 34% y el 23% respectivamente de toda la comunidad. Les siguen de cerca Ciudad Real (17%) y Albacete (16%) cerrando la tabla Cuenca con el 9%.<\/p>\n<p><img loading=\"lazy\" decoding=\"async\" class=\"aligncenter size-full wp-image-7392\" src=\"https:\/\/blog.wtransnet.com\/es\/wp-content\/uploads\/sites\/2\/2017\/11\/jornadas-formativas-fundacion-wtransnet-castilla-la-mancha-1.png\" alt=\"jornadas-formativas-fundacion-wtransnet-castilla-la-mancha\" width=\"500\" height=\"300\" \/><\/p>\n<p>&nbsp;<\/p>\n<p><strong>Oportunidades formativas para los transportistas manchegos<\/strong><\/p>\n<p>La Fundaci\u00f3n Wtransnet visitar\u00e1 Castilla-La Mancha en su tour anual de <strong>jornadas formativas<\/strong>. Los pr\u00f3ximos <strong>15 y 16 <\/strong>de<strong> noviembre<\/strong>, <strong>Cuenca <\/strong>y<strong> Toledo <\/strong>respectivamente acoger\u00e1n dos nuevas jornadas formativas en las que profesionales del sector del transporte de mercanc\u00edas por carretera manchego podr\u00e1n conocer nuevas herramientas y oportunidades para rentabilizar sus empresas de una forma m\u00e1s eficaz, hacer sus contrataciones m\u00e1s seguras, garantizando los cobros, o nuevas formas de promocionar sus servicios. Para poder asistir a las jornadas formativas es imprescindible realizar la inscripci\u00f3n de forma gratuita <a href=\"http:\/\/www.wtransnet.com\/es\/jornadas-formativas\">aqu\u00ed<\/a>.<\/p>\n<p>Desde el a\u00f1o 2011, la <a href=\"http:\/\/www.wtransnet.com\/es\/jornadas-formativas?utm_source=wtransnet-es&amp;utm_medium=ndp&amp;utm_term=espanya&amp;utm_content=ndp-vigo&amp;utm_campaign=170222-JORNADAS-FORMATIVAS\"><strong>Fundaci\u00f3n Wtransnet<\/strong><\/a> realiza diversas jornadas formativas en diferentes puntos de la geograf\u00eda nacional para cumplir con uno de sus compromisos fundamentales, el de formar a los profesionales.<\/p>\n","protected":false},"excerpt":{"rendered":"<p>Cuando a\u00fan faltan algunas semanas para dar carpetazo al a\u00f1o y justo a las puertas de la campa\u00f1a de Navidad, que significar\u00e1 un repunte de actividad para las empresas de transporte de Castilla-La Mancha, nos encontramos con un fuerte crecimiento de las ofertas en la bolsa de cargas y camiones de Wtransnet con origen o &hellip;<\/p>\n","protected":false},"author":2,"featured_media":7389,"comment_status":"open","ping_status":"open","sticky":false,"template":"","format":"standard","meta":{"_monsterinsights_skip_tracking":false,"_monsterinsights_sitenote_active":false,"_monsterinsights_sitenote_note":"","_monsterinsights_sitenote_category":0,"footnotes":""},"categories":[91,515,43,41],"tags":[161,1394,103,549,550,1395,1398,101,1112,1363,130,1396,993,1397],"class_list":["post-7388","post","type-post","status-publish","format-standard","has-post-thumbnail","","category-fundacion-wtransnet","category-jornadas-formativas","category-transporte","category-transporte-actualidad","tag-actualidad-transporte","tag-barometro","tag-bolsa-de-cargas","tag-cargas-exportacion","tag-cargas-importacion","tag-castilla-la-mancha","tag-formacion-transportistas","tag-fundacion-wtransnet","tag-jornadas-formativas","tag-oferta-de-cargas","tag-transporte","tag-transporte-manchego","tag-transporte-mercancias-carretera","tag-transporte-nacional"],"yoast_head":"<!-- This site is optimized with the Yoast SEO plugin v26.9 - https:\/\/yoast.com\/product\/yoast-seo-wordpress\/ -->\n<title>El transporte de mercanc\u00edas crece en Castilla-La Mancha<\/title>\n<meta name=\"description\" content=\"Las cinco provincias manchegas han registrado un aumento de la actividad exportadora e importadora seg\u00fan las ofertas registradas en Wtransnet.\" \/>\n<meta name=\"robots\" content=\"index, follow, max-snippet:-1, max-image-preview:large, max-video-preview:-1\" \/>\n<link rel=\"canonical\" href=\"https:\/\/blog.wtransnet.com\/es\/transporte-mercancias-carretera-crece-en-castilla-la-mancha\/\" \/>\n<meta property=\"og:locale\" content=\"es_ES\" \/>\n<meta property=\"og:type\" content=\"article\" \/>\n<meta property=\"og:title\" content=\"El transporte de mercanc\u00edas crece en Castilla-La Mancha\" \/>\n<meta property=\"og:description\" content=\"Las cinco provincias manchegas han registrado un aumento de la actividad exportadora e importadora seg\u00fan las ofertas registradas en Wtransnet.\" \/>\n<meta property=\"og:url\" content=\"https:\/\/blog.wtransnet.com\/es\/transporte-mercancias-carretera-crece-en-castilla-la-mancha\/\" \/>\n<meta property=\"og:site_name\" content=\"Blog Wtransnet Espa\u00f1a\" \/>\n<meta property=\"article:published_time\" content=\"2017-11-09T14:00:13+00:00\" \/>\n<meta property=\"article:modified_time\" content=\"2017-11-09T14:00:55+00:00\" \/>\n<meta property=\"og:image\" content=\"https:\/\/blog.wtransnet.com\/es\/wp-content\/uploads\/sites\/2\/2017\/11\/jornadas-formativas-fundacion-wtransnet-castilla-la-mancha.png\" \/>\n\t<meta property=\"og:image:width\" content=\"500\" \/>\n\t<meta property=\"og:image:height\" content=\"300\" \/>\n\t<meta property=\"og:image:type\" content=\"image\/png\" \/>\n<meta name=\"author\" content=\"Edgar Compte Reollo\" \/>\n<meta name=\"twitter:card\" content=\"summary_large_image\" \/>\n<meta name=\"twitter:label1\" content=\"Escrito por\" \/>\n\t<meta name=\"twitter:data1\" content=\"Edgar Compte Reollo\" \/>\n\t<meta name=\"twitter:label2\" content=\"Tiempo de lectura\" \/>\n\t<meta name=\"twitter:data2\" content=\"4 minutos\" \/>\n<script type=\"application\/ld+json\" class=\"yoast-schema-graph\">{\"@context\":\"https:\/\/schema.org\",\"@graph\":[{\"@type\":\"Article\",\"@id\":\"https:\/\/blog.wtransnet.com\/es\/transporte-mercancias-carretera-crece-en-castilla-la-mancha\/#article\",\"isPartOf\":{\"@id\":\"https:\/\/blog.wtransnet.com\/es\/transporte-mercancias-carretera-crece-en-castilla-la-mancha\/\"},\"author\":{\"name\":\"Edgar Compte Reollo\",\"@id\":\"https:\/\/blog.wtransnet.com\/es\/#\/schema\/person\/72e72ba89ffa96d0d5f7e50a6af29d29\"},\"headline\":\"El transporte de mercanc\u00edas por carretera crece un 20% en Castilla-La Mancha\",\"datePublished\":\"2017-11-09T14:00:13+00:00\",\"dateModified\":\"2017-11-09T14:00:55+00:00\",\"mainEntityOfPage\":{\"@id\":\"https:\/\/blog.wtransnet.com\/es\/transporte-mercancias-carretera-crece-en-castilla-la-mancha\/\"},\"wordCount\":786,\"commentCount\":0,\"image\":{\"@id\":\"https:\/\/blog.wtransnet.com\/es\/transporte-mercancias-carretera-crece-en-castilla-la-mancha\/#primaryimage\"},\"thumbnailUrl\":\"https:\/\/blog.wtransnet.com\/es\/wp-content\/uploads\/sites\/2\/2017\/11\/jornadas-formativas-fundacion-wtransnet-castilla-la-mancha.png\",\"keywords\":[\"actualidad transporte\",\"bar\u00f3metro\",\"bolsa de cargas\",\"cargas exportaci\u00f3n\",\"cargas importaci\u00f3n\",\"Castilla-La Mancha\",\"formaci\u00f3n transportistas\",\"fundacion-wtransnet\",\"Jornadas Formativas\",\"oferta de cargas\",\"transporte\",\"transporte manchego\",\"Transporte Mercanc\u00edas Carretera\",\"transporte nacional\"],\"articleSection\":[\"Fundaci\u00f3n Wtransnet\",\"Jornadas Formativas\",\"Transporte\",\"Transporte y Actualidad\"],\"inLanguage\":\"es\",\"potentialAction\":[{\"@type\":\"CommentAction\",\"name\":\"Comment\",\"target\":[\"https:\/\/blog.wtransnet.com\/es\/transporte-mercancias-carretera-crece-en-castilla-la-mancha\/#respond\"]}]},{\"@type\":\"WebPage\",\"@id\":\"https:\/\/blog.wtransnet.com\/es\/transporte-mercancias-carretera-crece-en-castilla-la-mancha\/\",\"url\":\"https:\/\/blog.wtransnet.com\/es\/transporte-mercancias-carretera-crece-en-castilla-la-mancha\/\",\"name\":\"El transporte de mercanc\u00edas crece en Castilla-La Mancha\",\"isPartOf\":{\"@id\":\"https:\/\/blog.wtransnet.com\/es\/#website\"},\"primaryImageOfPage\":{\"@id\":\"https:\/\/blog.wtransnet.com\/es\/transporte-mercancias-carretera-crece-en-castilla-la-mancha\/#primaryimage\"},\"image\":{\"@id\":\"https:\/\/blog.wtransnet.com\/es\/transporte-mercancias-carretera-crece-en-castilla-la-mancha\/#primaryimage\"},\"thumbnailUrl\":\"https:\/\/blog.wtransnet.com\/es\/wp-content\/uploads\/sites\/2\/2017\/11\/jornadas-formativas-fundacion-wtransnet-castilla-la-mancha.png\",\"datePublished\":\"2017-11-09T14:00:13+00:00\",\"dateModified\":\"2017-11-09T14:00:55+00:00\",\"author\":{\"@id\":\"https:\/\/blog.wtransnet.com\/es\/#\/schema\/person\/72e72ba89ffa96d0d5f7e50a6af29d29\"},\"description\":\"Las cinco provincias manchegas han registrado un aumento de la actividad exportadora e importadora seg\u00fan las ofertas registradas en Wtransnet.\",\"breadcrumb\":{\"@id\":\"https:\/\/blog.wtransnet.com\/es\/transporte-mercancias-carretera-crece-en-castilla-la-mancha\/#breadcrumb\"},\"inLanguage\":\"es\",\"potentialAction\":[{\"@type\":\"ReadAction\",\"target\":[\"https:\/\/blog.wtransnet.com\/es\/transporte-mercancias-carretera-crece-en-castilla-la-mancha\/\"]}]},{\"@type\":\"ImageObject\",\"inLanguage\":\"es\",\"@id\":\"https:\/\/blog.wtransnet.com\/es\/transporte-mercancias-carretera-crece-en-castilla-la-mancha\/#primaryimage\",\"url\":\"https:\/\/blog.wtransnet.com\/es\/wp-content\/uploads\/sites\/2\/2017\/11\/jornadas-formativas-fundacion-wtransnet-castilla-la-mancha.png\",\"contentUrl\":\"https:\/\/blog.wtransnet.com\/es\/wp-content\/uploads\/sites\/2\/2017\/11\/jornadas-formativas-fundacion-wtransnet-castilla-la-mancha.png\",\"width\":500,\"height\":300,\"caption\":\"jornadas-formativas-fundacion-wtransnet-castilla-la-mancha\"},{\"@type\":\"BreadcrumbList\",\"@id\":\"https:\/\/blog.wtransnet.com\/es\/transporte-mercancias-carretera-crece-en-castilla-la-mancha\/#breadcrumb\",\"itemListElement\":[{\"@type\":\"ListItem\",\"position\":1,\"name\":\"Portada\",\"item\":\"https:\/\/blog.wtransnet.com\/es\/\"},{\"@type\":\"ListItem\",\"position\":2,\"name\":\"El transporte de mercanc\u00edas por carretera crece un 20% en Castilla-La Mancha\"}]},{\"@type\":\"WebSite\",\"@id\":\"https:\/\/blog.wtransnet.com\/es\/#website\",\"url\":\"https:\/\/blog.wtransnet.com\/es\/\",\"name\":\"Blog Wtransnet Espa\u00f1a\",\"description\":\"Blog Wtransnet: Noticias de transporte, log\u00edstica y bolsa de cargas en Espa\u00f1a y Europa.\",\"potentialAction\":[{\"@type\":\"SearchAction\",\"target\":{\"@type\":\"EntryPoint\",\"urlTemplate\":\"https:\/\/blog.wtransnet.com\/es\/?s={search_term_string}\"},\"query-input\":{\"@type\":\"PropertyValueSpecification\",\"valueRequired\":true,\"valueName\":\"search_term_string\"}}],\"inLanguage\":\"es\"},{\"@type\":\"Person\",\"@id\":\"https:\/\/blog.wtransnet.com\/es\/#\/schema\/person\/72e72ba89ffa96d0d5f7e50a6af29d29\",\"name\":\"Edgar Compte Reollo\",\"image\":{\"@type\":\"ImageObject\",\"inLanguage\":\"es\",\"@id\":\"https:\/\/blog.wtransnet.com\/es\/#\/schema\/person\/image\/\",\"url\":\"https:\/\/secure.gravatar.com\/avatar\/cdef3ab443cd703d80f8618c041e62e3338cd7adb52bb56655047a411be15900?s=96&d=mm&r=g\",\"contentUrl\":\"https:\/\/secure.gravatar.com\/avatar\/cdef3ab443cd703d80f8618c041e62e3338cd7adb52bb56655047a411be15900?s=96&d=mm&r=g\",\"caption\":\"Edgar Compte Reollo\"},\"url\":\"https:\/\/blog.wtransnet.com\/es\/author\/ecompte\/\"}]}<\/script>\n<!-- \/ Yoast SEO plugin. -->","yoast_head_json":{"title":"El transporte de mercanc\u00edas crece en Castilla-La Mancha","description":"Las cinco provincias manchegas han registrado un aumento de la actividad exportadora e importadora seg\u00fan las ofertas registradas en Wtransnet.","robots":{"index":"index","follow":"follow","max-snippet":"max-snippet:-1","max-image-preview":"max-image-preview:large","max-video-preview":"max-video-preview:-1"},"canonical":"https:\/\/blog.wtransnet.com\/es\/transporte-mercancias-carretera-crece-en-castilla-la-mancha\/","og_locale":"es_ES","og_type":"article","og_title":"El transporte de mercanc\u00edas crece en Castilla-La Mancha","og_description":"Las cinco provincias manchegas han registrado un aumento de la actividad exportadora e importadora seg\u00fan las ofertas registradas en Wtransnet.","og_url":"https:\/\/blog.wtransnet.com\/es\/transporte-mercancias-carretera-crece-en-castilla-la-mancha\/","og_site_name":"Blog Wtransnet Espa\u00f1a","article_published_time":"2017-11-09T14:00:13+00:00","article_modified_time":"2017-11-09T14:00:55+00:00","og_image":[{"width":500,"height":300,"url":"https:\/\/blog.wtransnet.com\/es\/wp-content\/uploads\/sites\/2\/2017\/11\/jornadas-formativas-fundacion-wtransnet-castilla-la-mancha.png","type":"image\/png"}],"author":"Edgar Compte Reollo","twitter_card":"summary_large_image","twitter_misc":{"Escrito por":"Edgar Compte Reollo","Tiempo de lectura":"4 minutos"},"schema":{"@context":"https:\/\/schema.org","@graph":[{"@type":"Article","@id":"https:\/\/blog.wtransnet.com\/es\/transporte-mercancias-carretera-crece-en-castilla-la-mancha\/#article","isPartOf":{"@id":"https:\/\/blog.wtransnet.com\/es\/transporte-mercancias-carretera-crece-en-castilla-la-mancha\/"},"author":{"name":"Edgar Compte Reollo","@id":"https:\/\/blog.wtransnet.com\/es\/#\/schema\/person\/72e72ba89ffa96d0d5f7e50a6af29d29"},"headline":"El transporte de mercanc\u00edas por carretera crece un 20% en Castilla-La Mancha","datePublished":"2017-11-09T14:00:13+00:00","dateModified":"2017-11-09T14:00:55+00:00","mainEntityOfPage":{"@id":"https:\/\/blog.wtransnet.com\/es\/transporte-mercancias-carretera-crece-en-castilla-la-mancha\/"},"wordCount":786,"commentCount":0,"image":{"@id":"https:\/\/blog.wtransnet.com\/es\/transporte-mercancias-carretera-crece-en-castilla-la-mancha\/#primaryimage"},"thumbnailUrl":"https:\/\/blog.wtransnet.com\/es\/wp-content\/uploads\/sites\/2\/2017\/11\/jornadas-formativas-fundacion-wtransnet-castilla-la-mancha.png","keywords":["actualidad transporte","bar\u00f3metro","bolsa de cargas","cargas exportaci\u00f3n","cargas importaci\u00f3n","Castilla-La Mancha","formaci\u00f3n transportistas","fundacion-wtransnet","Jornadas Formativas","oferta de cargas","transporte","transporte manchego","Transporte Mercanc\u00edas Carretera","transporte nacional"],"articleSection":["Fundaci\u00f3n Wtransnet","Jornadas Formativas","Transporte","Transporte y Actualidad"],"inLanguage":"es","potentialAction":[{"@type":"CommentAction","name":"Comment","target":["https:\/\/blog.wtransnet.com\/es\/transporte-mercancias-carretera-crece-en-castilla-la-mancha\/#respond"]}]},{"@type":"WebPage","@id":"https:\/\/blog.wtransnet.com\/es\/transporte-mercancias-carretera-crece-en-castilla-la-mancha\/","url":"https:\/\/blog.wtransnet.com\/es\/transporte-mercancias-carretera-crece-en-castilla-la-mancha\/","name":"El transporte de mercanc\u00edas crece en Castilla-La Mancha","isPartOf":{"@id":"https:\/\/blog.wtransnet.com\/es\/#website"},"primaryImageOfPage":{"@id":"https:\/\/blog.wtransnet.com\/es\/transporte-mercancias-carretera-crece-en-castilla-la-mancha\/#primaryimage"},"image":{"@id":"https:\/\/blog.wtransnet.com\/es\/transporte-mercancias-carretera-crece-en-castilla-la-mancha\/#primaryimage"},"thumbnailUrl":"https:\/\/blog.wtransnet.com\/es\/wp-content\/uploads\/sites\/2\/2017\/11\/jornadas-formativas-fundacion-wtransnet-castilla-la-mancha.png","datePublished":"2017-11-09T14:00:13+00:00","dateModified":"2017-11-09T14:00:55+00:00","author":{"@id":"https:\/\/blog.wtransnet.com\/es\/#\/schema\/person\/72e72ba89ffa96d0d5f7e50a6af29d29"},"description":"Las cinco provincias manchegas han registrado un aumento de la actividad exportadora e importadora seg\u00fan las ofertas registradas en Wtransnet.","breadcrumb":{"@id":"https:\/\/blog.wtransnet.com\/es\/transporte-mercancias-carretera-crece-en-castilla-la-mancha\/#breadcrumb"},"inLanguage":"es","potentialAction":[{"@type":"ReadAction","target":["https:\/\/blog.wtransnet.com\/es\/transporte-mercancias-carretera-crece-en-castilla-la-mancha\/"]}]},{"@type":"ImageObject","inLanguage":"es","@id":"https:\/\/blog.wtransnet.com\/es\/transporte-mercancias-carretera-crece-en-castilla-la-mancha\/#primaryimage","url":"https:\/\/blog.wtransnet.com\/es\/wp-content\/uploads\/sites\/2\/2017\/11\/jornadas-formativas-fundacion-wtransnet-castilla-la-mancha.png","contentUrl":"https:\/\/blog.wtransnet.com\/es\/wp-content\/uploads\/sites\/2\/2017\/11\/jornadas-formativas-fundacion-wtransnet-castilla-la-mancha.png","width":500,"height":300,"caption":"jornadas-formativas-fundacion-wtransnet-castilla-la-mancha"},{"@type":"BreadcrumbList","@id":"https:\/\/blog.wtransnet.com\/es\/transporte-mercancias-carretera-crece-en-castilla-la-mancha\/#breadcrumb","itemListElement":[{"@type":"ListItem","position":1,"name":"Portada","item":"https:\/\/blog.wtransnet.com\/es\/"},{"@type":"ListItem","position":2,"name":"El transporte de mercanc\u00edas por carretera crece un 20% en Castilla-La Mancha"}]},{"@type":"WebSite","@id":"https:\/\/blog.wtransnet.com\/es\/#website","url":"https:\/\/blog.wtransnet.com\/es\/","name":"Blog Wtransnet Espa\u00f1a","description":"Blog Wtransnet: Noticias de transporte, log\u00edstica y bolsa de cargas en Espa\u00f1a y Europa.","potentialAction":[{"@type":"SearchAction","target":{"@type":"EntryPoint","urlTemplate":"https:\/\/blog.wtransnet.com\/es\/?s={search_term_string}"},"query-input":{"@type":"PropertyValueSpecification","valueRequired":true,"valueName":"search_term_string"}}],"inLanguage":"es"},{"@type":"Person","@id":"https:\/\/blog.wtransnet.com\/es\/#\/schema\/person\/72e72ba89ffa96d0d5f7e50a6af29d29","name":"Edgar Compte Reollo","image":{"@type":"ImageObject","inLanguage":"es","@id":"https:\/\/blog.wtransnet.com\/es\/#\/schema\/person\/image\/","url":"https:\/\/secure.gravatar.com\/avatar\/cdef3ab443cd703d80f8618c041e62e3338cd7adb52bb56655047a411be15900?s=96&d=mm&r=g","contentUrl":"https:\/\/secure.gravatar.com\/avatar\/cdef3ab443cd703d80f8618c041e62e3338cd7adb52bb56655047a411be15900?s=96&d=mm&r=g","caption":"Edgar Compte Reollo"},"url":"https:\/\/blog.wtransnet.com\/es\/author\/ecompte\/"}]}},"_links":{"self":[{"href":"https:\/\/blog.wtransnet.com\/es\/wp-json\/wp\/v2\/posts\/7388","targetHints":{"allow":["GET"]}}],"collection":[{"href":"https:\/\/blog.wtransnet.com\/es\/wp-json\/wp\/v2\/posts"}],"about":[{"href":"https:\/\/blog.wtransnet.com\/es\/wp-json\/wp\/v2\/types\/post"}],"author":[{"embeddable":true,"href":"https:\/\/blog.wtransnet.com\/es\/wp-json\/wp\/v2\/users\/2"}],"replies":[{"embeddable":true,"href":"https:\/\/blog.wtransnet.com\/es\/wp-json\/wp\/v2\/comments?post=7388"}],"version-history":[{"count":2,"href":"https:\/\/blog.wtransnet.com\/es\/wp-json\/wp\/v2\/posts\/7388\/revisions"}],"predecessor-version":[{"id":7394,"href":"https:\/\/blog.wtransnet.com\/es\/wp-json\/wp\/v2\/posts\/7388\/revisions\/7394"}],"wp:featuredmedia":[{"embeddable":true,"href":"https:\/\/blog.wtransnet.com\/es\/wp-json\/wp\/v2\/media\/7389"}],"wp:attachment":[{"href":"https:\/\/blog.wtransnet.com\/es\/wp-json\/wp\/v2\/media?parent=7388"}],"wp:term":[{"taxonomy":"category","embeddable":true,"href":"https:\/\/blog.wtransnet.com\/es\/wp-json\/wp\/v2\/categories?post=7388"},{"taxonomy":"post_tag","embeddable":true,"href":"https:\/\/blog.wtransnet.com\/es\/wp-json\/wp\/v2\/tags?post=7388"}],"curies":[{"name":"wp","href":"https:\/\/api.w.org\/{rel}","templated":true}]}}