{"id":8285,"date":"2019-10-30T11:18:44","date_gmt":"2019-10-30T11:18:44","guid":{"rendered":"https:\/\/blog.wtransnet.com\/es\/?p=8285"},"modified":"2019-10-30T12:42:52","modified_gmt":"2019-10-30T12:42:52","slug":"wtransnet-grupo-alpega-fabrice-douteaud","status":"publish","type":"post","link":"https:\/\/blog.wtransnet.com\/es\/wtransnet-grupo-alpega-fabrice-douteaud\/","title":{"rendered":"La integraci\u00f3n de Teleroute y Wtransnet proporciona a sus clientes una liquidez de 200.000 ofertas de cargas al d\u00eda"},"content":{"rendered":"\n<figure class=\"wp-block-image\"><img loading=\"lazy\" decoding=\"async\" width=\"500\" height=\"300\" src=\"https:\/\/blog.wtransnet.com\/es\/wp-content\/uploads\/sites\/2\/2019\/10\/fabrice-douteaud-body.jpg\" alt=\"\" class=\"wp-image-8286\"\/><\/figure>\n\n\n\n<p>En agosto de 2018, <strong><a rel=\"noreferrer noopener\" aria-label=\"Wtransnet  (abre en una nueva pesta\u00f1a)\" href=\"https:\/\/www.wtransnet.com\/es\/\" target=\"_blank\">Wtransnet<\/a><\/strong><a rel=\"noreferrer noopener\" aria-label=\"Wtransnet  (abre en una nueva pesta\u00f1a)\" href=\"https:\/\/www.wtransnet.com\/es\/\" target=\"_blank\"> <\/a>pasaba a formar parte del porfolio de servicios del <a rel=\"noreferrer noopener\" aria-label=\"Grupo Alpega (abre en una nueva pesta\u00f1a)\" href=\"https:\/\/www.alpegagroup.com\/en\/\" target=\"_blank\">Grupo Alpega<\/a>, junto a <a rel=\"noreferrer noopener\" aria-label=\"Teleroute  (abre en una nueva pesta\u00f1a)\" href=\"https:\/\/teleroute.com\/es-es\/\" target=\"_blank\">Teleroute <\/a>y 123Cargo. El pasado 18 de octubre, en el marco de la d\u00e9cima edici\u00f3n de <a href=\"https:\/\/www.wconnecta.com\/es\/\" target=\"_blank\" rel=\"noreferrer noopener\" aria-label=\"WConnecta (abre en una nueva pesta\u00f1a)\">WConnecta<\/a>, el jefe de operaciones para las bolsas de cargas del grupo, <strong>Fabrice Douteaud<\/strong>, ofrec\u00eda su visi\u00f3n sobre este primer a\u00f1o de Wtransnet dentro del mismo.<\/p>\n\n\n\n<p>En primer lugar, Fabrice Douteaud quiso poner\nen valor la importancia de la <strong>colaboraci\u00f3n<\/strong> para hacer m\u00e1s eficiente\nel <strong>transporte de mercanc\u00edas por\ncarretera en Europa<\/strong>. En este sentido, el Grupo Alpega est\u00e1\ntrabajando en la creaci\u00f3n de la mejor red de operadores log\u00edsticos y empresas de transporte con m\u00e1s de<strong> 70.000\nmiembros en toda Europa<\/strong> para llevar a cabo su misi\u00f3n: \u201c<em>Proporcionar a nuestros clientes la mejor red de\ncolaboraci\u00f3n para empresas de transporte, siendo capaces de responder a las\nnecesidades de los mercados nacionales e internacionales<\/em>\u201d. <\/p>\n\n\n\n<p>Tras la adquisici\u00f3n de Wtransnet, se ha realizado un gran esfuerzo para\nintegrar la bolsa de cargas l\u00edder en la Pen\u00ednsula Ib\u00e9rica en la estructura del\ngrupo, ocasionando el menor impacto en los clientes. En este sentido, Douteaud explic\u00f3\nque dicha integraci\u00f3n ha pasado por la creaci\u00f3n de un \u201cpuente tecnol\u00f3gico\u201d\nentre plataformas capaz de combinar la <strong>liquidez\nde cargas de Teleroute y Wtransnet<\/strong>. Esto quiere decir que, en la actualidad\nlos usuarios de ambas bolsas de cargas tienen acceso a <strong>200.000 ofertas de carga diarias en toda Europa<\/strong>. <\/p>\n\n\n\n<p>El futuro m\u00e1s cercano para los <em>marketplace<\/em>s\ndel grupo pasa, seg\u00fan Douteaud, \u201c<em>por una mejora de la integraci\u00f3n,\nenriqueciendo cada plataforma con las fortalezas de la otra<\/em>\u201d. Esto es\nposible agregando herramientas y servicios inteligentes que ayudan a los clientes\nen sus actividades comerciales y cotidianas. Tambi\u00e9n hay espacio para el\navance, con varios proyectos para la bolsa de cargas relacionados con la\ninnovaci\u00f3n tecnol\u00f3gica en marcha \u201c<em>que proporcionar\u00e1n a nuestros clientes un\nmayor valor, pero que a\u00fan no podemos desvelar<\/em>\u201d.<\/p>\n\n\n\n<p>Douteuad tambi\u00e9n analiz\u00f3 algunas <strong>tendencias\ndel mercado<\/strong>, se\u00f1alando la necesidad de conseguir una tecnolog\u00eda capaz de\ncomunicarse entre s\u00ed e integrarse para facilitar la adopci\u00f3n y gesti\u00f3n de los\nusuarios como la principal. Sobre ello, quiso recordar que \u201c<em>en el Grupo\nAlpega creemos en la tecnolog\u00eda como facilitador de esta colaboraci\u00f3n y no como\nun sustituto de las relaciones personales<\/em>\u201d. Puso como ejemplo de ello el\npropio <strong>WConnecta<\/strong>, que se ha\nconvertido en el mayor evento de <em>networking <\/em>de transporte en Europa y es\nuno de los grandes valores que aporta Wtransnet.<\/p>\n\n\n\n<p>La principal prioridad del Grupo para los pr\u00f3ximos meses ser\u00e1 seguir\ntrabajando en la construcci\u00f3n de <strong>la\nmejor red de colaboraci\u00f3n del transporte<\/strong>: \u201cTenemos las mejores soluciones,\nahora solo tenemos que encajar los engranajes e integrarlas para ayudar a\nnuestros clientes a ser m\u00e1s eficientes y aumentar sus oportunidades de\nnegocio\u201d, concluye Douteaud. <\/p>\n","protected":false},"excerpt":{"rendered":"<p>En agosto de 2018, Wtransnet pasaba a formar parte del porfolio de servicios del Grupo Alpega, junto a Teleroute y 123Cargo. El pasado 18 de octubre, en el marco de la d\u00e9cima edici\u00f3n de WConnecta, el jefe de operaciones para las bolsas de cargas del grupo, Fabrice Douteaud, ofrec\u00eda su visi\u00f3n sobre este primer a\u00f1o &hellip;<\/p>\n","protected":false},"author":2,"featured_media":8287,"comment_status":"open","ping_status":"closed","sticky":false,"template":"","format":"standard","meta":{"_monsterinsights_skip_tracking":false,"_monsterinsights_sitenote_active":false,"_monsterinsights_sitenote_note":"","_monsterinsights_sitenote_category":0,"footnotes":""},"categories":[1554,41,87],"tags":[1596,103,1474,1616,1558,311,351,130,993,90,1527,104],"class_list":["post-8285","post","type-post","status-publish","format-standard","has-post-thumbnail","","category-alpega-grupo","category-transporte-actualidad","category-wtransnet","tag-1596","tag-bolsa-de-cargas","tag-empresas-transporte","tag-fabrice-douteaud","tag-grupo-alpega","tag-networking","tag-teleroute","tag-transporte","tag-transporte-mercancias-carretera","tag-wconnecta","tag-wconnecta-barcelona-2019","tag-wtransnet"],"yoast_head":"<!-- This site is optimized with the Yoast SEO plugin v26.9 - https:\/\/yoast.com\/product\/yoast-seo-wordpress\/ -->\n<title>El primer a\u00f1o de Wtransnet en Alpega seg\u00fan Douteaud | Blog Wtransnet<\/title>\n<meta name=\"description\" content=\"El jefe de operaciones para las bolsas de cargas del grupo, Fabrice Douteaud, ofrece su visi\u00f3n sobre el primer a\u00f1o de Wtransnet dentro del Grupo Alpega\" \/>\n<meta name=\"robots\" content=\"index, follow, max-snippet:-1, max-image-preview:large, max-video-preview:-1\" \/>\n<link rel=\"canonical\" href=\"https:\/\/blog.wtransnet.com\/es\/wtransnet-grupo-alpega-fabrice-douteaud\/\" \/>\n<meta property=\"og:locale\" content=\"es_ES\" \/>\n<meta property=\"og:type\" content=\"article\" \/>\n<meta property=\"og:title\" content=\"El primer a\u00f1o de Wtransnet en Alpega seg\u00fan Douteaud | Blog Wtransnet\" \/>\n<meta property=\"og:description\" content=\"El jefe de operaciones para las bolsas de cargas del grupo, Fabrice Douteaud, ofrece su visi\u00f3n sobre el primer a\u00f1o de Wtransnet dentro del Grupo Alpega\" \/>\n<meta property=\"og:url\" content=\"https:\/\/blog.wtransnet.com\/es\/wtransnet-grupo-alpega-fabrice-douteaud\/\" \/>\n<meta property=\"og:site_name\" content=\"Blog Wtransnet Espa\u00f1a\" \/>\n<meta property=\"article:published_time\" content=\"2019-10-30T11:18:44+00:00\" \/>\n<meta property=\"article:modified_time\" content=\"2019-10-30T12:42:52+00:00\" \/>\n<meta property=\"og:image\" content=\"https:\/\/blog.wtransnet.com\/es\/wp-content\/uploads\/sites\/2\/2019\/10\/fabrice-douteaud-destacada.jpg\" \/>\n\t<meta property=\"og:image:width\" content=\"300\" \/>\n\t<meta property=\"og:image:height\" content=\"170\" \/>\n\t<meta property=\"og:image:type\" content=\"image\/jpeg\" \/>\n<meta name=\"author\" content=\"Edgar Compte Reollo\" \/>\n<meta name=\"twitter:card\" content=\"summary_large_image\" \/>\n<meta name=\"twitter:label1\" content=\"Escrito por\" \/>\n\t<meta name=\"twitter:data1\" content=\"Edgar Compte Reollo\" \/>\n\t<meta name=\"twitter:label2\" content=\"Tiempo de lectura\" \/>\n\t<meta name=\"twitter:data2\" content=\"2 minutos\" \/>\n<script type=\"application\/ld+json\" class=\"yoast-schema-graph\">{\"@context\":\"https:\/\/schema.org\",\"@graph\":[{\"@type\":\"Article\",\"@id\":\"https:\/\/blog.wtransnet.com\/es\/wtransnet-grupo-alpega-fabrice-douteaud\/#article\",\"isPartOf\":{\"@id\":\"https:\/\/blog.wtransnet.com\/es\/wtransnet-grupo-alpega-fabrice-douteaud\/\"},\"author\":{\"name\":\"Edgar Compte Reollo\",\"@id\":\"https:\/\/blog.wtransnet.com\/es\/#\/schema\/person\/72e72ba89ffa96d0d5f7e50a6af29d29\"},\"headline\":\"La integraci\u00f3n de Teleroute y Wtransnet proporciona a sus clientes una liquidez de 200.000 ofertas de cargas al d\u00eda\",\"datePublished\":\"2019-10-30T11:18:44+00:00\",\"dateModified\":\"2019-10-30T12:42:52+00:00\",\"mainEntityOfPage\":{\"@id\":\"https:\/\/blog.wtransnet.com\/es\/wtransnet-grupo-alpega-fabrice-douteaud\/\"},\"wordCount\":518,\"commentCount\":0,\"image\":{\"@id\":\"https:\/\/blog.wtransnet.com\/es\/wtransnet-grupo-alpega-fabrice-douteaud\/#primaryimage\"},\"thumbnailUrl\":\"https:\/\/blog.wtransnet.com\/es\/wp-content\/uploads\/sites\/2\/2019\/10\/fabrice-douteaud-destacada.jpg\",\"keywords\":[\"2019\",\"bolsa de cargas\",\"empresas transporte\",\"Fabrice Douteaud\",\"grupo Alpega\",\"networking\",\"teleroute\",\"transporte\",\"Transporte Mercanc\u00edas Carretera\",\"wconnecta\",\"WConnecta Barcelona 2019\",\"wtransnet\"],\"articleSection\":[\"Alpega Grupo\",\"Transporte y Actualidad\",\"Wtransnet\"],\"inLanguage\":\"es\",\"potentialAction\":[{\"@type\":\"CommentAction\",\"name\":\"Comment\",\"target\":[\"https:\/\/blog.wtransnet.com\/es\/wtransnet-grupo-alpega-fabrice-douteaud\/#respond\"]}]},{\"@type\":\"WebPage\",\"@id\":\"https:\/\/blog.wtransnet.com\/es\/wtransnet-grupo-alpega-fabrice-douteaud\/\",\"url\":\"https:\/\/blog.wtransnet.com\/es\/wtransnet-grupo-alpega-fabrice-douteaud\/\",\"name\":\"El primer a\u00f1o de Wtransnet en Alpega seg\u00fan Douteaud | Blog Wtransnet\",\"isPartOf\":{\"@id\":\"https:\/\/blog.wtransnet.com\/es\/#website\"},\"primaryImageOfPage\":{\"@id\":\"https:\/\/blog.wtransnet.com\/es\/wtransnet-grupo-alpega-fabrice-douteaud\/#primaryimage\"},\"image\":{\"@id\":\"https:\/\/blog.wtransnet.com\/es\/wtransnet-grupo-alpega-fabrice-douteaud\/#primaryimage\"},\"thumbnailUrl\":\"https:\/\/blog.wtransnet.com\/es\/wp-content\/uploads\/sites\/2\/2019\/10\/fabrice-douteaud-destacada.jpg\",\"datePublished\":\"2019-10-30T11:18:44+00:00\",\"dateModified\":\"2019-10-30T12:42:52+00:00\",\"author\":{\"@id\":\"https:\/\/blog.wtransnet.com\/es\/#\/schema\/person\/72e72ba89ffa96d0d5f7e50a6af29d29\"},\"description\":\"El jefe de operaciones para las bolsas de cargas del grupo, Fabrice Douteaud, ofrece su visi\u00f3n sobre el primer a\u00f1o de Wtransnet dentro del Grupo Alpega\",\"breadcrumb\":{\"@id\":\"https:\/\/blog.wtransnet.com\/es\/wtransnet-grupo-alpega-fabrice-douteaud\/#breadcrumb\"},\"inLanguage\":\"es\",\"potentialAction\":[{\"@type\":\"ReadAction\",\"target\":[\"https:\/\/blog.wtransnet.com\/es\/wtransnet-grupo-alpega-fabrice-douteaud\/\"]}]},{\"@type\":\"ImageObject\",\"inLanguage\":\"es\",\"@id\":\"https:\/\/blog.wtransnet.com\/es\/wtransnet-grupo-alpega-fabrice-douteaud\/#primaryimage\",\"url\":\"https:\/\/blog.wtransnet.com\/es\/wp-content\/uploads\/sites\/2\/2019\/10\/fabrice-douteaud-destacada.jpg\",\"contentUrl\":\"https:\/\/blog.wtransnet.com\/es\/wp-content\/uploads\/sites\/2\/2019\/10\/fabrice-douteaud-destacada.jpg\",\"width\":300,\"height\":170},{\"@type\":\"BreadcrumbList\",\"@id\":\"https:\/\/blog.wtransnet.com\/es\/wtransnet-grupo-alpega-fabrice-douteaud\/#breadcrumb\",\"itemListElement\":[{\"@type\":\"ListItem\",\"position\":1,\"name\":\"Portada\",\"item\":\"https:\/\/blog.wtransnet.com\/es\/\"},{\"@type\":\"ListItem\",\"position\":2,\"name\":\"La integraci\u00f3n de Teleroute y Wtransnet proporciona a sus clientes una liquidez de 200.000 ofertas de cargas al d\u00eda\"}]},{\"@type\":\"WebSite\",\"@id\":\"https:\/\/blog.wtransnet.com\/es\/#website\",\"url\":\"https:\/\/blog.wtransnet.com\/es\/\",\"name\":\"Blog Wtransnet Espa\u00f1a\",\"description\":\"Blog Wtransnet: Noticias de transporte, log\u00edstica y bolsa de cargas en Espa\u00f1a y Europa.\",\"potentialAction\":[{\"@type\":\"SearchAction\",\"target\":{\"@type\":\"EntryPoint\",\"urlTemplate\":\"https:\/\/blog.wtransnet.com\/es\/?s={search_term_string}\"},\"query-input\":{\"@type\":\"PropertyValueSpecification\",\"valueRequired\":true,\"valueName\":\"search_term_string\"}}],\"inLanguage\":\"es\"},{\"@type\":\"Person\",\"@id\":\"https:\/\/blog.wtransnet.com\/es\/#\/schema\/person\/72e72ba89ffa96d0d5f7e50a6af29d29\",\"name\":\"Edgar Compte Reollo\",\"image\":{\"@type\":\"ImageObject\",\"inLanguage\":\"es\",\"@id\":\"https:\/\/blog.wtransnet.com\/es\/#\/schema\/person\/image\/\",\"url\":\"https:\/\/secure.gravatar.com\/avatar\/cdef3ab443cd703d80f8618c041e62e3338cd7adb52bb56655047a411be15900?s=96&d=mm&r=g\",\"contentUrl\":\"https:\/\/secure.gravatar.com\/avatar\/cdef3ab443cd703d80f8618c041e62e3338cd7adb52bb56655047a411be15900?s=96&d=mm&r=g\",\"caption\":\"Edgar Compte Reollo\"},\"url\":\"https:\/\/blog.wtransnet.com\/es\/author\/ecompte\/\"}]}<\/script>\n<!-- \/ Yoast SEO plugin. -->","yoast_head_json":{"title":"El primer a\u00f1o de Wtransnet en Alpega seg\u00fan Douteaud | Blog Wtransnet","description":"El jefe de operaciones para las bolsas de cargas del grupo, Fabrice Douteaud, ofrece su visi\u00f3n sobre el primer a\u00f1o de Wtransnet dentro del Grupo Alpega","robots":{"index":"index","follow":"follow","max-snippet":"max-snippet:-1","max-image-preview":"max-image-preview:large","max-video-preview":"max-video-preview:-1"},"canonical":"https:\/\/blog.wtransnet.com\/es\/wtransnet-grupo-alpega-fabrice-douteaud\/","og_locale":"es_ES","og_type":"article","og_title":"El primer a\u00f1o de Wtransnet en Alpega seg\u00fan Douteaud | Blog Wtransnet","og_description":"El jefe de operaciones para las bolsas de cargas del grupo, Fabrice Douteaud, ofrece su visi\u00f3n sobre el primer a\u00f1o de Wtransnet dentro del Grupo Alpega","og_url":"https:\/\/blog.wtransnet.com\/es\/wtransnet-grupo-alpega-fabrice-douteaud\/","og_site_name":"Blog Wtransnet Espa\u00f1a","article_published_time":"2019-10-30T11:18:44+00:00","article_modified_time":"2019-10-30T12:42:52+00:00","og_image":[{"width":300,"height":170,"url":"https:\/\/blog.wtransnet.com\/es\/wp-content\/uploads\/sites\/2\/2019\/10\/fabrice-douteaud-destacada.jpg","type":"image\/jpeg"}],"author":"Edgar Compte Reollo","twitter_card":"summary_large_image","twitter_misc":{"Escrito por":"Edgar Compte Reollo","Tiempo de lectura":"2 minutos"},"schema":{"@context":"https:\/\/schema.org","@graph":[{"@type":"Article","@id":"https:\/\/blog.wtransnet.com\/es\/wtransnet-grupo-alpega-fabrice-douteaud\/#article","isPartOf":{"@id":"https:\/\/blog.wtransnet.com\/es\/wtransnet-grupo-alpega-fabrice-douteaud\/"},"author":{"name":"Edgar Compte Reollo","@id":"https:\/\/blog.wtransnet.com\/es\/#\/schema\/person\/72e72ba89ffa96d0d5f7e50a6af29d29"},"headline":"La integraci\u00f3n de Teleroute y Wtransnet proporciona a sus clientes una liquidez de 200.000 ofertas de cargas al d\u00eda","datePublished":"2019-10-30T11:18:44+00:00","dateModified":"2019-10-30T12:42:52+00:00","mainEntityOfPage":{"@id":"https:\/\/blog.wtransnet.com\/es\/wtransnet-grupo-alpega-fabrice-douteaud\/"},"wordCount":518,"commentCount":0,"image":{"@id":"https:\/\/blog.wtransnet.com\/es\/wtransnet-grupo-alpega-fabrice-douteaud\/#primaryimage"},"thumbnailUrl":"https:\/\/blog.wtransnet.com\/es\/wp-content\/uploads\/sites\/2\/2019\/10\/fabrice-douteaud-destacada.jpg","keywords":["2019","bolsa de cargas","empresas transporte","Fabrice Douteaud","grupo Alpega","networking","teleroute","transporte","Transporte Mercanc\u00edas Carretera","wconnecta","WConnecta Barcelona 2019","wtransnet"],"articleSection":["Alpega Grupo","Transporte y Actualidad","Wtransnet"],"inLanguage":"es","potentialAction":[{"@type":"CommentAction","name":"Comment","target":["https:\/\/blog.wtransnet.com\/es\/wtransnet-grupo-alpega-fabrice-douteaud\/#respond"]}]},{"@type":"WebPage","@id":"https:\/\/blog.wtransnet.com\/es\/wtransnet-grupo-alpega-fabrice-douteaud\/","url":"https:\/\/blog.wtransnet.com\/es\/wtransnet-grupo-alpega-fabrice-douteaud\/","name":"El primer a\u00f1o de Wtransnet en Alpega seg\u00fan Douteaud | Blog Wtransnet","isPartOf":{"@id":"https:\/\/blog.wtransnet.com\/es\/#website"},"primaryImageOfPage":{"@id":"https:\/\/blog.wtransnet.com\/es\/wtransnet-grupo-alpega-fabrice-douteaud\/#primaryimage"},"image":{"@id":"https:\/\/blog.wtransnet.com\/es\/wtransnet-grupo-alpega-fabrice-douteaud\/#primaryimage"},"thumbnailUrl":"https:\/\/blog.wtransnet.com\/es\/wp-content\/uploads\/sites\/2\/2019\/10\/fabrice-douteaud-destacada.jpg","datePublished":"2019-10-30T11:18:44+00:00","dateModified":"2019-10-30T12:42:52+00:00","author":{"@id":"https:\/\/blog.wtransnet.com\/es\/#\/schema\/person\/72e72ba89ffa96d0d5f7e50a6af29d29"},"description":"El jefe de operaciones para las bolsas de cargas del grupo, Fabrice Douteaud, ofrece su visi\u00f3n sobre el primer a\u00f1o de Wtransnet dentro del Grupo Alpega","breadcrumb":{"@id":"https:\/\/blog.wtransnet.com\/es\/wtransnet-grupo-alpega-fabrice-douteaud\/#breadcrumb"},"inLanguage":"es","potentialAction":[{"@type":"ReadAction","target":["https:\/\/blog.wtransnet.com\/es\/wtransnet-grupo-alpega-fabrice-douteaud\/"]}]},{"@type":"ImageObject","inLanguage":"es","@id":"https:\/\/blog.wtransnet.com\/es\/wtransnet-grupo-alpega-fabrice-douteaud\/#primaryimage","url":"https:\/\/blog.wtransnet.com\/es\/wp-content\/uploads\/sites\/2\/2019\/10\/fabrice-douteaud-destacada.jpg","contentUrl":"https:\/\/blog.wtransnet.com\/es\/wp-content\/uploads\/sites\/2\/2019\/10\/fabrice-douteaud-destacada.jpg","width":300,"height":170},{"@type":"BreadcrumbList","@id":"https:\/\/blog.wtransnet.com\/es\/wtransnet-grupo-alpega-fabrice-douteaud\/#breadcrumb","itemListElement":[{"@type":"ListItem","position":1,"name":"Portada","item":"https:\/\/blog.wtransnet.com\/es\/"},{"@type":"ListItem","position":2,"name":"La integraci\u00f3n de Teleroute y Wtransnet proporciona a sus clientes una liquidez de 200.000 ofertas de cargas al d\u00eda"}]},{"@type":"WebSite","@id":"https:\/\/blog.wtransnet.com\/es\/#website","url":"https:\/\/blog.wtransnet.com\/es\/","name":"Blog Wtransnet Espa\u00f1a","description":"Blog Wtransnet: Noticias de transporte, log\u00edstica y bolsa de cargas en Espa\u00f1a y Europa.","potentialAction":[{"@type":"SearchAction","target":{"@type":"EntryPoint","urlTemplate":"https:\/\/blog.wtransnet.com\/es\/?s={search_term_string}"},"query-input":{"@type":"PropertyValueSpecification","valueRequired":true,"valueName":"search_term_string"}}],"inLanguage":"es"},{"@type":"Person","@id":"https:\/\/blog.wtransnet.com\/es\/#\/schema\/person\/72e72ba89ffa96d0d5f7e50a6af29d29","name":"Edgar Compte Reollo","image":{"@type":"ImageObject","inLanguage":"es","@id":"https:\/\/blog.wtransnet.com\/es\/#\/schema\/person\/image\/","url":"https:\/\/secure.gravatar.com\/avatar\/cdef3ab443cd703d80f8618c041e62e3338cd7adb52bb56655047a411be15900?s=96&d=mm&r=g","contentUrl":"https:\/\/secure.gravatar.com\/avatar\/cdef3ab443cd703d80f8618c041e62e3338cd7adb52bb56655047a411be15900?s=96&d=mm&r=g","caption":"Edgar Compte Reollo"},"url":"https:\/\/blog.wtransnet.com\/es\/author\/ecompte\/"}]}},"_links":{"self":[{"href":"https:\/\/blog.wtransnet.com\/es\/wp-json\/wp\/v2\/posts\/8285","targetHints":{"allow":["GET"]}}],"collection":[{"href":"https:\/\/blog.wtransnet.com\/es\/wp-json\/wp\/v2\/posts"}],"about":[{"href":"https:\/\/blog.wtransnet.com\/es\/wp-json\/wp\/v2\/types\/post"}],"author":[{"embeddable":true,"href":"https:\/\/blog.wtransnet.com\/es\/wp-json\/wp\/v2\/users\/2"}],"replies":[{"embeddable":true,"href":"https:\/\/blog.wtransnet.com\/es\/wp-json\/wp\/v2\/comments?post=8285"}],"version-history":[{"count":2,"href":"https:\/\/blog.wtransnet.com\/es\/wp-json\/wp\/v2\/posts\/8285\/revisions"}],"predecessor-version":[{"id":8289,"href":"https:\/\/blog.wtransnet.com\/es\/wp-json\/wp\/v2\/posts\/8285\/revisions\/8289"}],"wp:featuredmedia":[{"embeddable":true,"href":"https:\/\/blog.wtransnet.com\/es\/wp-json\/wp\/v2\/media\/8287"}],"wp:attachment":[{"href":"https:\/\/blog.wtransnet.com\/es\/wp-json\/wp\/v2\/media?parent=8285"}],"wp:term":[{"taxonomy":"category","embeddable":true,"href":"https:\/\/blog.wtransnet.com\/es\/wp-json\/wp\/v2\/categories?post=8285"},{"taxonomy":"post_tag","embeddable":true,"href":"https:\/\/blog.wtransnet.com\/es\/wp-json\/wp\/v2\/tags?post=8285"}],"curies":[{"name":"wp","href":"https:\/\/api.w.org\/{rel}","templated":true}]}}