{"id":9266,"date":"2024-03-07T17:25:19","date_gmt":"2024-03-07T17:25:19","guid":{"rendered":"https:\/\/blog.wtransnet.com\/es\/?p=9266"},"modified":"2024-03-21T17:32:39","modified_gmt":"2024-03-21T17:32:39","slug":"wtransnet-estara-presente-en-el-23o-foro-nacional-del-transporte-de-aecoc-un-evento-clave-para-la-innovacion-en-el-sector-del-transporte-nacional","status":"publish","type":"post","link":"https:\/\/blog.wtransnet.com\/es\/wtransnet-estara-presente-en-el-23o-foro-nacional-del-transporte-de-aecoc-un-evento-clave-para-la-innovacion-en-el-sector-del-transporte-nacional\/","title":{"rendered":"Wtransnet presente en el 23\u00ba Foro Nacional del Transporte de AECOC: un evento Clave para la Innovaci\u00f3n en el sector del transporte nacional\u00a0"},"content":{"rendered":"\n<figure class=\"wp-block-image size-full\"><img loading=\"lazy\" decoding=\"async\" width=\"1200\" height=\"628\" src=\"https:\/\/blog.wtransnet.com\/es\/wp-content\/uploads\/sites\/2\/2024\/03\/blog-aecoc.jpg\" alt=\"\" class=\"wp-image-9267\" \/><\/figure>\n\n\n\n<p><a href=\"http:\/\/www.wtransnet.com\">Wtransnet<\/a> estar\u00e1 presente en el <a href=\"https:\/\/www.aecoc.es\/minisite\/23o-foro-nacional-del-transporte\/\">23\u00ba Foro Nacional del Transporte<\/a>, organizado por <a href=\"https:\/\/www.aecoc.es\/\">AECOC<\/a>, uno de los encuentros m\u00e1s importantes para el sector de transporte y log\u00edstica en Espa\u00f1a. Este evento re\u00fane a profesionales, empresas y expertos para debatir sobre las \u00faltimas tendencias, desaf\u00edos y oportunidades en el transporte y la log\u00edstica.<\/p>\n\n\n\n<h2 class=\"wp-block-heading\">Un congreso de referencia<\/h2>\n\n\n\n<p>El 23\u00ba Foro Nacional del Transporte de AECOC se establece como un congreso de referencia en Espa\u00f1a, congregando a responsables clave de la cadena de transporte. Este evento \u00fanico re\u00fane a empresas de transporte, operadores log\u00edsticos, asociaciones empresariales y entidades p\u00fablicas para debatir sobre la situaci\u00f3n actual y los retos futuros del sector. Durante el foro, se explorar\u00e1n temas cruciales como el nuevo marco legislativo, los desaf\u00edos energ\u00e9ticos, la colaboraci\u00f3n en proyectos y la digitalizaci\u00f3n, buscando avanzar hacia un sector m\u00e1s especializado, eficiente, sostenible y competitivo.<\/p>\n\n\n\n<h2 class=\"wp-block-heading\">Empresarios del transporte<\/h2>\n\n\n\n<p>En Wtransnet estamos entusiasmados por compartir nuestras soluciones contigo. Como profesional del transporte, te ayudamos a optimizar tus operaciones, garantizando la seguridad y aumentando tu eficiencia. Ac\u00e9rcate a nuestro stand para explorar c\u00f3mo las \u00faltimas tendencias y tecnolog\u00edas est\u00e1n moldeando el futuro del transporte y la log\u00edstica. No pierdas la oportunidad de descubrir c\u00f3mo Wtransnet puede ser su aliado estrat\u00e9gico en este viaje hacia la innovaci\u00f3n. Nos vemos all\u00ed.<\/p>\n","protected":false},"excerpt":{"rendered":"<p>Wtransnet estar\u00e1 presente en el 23\u00ba Foro Nacional del Transporte, organizado por AECOC, uno de los encuentros m\u00e1s importantes para el sector de transporte y log\u00edstica en Espa\u00f1a. Este evento re\u00fane a profesionales, empresas y expertos para debatir sobre las \u00faltimas tendencias, desaf\u00edos y oportunidades en el transporte y la log\u00edstica. Un congreso de referencia &hellip;<\/p>\n","protected":false},"author":48,"featured_media":9268,"comment_status":"closed","ping_status":"closed","sticky":false,"template":"","format":"standard","meta":{"_monsterinsights_skip_tracking":false,"_monsterinsights_sitenote_active":false,"_monsterinsights_sitenote_note":"","_monsterinsights_sitenote_category":0,"footnotes":""},"categories":[44,41,87],"tags":[],"class_list":["post-9266","post","type-post","status-publish","format-standard","has-post-thumbnail","","category-actos-y-eventos","category-transporte-actualidad","category-wtransnet"],"yoast_head":"<!-- This site is optimized with the Yoast SEO plugin v26.9 - https:\/\/yoast.com\/product\/yoast-seo-wordpress\/ -->\n<title>Wtransnet presente en el 23\u00ba Foro Nacional del Transporte de AECOC: un evento Clave para la Innovaci\u00f3n en el sector del transporte nacional\u00a0 - Blog Wtransnet Espa\u00f1a<\/title>\n<meta name=\"description\" content=\"Wtransnet estar\u00e1 presente en el 23\u00ba Foro Nacional del Transporte, organizado por AECOC para empresarios del transporte.\" \/>\n<meta name=\"robots\" content=\"index, follow, max-snippet:-1, max-image-preview:large, max-video-preview:-1\" \/>\n<link rel=\"canonical\" href=\"https:\/\/blog.wtransnet.com\/es\/wtransnet-estara-presente-en-el-23o-foro-nacional-del-transporte-de-aecoc-un-evento-clave-para-la-innovacion-en-el-sector-del-transporte-nacional\/\" \/>\n<meta property=\"og:locale\" content=\"es_ES\" \/>\n<meta property=\"og:type\" content=\"article\" \/>\n<meta property=\"og:title\" content=\"Wtransnet presente en el 23\u00ba Foro Nacional del Transporte de AECOC: un evento Clave para la Innovaci\u00f3n en el sector del transporte nacional\u00a0 - Blog Wtransnet Espa\u00f1a\" \/>\n<meta property=\"og:description\" content=\"Wtransnet estar\u00e1 presente en el 23\u00ba Foro Nacional del Transporte, organizado por AECOC para empresarios del transporte.\" \/>\n<meta property=\"og:url\" content=\"https:\/\/blog.wtransnet.com\/es\/wtransnet-estara-presente-en-el-23o-foro-nacional-del-transporte-de-aecoc-un-evento-clave-para-la-innovacion-en-el-sector-del-transporte-nacional\/\" \/>\n<meta property=\"og:site_name\" content=\"Blog Wtransnet Espa\u00f1a\" \/>\n<meta property=\"article:published_time\" content=\"2024-03-07T17:25:19+00:00\" \/>\n<meta property=\"article:modified_time\" content=\"2024-03-21T17:32:39+00:00\" \/>\n<meta property=\"og:image\" content=\"https:\/\/blog.wtransnet.com\/es\/wp-content\/uploads\/sites\/2\/2024\/03\/blog-aecoc-small.jpg\" \/>\n\t<meta property=\"og:image:width\" content=\"300\" \/>\n\t<meta property=\"og:image:height\" content=\"170\" \/>\n\t<meta property=\"og:image:type\" content=\"image\/jpeg\" \/>\n<meta name=\"author\" content=\"salvatore\" \/>\n<meta name=\"twitter:card\" content=\"summary_large_image\" \/>\n<meta name=\"twitter:label1\" content=\"Escrito por\" \/>\n\t<meta name=\"twitter:data1\" content=\"salvatore\" \/>\n\t<meta name=\"twitter:label2\" content=\"Tiempo de lectura\" \/>\n\t<meta name=\"twitter:data2\" content=\"2 minutos\" \/>\n<script type=\"application\/ld+json\" class=\"yoast-schema-graph\">{\"@context\":\"https:\/\/schema.org\",\"@graph\":[{\"@type\":\"Article\",\"@id\":\"https:\/\/blog.wtransnet.com\/es\/wtransnet-estara-presente-en-el-23o-foro-nacional-del-transporte-de-aecoc-un-evento-clave-para-la-innovacion-en-el-sector-del-transporte-nacional\/#article\",\"isPartOf\":{\"@id\":\"https:\/\/blog.wtransnet.com\/es\/wtransnet-estara-presente-en-el-23o-foro-nacional-del-transporte-de-aecoc-un-evento-clave-para-la-innovacion-en-el-sector-del-transporte-nacional\/\"},\"author\":{\"name\":\"salvatore\",\"@id\":\"https:\/\/blog.wtransnet.com\/es\/#\/schema\/person\/3394271f55381427a15001a7877a7bcd\"},\"headline\":\"Wtransnet presente en el 23\u00ba Foro Nacional del Transporte de AECOC: un evento Clave para la Innovaci\u00f3n en el sector del transporte nacional\u00a0\",\"datePublished\":\"2024-03-07T17:25:19+00:00\",\"dateModified\":\"2024-03-21T17:32:39+00:00\",\"mainEntityOfPage\":{\"@id\":\"https:\/\/blog.wtransnet.com\/es\/wtransnet-estara-presente-en-el-23o-foro-nacional-del-transporte-de-aecoc-un-evento-clave-para-la-innovacion-en-el-sector-del-transporte-nacional\/\"},\"wordCount\":259,\"image\":{\"@id\":\"https:\/\/blog.wtransnet.com\/es\/wtransnet-estara-presente-en-el-23o-foro-nacional-del-transporte-de-aecoc-un-evento-clave-para-la-innovacion-en-el-sector-del-transporte-nacional\/#primaryimage\"},\"thumbnailUrl\":\"https:\/\/blog.wtransnet.com\/es\/wp-content\/uploads\/sites\/2\/2024\/03\/blog-aecoc-small.jpg\",\"articleSection\":[\"Actos y eventos\",\"Transporte y Actualidad\",\"Wtransnet\"],\"inLanguage\":\"es\"},{\"@type\":\"WebPage\",\"@id\":\"https:\/\/blog.wtransnet.com\/es\/wtransnet-estara-presente-en-el-23o-foro-nacional-del-transporte-de-aecoc-un-evento-clave-para-la-innovacion-en-el-sector-del-transporte-nacional\/\",\"url\":\"https:\/\/blog.wtransnet.com\/es\/wtransnet-estara-presente-en-el-23o-foro-nacional-del-transporte-de-aecoc-un-evento-clave-para-la-innovacion-en-el-sector-del-transporte-nacional\/\",\"name\":\"Wtransnet presente en el 23\u00ba Foro Nacional del Transporte de AECOC: un evento Clave para la Innovaci\u00f3n en el sector del transporte nacional\u00a0 - Blog Wtransnet Espa\u00f1a\",\"isPartOf\":{\"@id\":\"https:\/\/blog.wtransnet.com\/es\/#website\"},\"primaryImageOfPage\":{\"@id\":\"https:\/\/blog.wtransnet.com\/es\/wtransnet-estara-presente-en-el-23o-foro-nacional-del-transporte-de-aecoc-un-evento-clave-para-la-innovacion-en-el-sector-del-transporte-nacional\/#primaryimage\"},\"image\":{\"@id\":\"https:\/\/blog.wtransnet.com\/es\/wtransnet-estara-presente-en-el-23o-foro-nacional-del-transporte-de-aecoc-un-evento-clave-para-la-innovacion-en-el-sector-del-transporte-nacional\/#primaryimage\"},\"thumbnailUrl\":\"https:\/\/blog.wtransnet.com\/es\/wp-content\/uploads\/sites\/2\/2024\/03\/blog-aecoc-small.jpg\",\"datePublished\":\"2024-03-07T17:25:19+00:00\",\"dateModified\":\"2024-03-21T17:32:39+00:00\",\"author\":{\"@id\":\"https:\/\/blog.wtransnet.com\/es\/#\/schema\/person\/3394271f55381427a15001a7877a7bcd\"},\"description\":\"Wtransnet estar\u00e1 presente en el 23\u00ba Foro Nacional del Transporte, organizado por AECOC para empresarios del transporte.\",\"breadcrumb\":{\"@id\":\"https:\/\/blog.wtransnet.com\/es\/wtransnet-estara-presente-en-el-23o-foro-nacional-del-transporte-de-aecoc-un-evento-clave-para-la-innovacion-en-el-sector-del-transporte-nacional\/#breadcrumb\"},\"inLanguage\":\"es\",\"potentialAction\":[{\"@type\":\"ReadAction\",\"target\":[\"https:\/\/blog.wtransnet.com\/es\/wtransnet-estara-presente-en-el-23o-foro-nacional-del-transporte-de-aecoc-un-evento-clave-para-la-innovacion-en-el-sector-del-transporte-nacional\/\"]}]},{\"@type\":\"ImageObject\",\"inLanguage\":\"es\",\"@id\":\"https:\/\/blog.wtransnet.com\/es\/wtransnet-estara-presente-en-el-23o-foro-nacional-del-transporte-de-aecoc-un-evento-clave-para-la-innovacion-en-el-sector-del-transporte-nacional\/#primaryimage\",\"url\":\"https:\/\/blog.wtransnet.com\/es\/wp-content\/uploads\/sites\/2\/2024\/03\/blog-aecoc-small.jpg\",\"contentUrl\":\"https:\/\/blog.wtransnet.com\/es\/wp-content\/uploads\/sites\/2\/2024\/03\/blog-aecoc-small.jpg\",\"width\":300,\"height\":170},{\"@type\":\"BreadcrumbList\",\"@id\":\"https:\/\/blog.wtransnet.com\/es\/wtransnet-estara-presente-en-el-23o-foro-nacional-del-transporte-de-aecoc-un-evento-clave-para-la-innovacion-en-el-sector-del-transporte-nacional\/#breadcrumb\",\"itemListElement\":[{\"@type\":\"ListItem\",\"position\":1,\"name\":\"Portada\",\"item\":\"https:\/\/blog.wtransnet.com\/es\/\"},{\"@type\":\"ListItem\",\"position\":2,\"name\":\"Wtransnet presente en el 23\u00ba Foro Nacional del Transporte de AECOC: un evento Clave para la Innovaci\u00f3n en el sector del transporte nacional\u00a0\"}]},{\"@type\":\"WebSite\",\"@id\":\"https:\/\/blog.wtransnet.com\/es\/#website\",\"url\":\"https:\/\/blog.wtransnet.com\/es\/\",\"name\":\"Blog Wtransnet Espa\u00f1a\",\"description\":\"Blog Wtransnet: Noticias de transporte, log\u00edstica y bolsa de cargas en Espa\u00f1a y Europa.\",\"potentialAction\":[{\"@type\":\"SearchAction\",\"target\":{\"@type\":\"EntryPoint\",\"urlTemplate\":\"https:\/\/blog.wtransnet.com\/es\/?s={search_term_string}\"},\"query-input\":{\"@type\":\"PropertyValueSpecification\",\"valueRequired\":true,\"valueName\":\"search_term_string\"}}],\"inLanguage\":\"es\"},{\"@type\":\"Person\",\"@id\":\"https:\/\/blog.wtransnet.com\/es\/#\/schema\/person\/3394271f55381427a15001a7877a7bcd\",\"name\":\"salvatore\",\"image\":{\"@type\":\"ImageObject\",\"inLanguage\":\"es\",\"@id\":\"https:\/\/blog.wtransnet.com\/es\/#\/schema\/person\/image\/\",\"url\":\"https:\/\/secure.gravatar.com\/avatar\/387fd1b990d5d329169c61f3baf35bb20271110f9ba711d81a6854767119e122?s=96&d=mm&r=g\",\"contentUrl\":\"https:\/\/secure.gravatar.com\/avatar\/387fd1b990d5d329169c61f3baf35bb20271110f9ba711d81a6854767119e122?s=96&d=mm&r=g\",\"caption\":\"salvatore\"},\"url\":\"https:\/\/blog.wtransnet.com\/es\/author\/salvatore\/\"}]}<\/script>\n<!-- \/ Yoast SEO plugin. -->","yoast_head_json":{"title":"Wtransnet presente en el 23\u00ba Foro Nacional del Transporte de AECOC: un evento Clave para la Innovaci\u00f3n en el sector del transporte nacional\u00a0 - Blog Wtransnet Espa\u00f1a","description":"Wtransnet estar\u00e1 presente en el 23\u00ba Foro Nacional del Transporte, organizado por AECOC para empresarios del transporte.","robots":{"index":"index","follow":"follow","max-snippet":"max-snippet:-1","max-image-preview":"max-image-preview:large","max-video-preview":"max-video-preview:-1"},"canonical":"https:\/\/blog.wtransnet.com\/es\/wtransnet-estara-presente-en-el-23o-foro-nacional-del-transporte-de-aecoc-un-evento-clave-para-la-innovacion-en-el-sector-del-transporte-nacional\/","og_locale":"es_ES","og_type":"article","og_title":"Wtransnet presente en el 23\u00ba Foro Nacional del Transporte de AECOC: un evento Clave para la Innovaci\u00f3n en el sector del transporte nacional\u00a0 - Blog Wtransnet Espa\u00f1a","og_description":"Wtransnet estar\u00e1 presente en el 23\u00ba Foro Nacional del Transporte, organizado por AECOC para empresarios del transporte.","og_url":"https:\/\/blog.wtransnet.com\/es\/wtransnet-estara-presente-en-el-23o-foro-nacional-del-transporte-de-aecoc-un-evento-clave-para-la-innovacion-en-el-sector-del-transporte-nacional\/","og_site_name":"Blog Wtransnet Espa\u00f1a","article_published_time":"2024-03-07T17:25:19+00:00","article_modified_time":"2024-03-21T17:32:39+00:00","og_image":[{"width":300,"height":170,"url":"https:\/\/blog.wtransnet.com\/es\/wp-content\/uploads\/sites\/2\/2024\/03\/blog-aecoc-small.jpg","type":"image\/jpeg"}],"author":"salvatore","twitter_card":"summary_large_image","twitter_misc":{"Escrito por":"salvatore","Tiempo de lectura":"2 minutos"},"schema":{"@context":"https:\/\/schema.org","@graph":[{"@type":"Article","@id":"https:\/\/blog.wtransnet.com\/es\/wtransnet-estara-presente-en-el-23o-foro-nacional-del-transporte-de-aecoc-un-evento-clave-para-la-innovacion-en-el-sector-del-transporte-nacional\/#article","isPartOf":{"@id":"https:\/\/blog.wtransnet.com\/es\/wtransnet-estara-presente-en-el-23o-foro-nacional-del-transporte-de-aecoc-un-evento-clave-para-la-innovacion-en-el-sector-del-transporte-nacional\/"},"author":{"name":"salvatore","@id":"https:\/\/blog.wtransnet.com\/es\/#\/schema\/person\/3394271f55381427a15001a7877a7bcd"},"headline":"Wtransnet presente en el 23\u00ba Foro Nacional del Transporte de AECOC: un evento Clave para la Innovaci\u00f3n en el sector del transporte nacional\u00a0","datePublished":"2024-03-07T17:25:19+00:00","dateModified":"2024-03-21T17:32:39+00:00","mainEntityOfPage":{"@id":"https:\/\/blog.wtransnet.com\/es\/wtransnet-estara-presente-en-el-23o-foro-nacional-del-transporte-de-aecoc-un-evento-clave-para-la-innovacion-en-el-sector-del-transporte-nacional\/"},"wordCount":259,"image":{"@id":"https:\/\/blog.wtransnet.com\/es\/wtransnet-estara-presente-en-el-23o-foro-nacional-del-transporte-de-aecoc-un-evento-clave-para-la-innovacion-en-el-sector-del-transporte-nacional\/#primaryimage"},"thumbnailUrl":"https:\/\/blog.wtransnet.com\/es\/wp-content\/uploads\/sites\/2\/2024\/03\/blog-aecoc-small.jpg","articleSection":["Actos y eventos","Transporte y Actualidad","Wtransnet"],"inLanguage":"es"},{"@type":"WebPage","@id":"https:\/\/blog.wtransnet.com\/es\/wtransnet-estara-presente-en-el-23o-foro-nacional-del-transporte-de-aecoc-un-evento-clave-para-la-innovacion-en-el-sector-del-transporte-nacional\/","url":"https:\/\/blog.wtransnet.com\/es\/wtransnet-estara-presente-en-el-23o-foro-nacional-del-transporte-de-aecoc-un-evento-clave-para-la-innovacion-en-el-sector-del-transporte-nacional\/","name":"Wtransnet presente en el 23\u00ba Foro Nacional del Transporte de AECOC: un evento Clave para la Innovaci\u00f3n en el sector del transporte nacional\u00a0 - Blog Wtransnet Espa\u00f1a","isPartOf":{"@id":"https:\/\/blog.wtransnet.com\/es\/#website"},"primaryImageOfPage":{"@id":"https:\/\/blog.wtransnet.com\/es\/wtransnet-estara-presente-en-el-23o-foro-nacional-del-transporte-de-aecoc-un-evento-clave-para-la-innovacion-en-el-sector-del-transporte-nacional\/#primaryimage"},"image":{"@id":"https:\/\/blog.wtransnet.com\/es\/wtransnet-estara-presente-en-el-23o-foro-nacional-del-transporte-de-aecoc-un-evento-clave-para-la-innovacion-en-el-sector-del-transporte-nacional\/#primaryimage"},"thumbnailUrl":"https:\/\/blog.wtransnet.com\/es\/wp-content\/uploads\/sites\/2\/2024\/03\/blog-aecoc-small.jpg","datePublished":"2024-03-07T17:25:19+00:00","dateModified":"2024-03-21T17:32:39+00:00","author":{"@id":"https:\/\/blog.wtransnet.com\/es\/#\/schema\/person\/3394271f55381427a15001a7877a7bcd"},"description":"Wtransnet estar\u00e1 presente en el 23\u00ba Foro Nacional del Transporte, organizado por AECOC para empresarios del transporte.","breadcrumb":{"@id":"https:\/\/blog.wtransnet.com\/es\/wtransnet-estara-presente-en-el-23o-foro-nacional-del-transporte-de-aecoc-un-evento-clave-para-la-innovacion-en-el-sector-del-transporte-nacional\/#breadcrumb"},"inLanguage":"es","potentialAction":[{"@type":"ReadAction","target":["https:\/\/blog.wtransnet.com\/es\/wtransnet-estara-presente-en-el-23o-foro-nacional-del-transporte-de-aecoc-un-evento-clave-para-la-innovacion-en-el-sector-del-transporte-nacional\/"]}]},{"@type":"ImageObject","inLanguage":"es","@id":"https:\/\/blog.wtransnet.com\/es\/wtransnet-estara-presente-en-el-23o-foro-nacional-del-transporte-de-aecoc-un-evento-clave-para-la-innovacion-en-el-sector-del-transporte-nacional\/#primaryimage","url":"https:\/\/blog.wtransnet.com\/es\/wp-content\/uploads\/sites\/2\/2024\/03\/blog-aecoc-small.jpg","contentUrl":"https:\/\/blog.wtransnet.com\/es\/wp-content\/uploads\/sites\/2\/2024\/03\/blog-aecoc-small.jpg","width":300,"height":170},{"@type":"BreadcrumbList","@id":"https:\/\/blog.wtransnet.com\/es\/wtransnet-estara-presente-en-el-23o-foro-nacional-del-transporte-de-aecoc-un-evento-clave-para-la-innovacion-en-el-sector-del-transporte-nacional\/#breadcrumb","itemListElement":[{"@type":"ListItem","position":1,"name":"Portada","item":"https:\/\/blog.wtransnet.com\/es\/"},{"@type":"ListItem","position":2,"name":"Wtransnet presente en el 23\u00ba Foro Nacional del Transporte de AECOC: un evento Clave para la Innovaci\u00f3n en el sector del transporte nacional\u00a0"}]},{"@type":"WebSite","@id":"https:\/\/blog.wtransnet.com\/es\/#website","url":"https:\/\/blog.wtransnet.com\/es\/","name":"Blog Wtransnet Espa\u00f1a","description":"Blog Wtransnet: Noticias de transporte, log\u00edstica y bolsa de cargas en Espa\u00f1a y Europa.","potentialAction":[{"@type":"SearchAction","target":{"@type":"EntryPoint","urlTemplate":"https:\/\/blog.wtransnet.com\/es\/?s={search_term_string}"},"query-input":{"@type":"PropertyValueSpecification","valueRequired":true,"valueName":"search_term_string"}}],"inLanguage":"es"},{"@type":"Person","@id":"https:\/\/blog.wtransnet.com\/es\/#\/schema\/person\/3394271f55381427a15001a7877a7bcd","name":"salvatore","image":{"@type":"ImageObject","inLanguage":"es","@id":"https:\/\/blog.wtransnet.com\/es\/#\/schema\/person\/image\/","url":"https:\/\/secure.gravatar.com\/avatar\/387fd1b990d5d329169c61f3baf35bb20271110f9ba711d81a6854767119e122?s=96&d=mm&r=g","contentUrl":"https:\/\/secure.gravatar.com\/avatar\/387fd1b990d5d329169c61f3baf35bb20271110f9ba711d81a6854767119e122?s=96&d=mm&r=g","caption":"salvatore"},"url":"https:\/\/blog.wtransnet.com\/es\/author\/salvatore\/"}]}},"_links":{"self":[{"href":"https:\/\/blog.wtransnet.com\/es\/wp-json\/wp\/v2\/posts\/9266","targetHints":{"allow":["GET"]}}],"collection":[{"href":"https:\/\/blog.wtransnet.com\/es\/wp-json\/wp\/v2\/posts"}],"about":[{"href":"https:\/\/blog.wtransnet.com\/es\/wp-json\/wp\/v2\/types\/post"}],"author":[{"embeddable":true,"href":"https:\/\/blog.wtransnet.com\/es\/wp-json\/wp\/v2\/users\/48"}],"replies":[{"embeddable":true,"href":"https:\/\/blog.wtransnet.com\/es\/wp-json\/wp\/v2\/comments?post=9266"}],"version-history":[{"count":1,"href":"https:\/\/blog.wtransnet.com\/es\/wp-json\/wp\/v2\/posts\/9266\/revisions"}],"predecessor-version":[{"id":9269,"href":"https:\/\/blog.wtransnet.com\/es\/wp-json\/wp\/v2\/posts\/9266\/revisions\/9269"}],"wp:featuredmedia":[{"embeddable":true,"href":"https:\/\/blog.wtransnet.com\/es\/wp-json\/wp\/v2\/media\/9268"}],"wp:attachment":[{"href":"https:\/\/blog.wtransnet.com\/es\/wp-json\/wp\/v2\/media?parent=9266"}],"wp:term":[{"taxonomy":"category","embeddable":true,"href":"https:\/\/blog.wtransnet.com\/es\/wp-json\/wp\/v2\/categories?post=9266"},{"taxonomy":"post_tag","embeddable":true,"href":"https:\/\/blog.wtransnet.com\/es\/wp-json\/wp\/v2\/tags?post=9266"}],"curies":[{"name":"wp","href":"https:\/\/api.w.org\/{rel}","templated":true}]}}