{"id":11,"date":"2012-03-20T00:00:00","date_gmt":"2012-03-20T00:00:00","guid":{"rendered":"https:\/\/blog.wtransnet.com\/fr\/2-976-entretiens-interprofessionels-dans-la-ii-edition-du-madrid-connecta\/"},"modified":"2016-02-09T12:15:05","modified_gmt":"2016-02-09T12:15:05","slug":"2-976-entretiens-interprofessionels-dans-la-ii-edition-du-madrid-connecta","status":"publish","type":"post","link":"https:\/\/blog.wtransnet.com\/fr\/2-976-entretiens-interprofessionels-dans-la-ii-edition-du-madrid-connecta\/","title":{"rendered":"2.976 Entretiens interprofessionels dans la II \u00c9dition du Madrid Connecta"},"content":{"rendered":"<p>214 professionnels et 10 pays europ\u00e9ens repr\u00e9sent\u00e9s pour la plus grande journ\u00e9e de Networking du secteur<br \/>\n214 professionnels se sont r\u00e9unis le 18 novembre \u00e0 Madrid pour la II Journ\u00e9e Internationale de Professionnels du Transport et de la Logistique, organis\u00e9e par la Fondation Wtransnet.<br \/>\nL&#8217;objectif: aider les entreprises du secteur \u00e0 trouver de nouveaux collaborateurs de confiance afin d&#8217;augmenter les opportunit\u00e9s de travail, gr\u00e2ce au speed networking et aux entretiens personnels organis\u00e9s au pr\u00e9alable selon les besoins des participants et les sp\u00e9cialit\u00e9s des entreprises.<br \/>\nL&#8217;empathie et la participation active furent les notes dominantes des 2.976 entretiens, qui se sont d\u00e9roul\u00e9s tout au long de la journ\u00e9e.<br \/>\nL&#8217;impression g\u00e9n\u00e9rale parmi les participants apr\u00e8s cette journ\u00e9e est la sensation d&#8217;avoir d\u00e9velopp\u00e9 de nouvelles opportunit\u00e9s de travail.<br \/>\nLe Comit\u00e9 Organisateur du Madrid Connecta pr\u00e9pare d\u00e9j\u00e0 la nouvelle \u00e9dition, qui se d\u00e9roulera probablement l&#8217;automne prochain.<\/p>\n","protected":false},"excerpt":{"rendered":"<p>214 professionnels et 10 pays europ\u00e9ens repr\u00e9sent\u00e9s pour la plus grande journ\u00e9e de Networking du secteur 214 professionnels se sont r\u00e9unis le 18 novembre \u00e0 Madrid pour la II Journ\u00e9e Internationale de Professionnels du Transport et de la Logistique, organis\u00e9e par la Fondation Wtransnet. L&#8217;objectif: aider les entreprises du secteur \u00e0 trouver de nouveaux collaborateurs &hellip;<\/p>\n","protected":false},"author":1,"featured_media":743,"comment_status":"open","ping_status":"open","sticky":false,"template":"","format":"standard","meta":{"_monsterinsights_skip_tracking":false,"_monsterinsights_sitenote_active":false,"_monsterinsights_sitenote_note":"","_monsterinsights_sitenote_category":0,"footnotes":""},"categories":[4],"tags":[],"class_list":["post-11","post","type-post","status-publish","format-standard","has-post-thumbnail","","category-fondation-wtransnet"],"yoast_head":"<!-- This site is optimized with the Yoast SEO plugin v26.9 - https:\/\/yoast.com\/product\/yoast-seo-wordpress\/ -->\n<title>2.976 Entretiens interprofessionels dans la II \u00c9dition du Madrid Connecta - Blog Wtransnet France<\/title>\n<meta name=\"robots\" content=\"index, follow, max-snippet:-1, max-image-preview:large, max-video-preview:-1\" \/>\n<link rel=\"canonical\" href=\"https:\/\/blog.wtransnet.com\/fr\/2-976-entretiens-interprofessionels-dans-la-ii-edition-du-madrid-connecta\/\" \/>\n<meta property=\"og:locale\" content=\"es_ES\" \/>\n<meta property=\"og:type\" content=\"article\" \/>\n<meta property=\"og:title\" content=\"2.976 Entretiens interprofessionels dans la II \u00c9dition du Madrid Connecta - Blog Wtransnet France\" \/>\n<meta property=\"og:description\" content=\"214 professionnels et 10 pays europ\u00e9ens repr\u00e9sent\u00e9s pour la plus grande journ\u00e9e de Networking du secteur 214 professionnels se sont r\u00e9unis le 18 novembre \u00e0 Madrid pour la II Journ\u00e9e Internationale de Professionnels du Transport et de la Logistique, organis\u00e9e par la Fondation Wtransnet. L&#8217;objectif: aider les entreprises du secteur \u00e0 trouver de nouveaux collaborateurs &hellip;\" \/>\n<meta property=\"og:url\" content=\"https:\/\/blog.wtransnet.com\/fr\/2-976-entretiens-interprofessionels-dans-la-ii-edition-du-madrid-connecta\/\" \/>\n<meta property=\"og:site_name\" content=\"Blog Wtransnet France\" \/>\n<meta property=\"article:published_time\" content=\"2012-03-20T00:00:00+00:00\" \/>\n<meta property=\"article:modified_time\" content=\"2016-02-09T12:15:05+00:00\" \/>\n<meta property=\"og:image\" content=\"https:\/\/blog.wtransnet.com\/fr\/wp-content\/uploads\/sites\/4\/1212\/03\/n12.jpg\" \/>\n\t<meta property=\"og:image:width\" content=\"150\" \/>\n\t<meta property=\"og:image:height\" content=\"150\" \/>\n\t<meta property=\"og:image:type\" content=\"image\/jpeg\" \/>\n<meta name=\"author\" content=\"wtransnet\" \/>\n<meta name=\"twitter:card\" content=\"summary_large_image\" \/>\n<meta name=\"twitter:label1\" content=\"Escrito por\" \/>\n\t<meta name=\"twitter:data1\" content=\"wtransnet\" \/>\n\t<meta name=\"twitter:label2\" content=\"Tiempo de lectura\" \/>\n\t<meta name=\"twitter:data2\" content=\"1 minuto\" \/>\n<script type=\"application\/ld+json\" class=\"yoast-schema-graph\">{\"@context\":\"https:\/\/schema.org\",\"@graph\":[{\"@type\":\"Article\",\"@id\":\"https:\/\/blog.wtransnet.com\/fr\/2-976-entretiens-interprofessionels-dans-la-ii-edition-du-madrid-connecta\/#article\",\"isPartOf\":{\"@id\":\"https:\/\/blog.wtransnet.com\/fr\/2-976-entretiens-interprofessionels-dans-la-ii-edition-du-madrid-connecta\/\"},\"author\":{\"name\":\"wtransnet\",\"@id\":\"https:\/\/blog.wtransnet.com\/fr\/#\/schema\/person\/fceb9548f80ce7f179d676f87807077c\"},\"headline\":\"2.976 Entretiens interprofessionels dans la II \u00c9dition du Madrid Connecta\",\"datePublished\":\"2012-03-20T00:00:00+00:00\",\"dateModified\":\"2016-02-09T12:15:05+00:00\",\"mainEntityOfPage\":{\"@id\":\"https:\/\/blog.wtransnet.com\/fr\/2-976-entretiens-interprofessionels-dans-la-ii-edition-du-madrid-connecta\/\"},\"wordCount\":174,\"commentCount\":0,\"image\":{\"@id\":\"https:\/\/blog.wtransnet.com\/fr\/2-976-entretiens-interprofessionels-dans-la-ii-edition-du-madrid-connecta\/#primaryimage\"},\"thumbnailUrl\":\"https:\/\/blog.wtransnet.com\/fr\/wp-content\/uploads\/sites\/4\/1212\/03\/n12.jpg\",\"articleSection\":[\"Fondation Wtransnet\"],\"inLanguage\":\"es\",\"potentialAction\":[{\"@type\":\"CommentAction\",\"name\":\"Comment\",\"target\":[\"https:\/\/blog.wtransnet.com\/fr\/2-976-entretiens-interprofessionels-dans-la-ii-edition-du-madrid-connecta\/#respond\"]}]},{\"@type\":\"WebPage\",\"@id\":\"https:\/\/blog.wtransnet.com\/fr\/2-976-entretiens-interprofessionels-dans-la-ii-edition-du-madrid-connecta\/\",\"url\":\"https:\/\/blog.wtransnet.com\/fr\/2-976-entretiens-interprofessionels-dans-la-ii-edition-du-madrid-connecta\/\",\"name\":\"2.976 Entretiens interprofessionels dans la II \u00c9dition du Madrid Connecta - Blog Wtransnet France\",\"isPartOf\":{\"@id\":\"https:\/\/blog.wtransnet.com\/fr\/#website\"},\"primaryImageOfPage\":{\"@id\":\"https:\/\/blog.wtransnet.com\/fr\/2-976-entretiens-interprofessionels-dans-la-ii-edition-du-madrid-connecta\/#primaryimage\"},\"image\":{\"@id\":\"https:\/\/blog.wtransnet.com\/fr\/2-976-entretiens-interprofessionels-dans-la-ii-edition-du-madrid-connecta\/#primaryimage\"},\"thumbnailUrl\":\"https:\/\/blog.wtransnet.com\/fr\/wp-content\/uploads\/sites\/4\/1212\/03\/n12.jpg\",\"datePublished\":\"2012-03-20T00:00:00+00:00\",\"dateModified\":\"2016-02-09T12:15:05+00:00\",\"author\":{\"@id\":\"https:\/\/blog.wtransnet.com\/fr\/#\/schema\/person\/fceb9548f80ce7f179d676f87807077c\"},\"breadcrumb\":{\"@id\":\"https:\/\/blog.wtransnet.com\/fr\/2-976-entretiens-interprofessionels-dans-la-ii-edition-du-madrid-connecta\/#breadcrumb\"},\"inLanguage\":\"es\",\"potentialAction\":[{\"@type\":\"ReadAction\",\"target\":[\"https:\/\/blog.wtransnet.com\/fr\/2-976-entretiens-interprofessionels-dans-la-ii-edition-du-madrid-connecta\/\"]}]},{\"@type\":\"ImageObject\",\"inLanguage\":\"es\",\"@id\":\"https:\/\/blog.wtransnet.com\/fr\/2-976-entretiens-interprofessionels-dans-la-ii-edition-du-madrid-connecta\/#primaryimage\",\"url\":\"https:\/\/blog.wtransnet.com\/fr\/wp-content\/uploads\/sites\/4\/1212\/03\/n12.jpg\",\"contentUrl\":\"https:\/\/blog.wtransnet.com\/fr\/wp-content\/uploads\/sites\/4\/1212\/03\/n12.jpg\",\"width\":150,\"height\":150},{\"@type\":\"BreadcrumbList\",\"@id\":\"https:\/\/blog.wtransnet.com\/fr\/2-976-entretiens-interprofessionels-dans-la-ii-edition-du-madrid-connecta\/#breadcrumb\",\"itemListElement\":[{\"@type\":\"ListItem\",\"position\":1,\"name\":\"Portada\",\"item\":\"https:\/\/blog.wtransnet.com\/fr\/\"},{\"@type\":\"ListItem\",\"position\":2,\"name\":\"2.976 Entretiens interprofessionels dans la II \u00c9dition du Madrid Connecta\"}]},{\"@type\":\"WebSite\",\"@id\":\"https:\/\/blog.wtransnet.com\/fr\/#website\",\"url\":\"https:\/\/blog.wtransnet.com\/fr\/\",\"name\":\"Blog Wtransnet France\",\"description\":\"Blog Wtransnet France: Actualit\u00e9s transport et logistique\",\"potentialAction\":[{\"@type\":\"SearchAction\",\"target\":{\"@type\":\"EntryPoint\",\"urlTemplate\":\"https:\/\/blog.wtransnet.com\/fr\/?s={search_term_string}\"},\"query-input\":{\"@type\":\"PropertyValueSpecification\",\"valueRequired\":true,\"valueName\":\"search_term_string\"}}],\"inLanguage\":\"es\"},{\"@type\":\"Person\",\"@id\":\"https:\/\/blog.wtransnet.com\/fr\/#\/schema\/person\/fceb9548f80ce7f179d676f87807077c\",\"name\":\"wtransnet\",\"image\":{\"@type\":\"ImageObject\",\"inLanguage\":\"es\",\"@id\":\"https:\/\/blog.wtransnet.com\/fr\/#\/schema\/person\/image\/\",\"url\":\"https:\/\/secure.gravatar.com\/avatar\/a05fe32dee93b4aac2b3ec7f2963147f4949dc5f60df7d491cc2199728053e0b?s=96&d=mm&r=g\",\"contentUrl\":\"https:\/\/secure.gravatar.com\/avatar\/a05fe32dee93b4aac2b3ec7f2963147f4949dc5f60df7d491cc2199728053e0b?s=96&d=mm&r=g\",\"caption\":\"wtransnet\"},\"url\":\"https:\/\/blog.wtransnet.com\/fr\/author\/wtransnet\/\"}]}<\/script>\n<!-- \/ Yoast SEO plugin. -->","yoast_head_json":{"title":"2.976 Entretiens interprofessionels dans la II \u00c9dition du Madrid Connecta - Blog Wtransnet France","robots":{"index":"index","follow":"follow","max-snippet":"max-snippet:-1","max-image-preview":"max-image-preview:large","max-video-preview":"max-video-preview:-1"},"canonical":"https:\/\/blog.wtransnet.com\/fr\/2-976-entretiens-interprofessionels-dans-la-ii-edition-du-madrid-connecta\/","og_locale":"es_ES","og_type":"article","og_title":"2.976 Entretiens interprofessionels dans la II \u00c9dition du Madrid Connecta - Blog Wtransnet France","og_description":"214 professionnels et 10 pays europ\u00e9ens repr\u00e9sent\u00e9s pour la plus grande journ\u00e9e de Networking du secteur 214 professionnels se sont r\u00e9unis le 18 novembre \u00e0 Madrid pour la II Journ\u00e9e Internationale de Professionnels du Transport et de la Logistique, organis\u00e9e par la Fondation Wtransnet. L&#8217;objectif: aider les entreprises du secteur \u00e0 trouver de nouveaux collaborateurs &hellip;","og_url":"https:\/\/blog.wtransnet.com\/fr\/2-976-entretiens-interprofessionels-dans-la-ii-edition-du-madrid-connecta\/","og_site_name":"Blog Wtransnet France","article_published_time":"2012-03-20T00:00:00+00:00","article_modified_time":"2016-02-09T12:15:05+00:00","og_image":[{"width":150,"height":150,"url":"https:\/\/blog.wtransnet.com\/fr\/wp-content\/uploads\/sites\/4\/1212\/03\/n12.jpg","type":"image\/jpeg"}],"author":"wtransnet","twitter_card":"summary_large_image","twitter_misc":{"Escrito por":"wtransnet","Tiempo de lectura":"1 minuto"},"schema":{"@context":"https:\/\/schema.org","@graph":[{"@type":"Article","@id":"https:\/\/blog.wtransnet.com\/fr\/2-976-entretiens-interprofessionels-dans-la-ii-edition-du-madrid-connecta\/#article","isPartOf":{"@id":"https:\/\/blog.wtransnet.com\/fr\/2-976-entretiens-interprofessionels-dans-la-ii-edition-du-madrid-connecta\/"},"author":{"name":"wtransnet","@id":"https:\/\/blog.wtransnet.com\/fr\/#\/schema\/person\/fceb9548f80ce7f179d676f87807077c"},"headline":"2.976 Entretiens interprofessionels dans la II \u00c9dition du Madrid Connecta","datePublished":"2012-03-20T00:00:00+00:00","dateModified":"2016-02-09T12:15:05+00:00","mainEntityOfPage":{"@id":"https:\/\/blog.wtransnet.com\/fr\/2-976-entretiens-interprofessionels-dans-la-ii-edition-du-madrid-connecta\/"},"wordCount":174,"commentCount":0,"image":{"@id":"https:\/\/blog.wtransnet.com\/fr\/2-976-entretiens-interprofessionels-dans-la-ii-edition-du-madrid-connecta\/#primaryimage"},"thumbnailUrl":"https:\/\/blog.wtransnet.com\/fr\/wp-content\/uploads\/sites\/4\/1212\/03\/n12.jpg","articleSection":["Fondation Wtransnet"],"inLanguage":"es","potentialAction":[{"@type":"CommentAction","name":"Comment","target":["https:\/\/blog.wtransnet.com\/fr\/2-976-entretiens-interprofessionels-dans-la-ii-edition-du-madrid-connecta\/#respond"]}]},{"@type":"WebPage","@id":"https:\/\/blog.wtransnet.com\/fr\/2-976-entretiens-interprofessionels-dans-la-ii-edition-du-madrid-connecta\/","url":"https:\/\/blog.wtransnet.com\/fr\/2-976-entretiens-interprofessionels-dans-la-ii-edition-du-madrid-connecta\/","name":"2.976 Entretiens interprofessionels dans la II \u00c9dition du Madrid Connecta - Blog Wtransnet France","isPartOf":{"@id":"https:\/\/blog.wtransnet.com\/fr\/#website"},"primaryImageOfPage":{"@id":"https:\/\/blog.wtransnet.com\/fr\/2-976-entretiens-interprofessionels-dans-la-ii-edition-du-madrid-connecta\/#primaryimage"},"image":{"@id":"https:\/\/blog.wtransnet.com\/fr\/2-976-entretiens-interprofessionels-dans-la-ii-edition-du-madrid-connecta\/#primaryimage"},"thumbnailUrl":"https:\/\/blog.wtransnet.com\/fr\/wp-content\/uploads\/sites\/4\/1212\/03\/n12.jpg","datePublished":"2012-03-20T00:00:00+00:00","dateModified":"2016-02-09T12:15:05+00:00","author":{"@id":"https:\/\/blog.wtransnet.com\/fr\/#\/schema\/person\/fceb9548f80ce7f179d676f87807077c"},"breadcrumb":{"@id":"https:\/\/blog.wtransnet.com\/fr\/2-976-entretiens-interprofessionels-dans-la-ii-edition-du-madrid-connecta\/#breadcrumb"},"inLanguage":"es","potentialAction":[{"@type":"ReadAction","target":["https:\/\/blog.wtransnet.com\/fr\/2-976-entretiens-interprofessionels-dans-la-ii-edition-du-madrid-connecta\/"]}]},{"@type":"ImageObject","inLanguage":"es","@id":"https:\/\/blog.wtransnet.com\/fr\/2-976-entretiens-interprofessionels-dans-la-ii-edition-du-madrid-connecta\/#primaryimage","url":"https:\/\/blog.wtransnet.com\/fr\/wp-content\/uploads\/sites\/4\/1212\/03\/n12.jpg","contentUrl":"https:\/\/blog.wtransnet.com\/fr\/wp-content\/uploads\/sites\/4\/1212\/03\/n12.jpg","width":150,"height":150},{"@type":"BreadcrumbList","@id":"https:\/\/blog.wtransnet.com\/fr\/2-976-entretiens-interprofessionels-dans-la-ii-edition-du-madrid-connecta\/#breadcrumb","itemListElement":[{"@type":"ListItem","position":1,"name":"Portada","item":"https:\/\/blog.wtransnet.com\/fr\/"},{"@type":"ListItem","position":2,"name":"2.976 Entretiens interprofessionels dans la II \u00c9dition du Madrid Connecta"}]},{"@type":"WebSite","@id":"https:\/\/blog.wtransnet.com\/fr\/#website","url":"https:\/\/blog.wtransnet.com\/fr\/","name":"Blog Wtransnet France","description":"Blog Wtransnet France: Actualit\u00e9s transport et logistique","potentialAction":[{"@type":"SearchAction","target":{"@type":"EntryPoint","urlTemplate":"https:\/\/blog.wtransnet.com\/fr\/?s={search_term_string}"},"query-input":{"@type":"PropertyValueSpecification","valueRequired":true,"valueName":"search_term_string"}}],"inLanguage":"es"},{"@type":"Person","@id":"https:\/\/blog.wtransnet.com\/fr\/#\/schema\/person\/fceb9548f80ce7f179d676f87807077c","name":"wtransnet","image":{"@type":"ImageObject","inLanguage":"es","@id":"https:\/\/blog.wtransnet.com\/fr\/#\/schema\/person\/image\/","url":"https:\/\/secure.gravatar.com\/avatar\/a05fe32dee93b4aac2b3ec7f2963147f4949dc5f60df7d491cc2199728053e0b?s=96&d=mm&r=g","contentUrl":"https:\/\/secure.gravatar.com\/avatar\/a05fe32dee93b4aac2b3ec7f2963147f4949dc5f60df7d491cc2199728053e0b?s=96&d=mm&r=g","caption":"wtransnet"},"url":"https:\/\/blog.wtransnet.com\/fr\/author\/wtransnet\/"}]}},"_links":{"self":[{"href":"https:\/\/blog.wtransnet.com\/fr\/wp-json\/wp\/v2\/posts\/11","targetHints":{"allow":["GET"]}}],"collection":[{"href":"https:\/\/blog.wtransnet.com\/fr\/wp-json\/wp\/v2\/posts"}],"about":[{"href":"https:\/\/blog.wtransnet.com\/fr\/wp-json\/wp\/v2\/types\/post"}],"author":[{"embeddable":true,"href":"https:\/\/blog.wtransnet.com\/fr\/wp-json\/wp\/v2\/users\/1"}],"replies":[{"embeddable":true,"href":"https:\/\/blog.wtransnet.com\/fr\/wp-json\/wp\/v2\/comments?post=11"}],"version-history":[{"count":0,"href":"https:\/\/blog.wtransnet.com\/fr\/wp-json\/wp\/v2\/posts\/11\/revisions"}],"wp:featuredmedia":[{"embeddable":true,"href":"https:\/\/blog.wtransnet.com\/fr\/wp-json\/wp\/v2\/media\/743"}],"wp:attachment":[{"href":"https:\/\/blog.wtransnet.com\/fr\/wp-json\/wp\/v2\/media?parent=11"}],"wp:term":[{"taxonomy":"category","embeddable":true,"href":"https:\/\/blog.wtransnet.com\/fr\/wp-json\/wp\/v2\/categories?post=11"},{"taxonomy":"post_tag","embeddable":true,"href":"https:\/\/blog.wtransnet.com\/fr\/wp-json\/wp\/v2\/tags?post=11"}],"curies":[{"name":"wp","href":"https:\/\/api.w.org\/{rel}","templated":true}]}}