{"id":113,"date":"2015-04-22T00:00:00","date_gmt":"2015-04-22T00:00:00","guid":{"rendered":"https:\/\/blog.wtransnet.com\/fr\/wtransnet-est-lunique-bourse-de-fret-du-marche-a-ne-pas-admettre-les-chargeurs\/"},"modified":"2016-02-09T10:50:14","modified_gmt":"2016-02-09T10:50:14","slug":"wtransnet-est-lunique-bourse-de-fret-du-marche-a-ne-pas-admettre-les-chargeurs","status":"publish","type":"post","link":"https:\/\/blog.wtransnet.com\/fr\/wtransnet-est-lunique-bourse-de-fret-du-marche-a-ne-pas-admettre-les-chargeurs\/","title":{"rendered":"\u00abWtransnet est l\u2019unique bourse de fret du march\u00e9 \u00e0 ne pas admettre les chargeurs\u00bb"},"content":{"rendered":"<p class=\"rteleft\">Jaume Esteve, CEO de Wtransnet, se montre cat\u00e9gorique quand on le questionne sur l\u2019acc\u00e8s des grands chargeurs \u00e0 la bourse de fret.<\/p>\n<p class=\"rteleft\">Ces\u00a0derni\u00e8res semaines, il a d\u00fb r\u00e9pondre \u00e0 plusieurs occasions \u00e0 la question suivante\u00a0: pourquoi <a href=\"http:\/\/www.wtransnet.com\/fr\/\" target=\"_blank\">Wtransnet<\/a>, \u00e0 la diff\u00e9rence d\u2019autres plateformes, n\u2019admet pas les industriels\u00a0? La r\u00e9ponse est simple et se base sur la vision qu\u2019ont les membres fondateurs de Wtransnet sur ce que doit \u00eatre une bourse de fret\u00a0:<\/p>\n<p class=\"rteleft\"><em>\u201cNous consid\u00e9rons la bourse de fret comme un <strong>espace de collaboration<\/strong> entre transporteurs dans le but de donner un meilleur service \u00e0 leurs clients. Les chargeurs ne doivent pas acc\u00e9der aux bourses de fret car ce n\u2019est pas un service con\u00e7u pour eux\u201d. <\/em>Et continue dans le m\u00eame sens\u00a0\u201c<em>nous ne pr\u00e9tendons pas \u00eatre la meilleure bourse de fret du march\u00e9, mais celle o\u00f9 l\u2019esprit de collaboration est renforc\u00e9, o\u00f9 le plus important est la <strong>cr\u00e9ation de relations \u00e0 long terme<\/strong> et d\u2019\u00eatre s\u00fbr de travailler avec des entreprises de confiance \u201d.<\/em><\/p>\n<p class=\"rteleft\"><a href=\"https:\/\/blog.wtransnet.com\/fr\/wp-content\/uploads\/sites\/4\/1515\/04\/jaume-industria2.jpg\"><img loading=\"lazy\" decoding=\"async\" class=\"size-full wp-image-1048 aligncenter\" src=\"https:\/\/blog.wtransnet.com\/fr\/wp-content\/uploads\/sites\/4\/1515\/04\/jaume-industria2.jpg\" alt=\"jaume-industria2\" width=\"290\" height=\"290\" \/><\/a><\/p>\n<p class=\"rteleft\"><strong>Pourquoi Wtransnet est-elle diff\u00e9rente des autres ?<\/strong><\/p>\n<p class=\"rteleft\"><em>\u201cNous travaillons avec des <strong>entreprises solvables et des transporteurs qualifi\u00e9s qui, en entrant dans le collectif Wtransnet, <\/strong>acceptent un code de conduite<strong>. <\/strong>De plus, nous certifions la qualit\u00e9 de nos transporteurs gr\u00e2ce \u00e0 un syst\u00e8me de qualification unique sur le march\u00e9.\u201d<\/em><\/p>\n<p class=\"rteleft\">De la m\u00eame fa\u00e7on, Wtransnet s\u2019adapte aux exigences des transporteurs en leur offrant la possibilit\u00e9 de trouver du fret et de <strong>garantir le paiement<\/strong> de leurs factures.<\/p>\n<p class=\"rteleft\"><em>\u201cLa rigueur avec laquelle nous travaillons depuis le d\u00e9but, nous permet aujourd\u2019hui de fournir un service exclusif de <a href=\"http:\/\/www.wtransnet.com\/fr\/bourse-de-fret.html#cobro\" target=\"_blank\"><strong>garantie de paiement online<\/strong><\/a>, qui fait de Wtransnet l\u2019unique bourse de fret du march\u00e9 o\u00f9 il est possible de garantir le paiement des factures de mani\u00e8re instantan\u00e9e avant de charger le camion\u00a0\u201d.<\/em><\/p>\n<p class=\"rteleft\">Collaboration partenariale, s\u00e9curit\u00e9 et solvabilit\u00e9. Telles sont les valeurs de Wtransnet qui reste fid\u00e8le \u00e0 ses origines apr\u00e8s 17 ans sur le march\u00e9 et avec plus de 10.000 entreprises adh\u00e9rentes dans 23 pays d\u2019Europe.<\/p>\n","protected":false},"excerpt":{"rendered":"<p>Jaume Esteve, CEO de Wtransnet, se montre cat\u00e9gorique quand on le questionne sur l\u2019acc\u00e8s des grands chargeurs \u00e0 la bourse de fret. Ces\u00a0derni\u00e8res semaines, il a d\u00fb r\u00e9pondre \u00e0 plusieurs occasions \u00e0 la question suivante\u00a0: pourquoi Wtransnet, \u00e0 la diff\u00e9rence d\u2019autres plateformes, n\u2019admet pas les industriels\u00a0? La r\u00e9ponse est simple et se base sur la &hellip;<\/p>\n","protected":false},"author":2,"featured_media":1047,"comment_status":"open","ping_status":"open","sticky":false,"template":"","format":"standard","meta":{"_monsterinsights_skip_tracking":false,"_monsterinsights_sitenote_active":false,"_monsterinsights_sitenote_note":"","_monsterinsights_sitenote_category":0,"footnotes":""},"categories":[166,2],"tags":[36,57,10],"class_list":["post-113","post","type-post","status-publish","format-standard","has-post-thumbnail","","category-blog","category-wtransnet","tag-bourse-de-fret","tag-chargeurs","tag-wtransnet"],"yoast_head":"<!-- This site is optimized with the Yoast SEO plugin v26.9 - https:\/\/yoast.com\/product\/yoast-seo-wordpress\/ -->\n<title>&quot;Wtransnet est l\u2019unique bourse de fret du march\u00e9 \u00e0 ne pas admettre les chargeurs&quot; - Blog Wtransnet France<\/title>\n<meta name=\"robots\" content=\"index, follow, max-snippet:-1, max-image-preview:large, max-video-preview:-1\" \/>\n<link rel=\"canonical\" href=\"https:\/\/blog.wtransnet.com\/fr\/wtransnet-est-lunique-bourse-de-fret-du-marche-a-ne-pas-admettre-les-chargeurs\/\" \/>\n<meta property=\"og:locale\" content=\"es_ES\" \/>\n<meta property=\"og:type\" content=\"article\" \/>\n<meta property=\"og:title\" content=\"&quot;Wtransnet est l\u2019unique bourse de fret du march\u00e9 \u00e0 ne pas admettre les chargeurs&quot; - Blog Wtransnet France\" \/>\n<meta property=\"og:description\" content=\"Jaume Esteve, CEO de Wtransnet, se montre cat\u00e9gorique quand on le questionne sur l\u2019acc\u00e8s des grands chargeurs \u00e0 la bourse de fret. Ces\u00a0derni\u00e8res semaines, il a d\u00fb r\u00e9pondre \u00e0 plusieurs occasions \u00e0 la question suivante\u00a0: pourquoi Wtransnet, \u00e0 la diff\u00e9rence d\u2019autres plateformes, n\u2019admet pas les industriels\u00a0? La r\u00e9ponse est simple et se base sur la &hellip;\" \/>\n<meta property=\"og:url\" content=\"https:\/\/blog.wtransnet.com\/fr\/wtransnet-est-lunique-bourse-de-fret-du-marche-a-ne-pas-admettre-les-chargeurs\/\" \/>\n<meta property=\"og:site_name\" content=\"Blog Wtransnet France\" \/>\n<meta property=\"article:published_time\" content=\"2015-04-22T00:00:00+00:00\" \/>\n<meta property=\"article:modified_time\" content=\"2016-02-09T10:50:14+00:00\" \/>\n<meta property=\"og:image\" content=\"https:\/\/blog.wtransnet.com\/fr\/wp-content\/uploads\/sites\/4\/1515\/04\/150x150-jaume-esteve.jpg\" \/>\n\t<meta property=\"og:image:width\" content=\"150\" \/>\n\t<meta property=\"og:image:height\" content=\"150\" \/>\n\t<meta property=\"og:image:type\" content=\"image\/jpeg\" \/>\n<meta name=\"author\" content=\"Edgar Compte Reollo\" \/>\n<meta name=\"twitter:card\" content=\"summary_large_image\" \/>\n<meta name=\"twitter:label1\" content=\"Escrito por\" \/>\n\t<meta name=\"twitter:data1\" content=\"Edgar Compte Reollo\" \/>\n\t<meta name=\"twitter:label2\" content=\"Tiempo de lectura\" \/>\n\t<meta name=\"twitter:data2\" content=\"2 minutos\" \/>\n<script type=\"application\/ld+json\" class=\"yoast-schema-graph\">{\"@context\":\"https:\/\/schema.org\",\"@graph\":[{\"@type\":\"Article\",\"@id\":\"https:\/\/blog.wtransnet.com\/fr\/wtransnet-est-lunique-bourse-de-fret-du-marche-a-ne-pas-admettre-les-chargeurs\/#article\",\"isPartOf\":{\"@id\":\"https:\/\/blog.wtransnet.com\/fr\/wtransnet-est-lunique-bourse-de-fret-du-marche-a-ne-pas-admettre-les-chargeurs\/\"},\"author\":{\"name\":\"Edgar Compte Reollo\",\"@id\":\"https:\/\/blog.wtransnet.com\/fr\/#\/schema\/person\/72e72ba89ffa96d0d5f7e50a6af29d29\"},\"headline\":\"\u00abWtransnet est l\u2019unique bourse de fret du march\u00e9 \u00e0 ne pas admettre les chargeurs\u00bb\",\"datePublished\":\"2015-04-22T00:00:00+00:00\",\"dateModified\":\"2016-02-09T10:50:14+00:00\",\"mainEntityOfPage\":{\"@id\":\"https:\/\/blog.wtransnet.com\/fr\/wtransnet-est-lunique-bourse-de-fret-du-marche-a-ne-pas-admettre-les-chargeurs\/\"},\"wordCount\":361,\"commentCount\":0,\"image\":{\"@id\":\"https:\/\/blog.wtransnet.com\/fr\/wtransnet-est-lunique-bourse-de-fret-du-marche-a-ne-pas-admettre-les-chargeurs\/#primaryimage\"},\"thumbnailUrl\":\"https:\/\/blog.wtransnet.com\/fr\/wp-content\/uploads\/sites\/4\/1515\/04\/150x150-jaume-esteve.jpg\",\"keywords\":[\"bourse de fret\",\"chargeurs\",\"wtransnet\"],\"articleSection\":[\"Blog\",\"Wtransnet\"],\"inLanguage\":\"es\",\"potentialAction\":[{\"@type\":\"CommentAction\",\"name\":\"Comment\",\"target\":[\"https:\/\/blog.wtransnet.com\/fr\/wtransnet-est-lunique-bourse-de-fret-du-marche-a-ne-pas-admettre-les-chargeurs\/#respond\"]}]},{\"@type\":\"WebPage\",\"@id\":\"https:\/\/blog.wtransnet.com\/fr\/wtransnet-est-lunique-bourse-de-fret-du-marche-a-ne-pas-admettre-les-chargeurs\/\",\"url\":\"https:\/\/blog.wtransnet.com\/fr\/wtransnet-est-lunique-bourse-de-fret-du-marche-a-ne-pas-admettre-les-chargeurs\/\",\"name\":\"\\\"Wtransnet est l\u2019unique bourse de fret du march\u00e9 \u00e0 ne pas admettre les chargeurs\\\" - Blog Wtransnet France\",\"isPartOf\":{\"@id\":\"https:\/\/blog.wtransnet.com\/fr\/#website\"},\"primaryImageOfPage\":{\"@id\":\"https:\/\/blog.wtransnet.com\/fr\/wtransnet-est-lunique-bourse-de-fret-du-marche-a-ne-pas-admettre-les-chargeurs\/#primaryimage\"},\"image\":{\"@id\":\"https:\/\/blog.wtransnet.com\/fr\/wtransnet-est-lunique-bourse-de-fret-du-marche-a-ne-pas-admettre-les-chargeurs\/#primaryimage\"},\"thumbnailUrl\":\"https:\/\/blog.wtransnet.com\/fr\/wp-content\/uploads\/sites\/4\/1515\/04\/150x150-jaume-esteve.jpg\",\"datePublished\":\"2015-04-22T00:00:00+00:00\",\"dateModified\":\"2016-02-09T10:50:14+00:00\",\"author\":{\"@id\":\"https:\/\/blog.wtransnet.com\/fr\/#\/schema\/person\/72e72ba89ffa96d0d5f7e50a6af29d29\"},\"breadcrumb\":{\"@id\":\"https:\/\/blog.wtransnet.com\/fr\/wtransnet-est-lunique-bourse-de-fret-du-marche-a-ne-pas-admettre-les-chargeurs\/#breadcrumb\"},\"inLanguage\":\"es\",\"potentialAction\":[{\"@type\":\"ReadAction\",\"target\":[\"https:\/\/blog.wtransnet.com\/fr\/wtransnet-est-lunique-bourse-de-fret-du-marche-a-ne-pas-admettre-les-chargeurs\/\"]}]},{\"@type\":\"ImageObject\",\"inLanguage\":\"es\",\"@id\":\"https:\/\/blog.wtransnet.com\/fr\/wtransnet-est-lunique-bourse-de-fret-du-marche-a-ne-pas-admettre-les-chargeurs\/#primaryimage\",\"url\":\"https:\/\/blog.wtransnet.com\/fr\/wp-content\/uploads\/sites\/4\/1515\/04\/150x150-jaume-esteve.jpg\",\"contentUrl\":\"https:\/\/blog.wtransnet.com\/fr\/wp-content\/uploads\/sites\/4\/1515\/04\/150x150-jaume-esteve.jpg\",\"width\":150,\"height\":150},{\"@type\":\"BreadcrumbList\",\"@id\":\"https:\/\/blog.wtransnet.com\/fr\/wtransnet-est-lunique-bourse-de-fret-du-marche-a-ne-pas-admettre-les-chargeurs\/#breadcrumb\",\"itemListElement\":[{\"@type\":\"ListItem\",\"position\":1,\"name\":\"Portada\",\"item\":\"https:\/\/blog.wtransnet.com\/fr\/\"},{\"@type\":\"ListItem\",\"position\":2,\"name\":\"\u00abWtransnet est l\u2019unique bourse de fret du march\u00e9 \u00e0 ne pas admettre les chargeurs\u00bb\"}]},{\"@type\":\"WebSite\",\"@id\":\"https:\/\/blog.wtransnet.com\/fr\/#website\",\"url\":\"https:\/\/blog.wtransnet.com\/fr\/\",\"name\":\"Blog Wtransnet France\",\"description\":\"Blog Wtransnet France: Actualit\u00e9s transport et logistique\",\"potentialAction\":[{\"@type\":\"SearchAction\",\"target\":{\"@type\":\"EntryPoint\",\"urlTemplate\":\"https:\/\/blog.wtransnet.com\/fr\/?s={search_term_string}\"},\"query-input\":{\"@type\":\"PropertyValueSpecification\",\"valueRequired\":true,\"valueName\":\"search_term_string\"}}],\"inLanguage\":\"es\"},{\"@type\":\"Person\",\"@id\":\"https:\/\/blog.wtransnet.com\/fr\/#\/schema\/person\/72e72ba89ffa96d0d5f7e50a6af29d29\",\"name\":\"Edgar Compte Reollo\",\"image\":{\"@type\":\"ImageObject\",\"inLanguage\":\"es\",\"@id\":\"https:\/\/blog.wtransnet.com\/fr\/#\/schema\/person\/image\/\",\"url\":\"https:\/\/secure.gravatar.com\/avatar\/cdef3ab443cd703d80f8618c041e62e3338cd7adb52bb56655047a411be15900?s=96&d=mm&r=g\",\"contentUrl\":\"https:\/\/secure.gravatar.com\/avatar\/cdef3ab443cd703d80f8618c041e62e3338cd7adb52bb56655047a411be15900?s=96&d=mm&r=g\",\"caption\":\"Edgar Compte Reollo\"},\"url\":\"https:\/\/blog.wtransnet.com\/fr\/author\/ecompte\/\"}]}<\/script>\n<!-- \/ Yoast SEO plugin. -->","yoast_head_json":{"title":"\"Wtransnet est l\u2019unique bourse de fret du march\u00e9 \u00e0 ne pas admettre les chargeurs\" - Blog Wtransnet France","robots":{"index":"index","follow":"follow","max-snippet":"max-snippet:-1","max-image-preview":"max-image-preview:large","max-video-preview":"max-video-preview:-1"},"canonical":"https:\/\/blog.wtransnet.com\/fr\/wtransnet-est-lunique-bourse-de-fret-du-marche-a-ne-pas-admettre-les-chargeurs\/","og_locale":"es_ES","og_type":"article","og_title":"\"Wtransnet est l\u2019unique bourse de fret du march\u00e9 \u00e0 ne pas admettre les chargeurs\" - Blog Wtransnet France","og_description":"Jaume Esteve, CEO de Wtransnet, se montre cat\u00e9gorique quand on le questionne sur l\u2019acc\u00e8s des grands chargeurs \u00e0 la bourse de fret. Ces\u00a0derni\u00e8res semaines, il a d\u00fb r\u00e9pondre \u00e0 plusieurs occasions \u00e0 la question suivante\u00a0: pourquoi Wtransnet, \u00e0 la diff\u00e9rence d\u2019autres plateformes, n\u2019admet pas les industriels\u00a0? La r\u00e9ponse est simple et se base sur la &hellip;","og_url":"https:\/\/blog.wtransnet.com\/fr\/wtransnet-est-lunique-bourse-de-fret-du-marche-a-ne-pas-admettre-les-chargeurs\/","og_site_name":"Blog Wtransnet France","article_published_time":"2015-04-22T00:00:00+00:00","article_modified_time":"2016-02-09T10:50:14+00:00","og_image":[{"width":150,"height":150,"url":"https:\/\/blog.wtransnet.com\/fr\/wp-content\/uploads\/sites\/4\/1515\/04\/150x150-jaume-esteve.jpg","type":"image\/jpeg"}],"author":"Edgar Compte Reollo","twitter_card":"summary_large_image","twitter_misc":{"Escrito por":"Edgar Compte Reollo","Tiempo de lectura":"2 minutos"},"schema":{"@context":"https:\/\/schema.org","@graph":[{"@type":"Article","@id":"https:\/\/blog.wtransnet.com\/fr\/wtransnet-est-lunique-bourse-de-fret-du-marche-a-ne-pas-admettre-les-chargeurs\/#article","isPartOf":{"@id":"https:\/\/blog.wtransnet.com\/fr\/wtransnet-est-lunique-bourse-de-fret-du-marche-a-ne-pas-admettre-les-chargeurs\/"},"author":{"name":"Edgar Compte Reollo","@id":"https:\/\/blog.wtransnet.com\/fr\/#\/schema\/person\/72e72ba89ffa96d0d5f7e50a6af29d29"},"headline":"\u00abWtransnet est l\u2019unique bourse de fret du march\u00e9 \u00e0 ne pas admettre les chargeurs\u00bb","datePublished":"2015-04-22T00:00:00+00:00","dateModified":"2016-02-09T10:50:14+00:00","mainEntityOfPage":{"@id":"https:\/\/blog.wtransnet.com\/fr\/wtransnet-est-lunique-bourse-de-fret-du-marche-a-ne-pas-admettre-les-chargeurs\/"},"wordCount":361,"commentCount":0,"image":{"@id":"https:\/\/blog.wtransnet.com\/fr\/wtransnet-est-lunique-bourse-de-fret-du-marche-a-ne-pas-admettre-les-chargeurs\/#primaryimage"},"thumbnailUrl":"https:\/\/blog.wtransnet.com\/fr\/wp-content\/uploads\/sites\/4\/1515\/04\/150x150-jaume-esteve.jpg","keywords":["bourse de fret","chargeurs","wtransnet"],"articleSection":["Blog","Wtransnet"],"inLanguage":"es","potentialAction":[{"@type":"CommentAction","name":"Comment","target":["https:\/\/blog.wtransnet.com\/fr\/wtransnet-est-lunique-bourse-de-fret-du-marche-a-ne-pas-admettre-les-chargeurs\/#respond"]}]},{"@type":"WebPage","@id":"https:\/\/blog.wtransnet.com\/fr\/wtransnet-est-lunique-bourse-de-fret-du-marche-a-ne-pas-admettre-les-chargeurs\/","url":"https:\/\/blog.wtransnet.com\/fr\/wtransnet-est-lunique-bourse-de-fret-du-marche-a-ne-pas-admettre-les-chargeurs\/","name":"\"Wtransnet est l\u2019unique bourse de fret du march\u00e9 \u00e0 ne pas admettre les chargeurs\" - Blog Wtransnet France","isPartOf":{"@id":"https:\/\/blog.wtransnet.com\/fr\/#website"},"primaryImageOfPage":{"@id":"https:\/\/blog.wtransnet.com\/fr\/wtransnet-est-lunique-bourse-de-fret-du-marche-a-ne-pas-admettre-les-chargeurs\/#primaryimage"},"image":{"@id":"https:\/\/blog.wtransnet.com\/fr\/wtransnet-est-lunique-bourse-de-fret-du-marche-a-ne-pas-admettre-les-chargeurs\/#primaryimage"},"thumbnailUrl":"https:\/\/blog.wtransnet.com\/fr\/wp-content\/uploads\/sites\/4\/1515\/04\/150x150-jaume-esteve.jpg","datePublished":"2015-04-22T00:00:00+00:00","dateModified":"2016-02-09T10:50:14+00:00","author":{"@id":"https:\/\/blog.wtransnet.com\/fr\/#\/schema\/person\/72e72ba89ffa96d0d5f7e50a6af29d29"},"breadcrumb":{"@id":"https:\/\/blog.wtransnet.com\/fr\/wtransnet-est-lunique-bourse-de-fret-du-marche-a-ne-pas-admettre-les-chargeurs\/#breadcrumb"},"inLanguage":"es","potentialAction":[{"@type":"ReadAction","target":["https:\/\/blog.wtransnet.com\/fr\/wtransnet-est-lunique-bourse-de-fret-du-marche-a-ne-pas-admettre-les-chargeurs\/"]}]},{"@type":"ImageObject","inLanguage":"es","@id":"https:\/\/blog.wtransnet.com\/fr\/wtransnet-est-lunique-bourse-de-fret-du-marche-a-ne-pas-admettre-les-chargeurs\/#primaryimage","url":"https:\/\/blog.wtransnet.com\/fr\/wp-content\/uploads\/sites\/4\/1515\/04\/150x150-jaume-esteve.jpg","contentUrl":"https:\/\/blog.wtransnet.com\/fr\/wp-content\/uploads\/sites\/4\/1515\/04\/150x150-jaume-esteve.jpg","width":150,"height":150},{"@type":"BreadcrumbList","@id":"https:\/\/blog.wtransnet.com\/fr\/wtransnet-est-lunique-bourse-de-fret-du-marche-a-ne-pas-admettre-les-chargeurs\/#breadcrumb","itemListElement":[{"@type":"ListItem","position":1,"name":"Portada","item":"https:\/\/blog.wtransnet.com\/fr\/"},{"@type":"ListItem","position":2,"name":"\u00abWtransnet est l\u2019unique bourse de fret du march\u00e9 \u00e0 ne pas admettre les chargeurs\u00bb"}]},{"@type":"WebSite","@id":"https:\/\/blog.wtransnet.com\/fr\/#website","url":"https:\/\/blog.wtransnet.com\/fr\/","name":"Blog Wtransnet France","description":"Blog Wtransnet France: Actualit\u00e9s transport et logistique","potentialAction":[{"@type":"SearchAction","target":{"@type":"EntryPoint","urlTemplate":"https:\/\/blog.wtransnet.com\/fr\/?s={search_term_string}"},"query-input":{"@type":"PropertyValueSpecification","valueRequired":true,"valueName":"search_term_string"}}],"inLanguage":"es"},{"@type":"Person","@id":"https:\/\/blog.wtransnet.com\/fr\/#\/schema\/person\/72e72ba89ffa96d0d5f7e50a6af29d29","name":"Edgar Compte Reollo","image":{"@type":"ImageObject","inLanguage":"es","@id":"https:\/\/blog.wtransnet.com\/fr\/#\/schema\/person\/image\/","url":"https:\/\/secure.gravatar.com\/avatar\/cdef3ab443cd703d80f8618c041e62e3338cd7adb52bb56655047a411be15900?s=96&d=mm&r=g","contentUrl":"https:\/\/secure.gravatar.com\/avatar\/cdef3ab443cd703d80f8618c041e62e3338cd7adb52bb56655047a411be15900?s=96&d=mm&r=g","caption":"Edgar Compte Reollo"},"url":"https:\/\/blog.wtransnet.com\/fr\/author\/ecompte\/"}]}},"_links":{"self":[{"href":"https:\/\/blog.wtransnet.com\/fr\/wp-json\/wp\/v2\/posts\/113","targetHints":{"allow":["GET"]}}],"collection":[{"href":"https:\/\/blog.wtransnet.com\/fr\/wp-json\/wp\/v2\/posts"}],"about":[{"href":"https:\/\/blog.wtransnet.com\/fr\/wp-json\/wp\/v2\/types\/post"}],"author":[{"embeddable":true,"href":"https:\/\/blog.wtransnet.com\/fr\/wp-json\/wp\/v2\/users\/2"}],"replies":[{"embeddable":true,"href":"https:\/\/blog.wtransnet.com\/fr\/wp-json\/wp\/v2\/comments?post=113"}],"version-history":[{"count":0,"href":"https:\/\/blog.wtransnet.com\/fr\/wp-json\/wp\/v2\/posts\/113\/revisions"}],"wp:featuredmedia":[{"embeddable":true,"href":"https:\/\/blog.wtransnet.com\/fr\/wp-json\/wp\/v2\/media\/1047"}],"wp:attachment":[{"href":"https:\/\/blog.wtransnet.com\/fr\/wp-json\/wp\/v2\/media?parent=113"}],"wp:term":[{"taxonomy":"category","embeddable":true,"href":"https:\/\/blog.wtransnet.com\/fr\/wp-json\/wp\/v2\/categories?post=113"},{"taxonomy":"post_tag","embeddable":true,"href":"https:\/\/blog.wtransnet.com\/fr\/wp-json\/wp\/v2\/tags?post=113"}],"curies":[{"name":"wp","href":"https:\/\/api.w.org\/{rel}","templated":true}]}}