{"id":13,"date":"2012-04-10T00:00:00","date_gmt":"2012-04-10T00:00:00","guid":{"rendered":"https:\/\/blog.wtransnet.com\/fr\/la-iii-edition-du-wconnecta-se-deroulera-a-barcelone\/"},"modified":"2016-02-09T12:12:21","modified_gmt":"2016-02-09T12:12:21","slug":"la-iii-edition-du-wconnecta-se-deroulera-a-barcelone","status":"publish","type":"post","link":"https:\/\/blog.wtransnet.com\/fr\/la-iii-edition-du-wconnecta-se-deroulera-a-barcelone\/","title":{"rendered":"La III Edition du WConnecta se d\u00e9roulera a Barcelone"},"content":{"rendered":"<p>Le nombre d&#8217;entreprises europ\u00e9ennes participant a l&#8217;\u00e9venement devrait augmenter<br \/>\nBarcelone a \u00e9t\u00e9 \u00e9lue comme la ville id\u00e9ale pour c\u00e9l\u00e9brer la III \u00c9dition du Connecta 2012, la rencontre internationale de professionnels du Transport et de la Logistique, subventionn\u00e9e par la Fondation Wtransnet. Ce sont les participants de la derni\u00e8re \u00e9dition c\u00e9l\u00e9br\u00e9e \u00e0 Madrid au mois de novembre dernier qui ont fait cette demande \u00e0 travers une enqu\u00eate. En effet, 84% ont exprim\u00e9 leur souhait de revenir \u00e0 la prochaine session.<br \/>\nLa II \u00c9dition du Connecta a r\u00e9uni \u00e0 Madrid 214 professionnels de 10 pays diff\u00e9rents.\u00a0 Le haut degr\u00e9 de satisfaction exprim\u00e9 par les participants internationaux, ainsi que le nombre de demandes d\u2019informations r\u00e9alis\u00e9es \u00e0 travers la web\u00a0 www.wconnecta.com\/es\/, nous permet de pr\u00e9voir\u00a0 une augmentation du nombre d\u2019entreprises, provenant de nombreux pays d\u2019Europe, pour le nouveau rendez-vous interprofessionnel pr\u00e9vu au cours du dernier trimestre 2012.<br \/>\nBarcelona Connecta 2012 est une bonne opportunit\u00e9 pour conna\u00eetre de nouveaux contacts du secteur et amplifier votre cercle de collaborateurs de confiance. Si vous souhaitez y assister, vous pouvez solliciter plus d\u2019informations sur\u00a0 connecta@wtransnet.com.<\/p>\n","protected":false},"excerpt":{"rendered":"<p>Le nombre d&#8217;entreprises europ\u00e9ennes participant a l&#8217;\u00e9venement devrait augmenter Barcelone a \u00e9t\u00e9 \u00e9lue comme la ville id\u00e9ale pour c\u00e9l\u00e9brer la III \u00c9dition du Connecta 2012, la rencontre internationale de professionnels du Transport et de la Logistique, subventionn\u00e9e par la Fondation Wtransnet. Ce sont les participants de la derni\u00e8re \u00e9dition c\u00e9l\u00e9br\u00e9e \u00e0 Madrid au mois de &hellip;<\/p>\n","protected":false},"author":1,"featured_media":761,"comment_status":"open","ping_status":"open","sticky":false,"template":"","format":"standard","meta":{"_monsterinsights_skip_tracking":false,"_monsterinsights_sitenote_active":false,"_monsterinsights_sitenote_note":"","_monsterinsights_sitenote_category":0,"footnotes":""},"categories":[5,166],"tags":[],"class_list":["post-13","post","type-post","status-publish","format-standard","has-post-thumbnail","","category-actes-evenements","category-blog"],"yoast_head":"<!-- This site is optimized with the Yoast SEO plugin v26.9 - https:\/\/yoast.com\/product\/yoast-seo-wordpress\/ -->\n<title>La III Edition du WConnecta se d\u00e9roulera a Barcelone - Blog Wtransnet France<\/title>\n<meta name=\"robots\" content=\"index, follow, max-snippet:-1, max-image-preview:large, max-video-preview:-1\" \/>\n<link rel=\"canonical\" href=\"https:\/\/blog.wtransnet.com\/fr\/la-iii-edition-du-wconnecta-se-deroulera-a-barcelone\/\" \/>\n<meta property=\"og:locale\" content=\"es_ES\" \/>\n<meta property=\"og:type\" content=\"article\" \/>\n<meta property=\"og:title\" content=\"La III Edition du WConnecta se d\u00e9roulera a Barcelone - Blog Wtransnet France\" \/>\n<meta property=\"og:description\" content=\"Le nombre d&#8217;entreprises europ\u00e9ennes participant a l&#8217;\u00e9venement devrait augmenter Barcelone a \u00e9t\u00e9 \u00e9lue comme la ville id\u00e9ale pour c\u00e9l\u00e9brer la III \u00c9dition du Connecta 2012, la rencontre internationale de professionnels du Transport et de la Logistique, subventionn\u00e9e par la Fondation Wtransnet. Ce sont les participants de la derni\u00e8re \u00e9dition c\u00e9l\u00e9br\u00e9e \u00e0 Madrid au mois de &hellip;\" \/>\n<meta property=\"og:url\" content=\"https:\/\/blog.wtransnet.com\/fr\/la-iii-edition-du-wconnecta-se-deroulera-a-barcelone\/\" \/>\n<meta property=\"og:site_name\" content=\"Blog Wtransnet France\" \/>\n<meta property=\"article:published_time\" content=\"2012-04-10T00:00:00+00:00\" \/>\n<meta property=\"article:modified_time\" content=\"2016-02-09T12:12:21+00:00\" \/>\n<meta property=\"og:image\" content=\"https:\/\/blog.wtransnet.com\/fr\/wp-content\/uploads\/sites\/4\/1212\/04\/wconnecta-300x300px.gif\" \/>\n\t<meta property=\"og:image:width\" content=\"150\" \/>\n\t<meta property=\"og:image:height\" content=\"150\" \/>\n\t<meta property=\"og:image:type\" content=\"image\/gif\" \/>\n<meta name=\"author\" content=\"wtransnet\" \/>\n<meta name=\"twitter:card\" content=\"summary_large_image\" \/>\n<meta name=\"twitter:label1\" content=\"Escrito por\" \/>\n\t<meta name=\"twitter:data1\" content=\"wtransnet\" \/>\n\t<meta name=\"twitter:label2\" content=\"Tiempo de lectura\" \/>\n\t<meta name=\"twitter:data2\" content=\"1 minuto\" \/>\n<script type=\"application\/ld+json\" class=\"yoast-schema-graph\">{\"@context\":\"https:\/\/schema.org\",\"@graph\":[{\"@type\":\"Article\",\"@id\":\"https:\/\/blog.wtransnet.com\/fr\/la-iii-edition-du-wconnecta-se-deroulera-a-barcelone\/#article\",\"isPartOf\":{\"@id\":\"https:\/\/blog.wtransnet.com\/fr\/la-iii-edition-du-wconnecta-se-deroulera-a-barcelone\/\"},\"author\":{\"name\":\"wtransnet\",\"@id\":\"https:\/\/blog.wtransnet.com\/fr\/#\/schema\/person\/fceb9548f80ce7f179d676f87807077c\"},\"headline\":\"La III Edition du WConnecta se d\u00e9roulera a Barcelone\",\"datePublished\":\"2012-04-10T00:00:00+00:00\",\"dateModified\":\"2016-02-09T12:12:21+00:00\",\"mainEntityOfPage\":{\"@id\":\"https:\/\/blog.wtransnet.com\/fr\/la-iii-edition-du-wconnecta-se-deroulera-a-barcelone\/\"},\"wordCount\":204,\"commentCount\":0,\"image\":{\"@id\":\"https:\/\/blog.wtransnet.com\/fr\/la-iii-edition-du-wconnecta-se-deroulera-a-barcelone\/#primaryimage\"},\"thumbnailUrl\":\"https:\/\/blog.wtransnet.com\/fr\/wp-content\/uploads\/sites\/4\/1212\/04\/wconnecta-300x300px.gif\",\"articleSection\":[\"Actes et Ev\u00e8nements\",\"Blog\"],\"inLanguage\":\"es\",\"potentialAction\":[{\"@type\":\"CommentAction\",\"name\":\"Comment\",\"target\":[\"https:\/\/blog.wtransnet.com\/fr\/la-iii-edition-du-wconnecta-se-deroulera-a-barcelone\/#respond\"]}]},{\"@type\":\"WebPage\",\"@id\":\"https:\/\/blog.wtransnet.com\/fr\/la-iii-edition-du-wconnecta-se-deroulera-a-barcelone\/\",\"url\":\"https:\/\/blog.wtransnet.com\/fr\/la-iii-edition-du-wconnecta-se-deroulera-a-barcelone\/\",\"name\":\"La III Edition du WConnecta se d\u00e9roulera a Barcelone - Blog Wtransnet France\",\"isPartOf\":{\"@id\":\"https:\/\/blog.wtransnet.com\/fr\/#website\"},\"primaryImageOfPage\":{\"@id\":\"https:\/\/blog.wtransnet.com\/fr\/la-iii-edition-du-wconnecta-se-deroulera-a-barcelone\/#primaryimage\"},\"image\":{\"@id\":\"https:\/\/blog.wtransnet.com\/fr\/la-iii-edition-du-wconnecta-se-deroulera-a-barcelone\/#primaryimage\"},\"thumbnailUrl\":\"https:\/\/blog.wtransnet.com\/fr\/wp-content\/uploads\/sites\/4\/1212\/04\/wconnecta-300x300px.gif\",\"datePublished\":\"2012-04-10T00:00:00+00:00\",\"dateModified\":\"2016-02-09T12:12:21+00:00\",\"author\":{\"@id\":\"https:\/\/blog.wtransnet.com\/fr\/#\/schema\/person\/fceb9548f80ce7f179d676f87807077c\"},\"breadcrumb\":{\"@id\":\"https:\/\/blog.wtransnet.com\/fr\/la-iii-edition-du-wconnecta-se-deroulera-a-barcelone\/#breadcrumb\"},\"inLanguage\":\"es\",\"potentialAction\":[{\"@type\":\"ReadAction\",\"target\":[\"https:\/\/blog.wtransnet.com\/fr\/la-iii-edition-du-wconnecta-se-deroulera-a-barcelone\/\"]}]},{\"@type\":\"ImageObject\",\"inLanguage\":\"es\",\"@id\":\"https:\/\/blog.wtransnet.com\/fr\/la-iii-edition-du-wconnecta-se-deroulera-a-barcelone\/#primaryimage\",\"url\":\"https:\/\/blog.wtransnet.com\/fr\/wp-content\/uploads\/sites\/4\/1212\/04\/wconnecta-300x300px.gif\",\"contentUrl\":\"https:\/\/blog.wtransnet.com\/fr\/wp-content\/uploads\/sites\/4\/1212\/04\/wconnecta-300x300px.gif\",\"width\":150,\"height\":150},{\"@type\":\"BreadcrumbList\",\"@id\":\"https:\/\/blog.wtransnet.com\/fr\/la-iii-edition-du-wconnecta-se-deroulera-a-barcelone\/#breadcrumb\",\"itemListElement\":[{\"@type\":\"ListItem\",\"position\":1,\"name\":\"Portada\",\"item\":\"https:\/\/blog.wtransnet.com\/fr\/\"},{\"@type\":\"ListItem\",\"position\":2,\"name\":\"La III Edition du WConnecta se d\u00e9roulera a Barcelone\"}]},{\"@type\":\"WebSite\",\"@id\":\"https:\/\/blog.wtransnet.com\/fr\/#website\",\"url\":\"https:\/\/blog.wtransnet.com\/fr\/\",\"name\":\"Blog Wtransnet France\",\"description\":\"Blog Wtransnet France: Actualit\u00e9s transport et logistique\",\"potentialAction\":[{\"@type\":\"SearchAction\",\"target\":{\"@type\":\"EntryPoint\",\"urlTemplate\":\"https:\/\/blog.wtransnet.com\/fr\/?s={search_term_string}\"},\"query-input\":{\"@type\":\"PropertyValueSpecification\",\"valueRequired\":true,\"valueName\":\"search_term_string\"}}],\"inLanguage\":\"es\"},{\"@type\":\"Person\",\"@id\":\"https:\/\/blog.wtransnet.com\/fr\/#\/schema\/person\/fceb9548f80ce7f179d676f87807077c\",\"name\":\"wtransnet\",\"image\":{\"@type\":\"ImageObject\",\"inLanguage\":\"es\",\"@id\":\"https:\/\/blog.wtransnet.com\/fr\/#\/schema\/person\/image\/\",\"url\":\"https:\/\/secure.gravatar.com\/avatar\/a05fe32dee93b4aac2b3ec7f2963147f4949dc5f60df7d491cc2199728053e0b?s=96&d=mm&r=g\",\"contentUrl\":\"https:\/\/secure.gravatar.com\/avatar\/a05fe32dee93b4aac2b3ec7f2963147f4949dc5f60df7d491cc2199728053e0b?s=96&d=mm&r=g\",\"caption\":\"wtransnet\"},\"url\":\"https:\/\/blog.wtransnet.com\/fr\/author\/wtransnet\/\"}]}<\/script>\n<!-- \/ Yoast SEO plugin. -->","yoast_head_json":{"title":"La III Edition du WConnecta se d\u00e9roulera a Barcelone - Blog Wtransnet France","robots":{"index":"index","follow":"follow","max-snippet":"max-snippet:-1","max-image-preview":"max-image-preview:large","max-video-preview":"max-video-preview:-1"},"canonical":"https:\/\/blog.wtransnet.com\/fr\/la-iii-edition-du-wconnecta-se-deroulera-a-barcelone\/","og_locale":"es_ES","og_type":"article","og_title":"La III Edition du WConnecta se d\u00e9roulera a Barcelone - Blog Wtransnet France","og_description":"Le nombre d&#8217;entreprises europ\u00e9ennes participant a l&#8217;\u00e9venement devrait augmenter Barcelone a \u00e9t\u00e9 \u00e9lue comme la ville id\u00e9ale pour c\u00e9l\u00e9brer la III \u00c9dition du Connecta 2012, la rencontre internationale de professionnels du Transport et de la Logistique, subventionn\u00e9e par la Fondation Wtransnet. Ce sont les participants de la derni\u00e8re \u00e9dition c\u00e9l\u00e9br\u00e9e \u00e0 Madrid au mois de &hellip;","og_url":"https:\/\/blog.wtransnet.com\/fr\/la-iii-edition-du-wconnecta-se-deroulera-a-barcelone\/","og_site_name":"Blog Wtransnet France","article_published_time":"2012-04-10T00:00:00+00:00","article_modified_time":"2016-02-09T12:12:21+00:00","og_image":[{"width":150,"height":150,"url":"https:\/\/blog.wtransnet.com\/fr\/wp-content\/uploads\/sites\/4\/1212\/04\/wconnecta-300x300px.gif","type":"image\/gif"}],"author":"wtransnet","twitter_card":"summary_large_image","twitter_misc":{"Escrito por":"wtransnet","Tiempo de lectura":"1 minuto"},"schema":{"@context":"https:\/\/schema.org","@graph":[{"@type":"Article","@id":"https:\/\/blog.wtransnet.com\/fr\/la-iii-edition-du-wconnecta-se-deroulera-a-barcelone\/#article","isPartOf":{"@id":"https:\/\/blog.wtransnet.com\/fr\/la-iii-edition-du-wconnecta-se-deroulera-a-barcelone\/"},"author":{"name":"wtransnet","@id":"https:\/\/blog.wtransnet.com\/fr\/#\/schema\/person\/fceb9548f80ce7f179d676f87807077c"},"headline":"La III Edition du WConnecta se d\u00e9roulera a Barcelone","datePublished":"2012-04-10T00:00:00+00:00","dateModified":"2016-02-09T12:12:21+00:00","mainEntityOfPage":{"@id":"https:\/\/blog.wtransnet.com\/fr\/la-iii-edition-du-wconnecta-se-deroulera-a-barcelone\/"},"wordCount":204,"commentCount":0,"image":{"@id":"https:\/\/blog.wtransnet.com\/fr\/la-iii-edition-du-wconnecta-se-deroulera-a-barcelone\/#primaryimage"},"thumbnailUrl":"https:\/\/blog.wtransnet.com\/fr\/wp-content\/uploads\/sites\/4\/1212\/04\/wconnecta-300x300px.gif","articleSection":["Actes et Ev\u00e8nements","Blog"],"inLanguage":"es","potentialAction":[{"@type":"CommentAction","name":"Comment","target":["https:\/\/blog.wtransnet.com\/fr\/la-iii-edition-du-wconnecta-se-deroulera-a-barcelone\/#respond"]}]},{"@type":"WebPage","@id":"https:\/\/blog.wtransnet.com\/fr\/la-iii-edition-du-wconnecta-se-deroulera-a-barcelone\/","url":"https:\/\/blog.wtransnet.com\/fr\/la-iii-edition-du-wconnecta-se-deroulera-a-barcelone\/","name":"La III Edition du WConnecta se d\u00e9roulera a Barcelone - Blog Wtransnet France","isPartOf":{"@id":"https:\/\/blog.wtransnet.com\/fr\/#website"},"primaryImageOfPage":{"@id":"https:\/\/blog.wtransnet.com\/fr\/la-iii-edition-du-wconnecta-se-deroulera-a-barcelone\/#primaryimage"},"image":{"@id":"https:\/\/blog.wtransnet.com\/fr\/la-iii-edition-du-wconnecta-se-deroulera-a-barcelone\/#primaryimage"},"thumbnailUrl":"https:\/\/blog.wtransnet.com\/fr\/wp-content\/uploads\/sites\/4\/1212\/04\/wconnecta-300x300px.gif","datePublished":"2012-04-10T00:00:00+00:00","dateModified":"2016-02-09T12:12:21+00:00","author":{"@id":"https:\/\/blog.wtransnet.com\/fr\/#\/schema\/person\/fceb9548f80ce7f179d676f87807077c"},"breadcrumb":{"@id":"https:\/\/blog.wtransnet.com\/fr\/la-iii-edition-du-wconnecta-se-deroulera-a-barcelone\/#breadcrumb"},"inLanguage":"es","potentialAction":[{"@type":"ReadAction","target":["https:\/\/blog.wtransnet.com\/fr\/la-iii-edition-du-wconnecta-se-deroulera-a-barcelone\/"]}]},{"@type":"ImageObject","inLanguage":"es","@id":"https:\/\/blog.wtransnet.com\/fr\/la-iii-edition-du-wconnecta-se-deroulera-a-barcelone\/#primaryimage","url":"https:\/\/blog.wtransnet.com\/fr\/wp-content\/uploads\/sites\/4\/1212\/04\/wconnecta-300x300px.gif","contentUrl":"https:\/\/blog.wtransnet.com\/fr\/wp-content\/uploads\/sites\/4\/1212\/04\/wconnecta-300x300px.gif","width":150,"height":150},{"@type":"BreadcrumbList","@id":"https:\/\/blog.wtransnet.com\/fr\/la-iii-edition-du-wconnecta-se-deroulera-a-barcelone\/#breadcrumb","itemListElement":[{"@type":"ListItem","position":1,"name":"Portada","item":"https:\/\/blog.wtransnet.com\/fr\/"},{"@type":"ListItem","position":2,"name":"La III Edition du WConnecta se d\u00e9roulera a Barcelone"}]},{"@type":"WebSite","@id":"https:\/\/blog.wtransnet.com\/fr\/#website","url":"https:\/\/blog.wtransnet.com\/fr\/","name":"Blog Wtransnet France","description":"Blog Wtransnet France: Actualit\u00e9s transport et logistique","potentialAction":[{"@type":"SearchAction","target":{"@type":"EntryPoint","urlTemplate":"https:\/\/blog.wtransnet.com\/fr\/?s={search_term_string}"},"query-input":{"@type":"PropertyValueSpecification","valueRequired":true,"valueName":"search_term_string"}}],"inLanguage":"es"},{"@type":"Person","@id":"https:\/\/blog.wtransnet.com\/fr\/#\/schema\/person\/fceb9548f80ce7f179d676f87807077c","name":"wtransnet","image":{"@type":"ImageObject","inLanguage":"es","@id":"https:\/\/blog.wtransnet.com\/fr\/#\/schema\/person\/image\/","url":"https:\/\/secure.gravatar.com\/avatar\/a05fe32dee93b4aac2b3ec7f2963147f4949dc5f60df7d491cc2199728053e0b?s=96&d=mm&r=g","contentUrl":"https:\/\/secure.gravatar.com\/avatar\/a05fe32dee93b4aac2b3ec7f2963147f4949dc5f60df7d491cc2199728053e0b?s=96&d=mm&r=g","caption":"wtransnet"},"url":"https:\/\/blog.wtransnet.com\/fr\/author\/wtransnet\/"}]}},"_links":{"self":[{"href":"https:\/\/blog.wtransnet.com\/fr\/wp-json\/wp\/v2\/posts\/13","targetHints":{"allow":["GET"]}}],"collection":[{"href":"https:\/\/blog.wtransnet.com\/fr\/wp-json\/wp\/v2\/posts"}],"about":[{"href":"https:\/\/blog.wtransnet.com\/fr\/wp-json\/wp\/v2\/types\/post"}],"author":[{"embeddable":true,"href":"https:\/\/blog.wtransnet.com\/fr\/wp-json\/wp\/v2\/users\/1"}],"replies":[{"embeddable":true,"href":"https:\/\/blog.wtransnet.com\/fr\/wp-json\/wp\/v2\/comments?post=13"}],"version-history":[{"count":0,"href":"https:\/\/blog.wtransnet.com\/fr\/wp-json\/wp\/v2\/posts\/13\/revisions"}],"wp:featuredmedia":[{"embeddable":true,"href":"https:\/\/blog.wtransnet.com\/fr\/wp-json\/wp\/v2\/media\/761"}],"wp:attachment":[{"href":"https:\/\/blog.wtransnet.com\/fr\/wp-json\/wp\/v2\/media?parent=13"}],"wp:term":[{"taxonomy":"category","embeddable":true,"href":"https:\/\/blog.wtransnet.com\/fr\/wp-json\/wp\/v2\/categories?post=13"},{"taxonomy":"post_tag","embeddable":true,"href":"https:\/\/blog.wtransnet.com\/fr\/wp-json\/wp\/v2\/tags?post=13"}],"curies":[{"name":"wp","href":"https:\/\/api.w.org\/{rel}","templated":true}]}}