{"id":1483,"date":"2017-02-27T10:30:30","date_gmt":"2017-02-27T10:30:30","guid":{"rendered":"https:\/\/blog.wtransnet.com\/fr\/?p=1483"},"modified":"2017-02-28T11:10:50","modified_gmt":"2017-02-28T11:10:50","slug":"transport-solidaire-raudovan-lesbos","status":"publish","type":"post","link":"https:\/\/blog.wtransnet.com\/fr\/transport-solidaire-raudovan-lesbos\/","title":{"rendered":"Le service \u00able plus express\u00bb pour une bonne cause"},"content":{"rendered":"<p>On dit souvent que les meilleures id\u00e9es voient le jour alors que l\u2019on ne s\u2019y attend pas. C\u2019est bien ce qui est arriv\u00e9 \u00e0 Luismi Marti pour son projet de transport solidaire. Lors d\u2019une conversation quelconque avec son \u00e9pouse et apr\u00e8s avoir \u00e9t\u00e9 frapp\u00e9 par les images t\u00e9l\u00e9vis\u00e9es de froid et de souffrance des migrants sur les c\u00f4tes de Lesbos, le g\u00e9rant de <a href=\"http:\/\/www.raudovan.com\/\"><strong>RaudoVan<\/strong><\/a><strong> et<\/strong> adh\u00e9rent de <a href=\"http:\/\/www.wtransnet.com\/es\/\"><strong>Wtransnet<\/strong><\/a> a d\u00e9cid\u00e9 que c\u2019\u00e9tait le moment de passer \u00e0 l\u2019action. Monsieur Mart\u00edn ne voulait pas laisser passer l\u2019opportunit\u00e9 de faire quelque chose de plus, agir l\u00e0 o\u00f9 beaucoup de gens en avaient besoin. \u00a0Il <strong>voulait le voir de ses yeux<\/strong>\u00a0:\u00a0\u00ab<em>\u00a0je voulais savoir qui on aidait, pourquoi et \u00a0quel \u00e9tait l\u2019impact de nos actions\u00a0\u00bb.<\/em><\/p>\n<p><strong>Engag\u00e9 pour aider<\/strong><\/p>\n<p>Marta Sagrist\u00e0, ne pilote pas uniquement les actions de communication et de marketing de RaudoVan. Elle a \u00e9galement \u00e9t\u00e9\u00a0 un appui fondamental pour Luismi Mart\u00edn dans ce projet. Elle savait d\u00e8s le premier instant que son id\u00e9e verrait le jour \u00ab\u00a0parce qu\u2019il est comme \u00e7a\u00a0\u00bb, indique Sagrist\u00e0 en montrant son c\u0153ur. Tous deux savaient \u00e9galement qu\u2019il \u00e9tait primordial de communiquer sur l\u2019action engag\u00e9e afin d\u2019avoir une r\u00e9percussion et que les gens collaborent dans le don de v\u00eatements et de chaussures. Et cela a tellement fonctionn\u00e9 qu\u2019un groupe de b\u00e9n\u00e9voles form\u00e9 par des connaissances, des personnes de quartiers voisins comme <strong>Sarri\u00e0 <\/strong>ou <strong>Vallvidrera,<\/strong> d\u2019autre villes comme<strong> Cornell\u00e0, <\/strong>ou m\u00eame<strong> Wtransnet <\/strong>ont r\u00e9colt\u00e9 et <a href=\"https:\/\/www.facebook.com\/wtransnet\/videos\/vb.115781951775246\/1356518454368250\/?type=3&amp;theater\"><strong>charg\u00e9 10 sacs industriels de v\u00eatements<\/strong><\/a>, en r\u00e9ponse \u00e0 cette demande qui s\u2019est propag\u00e9e avec succ\u00e8s. La quantit\u00e9 de mat\u00e9riel r\u00e9colt\u00e9 a \u00e9t\u00e9 tellement importante qu\u2019apr\u00e8s avoir \u00e9t\u00e9 tri\u00e9e, une partie a \u00e9t\u00e9 d\u00e9pos\u00e9e dans d\u2019autres endroits.<\/p>\n<p><strong>Sur le terrain<\/strong><\/p>\n<p>\u00ab\u00a0Nous avons effectu\u00e9 un vrai transport express\u00a0\u00bb, commente Luismi Mart\u00edn lorsqu\u2019on l\u2019a questionn\u00e9 sur le voyage qui a dur\u00e9 <strong>72 heures<\/strong>, entre le 25 et le 28 janvier et qui l\u2019a amen\u00e9 \u00e0 embarquer sur 2 bateaux diff\u00e9rents pour arriver \u00e0 destination. Afin que ce projet se concr\u00e9tise, il a recherch\u00e9 une organisation qui travaillait sur la zone et o\u00f9 il pouvait envoyer tout le mat\u00e9riel.\u00a0 Il s\u2019est adress\u00e9 \u00e0 l\u2019association suisse <a href=\"http:\/\/www.sao.ngo\/\"><strong>SAO<\/strong><\/a>, charg\u00e9e d\u2019un entrep\u00f4t \u00e0 <strong>Attica. <\/strong>Aris, son contact principal s\u2019est charg\u00e9 d\u2019\u00e9laborer une liste des besoins en mati\u00e8re de v\u00eatements et chaussures sur les camps.<\/p>\n<p style=\"text-align: center;\"><a href=\"https:\/\/blog.wtransnet.com\/fr\/wp-content\/uploads\/sites\/4\/2017\/02\/RaudoVan-SAO-transport-solidarit\u00e9.png\"><img loading=\"lazy\" decoding=\"async\" class=\"alignnone size-full wp-image-1527\" src=\"https:\/\/blog.wtransnet.com\/fr\/wp-content\/uploads\/sites\/4\/2017\/02\/RaudoVan-SAO-transport-solidarit\u00e9.png\" alt=\"raudovan-sao-transport-solidarite\" width=\"500\" height=\"300\" srcset=\"https:\/\/blog.wtransnet.com\/fr\/wp-content\/uploads\/sites\/4\/2017\/02\/RaudoVan-SAO-transport-solidarit\u00e9.png 500w, https:\/\/blog.wtransnet.com\/fr\/wp-content\/uploads\/sites\/4\/2017\/02\/RaudoVan-SAO-transport-solidarit\u00e9-300x180.png 300w\" sizes=\"auto, (max-width: 500px) 100vw, 500px\" \/><\/a><\/p>\n<p>L\u00e0-bas, Luismi accompagn\u00e9 de Poli, ont pu se rendre compte de la\u00a0 situation de vie difficile sur les c\u00f4tes grecques \u00ab\u00a0en voyant les images de Lesbos et comment vivaient les gens dans des tentes D\u00e9cathlon par -5\u00b0C\u00bb, affirme le g\u00e8rent. Comme il l\u2019explique, ce sentiment est quelque peu contradictoire parce que \u00ab\u00a0vous voyez <strong>beaucoup de mis\u00e8re<\/strong> et une r\u00e9alit\u00e9 diff\u00e9rente, mais \u00e9galement la <strong>partie humanitaire<\/strong> des gens\u00a0\u00bb, tout en le d\u00e9plorant, il soutient que \u00ab\u00a0malheureusement c\u2019est un <strong>trafic de personnes<\/strong> pour les int\u00e9r\u00eats de beaucoup de pays\u00a0\u00bb.<\/p>\n<p>Finalement, son s\u00e9jour s\u2019est prolong\u00e9 \u00e0 cinq jours parce qu\u2019ils ont d\u00e9cid\u00e9 de profiter du voyage pour aider en proposant les services de la fourgonnette sur place \u00e0 d\u2019autres associations comme <strong>Open Arms<\/strong>, <strong>Proactiva<\/strong> et <strong>Dirty<\/strong> <strong>Girls<\/strong>. De plus, pour Luismi Mar\u00edn, il \u00e9tait essentiel \u00ab\u00a0d\u2019arriver sur place, de se faire des contacts et de voir comment on pourrait travailler\u00a0\u00bb, et cela afin de pouvoir planifier des futures actions sur le terrain parce que malheureusement \u00ab\u00a0ce conflit durera des ann\u00e9es\u2026 les personnes sont install\u00e9es dans les camps pour un bon moment\u2026\u00a0\u00bb.<\/p>\n<p><a href=\"https:\/\/blog.wtransnet.com\/fr\/wp-content\/uploads\/sites\/4\/2017\/02\/RaudoVan-transport-solidarit\u00e9.png\"><img loading=\"lazy\" decoding=\"async\" class=\"size-full wp-image-1528 aligncenter\" src=\"https:\/\/blog.wtransnet.com\/fr\/wp-content\/uploads\/sites\/4\/2017\/02\/RaudoVan-transport-solidarit\u00e9.png\" alt=\"raudovan-transport-solidarite\" width=\"500\" height=\"300\" srcset=\"https:\/\/blog.wtransnet.com\/fr\/wp-content\/uploads\/sites\/4\/2017\/02\/RaudoVan-transport-solidarit\u00e9.png 500w, https:\/\/blog.wtransnet.com\/fr\/wp-content\/uploads\/sites\/4\/2017\/02\/RaudoVan-transport-solidarit\u00e9-300x180.png 300w\" sizes=\"auto, (max-width: 500px) 100vw, 500px\" \/><\/a><\/p>\n<p style=\"text-align: center;\">\n<p><strong>Continuer d\u2019agir dans le futur<\/strong><\/p>\n<p>Apr\u00e8s avoir connu\u00a0 la situation r\u00e9elle de l\u2019entrep\u00f4t d\u2019Attica, \u00a0Luismi Mart\u00edn a l\u2019 id\u00e9e de\u00a0\u00a0 collaborer dans sa gestion et sa coordination \u00ab\u00a0en dispensant une <strong>petite formation<\/strong> de logistique\u00a0\u00bb aux personnes qui s\u2019en occupent au quotidien afin d\u2019\u00e9viter le manque de contr\u00f4le qui existe aujourd\u2019hui. Cela serait poser la premi\u00e8re pierre pour l\u2019\u00e9laboration d\u2019un vrai r\u00e9seau de collaboration. Le g\u00e9rant affirme que cela n\u2019est pas son seul projet.\u00a0 Dans les prochaines semaines, il enverra une fourgonnette avec des <strong>cuisines pliantes <\/strong>(fournies par une entreprise galicienne) afin de permettre une meilleure autonomie aux familles du campement de <strong>Karatepe. <\/strong>En plus de cela, le g\u00e9rant de Raudovan a en t\u00eate des projets plus sp\u00e9cifiques comme celui de <strong>promouvoir le sport<\/strong> et en particulier son sport pr\u00e9f\u00e9r\u00e9 qui n\u2019est autre que le rugby. Mais pour l\u2019instant, Luismi Mart\u00edn et les personnes impliqu\u00e9es dans son projet \u00e9tudient les aspects l\u00e9gaux n\u00e9cessaires pour mettre en place et consolider ces actions.<\/p>\n","protected":false},"excerpt":{"rendered":"<p>On dit souvent que les meilleures id\u00e9es voient le jour alors que l\u2019on ne s\u2019y attend pas. C\u2019est bien ce qui est arriv\u00e9 \u00e0 Luismi Marti pour son projet de transport solidaire. Lors d\u2019une conversation quelconque avec son \u00e9pouse et apr\u00e8s avoir \u00e9t\u00e9 frapp\u00e9 par les images t\u00e9l\u00e9vis\u00e9es de froid et de souffrance des migrants &hellip;<\/p>\n","protected":false},"author":2,"featured_media":1526,"comment_status":"open","ping_status":"open","sticky":false,"template":"","format":"standard","meta":{"_monsterinsights_skip_tracking":false,"_monsterinsights_sitenote_active":false,"_monsterinsights_sitenote_note":"","_monsterinsights_sitenote_category":0,"footnotes":""},"categories":[166,4,7,2],"tags":[285,286,21,234,284],"class_list":["post-1483","post","type-post","status-publish","format-standard","has-post-thumbnail","","category-blog","category-fondation-wtransnet","category-transport","category-wtransnet","tag-grece","tag-refugies","tag-transport","tag-transport-international","tag-transport-solidaire"],"yoast_head":"<!-- This site is optimized with the Yoast SEO plugin v26.9 - https:\/\/yoast.com\/product\/yoast-seo-wordpress\/ -->\n<title>Le service \u00able plus express \u00bb pour une bonne cause | Blog Wtransnet<\/title>\n<meta name=\"description\" content=\"Transporter 23 m\u00e8tres cubes de v\u00eatements et chaussures jusqu\u2019\u00e0 Lesbos a marqu\u00e9 la vie de Luismi Mart\u00edn, g\u00e9rant de Raudovan,\" \/>\n<meta name=\"robots\" content=\"index, follow, max-snippet:-1, max-image-preview:large, max-video-preview:-1\" \/>\n<link rel=\"canonical\" href=\"https:\/\/blog.wtransnet.com\/fr\/transport-solidaire-raudovan-lesbos\/\" \/>\n<meta property=\"og:locale\" content=\"es_ES\" \/>\n<meta property=\"og:type\" content=\"article\" \/>\n<meta property=\"og:title\" content=\"Le service \u00able plus express \u00bb pour une bonne cause | Blog Wtransnet\" \/>\n<meta property=\"og:description\" content=\"Transporter 23 m\u00e8tres cubes de v\u00eatements et chaussures jusqu\u2019\u00e0 Lesbos a marqu\u00e9 la vie de Luismi Mart\u00edn, g\u00e9rant de Raudovan,\" \/>\n<meta property=\"og:url\" content=\"https:\/\/blog.wtransnet.com\/fr\/transport-solidaire-raudovan-lesbos\/\" \/>\n<meta property=\"og:site_name\" content=\"Blog Wtransnet France\" \/>\n<meta property=\"article:published_time\" content=\"2017-02-27T10:30:30+00:00\" \/>\n<meta property=\"article:modified_time\" content=\"2017-02-28T11:10:50+00:00\" \/>\n<meta property=\"og:image\" content=\"https:\/\/blog.wtransnet.com\/fr\/wp-content\/uploads\/sites\/4\/2017\/02\/RaudoVan-Gr\u00e8ce.png\" \/>\n\t<meta property=\"og:image:width\" content=\"290\" \/>\n\t<meta property=\"og:image:height\" content=\"250\" \/>\n\t<meta property=\"og:image:type\" content=\"image\/png\" \/>\n<meta name=\"author\" content=\"Edgar Compte Reollo\" \/>\n<meta name=\"twitter:card\" content=\"summary_large_image\" \/>\n<meta name=\"twitter:label1\" content=\"Escrito por\" \/>\n\t<meta name=\"twitter:data1\" content=\"Edgar Compte Reollo\" \/>\n\t<meta name=\"twitter:label2\" content=\"Tiempo de lectura\" \/>\n\t<meta name=\"twitter:data2\" content=\"4 minutos\" \/>\n<script type=\"application\/ld+json\" class=\"yoast-schema-graph\">{\"@context\":\"https:\/\/schema.org\",\"@graph\":[{\"@type\":\"Article\",\"@id\":\"https:\/\/blog.wtransnet.com\/fr\/transport-solidaire-raudovan-lesbos\/#article\",\"isPartOf\":{\"@id\":\"https:\/\/blog.wtransnet.com\/fr\/transport-solidaire-raudovan-lesbos\/\"},\"author\":{\"name\":\"Edgar Compte Reollo\",\"@id\":\"https:\/\/blog.wtransnet.com\/fr\/#\/schema\/person\/72e72ba89ffa96d0d5f7e50a6af29d29\"},\"headline\":\"Le service \u00able plus express\u00bb pour une bonne cause\",\"datePublished\":\"2017-02-27T10:30:30+00:00\",\"dateModified\":\"2017-02-28T11:10:50+00:00\",\"mainEntityOfPage\":{\"@id\":\"https:\/\/blog.wtransnet.com\/fr\/transport-solidaire-raudovan-lesbos\/\"},\"wordCount\":823,\"commentCount\":0,\"image\":{\"@id\":\"https:\/\/blog.wtransnet.com\/fr\/transport-solidaire-raudovan-lesbos\/#primaryimage\"},\"thumbnailUrl\":\"https:\/\/blog.wtransnet.com\/fr\/wp-content\/uploads\/sites\/4\/2017\/02\/RaudoVan-Gr\u00e8ce.png\",\"keywords\":[\"Gr\u00e8ce\",\"R\u00e9fugi\u00e9s\",\"transport\",\"Transport international\",\"Transport solidaire\"],\"articleSection\":[\"Blog\",\"Fondation Wtransnet\",\"Transport\",\"Wtransnet\"],\"inLanguage\":\"es\",\"potentialAction\":[{\"@type\":\"CommentAction\",\"name\":\"Comment\",\"target\":[\"https:\/\/blog.wtransnet.com\/fr\/transport-solidaire-raudovan-lesbos\/#respond\"]}]},{\"@type\":\"WebPage\",\"@id\":\"https:\/\/blog.wtransnet.com\/fr\/transport-solidaire-raudovan-lesbos\/\",\"url\":\"https:\/\/blog.wtransnet.com\/fr\/transport-solidaire-raudovan-lesbos\/\",\"name\":\"Le service \u00able plus express \u00bb pour une bonne cause | Blog Wtransnet\",\"isPartOf\":{\"@id\":\"https:\/\/blog.wtransnet.com\/fr\/#website\"},\"primaryImageOfPage\":{\"@id\":\"https:\/\/blog.wtransnet.com\/fr\/transport-solidaire-raudovan-lesbos\/#primaryimage\"},\"image\":{\"@id\":\"https:\/\/blog.wtransnet.com\/fr\/transport-solidaire-raudovan-lesbos\/#primaryimage\"},\"thumbnailUrl\":\"https:\/\/blog.wtransnet.com\/fr\/wp-content\/uploads\/sites\/4\/2017\/02\/RaudoVan-Gr\u00e8ce.png\",\"datePublished\":\"2017-02-27T10:30:30+00:00\",\"dateModified\":\"2017-02-28T11:10:50+00:00\",\"author\":{\"@id\":\"https:\/\/blog.wtransnet.com\/fr\/#\/schema\/person\/72e72ba89ffa96d0d5f7e50a6af29d29\"},\"description\":\"Transporter 23 m\u00e8tres cubes de v\u00eatements et chaussures jusqu\u2019\u00e0 Lesbos a marqu\u00e9 la vie de Luismi Mart\u00edn, g\u00e9rant de Raudovan,\",\"breadcrumb\":{\"@id\":\"https:\/\/blog.wtransnet.com\/fr\/transport-solidaire-raudovan-lesbos\/#breadcrumb\"},\"inLanguage\":\"es\",\"potentialAction\":[{\"@type\":\"ReadAction\",\"target\":[\"https:\/\/blog.wtransnet.com\/fr\/transport-solidaire-raudovan-lesbos\/\"]}]},{\"@type\":\"ImageObject\",\"inLanguage\":\"es\",\"@id\":\"https:\/\/blog.wtransnet.com\/fr\/transport-solidaire-raudovan-lesbos\/#primaryimage\",\"url\":\"https:\/\/blog.wtransnet.com\/fr\/wp-content\/uploads\/sites\/4\/2017\/02\/RaudoVan-Gr\u00e8ce.png\",\"contentUrl\":\"https:\/\/blog.wtransnet.com\/fr\/wp-content\/uploads\/sites\/4\/2017\/02\/RaudoVan-Gr\u00e8ce.png\",\"width\":290,\"height\":250},{\"@type\":\"BreadcrumbList\",\"@id\":\"https:\/\/blog.wtransnet.com\/fr\/transport-solidaire-raudovan-lesbos\/#breadcrumb\",\"itemListElement\":[{\"@type\":\"ListItem\",\"position\":1,\"name\":\"Portada\",\"item\":\"https:\/\/blog.wtransnet.com\/fr\/\"},{\"@type\":\"ListItem\",\"position\":2,\"name\":\"Le service \u00able plus express\u00bb pour une bonne cause\"}]},{\"@type\":\"WebSite\",\"@id\":\"https:\/\/blog.wtransnet.com\/fr\/#website\",\"url\":\"https:\/\/blog.wtransnet.com\/fr\/\",\"name\":\"Blog Wtransnet France\",\"description\":\"Blog Wtransnet France: Actualit\u00e9s transport et logistique\",\"potentialAction\":[{\"@type\":\"SearchAction\",\"target\":{\"@type\":\"EntryPoint\",\"urlTemplate\":\"https:\/\/blog.wtransnet.com\/fr\/?s={search_term_string}\"},\"query-input\":{\"@type\":\"PropertyValueSpecification\",\"valueRequired\":true,\"valueName\":\"search_term_string\"}}],\"inLanguage\":\"es\"},{\"@type\":\"Person\",\"@id\":\"https:\/\/blog.wtransnet.com\/fr\/#\/schema\/person\/72e72ba89ffa96d0d5f7e50a6af29d29\",\"name\":\"Edgar Compte Reollo\",\"image\":{\"@type\":\"ImageObject\",\"inLanguage\":\"es\",\"@id\":\"https:\/\/blog.wtransnet.com\/fr\/#\/schema\/person\/image\/\",\"url\":\"https:\/\/secure.gravatar.com\/avatar\/cdef3ab443cd703d80f8618c041e62e3338cd7adb52bb56655047a411be15900?s=96&d=mm&r=g\",\"contentUrl\":\"https:\/\/secure.gravatar.com\/avatar\/cdef3ab443cd703d80f8618c041e62e3338cd7adb52bb56655047a411be15900?s=96&d=mm&r=g\",\"caption\":\"Edgar Compte Reollo\"},\"url\":\"https:\/\/blog.wtransnet.com\/fr\/author\/ecompte\/\"}]}<\/script>\n<!-- \/ Yoast SEO plugin. -->","yoast_head_json":{"title":"Le service \u00able plus express \u00bb pour une bonne cause | Blog Wtransnet","description":"Transporter 23 m\u00e8tres cubes de v\u00eatements et chaussures jusqu\u2019\u00e0 Lesbos a marqu\u00e9 la vie de Luismi Mart\u00edn, g\u00e9rant de Raudovan,","robots":{"index":"index","follow":"follow","max-snippet":"max-snippet:-1","max-image-preview":"max-image-preview:large","max-video-preview":"max-video-preview:-1"},"canonical":"https:\/\/blog.wtransnet.com\/fr\/transport-solidaire-raudovan-lesbos\/","og_locale":"es_ES","og_type":"article","og_title":"Le service \u00able plus express \u00bb pour une bonne cause | Blog Wtransnet","og_description":"Transporter 23 m\u00e8tres cubes de v\u00eatements et chaussures jusqu\u2019\u00e0 Lesbos a marqu\u00e9 la vie de Luismi Mart\u00edn, g\u00e9rant de Raudovan,","og_url":"https:\/\/blog.wtransnet.com\/fr\/transport-solidaire-raudovan-lesbos\/","og_site_name":"Blog Wtransnet France","article_published_time":"2017-02-27T10:30:30+00:00","article_modified_time":"2017-02-28T11:10:50+00:00","og_image":[{"width":290,"height":250,"url":"https:\/\/blog.wtransnet.com\/fr\/wp-content\/uploads\/sites\/4\/2017\/02\/RaudoVan-Gr\u00e8ce.png","type":"image\/png"}],"author":"Edgar Compte Reollo","twitter_card":"summary_large_image","twitter_misc":{"Escrito por":"Edgar Compte Reollo","Tiempo de lectura":"4 minutos"},"schema":{"@context":"https:\/\/schema.org","@graph":[{"@type":"Article","@id":"https:\/\/blog.wtransnet.com\/fr\/transport-solidaire-raudovan-lesbos\/#article","isPartOf":{"@id":"https:\/\/blog.wtransnet.com\/fr\/transport-solidaire-raudovan-lesbos\/"},"author":{"name":"Edgar Compte Reollo","@id":"https:\/\/blog.wtransnet.com\/fr\/#\/schema\/person\/72e72ba89ffa96d0d5f7e50a6af29d29"},"headline":"Le service \u00able plus express\u00bb pour une bonne cause","datePublished":"2017-02-27T10:30:30+00:00","dateModified":"2017-02-28T11:10:50+00:00","mainEntityOfPage":{"@id":"https:\/\/blog.wtransnet.com\/fr\/transport-solidaire-raudovan-lesbos\/"},"wordCount":823,"commentCount":0,"image":{"@id":"https:\/\/blog.wtransnet.com\/fr\/transport-solidaire-raudovan-lesbos\/#primaryimage"},"thumbnailUrl":"https:\/\/blog.wtransnet.com\/fr\/wp-content\/uploads\/sites\/4\/2017\/02\/RaudoVan-Gr\u00e8ce.png","keywords":["Gr\u00e8ce","R\u00e9fugi\u00e9s","transport","Transport international","Transport solidaire"],"articleSection":["Blog","Fondation Wtransnet","Transport","Wtransnet"],"inLanguage":"es","potentialAction":[{"@type":"CommentAction","name":"Comment","target":["https:\/\/blog.wtransnet.com\/fr\/transport-solidaire-raudovan-lesbos\/#respond"]}]},{"@type":"WebPage","@id":"https:\/\/blog.wtransnet.com\/fr\/transport-solidaire-raudovan-lesbos\/","url":"https:\/\/blog.wtransnet.com\/fr\/transport-solidaire-raudovan-lesbos\/","name":"Le service \u00able plus express \u00bb pour une bonne cause | Blog Wtransnet","isPartOf":{"@id":"https:\/\/blog.wtransnet.com\/fr\/#website"},"primaryImageOfPage":{"@id":"https:\/\/blog.wtransnet.com\/fr\/transport-solidaire-raudovan-lesbos\/#primaryimage"},"image":{"@id":"https:\/\/blog.wtransnet.com\/fr\/transport-solidaire-raudovan-lesbos\/#primaryimage"},"thumbnailUrl":"https:\/\/blog.wtransnet.com\/fr\/wp-content\/uploads\/sites\/4\/2017\/02\/RaudoVan-Gr\u00e8ce.png","datePublished":"2017-02-27T10:30:30+00:00","dateModified":"2017-02-28T11:10:50+00:00","author":{"@id":"https:\/\/blog.wtransnet.com\/fr\/#\/schema\/person\/72e72ba89ffa96d0d5f7e50a6af29d29"},"description":"Transporter 23 m\u00e8tres cubes de v\u00eatements et chaussures jusqu\u2019\u00e0 Lesbos a marqu\u00e9 la vie de Luismi Mart\u00edn, g\u00e9rant de Raudovan,","breadcrumb":{"@id":"https:\/\/blog.wtransnet.com\/fr\/transport-solidaire-raudovan-lesbos\/#breadcrumb"},"inLanguage":"es","potentialAction":[{"@type":"ReadAction","target":["https:\/\/blog.wtransnet.com\/fr\/transport-solidaire-raudovan-lesbos\/"]}]},{"@type":"ImageObject","inLanguage":"es","@id":"https:\/\/blog.wtransnet.com\/fr\/transport-solidaire-raudovan-lesbos\/#primaryimage","url":"https:\/\/blog.wtransnet.com\/fr\/wp-content\/uploads\/sites\/4\/2017\/02\/RaudoVan-Gr\u00e8ce.png","contentUrl":"https:\/\/blog.wtransnet.com\/fr\/wp-content\/uploads\/sites\/4\/2017\/02\/RaudoVan-Gr\u00e8ce.png","width":290,"height":250},{"@type":"BreadcrumbList","@id":"https:\/\/blog.wtransnet.com\/fr\/transport-solidaire-raudovan-lesbos\/#breadcrumb","itemListElement":[{"@type":"ListItem","position":1,"name":"Portada","item":"https:\/\/blog.wtransnet.com\/fr\/"},{"@type":"ListItem","position":2,"name":"Le service \u00able plus express\u00bb pour une bonne cause"}]},{"@type":"WebSite","@id":"https:\/\/blog.wtransnet.com\/fr\/#website","url":"https:\/\/blog.wtransnet.com\/fr\/","name":"Blog Wtransnet France","description":"Blog Wtransnet France: Actualit\u00e9s transport et logistique","potentialAction":[{"@type":"SearchAction","target":{"@type":"EntryPoint","urlTemplate":"https:\/\/blog.wtransnet.com\/fr\/?s={search_term_string}"},"query-input":{"@type":"PropertyValueSpecification","valueRequired":true,"valueName":"search_term_string"}}],"inLanguage":"es"},{"@type":"Person","@id":"https:\/\/blog.wtransnet.com\/fr\/#\/schema\/person\/72e72ba89ffa96d0d5f7e50a6af29d29","name":"Edgar Compte Reollo","image":{"@type":"ImageObject","inLanguage":"es","@id":"https:\/\/blog.wtransnet.com\/fr\/#\/schema\/person\/image\/","url":"https:\/\/secure.gravatar.com\/avatar\/cdef3ab443cd703d80f8618c041e62e3338cd7adb52bb56655047a411be15900?s=96&d=mm&r=g","contentUrl":"https:\/\/secure.gravatar.com\/avatar\/cdef3ab443cd703d80f8618c041e62e3338cd7adb52bb56655047a411be15900?s=96&d=mm&r=g","caption":"Edgar Compte Reollo"},"url":"https:\/\/blog.wtransnet.com\/fr\/author\/ecompte\/"}]}},"_links":{"self":[{"href":"https:\/\/blog.wtransnet.com\/fr\/wp-json\/wp\/v2\/posts\/1483","targetHints":{"allow":["GET"]}}],"collection":[{"href":"https:\/\/blog.wtransnet.com\/fr\/wp-json\/wp\/v2\/posts"}],"about":[{"href":"https:\/\/blog.wtransnet.com\/fr\/wp-json\/wp\/v2\/types\/post"}],"author":[{"embeddable":true,"href":"https:\/\/blog.wtransnet.com\/fr\/wp-json\/wp\/v2\/users\/2"}],"replies":[{"embeddable":true,"href":"https:\/\/blog.wtransnet.com\/fr\/wp-json\/wp\/v2\/comments?post=1483"}],"version-history":[{"count":3,"href":"https:\/\/blog.wtransnet.com\/fr\/wp-json\/wp\/v2\/posts\/1483\/revisions"}],"predecessor-version":[{"id":1529,"href":"https:\/\/blog.wtransnet.com\/fr\/wp-json\/wp\/v2\/posts\/1483\/revisions\/1529"}],"wp:featuredmedia":[{"embeddable":true,"href":"https:\/\/blog.wtransnet.com\/fr\/wp-json\/wp\/v2\/media\/1526"}],"wp:attachment":[{"href":"https:\/\/blog.wtransnet.com\/fr\/wp-json\/wp\/v2\/media?parent=1483"}],"wp:term":[{"taxonomy":"category","embeddable":true,"href":"https:\/\/blog.wtransnet.com\/fr\/wp-json\/wp\/v2\/categories?post=1483"},{"taxonomy":"post_tag","embeddable":true,"href":"https:\/\/blog.wtransnet.com\/fr\/wp-json\/wp\/v2\/tags?post=1483"}],"curies":[{"name":"wp","href":"https:\/\/api.w.org\/{rel}","templated":true}]}}