{"id":38,"date":"2013-01-14T00:00:00","date_gmt":"2013-01-14T00:00:00","guid":{"rendered":"https:\/\/blog.wtransnet.com\/fr\/wtransnet-setend-sur-le-marche-italien\/"},"modified":"2016-02-09T11:58:51","modified_gmt":"2016-02-09T11:58:51","slug":"wtransnet-setend-sur-le-marche-italien","status":"publish","type":"post","link":"https:\/\/blog.wtransnet.com\/fr\/wtransnet-setend-sur-le-marche-italien\/","title":{"rendered":"Wtransnet s\u2019\u00e9tend sur le march\u00e9 Italien"},"content":{"rendered":"<p>\u00c0 partir du 1er f\u00e9vrier, Wtransnet proposera un essai gratuit \u00e0 toutes les entreprises fran\u00e7aises en relation avec le march\u00e9 italien. L\u2019objectif de cette campagne sera de les mettre en contact avec un r\u00e9seau s\u00e9curis\u00e9 de transporteurs italiens, afin de d\u00e9velopper des parts de march\u00e9.<\/p>\n","protected":false},"excerpt":{"rendered":"<p>\u00c0 partir du 1er f\u00e9vrier, Wtransnet proposera un essai gratuit \u00e0 toutes les entreprises fran\u00e7aises en relation avec le march\u00e9 italien. L\u2019objectif de cette campagne sera de les mettre en contact avec un r\u00e9seau s\u00e9curis\u00e9 de transporteurs italiens, afin de d\u00e9velopper des parts de march\u00e9.<\/p>\n","protected":false},"author":1,"featured_media":816,"comment_status":"open","ping_status":"open","sticky":false,"template":"","format":"standard","meta":{"_monsterinsights_skip_tracking":false,"_monsterinsights_sitenote_active":false,"_monsterinsights_sitenote_note":"","_monsterinsights_sitenote_category":0,"footnotes":""},"categories":[166,2],"tags":[],"class_list":["post-38","post","type-post","status-publish","format-standard","has-post-thumbnail","","category-blog","category-wtransnet"],"yoast_head":"<!-- This site is optimized with the Yoast SEO plugin v26.9 - https:\/\/yoast.com\/product\/yoast-seo-wordpress\/ -->\n<title>Wtransnet s\u2019\u00e9tend sur le march\u00e9 Italien - Blog Wtransnet France<\/title>\n<meta name=\"robots\" content=\"index, follow, max-snippet:-1, max-image-preview:large, max-video-preview:-1\" \/>\n<link rel=\"canonical\" href=\"https:\/\/blog.wtransnet.com\/fr\/wtransnet-setend-sur-le-marche-italien\/\" \/>\n<meta property=\"og:locale\" content=\"es_ES\" \/>\n<meta property=\"og:type\" content=\"article\" \/>\n<meta property=\"og:title\" content=\"Wtransnet s\u2019\u00e9tend sur le march\u00e9 Italien - Blog Wtransnet France\" \/>\n<meta property=\"og:description\" content=\"\u00c0 partir du 1er f\u00e9vrier, Wtransnet proposera un essai gratuit \u00e0 toutes les entreprises fran\u00e7aises en relation avec le march\u00e9 italien. L\u2019objectif de cette campagne sera de les mettre en contact avec un r\u00e9seau s\u00e9curis\u00e9 de transporteurs italiens, afin de d\u00e9velopper des parts de march\u00e9.\" \/>\n<meta property=\"og:url\" content=\"https:\/\/blog.wtransnet.com\/fr\/wtransnet-setend-sur-le-marche-italien\/\" \/>\n<meta property=\"og:site_name\" content=\"Blog Wtransnet France\" \/>\n<meta property=\"article:published_time\" content=\"2013-01-14T00:00:00+00:00\" \/>\n<meta property=\"article:modified_time\" content=\"2016-02-09T11:58:51+00:00\" \/>\n<meta property=\"og:image\" content=\"https:\/\/blog.wtransnet.com\/fr\/wp-content\/uploads\/sites\/4\/1313\/01\/carretera-it.jpg\" \/>\n\t<meta property=\"og:image:width\" content=\"150\" \/>\n\t<meta property=\"og:image:height\" content=\"150\" \/>\n\t<meta property=\"og:image:type\" content=\"image\/jpeg\" \/>\n<meta name=\"author\" content=\"wtransnet\" \/>\n<meta name=\"twitter:card\" content=\"summary_large_image\" \/>\n<meta name=\"twitter:label1\" content=\"Escrito por\" \/>\n\t<meta name=\"twitter:data1\" content=\"wtransnet\" \/>\n<script type=\"application\/ld+json\" class=\"yoast-schema-graph\">{\"@context\":\"https:\/\/schema.org\",\"@graph\":[{\"@type\":\"Article\",\"@id\":\"https:\/\/blog.wtransnet.com\/fr\/wtransnet-setend-sur-le-marche-italien\/#article\",\"isPartOf\":{\"@id\":\"https:\/\/blog.wtransnet.com\/fr\/wtransnet-setend-sur-le-marche-italien\/\"},\"author\":{\"name\":\"wtransnet\",\"@id\":\"https:\/\/blog.wtransnet.com\/fr\/#\/schema\/person\/fceb9548f80ce7f179d676f87807077c\"},\"headline\":\"Wtransnet s\u2019\u00e9tend sur le march\u00e9 Italien\",\"datePublished\":\"2013-01-14T00:00:00+00:00\",\"dateModified\":\"2016-02-09T11:58:51+00:00\",\"mainEntityOfPage\":{\"@id\":\"https:\/\/blog.wtransnet.com\/fr\/wtransnet-setend-sur-le-marche-italien\/\"},\"wordCount\":56,\"commentCount\":0,\"image\":{\"@id\":\"https:\/\/blog.wtransnet.com\/fr\/wtransnet-setend-sur-le-marche-italien\/#primaryimage\"},\"thumbnailUrl\":\"https:\/\/blog.wtransnet.com\/fr\/wp-content\/uploads\/sites\/4\/1313\/01\/carretera-it.jpg\",\"articleSection\":[\"Blog\",\"Wtransnet\"],\"inLanguage\":\"es\",\"potentialAction\":[{\"@type\":\"CommentAction\",\"name\":\"Comment\",\"target\":[\"https:\/\/blog.wtransnet.com\/fr\/wtransnet-setend-sur-le-marche-italien\/#respond\"]}]},{\"@type\":\"WebPage\",\"@id\":\"https:\/\/blog.wtransnet.com\/fr\/wtransnet-setend-sur-le-marche-italien\/\",\"url\":\"https:\/\/blog.wtransnet.com\/fr\/wtransnet-setend-sur-le-marche-italien\/\",\"name\":\"Wtransnet s\u2019\u00e9tend sur le march\u00e9 Italien - Blog Wtransnet France\",\"isPartOf\":{\"@id\":\"https:\/\/blog.wtransnet.com\/fr\/#website\"},\"primaryImageOfPage\":{\"@id\":\"https:\/\/blog.wtransnet.com\/fr\/wtransnet-setend-sur-le-marche-italien\/#primaryimage\"},\"image\":{\"@id\":\"https:\/\/blog.wtransnet.com\/fr\/wtransnet-setend-sur-le-marche-italien\/#primaryimage\"},\"thumbnailUrl\":\"https:\/\/blog.wtransnet.com\/fr\/wp-content\/uploads\/sites\/4\/1313\/01\/carretera-it.jpg\",\"datePublished\":\"2013-01-14T00:00:00+00:00\",\"dateModified\":\"2016-02-09T11:58:51+00:00\",\"author\":{\"@id\":\"https:\/\/blog.wtransnet.com\/fr\/#\/schema\/person\/fceb9548f80ce7f179d676f87807077c\"},\"breadcrumb\":{\"@id\":\"https:\/\/blog.wtransnet.com\/fr\/wtransnet-setend-sur-le-marche-italien\/#breadcrumb\"},\"inLanguage\":\"es\",\"potentialAction\":[{\"@type\":\"ReadAction\",\"target\":[\"https:\/\/blog.wtransnet.com\/fr\/wtransnet-setend-sur-le-marche-italien\/\"]}]},{\"@type\":\"ImageObject\",\"inLanguage\":\"es\",\"@id\":\"https:\/\/blog.wtransnet.com\/fr\/wtransnet-setend-sur-le-marche-italien\/#primaryimage\",\"url\":\"https:\/\/blog.wtransnet.com\/fr\/wp-content\/uploads\/sites\/4\/1313\/01\/carretera-it.jpg\",\"contentUrl\":\"https:\/\/blog.wtransnet.com\/fr\/wp-content\/uploads\/sites\/4\/1313\/01\/carretera-it.jpg\",\"width\":150,\"height\":150},{\"@type\":\"BreadcrumbList\",\"@id\":\"https:\/\/blog.wtransnet.com\/fr\/wtransnet-setend-sur-le-marche-italien\/#breadcrumb\",\"itemListElement\":[{\"@type\":\"ListItem\",\"position\":1,\"name\":\"Portada\",\"item\":\"https:\/\/blog.wtransnet.com\/fr\/\"},{\"@type\":\"ListItem\",\"position\":2,\"name\":\"Wtransnet s\u2019\u00e9tend sur le march\u00e9 Italien\"}]},{\"@type\":\"WebSite\",\"@id\":\"https:\/\/blog.wtransnet.com\/fr\/#website\",\"url\":\"https:\/\/blog.wtransnet.com\/fr\/\",\"name\":\"Blog Wtransnet France\",\"description\":\"Blog Wtransnet France: Actualit\u00e9s transport et logistique\",\"potentialAction\":[{\"@type\":\"SearchAction\",\"target\":{\"@type\":\"EntryPoint\",\"urlTemplate\":\"https:\/\/blog.wtransnet.com\/fr\/?s={search_term_string}\"},\"query-input\":{\"@type\":\"PropertyValueSpecification\",\"valueRequired\":true,\"valueName\":\"search_term_string\"}}],\"inLanguage\":\"es\"},{\"@type\":\"Person\",\"@id\":\"https:\/\/blog.wtransnet.com\/fr\/#\/schema\/person\/fceb9548f80ce7f179d676f87807077c\",\"name\":\"wtransnet\",\"image\":{\"@type\":\"ImageObject\",\"inLanguage\":\"es\",\"@id\":\"https:\/\/blog.wtransnet.com\/fr\/#\/schema\/person\/image\/\",\"url\":\"https:\/\/secure.gravatar.com\/avatar\/a05fe32dee93b4aac2b3ec7f2963147f4949dc5f60df7d491cc2199728053e0b?s=96&d=mm&r=g\",\"contentUrl\":\"https:\/\/secure.gravatar.com\/avatar\/a05fe32dee93b4aac2b3ec7f2963147f4949dc5f60df7d491cc2199728053e0b?s=96&d=mm&r=g\",\"caption\":\"wtransnet\"},\"url\":\"https:\/\/blog.wtransnet.com\/fr\/author\/wtransnet\/\"}]}<\/script>\n<!-- \/ Yoast SEO plugin. -->","yoast_head_json":{"title":"Wtransnet s\u2019\u00e9tend sur le march\u00e9 Italien - Blog Wtransnet France","robots":{"index":"index","follow":"follow","max-snippet":"max-snippet:-1","max-image-preview":"max-image-preview:large","max-video-preview":"max-video-preview:-1"},"canonical":"https:\/\/blog.wtransnet.com\/fr\/wtransnet-setend-sur-le-marche-italien\/","og_locale":"es_ES","og_type":"article","og_title":"Wtransnet s\u2019\u00e9tend sur le march\u00e9 Italien - Blog Wtransnet France","og_description":"\u00c0 partir du 1er f\u00e9vrier, Wtransnet proposera un essai gratuit \u00e0 toutes les entreprises fran\u00e7aises en relation avec le march\u00e9 italien. L\u2019objectif de cette campagne sera de les mettre en contact avec un r\u00e9seau s\u00e9curis\u00e9 de transporteurs italiens, afin de d\u00e9velopper des parts de march\u00e9.","og_url":"https:\/\/blog.wtransnet.com\/fr\/wtransnet-setend-sur-le-marche-italien\/","og_site_name":"Blog Wtransnet France","article_published_time":"2013-01-14T00:00:00+00:00","article_modified_time":"2016-02-09T11:58:51+00:00","og_image":[{"width":150,"height":150,"url":"https:\/\/blog.wtransnet.com\/fr\/wp-content\/uploads\/sites\/4\/1313\/01\/carretera-it.jpg","type":"image\/jpeg"}],"author":"wtransnet","twitter_card":"summary_large_image","twitter_misc":{"Escrito por":"wtransnet"},"schema":{"@context":"https:\/\/schema.org","@graph":[{"@type":"Article","@id":"https:\/\/blog.wtransnet.com\/fr\/wtransnet-setend-sur-le-marche-italien\/#article","isPartOf":{"@id":"https:\/\/blog.wtransnet.com\/fr\/wtransnet-setend-sur-le-marche-italien\/"},"author":{"name":"wtransnet","@id":"https:\/\/blog.wtransnet.com\/fr\/#\/schema\/person\/fceb9548f80ce7f179d676f87807077c"},"headline":"Wtransnet s\u2019\u00e9tend sur le march\u00e9 Italien","datePublished":"2013-01-14T00:00:00+00:00","dateModified":"2016-02-09T11:58:51+00:00","mainEntityOfPage":{"@id":"https:\/\/blog.wtransnet.com\/fr\/wtransnet-setend-sur-le-marche-italien\/"},"wordCount":56,"commentCount":0,"image":{"@id":"https:\/\/blog.wtransnet.com\/fr\/wtransnet-setend-sur-le-marche-italien\/#primaryimage"},"thumbnailUrl":"https:\/\/blog.wtransnet.com\/fr\/wp-content\/uploads\/sites\/4\/1313\/01\/carretera-it.jpg","articleSection":["Blog","Wtransnet"],"inLanguage":"es","potentialAction":[{"@type":"CommentAction","name":"Comment","target":["https:\/\/blog.wtransnet.com\/fr\/wtransnet-setend-sur-le-marche-italien\/#respond"]}]},{"@type":"WebPage","@id":"https:\/\/blog.wtransnet.com\/fr\/wtransnet-setend-sur-le-marche-italien\/","url":"https:\/\/blog.wtransnet.com\/fr\/wtransnet-setend-sur-le-marche-italien\/","name":"Wtransnet s\u2019\u00e9tend sur le march\u00e9 Italien - Blog Wtransnet France","isPartOf":{"@id":"https:\/\/blog.wtransnet.com\/fr\/#website"},"primaryImageOfPage":{"@id":"https:\/\/blog.wtransnet.com\/fr\/wtransnet-setend-sur-le-marche-italien\/#primaryimage"},"image":{"@id":"https:\/\/blog.wtransnet.com\/fr\/wtransnet-setend-sur-le-marche-italien\/#primaryimage"},"thumbnailUrl":"https:\/\/blog.wtransnet.com\/fr\/wp-content\/uploads\/sites\/4\/1313\/01\/carretera-it.jpg","datePublished":"2013-01-14T00:00:00+00:00","dateModified":"2016-02-09T11:58:51+00:00","author":{"@id":"https:\/\/blog.wtransnet.com\/fr\/#\/schema\/person\/fceb9548f80ce7f179d676f87807077c"},"breadcrumb":{"@id":"https:\/\/blog.wtransnet.com\/fr\/wtransnet-setend-sur-le-marche-italien\/#breadcrumb"},"inLanguage":"es","potentialAction":[{"@type":"ReadAction","target":["https:\/\/blog.wtransnet.com\/fr\/wtransnet-setend-sur-le-marche-italien\/"]}]},{"@type":"ImageObject","inLanguage":"es","@id":"https:\/\/blog.wtransnet.com\/fr\/wtransnet-setend-sur-le-marche-italien\/#primaryimage","url":"https:\/\/blog.wtransnet.com\/fr\/wp-content\/uploads\/sites\/4\/1313\/01\/carretera-it.jpg","contentUrl":"https:\/\/blog.wtransnet.com\/fr\/wp-content\/uploads\/sites\/4\/1313\/01\/carretera-it.jpg","width":150,"height":150},{"@type":"BreadcrumbList","@id":"https:\/\/blog.wtransnet.com\/fr\/wtransnet-setend-sur-le-marche-italien\/#breadcrumb","itemListElement":[{"@type":"ListItem","position":1,"name":"Portada","item":"https:\/\/blog.wtransnet.com\/fr\/"},{"@type":"ListItem","position":2,"name":"Wtransnet s\u2019\u00e9tend sur le march\u00e9 Italien"}]},{"@type":"WebSite","@id":"https:\/\/blog.wtransnet.com\/fr\/#website","url":"https:\/\/blog.wtransnet.com\/fr\/","name":"Blog Wtransnet France","description":"Blog Wtransnet France: Actualit\u00e9s transport et logistique","potentialAction":[{"@type":"SearchAction","target":{"@type":"EntryPoint","urlTemplate":"https:\/\/blog.wtransnet.com\/fr\/?s={search_term_string}"},"query-input":{"@type":"PropertyValueSpecification","valueRequired":true,"valueName":"search_term_string"}}],"inLanguage":"es"},{"@type":"Person","@id":"https:\/\/blog.wtransnet.com\/fr\/#\/schema\/person\/fceb9548f80ce7f179d676f87807077c","name":"wtransnet","image":{"@type":"ImageObject","inLanguage":"es","@id":"https:\/\/blog.wtransnet.com\/fr\/#\/schema\/person\/image\/","url":"https:\/\/secure.gravatar.com\/avatar\/a05fe32dee93b4aac2b3ec7f2963147f4949dc5f60df7d491cc2199728053e0b?s=96&d=mm&r=g","contentUrl":"https:\/\/secure.gravatar.com\/avatar\/a05fe32dee93b4aac2b3ec7f2963147f4949dc5f60df7d491cc2199728053e0b?s=96&d=mm&r=g","caption":"wtransnet"},"url":"https:\/\/blog.wtransnet.com\/fr\/author\/wtransnet\/"}]}},"_links":{"self":[{"href":"https:\/\/blog.wtransnet.com\/fr\/wp-json\/wp\/v2\/posts\/38","targetHints":{"allow":["GET"]}}],"collection":[{"href":"https:\/\/blog.wtransnet.com\/fr\/wp-json\/wp\/v2\/posts"}],"about":[{"href":"https:\/\/blog.wtransnet.com\/fr\/wp-json\/wp\/v2\/types\/post"}],"author":[{"embeddable":true,"href":"https:\/\/blog.wtransnet.com\/fr\/wp-json\/wp\/v2\/users\/1"}],"replies":[{"embeddable":true,"href":"https:\/\/blog.wtransnet.com\/fr\/wp-json\/wp\/v2\/comments?post=38"}],"version-history":[{"count":0,"href":"https:\/\/blog.wtransnet.com\/fr\/wp-json\/wp\/v2\/posts\/38\/revisions"}],"wp:featuredmedia":[{"embeddable":true,"href":"https:\/\/blog.wtransnet.com\/fr\/wp-json\/wp\/v2\/media\/816"}],"wp:attachment":[{"href":"https:\/\/blog.wtransnet.com\/fr\/wp-json\/wp\/v2\/media?parent=38"}],"wp:term":[{"taxonomy":"category","embeddable":true,"href":"https:\/\/blog.wtransnet.com\/fr\/wp-json\/wp\/v2\/categories?post=38"},{"taxonomy":"post_tag","embeddable":true,"href":"https:\/\/blog.wtransnet.com\/fr\/wp-json\/wp\/v2\/tags?post=38"}],"curies":[{"name":"wp","href":"https:\/\/api.w.org\/{rel}","templated":true}]}}