{"id":39,"date":"2013-01-14T00:00:00","date_gmt":"2013-01-14T00:00:00","guid":{"rendered":"https:\/\/blog.wtransnet.com\/fr\/gregory-joubert-nouveau-directeur-commercial-de-wtransnet-france\/"},"modified":"2016-02-09T11:59:15","modified_gmt":"2016-02-09T11:59:15","slug":"gregory-joubert-nouveau-directeur-commercial-de-wtransnet-france","status":"publish","type":"post","link":"https:\/\/blog.wtransnet.com\/fr\/gregory-joubert-nouveau-directeur-commercial-de-wtransnet-france\/","title":{"rendered":"Gr\u00e9gory Joubert, nouveau directeur commercial de Wtransnet France"},"content":{"rendered":"<p>Depuis le 1er janvier 2013, Gr\u00e9gory Joubert a \u00e9t\u00e9 promu au poste de Directeur Commercial de Wtransnet pour la France, substituant \u00e0 Anna Esteve, qui assumait cette responsabilit\u00e9 depuis la cr\u00e9ation de la filiale dans ce pays.<br \/>\nMr Joubert a rejoint la soci\u00e9t\u00e9 en 2007 et occupait jusqu\u2019\u00e0 pr\u00e9sent le poste de Responsable Grands Comptes. L\u2019objectif de ce nouveau poste sera d\u2019implanter la strat\u00e9gie commerciale de Wtransnet en France. Il sera responsable du d\u00e9veloppement du march\u00e9 fran\u00e7ais ainsi que de l\u2019\u00e9quipe commerciale.<br \/>\nCette nomination est tr\u00e8s importante sur le plan op\u00e9rationnel \u00e0 un moment crucial du processus d\u2019expansion de la soci\u00e9t\u00e9 en France. Il s\u2019agit en effet du march\u00e9 avec le plus d\u2019\u00e9changes commerciaux o\u00f9 Wtransnet est implant\u00e9e, mais \u00e9galement l\u2019axe central du mouvement de fret sur le Sud de l\u2019Europe.<\/p>\n","protected":false},"excerpt":{"rendered":"<p>Depuis le 1er janvier 2013, Gr\u00e9gory Joubert a \u00e9t\u00e9 promu au poste de Directeur Commercial de Wtransnet pour la France, substituant \u00e0 Anna Esteve, qui assumait cette responsabilit\u00e9 depuis la cr\u00e9ation de la filiale dans ce pays. Mr Joubert a rejoint la soci\u00e9t\u00e9 en 2007 et occupait jusqu\u2019\u00e0 pr\u00e9sent le poste de Responsable Grands Comptes. &hellip;<\/p>\n","protected":false},"author":1,"featured_media":814,"comment_status":"open","ping_status":"open","sticky":false,"template":"","format":"standard","meta":{"_monsterinsights_skip_tracking":false,"_monsterinsights_sitenote_active":false,"_monsterinsights_sitenote_note":"","_monsterinsights_sitenote_category":0,"footnotes":""},"categories":[166,2],"tags":[],"class_list":["post-39","post","type-post","status-publish","format-standard","has-post-thumbnail","","category-blog","category-wtransnet"],"yoast_head":"<!-- This site is optimized with the Yoast SEO plugin v26.9 - https:\/\/yoast.com\/product\/yoast-seo-wordpress\/ -->\n<title>Gr\u00e9gory Joubert, nouveau directeur commercial de Wtransnet France - Blog Wtransnet France<\/title>\n<meta name=\"robots\" content=\"index, follow, max-snippet:-1, max-image-preview:large, max-video-preview:-1\" \/>\n<link rel=\"canonical\" href=\"https:\/\/blog.wtransnet.com\/fr\/gregory-joubert-nouveau-directeur-commercial-de-wtransnet-france\/\" \/>\n<meta property=\"og:locale\" content=\"es_ES\" \/>\n<meta property=\"og:type\" content=\"article\" \/>\n<meta property=\"og:title\" content=\"Gr\u00e9gory Joubert, nouveau directeur commercial de Wtransnet France - Blog Wtransnet France\" \/>\n<meta property=\"og:description\" content=\"Depuis le 1er janvier 2013, Gr\u00e9gory Joubert a \u00e9t\u00e9 promu au poste de Directeur Commercial de Wtransnet pour la France, substituant \u00e0 Anna Esteve, qui assumait cette responsabilit\u00e9 depuis la cr\u00e9ation de la filiale dans ce pays. Mr Joubert a rejoint la soci\u00e9t\u00e9 en 2007 et occupait jusqu\u2019\u00e0 pr\u00e9sent le poste de Responsable Grands Comptes. &hellip;\" \/>\n<meta property=\"og:url\" content=\"https:\/\/blog.wtransnet.com\/fr\/gregory-joubert-nouveau-directeur-commercial-de-wtransnet-france\/\" \/>\n<meta property=\"og:site_name\" content=\"Blog Wtransnet France\" \/>\n<meta property=\"article:published_time\" content=\"2013-01-14T00:00:00+00:00\" \/>\n<meta property=\"article:modified_time\" content=\"2016-02-09T11:59:15+00:00\" \/>\n<meta property=\"og:image\" content=\"https:\/\/blog.wtransnet.com\/fr\/wp-content\/uploads\/sites\/4\/1313\/01\/fotogj.jpg\" \/>\n\t<meta property=\"og:image:width\" content=\"150\" \/>\n\t<meta property=\"og:image:height\" content=\"150\" \/>\n\t<meta property=\"og:image:type\" content=\"image\/jpeg\" \/>\n<meta name=\"author\" content=\"wtransnet\" \/>\n<meta name=\"twitter:card\" content=\"summary_large_image\" \/>\n<meta name=\"twitter:label1\" content=\"Escrito por\" \/>\n\t<meta name=\"twitter:data1\" content=\"wtransnet\" \/>\n\t<meta name=\"twitter:label2\" content=\"Tiempo de lectura\" \/>\n\t<meta name=\"twitter:data2\" content=\"1 minuto\" \/>\n<script type=\"application\/ld+json\" class=\"yoast-schema-graph\">{\"@context\":\"https:\/\/schema.org\",\"@graph\":[{\"@type\":\"Article\",\"@id\":\"https:\/\/blog.wtransnet.com\/fr\/gregory-joubert-nouveau-directeur-commercial-de-wtransnet-france\/#article\",\"isPartOf\":{\"@id\":\"https:\/\/blog.wtransnet.com\/fr\/gregory-joubert-nouveau-directeur-commercial-de-wtransnet-france\/\"},\"author\":{\"name\":\"wtransnet\",\"@id\":\"https:\/\/blog.wtransnet.com\/fr\/#\/schema\/person\/fceb9548f80ce7f179d676f87807077c\"},\"headline\":\"Gr\u00e9gory Joubert, nouveau directeur commercial de Wtransnet France\",\"datePublished\":\"2013-01-14T00:00:00+00:00\",\"dateModified\":\"2016-02-09T11:59:15+00:00\",\"mainEntityOfPage\":{\"@id\":\"https:\/\/blog.wtransnet.com\/fr\/gregory-joubert-nouveau-directeur-commercial-de-wtransnet-france\/\"},\"wordCount\":155,\"commentCount\":0,\"image\":{\"@id\":\"https:\/\/blog.wtransnet.com\/fr\/gregory-joubert-nouveau-directeur-commercial-de-wtransnet-france\/#primaryimage\"},\"thumbnailUrl\":\"https:\/\/blog.wtransnet.com\/fr\/wp-content\/uploads\/sites\/4\/1313\/01\/fotogj.jpg\",\"articleSection\":[\"Blog\",\"Wtransnet\"],\"inLanguage\":\"es\",\"potentialAction\":[{\"@type\":\"CommentAction\",\"name\":\"Comment\",\"target\":[\"https:\/\/blog.wtransnet.com\/fr\/gregory-joubert-nouveau-directeur-commercial-de-wtransnet-france\/#respond\"]}]},{\"@type\":\"WebPage\",\"@id\":\"https:\/\/blog.wtransnet.com\/fr\/gregory-joubert-nouveau-directeur-commercial-de-wtransnet-france\/\",\"url\":\"https:\/\/blog.wtransnet.com\/fr\/gregory-joubert-nouveau-directeur-commercial-de-wtransnet-france\/\",\"name\":\"Gr\u00e9gory Joubert, nouveau directeur commercial de Wtransnet France - Blog Wtransnet France\",\"isPartOf\":{\"@id\":\"https:\/\/blog.wtransnet.com\/fr\/#website\"},\"primaryImageOfPage\":{\"@id\":\"https:\/\/blog.wtransnet.com\/fr\/gregory-joubert-nouveau-directeur-commercial-de-wtransnet-france\/#primaryimage\"},\"image\":{\"@id\":\"https:\/\/blog.wtransnet.com\/fr\/gregory-joubert-nouveau-directeur-commercial-de-wtransnet-france\/#primaryimage\"},\"thumbnailUrl\":\"https:\/\/blog.wtransnet.com\/fr\/wp-content\/uploads\/sites\/4\/1313\/01\/fotogj.jpg\",\"datePublished\":\"2013-01-14T00:00:00+00:00\",\"dateModified\":\"2016-02-09T11:59:15+00:00\",\"author\":{\"@id\":\"https:\/\/blog.wtransnet.com\/fr\/#\/schema\/person\/fceb9548f80ce7f179d676f87807077c\"},\"breadcrumb\":{\"@id\":\"https:\/\/blog.wtransnet.com\/fr\/gregory-joubert-nouveau-directeur-commercial-de-wtransnet-france\/#breadcrumb\"},\"inLanguage\":\"es\",\"potentialAction\":[{\"@type\":\"ReadAction\",\"target\":[\"https:\/\/blog.wtransnet.com\/fr\/gregory-joubert-nouveau-directeur-commercial-de-wtransnet-france\/\"]}]},{\"@type\":\"ImageObject\",\"inLanguage\":\"es\",\"@id\":\"https:\/\/blog.wtransnet.com\/fr\/gregory-joubert-nouveau-directeur-commercial-de-wtransnet-france\/#primaryimage\",\"url\":\"https:\/\/blog.wtransnet.com\/fr\/wp-content\/uploads\/sites\/4\/1313\/01\/fotogj.jpg\",\"contentUrl\":\"https:\/\/blog.wtransnet.com\/fr\/wp-content\/uploads\/sites\/4\/1313\/01\/fotogj.jpg\",\"width\":150,\"height\":150},{\"@type\":\"BreadcrumbList\",\"@id\":\"https:\/\/blog.wtransnet.com\/fr\/gregory-joubert-nouveau-directeur-commercial-de-wtransnet-france\/#breadcrumb\",\"itemListElement\":[{\"@type\":\"ListItem\",\"position\":1,\"name\":\"Portada\",\"item\":\"https:\/\/blog.wtransnet.com\/fr\/\"},{\"@type\":\"ListItem\",\"position\":2,\"name\":\"Gr\u00e9gory Joubert, nouveau directeur commercial de Wtransnet France\"}]},{\"@type\":\"WebSite\",\"@id\":\"https:\/\/blog.wtransnet.com\/fr\/#website\",\"url\":\"https:\/\/blog.wtransnet.com\/fr\/\",\"name\":\"Blog Wtransnet France\",\"description\":\"Blog Wtransnet France: Actualit\u00e9s transport et logistique\",\"potentialAction\":[{\"@type\":\"SearchAction\",\"target\":{\"@type\":\"EntryPoint\",\"urlTemplate\":\"https:\/\/blog.wtransnet.com\/fr\/?s={search_term_string}\"},\"query-input\":{\"@type\":\"PropertyValueSpecification\",\"valueRequired\":true,\"valueName\":\"search_term_string\"}}],\"inLanguage\":\"es\"},{\"@type\":\"Person\",\"@id\":\"https:\/\/blog.wtransnet.com\/fr\/#\/schema\/person\/fceb9548f80ce7f179d676f87807077c\",\"name\":\"wtransnet\",\"image\":{\"@type\":\"ImageObject\",\"inLanguage\":\"es\",\"@id\":\"https:\/\/blog.wtransnet.com\/fr\/#\/schema\/person\/image\/\",\"url\":\"https:\/\/secure.gravatar.com\/avatar\/a05fe32dee93b4aac2b3ec7f2963147f4949dc5f60df7d491cc2199728053e0b?s=96&d=mm&r=g\",\"contentUrl\":\"https:\/\/secure.gravatar.com\/avatar\/a05fe32dee93b4aac2b3ec7f2963147f4949dc5f60df7d491cc2199728053e0b?s=96&d=mm&r=g\",\"caption\":\"wtransnet\"},\"url\":\"https:\/\/blog.wtransnet.com\/fr\/author\/wtransnet\/\"}]}<\/script>\n<!-- \/ Yoast SEO plugin. -->","yoast_head_json":{"title":"Gr\u00e9gory Joubert, nouveau directeur commercial de Wtransnet France - Blog Wtransnet France","robots":{"index":"index","follow":"follow","max-snippet":"max-snippet:-1","max-image-preview":"max-image-preview:large","max-video-preview":"max-video-preview:-1"},"canonical":"https:\/\/blog.wtransnet.com\/fr\/gregory-joubert-nouveau-directeur-commercial-de-wtransnet-france\/","og_locale":"es_ES","og_type":"article","og_title":"Gr\u00e9gory Joubert, nouveau directeur commercial de Wtransnet France - Blog Wtransnet France","og_description":"Depuis le 1er janvier 2013, Gr\u00e9gory Joubert a \u00e9t\u00e9 promu au poste de Directeur Commercial de Wtransnet pour la France, substituant \u00e0 Anna Esteve, qui assumait cette responsabilit\u00e9 depuis la cr\u00e9ation de la filiale dans ce pays. Mr Joubert a rejoint la soci\u00e9t\u00e9 en 2007 et occupait jusqu\u2019\u00e0 pr\u00e9sent le poste de Responsable Grands Comptes. &hellip;","og_url":"https:\/\/blog.wtransnet.com\/fr\/gregory-joubert-nouveau-directeur-commercial-de-wtransnet-france\/","og_site_name":"Blog Wtransnet France","article_published_time":"2013-01-14T00:00:00+00:00","article_modified_time":"2016-02-09T11:59:15+00:00","og_image":[{"width":150,"height":150,"url":"https:\/\/blog.wtransnet.com\/fr\/wp-content\/uploads\/sites\/4\/1313\/01\/fotogj.jpg","type":"image\/jpeg"}],"author":"wtransnet","twitter_card":"summary_large_image","twitter_misc":{"Escrito por":"wtransnet","Tiempo de lectura":"1 minuto"},"schema":{"@context":"https:\/\/schema.org","@graph":[{"@type":"Article","@id":"https:\/\/blog.wtransnet.com\/fr\/gregory-joubert-nouveau-directeur-commercial-de-wtransnet-france\/#article","isPartOf":{"@id":"https:\/\/blog.wtransnet.com\/fr\/gregory-joubert-nouveau-directeur-commercial-de-wtransnet-france\/"},"author":{"name":"wtransnet","@id":"https:\/\/blog.wtransnet.com\/fr\/#\/schema\/person\/fceb9548f80ce7f179d676f87807077c"},"headline":"Gr\u00e9gory Joubert, nouveau directeur commercial de Wtransnet France","datePublished":"2013-01-14T00:00:00+00:00","dateModified":"2016-02-09T11:59:15+00:00","mainEntityOfPage":{"@id":"https:\/\/blog.wtransnet.com\/fr\/gregory-joubert-nouveau-directeur-commercial-de-wtransnet-france\/"},"wordCount":155,"commentCount":0,"image":{"@id":"https:\/\/blog.wtransnet.com\/fr\/gregory-joubert-nouveau-directeur-commercial-de-wtransnet-france\/#primaryimage"},"thumbnailUrl":"https:\/\/blog.wtransnet.com\/fr\/wp-content\/uploads\/sites\/4\/1313\/01\/fotogj.jpg","articleSection":["Blog","Wtransnet"],"inLanguage":"es","potentialAction":[{"@type":"CommentAction","name":"Comment","target":["https:\/\/blog.wtransnet.com\/fr\/gregory-joubert-nouveau-directeur-commercial-de-wtransnet-france\/#respond"]}]},{"@type":"WebPage","@id":"https:\/\/blog.wtransnet.com\/fr\/gregory-joubert-nouveau-directeur-commercial-de-wtransnet-france\/","url":"https:\/\/blog.wtransnet.com\/fr\/gregory-joubert-nouveau-directeur-commercial-de-wtransnet-france\/","name":"Gr\u00e9gory Joubert, nouveau directeur commercial de Wtransnet France - Blog Wtransnet France","isPartOf":{"@id":"https:\/\/blog.wtransnet.com\/fr\/#website"},"primaryImageOfPage":{"@id":"https:\/\/blog.wtransnet.com\/fr\/gregory-joubert-nouveau-directeur-commercial-de-wtransnet-france\/#primaryimage"},"image":{"@id":"https:\/\/blog.wtransnet.com\/fr\/gregory-joubert-nouveau-directeur-commercial-de-wtransnet-france\/#primaryimage"},"thumbnailUrl":"https:\/\/blog.wtransnet.com\/fr\/wp-content\/uploads\/sites\/4\/1313\/01\/fotogj.jpg","datePublished":"2013-01-14T00:00:00+00:00","dateModified":"2016-02-09T11:59:15+00:00","author":{"@id":"https:\/\/blog.wtransnet.com\/fr\/#\/schema\/person\/fceb9548f80ce7f179d676f87807077c"},"breadcrumb":{"@id":"https:\/\/blog.wtransnet.com\/fr\/gregory-joubert-nouveau-directeur-commercial-de-wtransnet-france\/#breadcrumb"},"inLanguage":"es","potentialAction":[{"@type":"ReadAction","target":["https:\/\/blog.wtransnet.com\/fr\/gregory-joubert-nouveau-directeur-commercial-de-wtransnet-france\/"]}]},{"@type":"ImageObject","inLanguage":"es","@id":"https:\/\/blog.wtransnet.com\/fr\/gregory-joubert-nouveau-directeur-commercial-de-wtransnet-france\/#primaryimage","url":"https:\/\/blog.wtransnet.com\/fr\/wp-content\/uploads\/sites\/4\/1313\/01\/fotogj.jpg","contentUrl":"https:\/\/blog.wtransnet.com\/fr\/wp-content\/uploads\/sites\/4\/1313\/01\/fotogj.jpg","width":150,"height":150},{"@type":"BreadcrumbList","@id":"https:\/\/blog.wtransnet.com\/fr\/gregory-joubert-nouveau-directeur-commercial-de-wtransnet-france\/#breadcrumb","itemListElement":[{"@type":"ListItem","position":1,"name":"Portada","item":"https:\/\/blog.wtransnet.com\/fr\/"},{"@type":"ListItem","position":2,"name":"Gr\u00e9gory Joubert, nouveau directeur commercial de Wtransnet France"}]},{"@type":"WebSite","@id":"https:\/\/blog.wtransnet.com\/fr\/#website","url":"https:\/\/blog.wtransnet.com\/fr\/","name":"Blog Wtransnet France","description":"Blog Wtransnet France: Actualit\u00e9s transport et logistique","potentialAction":[{"@type":"SearchAction","target":{"@type":"EntryPoint","urlTemplate":"https:\/\/blog.wtransnet.com\/fr\/?s={search_term_string}"},"query-input":{"@type":"PropertyValueSpecification","valueRequired":true,"valueName":"search_term_string"}}],"inLanguage":"es"},{"@type":"Person","@id":"https:\/\/blog.wtransnet.com\/fr\/#\/schema\/person\/fceb9548f80ce7f179d676f87807077c","name":"wtransnet","image":{"@type":"ImageObject","inLanguage":"es","@id":"https:\/\/blog.wtransnet.com\/fr\/#\/schema\/person\/image\/","url":"https:\/\/secure.gravatar.com\/avatar\/a05fe32dee93b4aac2b3ec7f2963147f4949dc5f60df7d491cc2199728053e0b?s=96&d=mm&r=g","contentUrl":"https:\/\/secure.gravatar.com\/avatar\/a05fe32dee93b4aac2b3ec7f2963147f4949dc5f60df7d491cc2199728053e0b?s=96&d=mm&r=g","caption":"wtransnet"},"url":"https:\/\/blog.wtransnet.com\/fr\/author\/wtransnet\/"}]}},"_links":{"self":[{"href":"https:\/\/blog.wtransnet.com\/fr\/wp-json\/wp\/v2\/posts\/39","targetHints":{"allow":["GET"]}}],"collection":[{"href":"https:\/\/blog.wtransnet.com\/fr\/wp-json\/wp\/v2\/posts"}],"about":[{"href":"https:\/\/blog.wtransnet.com\/fr\/wp-json\/wp\/v2\/types\/post"}],"author":[{"embeddable":true,"href":"https:\/\/blog.wtransnet.com\/fr\/wp-json\/wp\/v2\/users\/1"}],"replies":[{"embeddable":true,"href":"https:\/\/blog.wtransnet.com\/fr\/wp-json\/wp\/v2\/comments?post=39"}],"version-history":[{"count":0,"href":"https:\/\/blog.wtransnet.com\/fr\/wp-json\/wp\/v2\/posts\/39\/revisions"}],"wp:featuredmedia":[{"embeddable":true,"href":"https:\/\/blog.wtransnet.com\/fr\/wp-json\/wp\/v2\/media\/814"}],"wp:attachment":[{"href":"https:\/\/blog.wtransnet.com\/fr\/wp-json\/wp\/v2\/media?parent=39"}],"wp:term":[{"taxonomy":"category","embeddable":true,"href":"https:\/\/blog.wtransnet.com\/fr\/wp-json\/wp\/v2\/categories?post=39"},{"taxonomy":"post_tag","embeddable":true,"href":"https:\/\/blog.wtransnet.com\/fr\/wp-json\/wp\/v2\/tags?post=39"}],"curies":[{"name":"wp","href":"https:\/\/api.w.org\/{rel}","templated":true}]}}