{"id":40,"date":"2013-01-14T00:00:00","date_gmt":"2013-01-14T00:00:00","guid":{"rendered":"https:\/\/blog.wtransnet.com\/fr\/wtransnet-presentera-cargo-plus-au-transpotec-2013\/"},"modified":"2016-02-09T11:59:43","modified_gmt":"2016-02-09T11:59:43","slug":"wtransnet-presentera-cargo-plus-au-transpotec-2013","status":"publish","type":"post","link":"https:\/\/blog.wtransnet.com\/fr\/wtransnet-presentera-cargo-plus-au-transpotec-2013\/","title":{"rendered":"Wtransnet pr\u00e9sentera cargo plus au Transpotec 2013"},"content":{"rendered":"<p>Wtransnet sera pr\u00e9sente \u00e0 la prochaine \u00e9dition du Salone della Logistica integrata e dei Trasporti, qui aura lieu \u00e0 V\u00e9rone du 28 f\u00e9vrier au 3 mars.<br \/>\nL\u2019\u00e9quipe commerciale de Wtransnet r\u00e9alisera en Italie des sessions quotidiennes de pr\u00e9sentation du nouveau produit CARGO PLUS, la bourse de fret avanc\u00e9e, qui privil\u00e9gie la collaboration avec les transporteurs habituels dans un environnement priv\u00e9, avant que le fret ne soit d\u00e9pos\u00e9 sur la bourse de fret publique.<br \/>\nNous vous invitons \u00e0 conna\u00eetre le fonctionnement de ce produit et l\u2019am\u00e9lioration de la qualit\u00e9 de travail pour le service affr\u00e8tement des entreprises. Nous vous confirmerons les horaires des sessions tr\u00e8s prochainement et vous pourrez demander votre invitation gratuite.<\/p>\n<p>transpotec.com<\/p>\n","protected":false},"excerpt":{"rendered":"<p>Wtransnet sera pr\u00e9sente \u00e0 la prochaine \u00e9dition du Salone della Logistica integrata e dei Trasporti, qui aura lieu \u00e0 V\u00e9rone du 28 f\u00e9vrier au 3 mars. L\u2019\u00e9quipe commerciale de Wtransnet r\u00e9alisera en Italie des sessions quotidiennes de pr\u00e9sentation du nouveau produit CARGO PLUS, la bourse de fret avanc\u00e9e, qui privil\u00e9gie la collaboration avec les transporteurs &hellip;<\/p>\n","protected":false},"author":1,"featured_media":813,"comment_status":"open","ping_status":"open","sticky":false,"template":"","format":"standard","meta":{"_monsterinsights_skip_tracking":false,"_monsterinsights_sitenote_active":false,"_monsterinsights_sitenote_note":"","_monsterinsights_sitenote_category":0,"footnotes":""},"categories":[5,166],"tags":[],"class_list":["post-40","post","type-post","status-publish","format-standard","has-post-thumbnail","","category-actes-evenements","category-blog"],"yoast_head":"<!-- This site is optimized with the Yoast SEO plugin v26.9 - https:\/\/yoast.com\/product\/yoast-seo-wordpress\/ -->\n<title>Wtransnet pr\u00e9sentera cargo plus au Transpotec 2013 - Blog Wtransnet France<\/title>\n<meta name=\"robots\" content=\"index, follow, max-snippet:-1, max-image-preview:large, max-video-preview:-1\" \/>\n<link rel=\"canonical\" href=\"https:\/\/blog.wtransnet.com\/fr\/wtransnet-presentera-cargo-plus-au-transpotec-2013\/\" \/>\n<meta property=\"og:locale\" content=\"es_ES\" \/>\n<meta property=\"og:type\" content=\"article\" \/>\n<meta property=\"og:title\" content=\"Wtransnet pr\u00e9sentera cargo plus au Transpotec 2013 - Blog Wtransnet France\" \/>\n<meta property=\"og:description\" content=\"Wtransnet sera pr\u00e9sente \u00e0 la prochaine \u00e9dition du Salone della Logistica integrata e dei Trasporti, qui aura lieu \u00e0 V\u00e9rone du 28 f\u00e9vrier au 3 mars. L\u2019\u00e9quipe commerciale de Wtransnet r\u00e9alisera en Italie des sessions quotidiennes de pr\u00e9sentation du nouveau produit CARGO PLUS, la bourse de fret avanc\u00e9e, qui privil\u00e9gie la collaboration avec les transporteurs &hellip;\" \/>\n<meta property=\"og:url\" content=\"https:\/\/blog.wtransnet.com\/fr\/wtransnet-presentera-cargo-plus-au-transpotec-2013\/\" \/>\n<meta property=\"og:site_name\" content=\"Blog Wtransnet France\" \/>\n<meta property=\"article:published_time\" content=\"2013-01-14T00:00:00+00:00\" \/>\n<meta property=\"article:modified_time\" content=\"2016-02-09T11:59:43+00:00\" \/>\n<meta property=\"og:image\" content=\"https:\/\/blog.wtransnet.com\/fr\/wp-content\/uploads\/sites\/4\/1313\/01\/transpotec.jpg\" \/>\n\t<meta property=\"og:image:width\" content=\"150\" \/>\n\t<meta property=\"og:image:height\" content=\"150\" \/>\n\t<meta property=\"og:image:type\" content=\"image\/jpeg\" \/>\n<meta name=\"author\" content=\"wtransnet\" \/>\n<meta name=\"twitter:card\" content=\"summary_large_image\" \/>\n<meta name=\"twitter:label1\" content=\"Escrito por\" \/>\n\t<meta name=\"twitter:data1\" content=\"wtransnet\" \/>\n\t<meta name=\"twitter:label2\" content=\"Tiempo de lectura\" \/>\n\t<meta name=\"twitter:data2\" content=\"1 minuto\" \/>\n<script type=\"application\/ld+json\" class=\"yoast-schema-graph\">{\"@context\":\"https:\/\/schema.org\",\"@graph\":[{\"@type\":\"Article\",\"@id\":\"https:\/\/blog.wtransnet.com\/fr\/wtransnet-presentera-cargo-plus-au-transpotec-2013\/#article\",\"isPartOf\":{\"@id\":\"https:\/\/blog.wtransnet.com\/fr\/wtransnet-presentera-cargo-plus-au-transpotec-2013\/\"},\"author\":{\"name\":\"wtransnet\",\"@id\":\"https:\/\/blog.wtransnet.com\/fr\/#\/schema\/person\/fceb9548f80ce7f179d676f87807077c\"},\"headline\":\"Wtransnet pr\u00e9sentera cargo plus au Transpotec 2013\",\"datePublished\":\"2013-01-14T00:00:00+00:00\",\"dateModified\":\"2016-02-09T11:59:43+00:00\",\"mainEntityOfPage\":{\"@id\":\"https:\/\/blog.wtransnet.com\/fr\/wtransnet-presentera-cargo-plus-au-transpotec-2013\/\"},\"wordCount\":130,\"commentCount\":0,\"image\":{\"@id\":\"https:\/\/blog.wtransnet.com\/fr\/wtransnet-presentera-cargo-plus-au-transpotec-2013\/#primaryimage\"},\"thumbnailUrl\":\"https:\/\/blog.wtransnet.com\/fr\/wp-content\/uploads\/sites\/4\/1313\/01\/transpotec.jpg\",\"articleSection\":[\"Actes et Ev\u00e8nements\",\"Blog\"],\"inLanguage\":\"es\",\"potentialAction\":[{\"@type\":\"CommentAction\",\"name\":\"Comment\",\"target\":[\"https:\/\/blog.wtransnet.com\/fr\/wtransnet-presentera-cargo-plus-au-transpotec-2013\/#respond\"]}]},{\"@type\":\"WebPage\",\"@id\":\"https:\/\/blog.wtransnet.com\/fr\/wtransnet-presentera-cargo-plus-au-transpotec-2013\/\",\"url\":\"https:\/\/blog.wtransnet.com\/fr\/wtransnet-presentera-cargo-plus-au-transpotec-2013\/\",\"name\":\"Wtransnet pr\u00e9sentera cargo plus au Transpotec 2013 - Blog Wtransnet France\",\"isPartOf\":{\"@id\":\"https:\/\/blog.wtransnet.com\/fr\/#website\"},\"primaryImageOfPage\":{\"@id\":\"https:\/\/blog.wtransnet.com\/fr\/wtransnet-presentera-cargo-plus-au-transpotec-2013\/#primaryimage\"},\"image\":{\"@id\":\"https:\/\/blog.wtransnet.com\/fr\/wtransnet-presentera-cargo-plus-au-transpotec-2013\/#primaryimage\"},\"thumbnailUrl\":\"https:\/\/blog.wtransnet.com\/fr\/wp-content\/uploads\/sites\/4\/1313\/01\/transpotec.jpg\",\"datePublished\":\"2013-01-14T00:00:00+00:00\",\"dateModified\":\"2016-02-09T11:59:43+00:00\",\"author\":{\"@id\":\"https:\/\/blog.wtransnet.com\/fr\/#\/schema\/person\/fceb9548f80ce7f179d676f87807077c\"},\"breadcrumb\":{\"@id\":\"https:\/\/blog.wtransnet.com\/fr\/wtransnet-presentera-cargo-plus-au-transpotec-2013\/#breadcrumb\"},\"inLanguage\":\"es\",\"potentialAction\":[{\"@type\":\"ReadAction\",\"target\":[\"https:\/\/blog.wtransnet.com\/fr\/wtransnet-presentera-cargo-plus-au-transpotec-2013\/\"]}]},{\"@type\":\"ImageObject\",\"inLanguage\":\"es\",\"@id\":\"https:\/\/blog.wtransnet.com\/fr\/wtransnet-presentera-cargo-plus-au-transpotec-2013\/#primaryimage\",\"url\":\"https:\/\/blog.wtransnet.com\/fr\/wp-content\/uploads\/sites\/4\/1313\/01\/transpotec.jpg\",\"contentUrl\":\"https:\/\/blog.wtransnet.com\/fr\/wp-content\/uploads\/sites\/4\/1313\/01\/transpotec.jpg\",\"width\":150,\"height\":150},{\"@type\":\"BreadcrumbList\",\"@id\":\"https:\/\/blog.wtransnet.com\/fr\/wtransnet-presentera-cargo-plus-au-transpotec-2013\/#breadcrumb\",\"itemListElement\":[{\"@type\":\"ListItem\",\"position\":1,\"name\":\"Portada\",\"item\":\"https:\/\/blog.wtransnet.com\/fr\/\"},{\"@type\":\"ListItem\",\"position\":2,\"name\":\"Wtransnet pr\u00e9sentera cargo plus au Transpotec 2013\"}]},{\"@type\":\"WebSite\",\"@id\":\"https:\/\/blog.wtransnet.com\/fr\/#website\",\"url\":\"https:\/\/blog.wtransnet.com\/fr\/\",\"name\":\"Blog Wtransnet France\",\"description\":\"Blog Wtransnet France: Actualit\u00e9s transport et logistique\",\"potentialAction\":[{\"@type\":\"SearchAction\",\"target\":{\"@type\":\"EntryPoint\",\"urlTemplate\":\"https:\/\/blog.wtransnet.com\/fr\/?s={search_term_string}\"},\"query-input\":{\"@type\":\"PropertyValueSpecification\",\"valueRequired\":true,\"valueName\":\"search_term_string\"}}],\"inLanguage\":\"es\"},{\"@type\":\"Person\",\"@id\":\"https:\/\/blog.wtransnet.com\/fr\/#\/schema\/person\/fceb9548f80ce7f179d676f87807077c\",\"name\":\"wtransnet\",\"image\":{\"@type\":\"ImageObject\",\"inLanguage\":\"es\",\"@id\":\"https:\/\/blog.wtransnet.com\/fr\/#\/schema\/person\/image\/\",\"url\":\"https:\/\/secure.gravatar.com\/avatar\/a05fe32dee93b4aac2b3ec7f2963147f4949dc5f60df7d491cc2199728053e0b?s=96&d=mm&r=g\",\"contentUrl\":\"https:\/\/secure.gravatar.com\/avatar\/a05fe32dee93b4aac2b3ec7f2963147f4949dc5f60df7d491cc2199728053e0b?s=96&d=mm&r=g\",\"caption\":\"wtransnet\"},\"url\":\"https:\/\/blog.wtransnet.com\/fr\/author\/wtransnet\/\"}]}<\/script>\n<!-- \/ Yoast SEO plugin. -->","yoast_head_json":{"title":"Wtransnet pr\u00e9sentera cargo plus au Transpotec 2013 - Blog Wtransnet France","robots":{"index":"index","follow":"follow","max-snippet":"max-snippet:-1","max-image-preview":"max-image-preview:large","max-video-preview":"max-video-preview:-1"},"canonical":"https:\/\/blog.wtransnet.com\/fr\/wtransnet-presentera-cargo-plus-au-transpotec-2013\/","og_locale":"es_ES","og_type":"article","og_title":"Wtransnet pr\u00e9sentera cargo plus au Transpotec 2013 - Blog Wtransnet France","og_description":"Wtransnet sera pr\u00e9sente \u00e0 la prochaine \u00e9dition du Salone della Logistica integrata e dei Trasporti, qui aura lieu \u00e0 V\u00e9rone du 28 f\u00e9vrier au 3 mars. L\u2019\u00e9quipe commerciale de Wtransnet r\u00e9alisera en Italie des sessions quotidiennes de pr\u00e9sentation du nouveau produit CARGO PLUS, la bourse de fret avanc\u00e9e, qui privil\u00e9gie la collaboration avec les transporteurs &hellip;","og_url":"https:\/\/blog.wtransnet.com\/fr\/wtransnet-presentera-cargo-plus-au-transpotec-2013\/","og_site_name":"Blog Wtransnet France","article_published_time":"2013-01-14T00:00:00+00:00","article_modified_time":"2016-02-09T11:59:43+00:00","og_image":[{"width":150,"height":150,"url":"https:\/\/blog.wtransnet.com\/fr\/wp-content\/uploads\/sites\/4\/1313\/01\/transpotec.jpg","type":"image\/jpeg"}],"author":"wtransnet","twitter_card":"summary_large_image","twitter_misc":{"Escrito por":"wtransnet","Tiempo de lectura":"1 minuto"},"schema":{"@context":"https:\/\/schema.org","@graph":[{"@type":"Article","@id":"https:\/\/blog.wtransnet.com\/fr\/wtransnet-presentera-cargo-plus-au-transpotec-2013\/#article","isPartOf":{"@id":"https:\/\/blog.wtransnet.com\/fr\/wtransnet-presentera-cargo-plus-au-transpotec-2013\/"},"author":{"name":"wtransnet","@id":"https:\/\/blog.wtransnet.com\/fr\/#\/schema\/person\/fceb9548f80ce7f179d676f87807077c"},"headline":"Wtransnet pr\u00e9sentera cargo plus au Transpotec 2013","datePublished":"2013-01-14T00:00:00+00:00","dateModified":"2016-02-09T11:59:43+00:00","mainEntityOfPage":{"@id":"https:\/\/blog.wtransnet.com\/fr\/wtransnet-presentera-cargo-plus-au-transpotec-2013\/"},"wordCount":130,"commentCount":0,"image":{"@id":"https:\/\/blog.wtransnet.com\/fr\/wtransnet-presentera-cargo-plus-au-transpotec-2013\/#primaryimage"},"thumbnailUrl":"https:\/\/blog.wtransnet.com\/fr\/wp-content\/uploads\/sites\/4\/1313\/01\/transpotec.jpg","articleSection":["Actes et Ev\u00e8nements","Blog"],"inLanguage":"es","potentialAction":[{"@type":"CommentAction","name":"Comment","target":["https:\/\/blog.wtransnet.com\/fr\/wtransnet-presentera-cargo-plus-au-transpotec-2013\/#respond"]}]},{"@type":"WebPage","@id":"https:\/\/blog.wtransnet.com\/fr\/wtransnet-presentera-cargo-plus-au-transpotec-2013\/","url":"https:\/\/blog.wtransnet.com\/fr\/wtransnet-presentera-cargo-plus-au-transpotec-2013\/","name":"Wtransnet pr\u00e9sentera cargo plus au Transpotec 2013 - Blog Wtransnet France","isPartOf":{"@id":"https:\/\/blog.wtransnet.com\/fr\/#website"},"primaryImageOfPage":{"@id":"https:\/\/blog.wtransnet.com\/fr\/wtransnet-presentera-cargo-plus-au-transpotec-2013\/#primaryimage"},"image":{"@id":"https:\/\/blog.wtransnet.com\/fr\/wtransnet-presentera-cargo-plus-au-transpotec-2013\/#primaryimage"},"thumbnailUrl":"https:\/\/blog.wtransnet.com\/fr\/wp-content\/uploads\/sites\/4\/1313\/01\/transpotec.jpg","datePublished":"2013-01-14T00:00:00+00:00","dateModified":"2016-02-09T11:59:43+00:00","author":{"@id":"https:\/\/blog.wtransnet.com\/fr\/#\/schema\/person\/fceb9548f80ce7f179d676f87807077c"},"breadcrumb":{"@id":"https:\/\/blog.wtransnet.com\/fr\/wtransnet-presentera-cargo-plus-au-transpotec-2013\/#breadcrumb"},"inLanguage":"es","potentialAction":[{"@type":"ReadAction","target":["https:\/\/blog.wtransnet.com\/fr\/wtransnet-presentera-cargo-plus-au-transpotec-2013\/"]}]},{"@type":"ImageObject","inLanguage":"es","@id":"https:\/\/blog.wtransnet.com\/fr\/wtransnet-presentera-cargo-plus-au-transpotec-2013\/#primaryimage","url":"https:\/\/blog.wtransnet.com\/fr\/wp-content\/uploads\/sites\/4\/1313\/01\/transpotec.jpg","contentUrl":"https:\/\/blog.wtransnet.com\/fr\/wp-content\/uploads\/sites\/4\/1313\/01\/transpotec.jpg","width":150,"height":150},{"@type":"BreadcrumbList","@id":"https:\/\/blog.wtransnet.com\/fr\/wtransnet-presentera-cargo-plus-au-transpotec-2013\/#breadcrumb","itemListElement":[{"@type":"ListItem","position":1,"name":"Portada","item":"https:\/\/blog.wtransnet.com\/fr\/"},{"@type":"ListItem","position":2,"name":"Wtransnet pr\u00e9sentera cargo plus au Transpotec 2013"}]},{"@type":"WebSite","@id":"https:\/\/blog.wtransnet.com\/fr\/#website","url":"https:\/\/blog.wtransnet.com\/fr\/","name":"Blog Wtransnet France","description":"Blog Wtransnet France: Actualit\u00e9s transport et logistique","potentialAction":[{"@type":"SearchAction","target":{"@type":"EntryPoint","urlTemplate":"https:\/\/blog.wtransnet.com\/fr\/?s={search_term_string}"},"query-input":{"@type":"PropertyValueSpecification","valueRequired":true,"valueName":"search_term_string"}}],"inLanguage":"es"},{"@type":"Person","@id":"https:\/\/blog.wtransnet.com\/fr\/#\/schema\/person\/fceb9548f80ce7f179d676f87807077c","name":"wtransnet","image":{"@type":"ImageObject","inLanguage":"es","@id":"https:\/\/blog.wtransnet.com\/fr\/#\/schema\/person\/image\/","url":"https:\/\/secure.gravatar.com\/avatar\/a05fe32dee93b4aac2b3ec7f2963147f4949dc5f60df7d491cc2199728053e0b?s=96&d=mm&r=g","contentUrl":"https:\/\/secure.gravatar.com\/avatar\/a05fe32dee93b4aac2b3ec7f2963147f4949dc5f60df7d491cc2199728053e0b?s=96&d=mm&r=g","caption":"wtransnet"},"url":"https:\/\/blog.wtransnet.com\/fr\/author\/wtransnet\/"}]}},"_links":{"self":[{"href":"https:\/\/blog.wtransnet.com\/fr\/wp-json\/wp\/v2\/posts\/40","targetHints":{"allow":["GET"]}}],"collection":[{"href":"https:\/\/blog.wtransnet.com\/fr\/wp-json\/wp\/v2\/posts"}],"about":[{"href":"https:\/\/blog.wtransnet.com\/fr\/wp-json\/wp\/v2\/types\/post"}],"author":[{"embeddable":true,"href":"https:\/\/blog.wtransnet.com\/fr\/wp-json\/wp\/v2\/users\/1"}],"replies":[{"embeddable":true,"href":"https:\/\/blog.wtransnet.com\/fr\/wp-json\/wp\/v2\/comments?post=40"}],"version-history":[{"count":0,"href":"https:\/\/blog.wtransnet.com\/fr\/wp-json\/wp\/v2\/posts\/40\/revisions"}],"wp:featuredmedia":[{"embeddable":true,"href":"https:\/\/blog.wtransnet.com\/fr\/wp-json\/wp\/v2\/media\/813"}],"wp:attachment":[{"href":"https:\/\/blog.wtransnet.com\/fr\/wp-json\/wp\/v2\/media?parent=40"}],"wp:term":[{"taxonomy":"category","embeddable":true,"href":"https:\/\/blog.wtransnet.com\/fr\/wp-json\/wp\/v2\/categories?post=40"},{"taxonomy":"post_tag","embeddable":true,"href":"https:\/\/blog.wtransnet.com\/fr\/wp-json\/wp\/v2\/tags?post=40"}],"curies":[{"name":"wp","href":"https:\/\/api.w.org\/{rel}","templated":true}]}}