{"id":42,"date":"2013-02-08T00:00:00","date_gmt":"2013-02-08T00:00:00","guid":{"rendered":"https:\/\/blog.wtransnet.com\/fr\/fevrier-est-le-mois-de-litalie-en-europe\/"},"modified":"2016-02-09T11:52:16","modified_gmt":"2016-02-09T11:52:16","slug":"fevrier-est-le-mois-de-litalie-en-europe","status":"publish","type":"post","link":"https:\/\/blog.wtransnet.com\/fr\/fevrier-est-le-mois-de-litalie-en-europe\/","title":{"rendered":"F\u00e9vrier est le mois de l\u2019Italie en Europe"},"content":{"rendered":"<p>L\u2019Italie est le protagoniste du secteur du transport au cours du mois de f\u00e9vrier.<br \/>\nV\u00e9rone accueillera le salon Transpotec, faisant preuve d\u2019optimisme apr\u00e8s quelques ann\u00e9es affect\u00e9 par la crise.<br \/>\nVous retrouverez sur la bourse de fret de Wtransnet\u00a0 les entreprises de transport associ\u00e9es \u00e0 ANITA, regroupant les principaux transporteurs, ainsi que toutes les entreprises italiennes et europ\u00e9ennes souhaitant travailler avec les entreprises de ce pays et enrichir leurs contacts. Pour cela, Wtransnet propose un mois gratuit \u00e0 toutes les entreprises europ\u00e9ennes s\u2019inscrivant au cours du mois de f\u00e9vrier afin de conna\u00eetre des entreprises d\u2019Italie.<br \/>\nCependant, Wtransnet ne manque pas de rigueur. En effet, pour les transporteurs italiens, la bourse est accessible uniquement sur recommandations \u00a0de nos clients ou d\u2019autres entreprises de confiance ayant sign\u00e9 un accord avec Wtransnet. De plus, toutes les entreprises souhaitant d\u00e9poser du fret doivent passer les filtres de solvabilit\u00e9 avec l\u2019assurance Coface.<br \/>\nDonn\u00e9es statistiques : l\u2019Italie se situe juste derri\u00e8re l\u2019Allemagne et la France, au niveau europ\u00e9en, avec un PIB de 1.580 m M $ dont 1.120 d\u00e9di\u00e9 au march\u00e9 int\u00e9rieur, ce qui indique un volume important du transport dans le march\u00e9 domestique. Son volume d\u2019exportation est de 15% pour l\u2019Allemagne, 12% pour la France, et l\u2019Espagne occupe la troisi\u00e8me place. Quant aux importations, les achats des italiens sont de 18% \u00e0 l\u2019Allemagne, 11% \u00e0 la France et 6% au Benelux.<br \/>\nDans le secteur du transport, la Pologne est le principal fournisseur de camions, r\u00e9alisant les transports internationaux dont l\u2019origine ou la destination est l\u2019Italie, suivis des allemands et des espagnols.<\/p>\n<p><a href=\"http:\/\/www.wtransnet.com\/fr\/\">Un mois gratuit \u00e0 Wtransnet<\/a><\/p>\n","protected":false},"excerpt":{"rendered":"<p>L\u2019Italie est le protagoniste du secteur du transport au cours du mois de f\u00e9vrier. V\u00e9rone accueillera le salon Transpotec, faisant preuve d\u2019optimisme apr\u00e8s quelques ann\u00e9es affect\u00e9 par la crise. Vous retrouverez sur la bourse de fret de Wtransnet\u00a0 les entreprises de transport associ\u00e9es \u00e0 ANITA, regroupant les principaux transporteurs, ainsi que toutes les entreprises italiennes &hellip;<\/p>\n","protected":false},"author":1,"featured_media":825,"comment_status":"open","ping_status":"open","sticky":false,"template":"","format":"standard","meta":{"_monsterinsights_skip_tracking":false,"_monsterinsights_sitenote_active":false,"_monsterinsights_sitenote_note":"","_monsterinsights_sitenote_category":0,"footnotes":""},"categories":[166,2],"tags":[],"class_list":["post-42","post","type-post","status-publish","format-standard","has-post-thumbnail","","category-blog","category-wtransnet"],"yoast_head":"<!-- This site is optimized with the Yoast SEO plugin v26.9 - https:\/\/yoast.com\/product\/yoast-seo-wordpress\/ -->\n<title>F\u00e9vrier est le mois de l\u2019Italie en Europe - Blog Wtransnet France<\/title>\n<meta name=\"robots\" content=\"index, follow, max-snippet:-1, max-image-preview:large, max-video-preview:-1\" \/>\n<link rel=\"canonical\" href=\"https:\/\/blog.wtransnet.com\/fr\/fevrier-est-le-mois-de-litalie-en-europe\/\" \/>\n<meta property=\"og:locale\" content=\"es_ES\" \/>\n<meta property=\"og:type\" content=\"article\" \/>\n<meta property=\"og:title\" content=\"F\u00e9vrier est le mois de l\u2019Italie en Europe - Blog Wtransnet France\" \/>\n<meta property=\"og:description\" content=\"L\u2019Italie est le protagoniste du secteur du transport au cours du mois de f\u00e9vrier. V\u00e9rone accueillera le salon Transpotec, faisant preuve d\u2019optimisme apr\u00e8s quelques ann\u00e9es affect\u00e9 par la crise. Vous retrouverez sur la bourse de fret de Wtransnet\u00a0 les entreprises de transport associ\u00e9es \u00e0 ANITA, regroupant les principaux transporteurs, ainsi que toutes les entreprises italiennes &hellip;\" \/>\n<meta property=\"og:url\" content=\"https:\/\/blog.wtransnet.com\/fr\/fevrier-est-le-mois-de-litalie-en-europe\/\" \/>\n<meta property=\"og:site_name\" content=\"Blog Wtransnet France\" \/>\n<meta property=\"article:published_time\" content=\"2013-02-08T00:00:00+00:00\" \/>\n<meta property=\"article:modified_time\" content=\"2016-02-09T11:52:16+00:00\" \/>\n<meta property=\"og:image\" content=\"https:\/\/blog.wtransnet.com\/fr\/wp-content\/uploads\/sites\/4\/1313\/02\/camapana-it-blog.jpg\" \/>\n\t<meta property=\"og:image:width\" content=\"150\" \/>\n\t<meta property=\"og:image:height\" content=\"150\" \/>\n\t<meta property=\"og:image:type\" content=\"image\/jpeg\" \/>\n<meta name=\"author\" content=\"wtransnet\" \/>\n<meta name=\"twitter:card\" content=\"summary_large_image\" \/>\n<meta name=\"twitter:label1\" content=\"Escrito por\" \/>\n\t<meta name=\"twitter:data1\" content=\"wtransnet\" \/>\n\t<meta name=\"twitter:label2\" content=\"Tiempo de lectura\" \/>\n\t<meta name=\"twitter:data2\" content=\"1 minuto\" \/>\n<script type=\"application\/ld+json\" class=\"yoast-schema-graph\">{\"@context\":\"https:\/\/schema.org\",\"@graph\":[{\"@type\":\"Article\",\"@id\":\"https:\/\/blog.wtransnet.com\/fr\/fevrier-est-le-mois-de-litalie-en-europe\/#article\",\"isPartOf\":{\"@id\":\"https:\/\/blog.wtransnet.com\/fr\/fevrier-est-le-mois-de-litalie-en-europe\/\"},\"author\":{\"name\":\"wtransnet\",\"@id\":\"https:\/\/blog.wtransnet.com\/fr\/#\/schema\/person\/fceb9548f80ce7f179d676f87807077c\"},\"headline\":\"F\u00e9vrier est le mois de l\u2019Italie en Europe\",\"datePublished\":\"2013-02-08T00:00:00+00:00\",\"dateModified\":\"2016-02-09T11:52:16+00:00\",\"mainEntityOfPage\":{\"@id\":\"https:\/\/blog.wtransnet.com\/fr\/fevrier-est-le-mois-de-litalie-en-europe\/\"},\"wordCount\":287,\"commentCount\":0,\"image\":{\"@id\":\"https:\/\/blog.wtransnet.com\/fr\/fevrier-est-le-mois-de-litalie-en-europe\/#primaryimage\"},\"thumbnailUrl\":\"https:\/\/blog.wtransnet.com\/fr\/wp-content\/uploads\/sites\/4\/1313\/02\/camapana-it-blog.jpg\",\"articleSection\":[\"Blog\",\"Wtransnet\"],\"inLanguage\":\"es\",\"potentialAction\":[{\"@type\":\"CommentAction\",\"name\":\"Comment\",\"target\":[\"https:\/\/blog.wtransnet.com\/fr\/fevrier-est-le-mois-de-litalie-en-europe\/#respond\"]}]},{\"@type\":\"WebPage\",\"@id\":\"https:\/\/blog.wtransnet.com\/fr\/fevrier-est-le-mois-de-litalie-en-europe\/\",\"url\":\"https:\/\/blog.wtransnet.com\/fr\/fevrier-est-le-mois-de-litalie-en-europe\/\",\"name\":\"F\u00e9vrier est le mois de l\u2019Italie en Europe - Blog Wtransnet France\",\"isPartOf\":{\"@id\":\"https:\/\/blog.wtransnet.com\/fr\/#website\"},\"primaryImageOfPage\":{\"@id\":\"https:\/\/blog.wtransnet.com\/fr\/fevrier-est-le-mois-de-litalie-en-europe\/#primaryimage\"},\"image\":{\"@id\":\"https:\/\/blog.wtransnet.com\/fr\/fevrier-est-le-mois-de-litalie-en-europe\/#primaryimage\"},\"thumbnailUrl\":\"https:\/\/blog.wtransnet.com\/fr\/wp-content\/uploads\/sites\/4\/1313\/02\/camapana-it-blog.jpg\",\"datePublished\":\"2013-02-08T00:00:00+00:00\",\"dateModified\":\"2016-02-09T11:52:16+00:00\",\"author\":{\"@id\":\"https:\/\/blog.wtransnet.com\/fr\/#\/schema\/person\/fceb9548f80ce7f179d676f87807077c\"},\"breadcrumb\":{\"@id\":\"https:\/\/blog.wtransnet.com\/fr\/fevrier-est-le-mois-de-litalie-en-europe\/#breadcrumb\"},\"inLanguage\":\"es\",\"potentialAction\":[{\"@type\":\"ReadAction\",\"target\":[\"https:\/\/blog.wtransnet.com\/fr\/fevrier-est-le-mois-de-litalie-en-europe\/\"]}]},{\"@type\":\"ImageObject\",\"inLanguage\":\"es\",\"@id\":\"https:\/\/blog.wtransnet.com\/fr\/fevrier-est-le-mois-de-litalie-en-europe\/#primaryimage\",\"url\":\"https:\/\/blog.wtransnet.com\/fr\/wp-content\/uploads\/sites\/4\/1313\/02\/camapana-it-blog.jpg\",\"contentUrl\":\"https:\/\/blog.wtransnet.com\/fr\/wp-content\/uploads\/sites\/4\/1313\/02\/camapana-it-blog.jpg\",\"width\":150,\"height\":150},{\"@type\":\"BreadcrumbList\",\"@id\":\"https:\/\/blog.wtransnet.com\/fr\/fevrier-est-le-mois-de-litalie-en-europe\/#breadcrumb\",\"itemListElement\":[{\"@type\":\"ListItem\",\"position\":1,\"name\":\"Portada\",\"item\":\"https:\/\/blog.wtransnet.com\/fr\/\"},{\"@type\":\"ListItem\",\"position\":2,\"name\":\"F\u00e9vrier est le mois de l\u2019Italie en Europe\"}]},{\"@type\":\"WebSite\",\"@id\":\"https:\/\/blog.wtransnet.com\/fr\/#website\",\"url\":\"https:\/\/blog.wtransnet.com\/fr\/\",\"name\":\"Blog Wtransnet France\",\"description\":\"Blog Wtransnet France: Actualit\u00e9s transport et logistique\",\"potentialAction\":[{\"@type\":\"SearchAction\",\"target\":{\"@type\":\"EntryPoint\",\"urlTemplate\":\"https:\/\/blog.wtransnet.com\/fr\/?s={search_term_string}\"},\"query-input\":{\"@type\":\"PropertyValueSpecification\",\"valueRequired\":true,\"valueName\":\"search_term_string\"}}],\"inLanguage\":\"es\"},{\"@type\":\"Person\",\"@id\":\"https:\/\/blog.wtransnet.com\/fr\/#\/schema\/person\/fceb9548f80ce7f179d676f87807077c\",\"name\":\"wtransnet\",\"image\":{\"@type\":\"ImageObject\",\"inLanguage\":\"es\",\"@id\":\"https:\/\/blog.wtransnet.com\/fr\/#\/schema\/person\/image\/\",\"url\":\"https:\/\/secure.gravatar.com\/avatar\/a05fe32dee93b4aac2b3ec7f2963147f4949dc5f60df7d491cc2199728053e0b?s=96&d=mm&r=g\",\"contentUrl\":\"https:\/\/secure.gravatar.com\/avatar\/a05fe32dee93b4aac2b3ec7f2963147f4949dc5f60df7d491cc2199728053e0b?s=96&d=mm&r=g\",\"caption\":\"wtransnet\"},\"url\":\"https:\/\/blog.wtransnet.com\/fr\/author\/wtransnet\/\"}]}<\/script>\n<!-- \/ Yoast SEO plugin. -->","yoast_head_json":{"title":"F\u00e9vrier est le mois de l\u2019Italie en Europe - Blog Wtransnet France","robots":{"index":"index","follow":"follow","max-snippet":"max-snippet:-1","max-image-preview":"max-image-preview:large","max-video-preview":"max-video-preview:-1"},"canonical":"https:\/\/blog.wtransnet.com\/fr\/fevrier-est-le-mois-de-litalie-en-europe\/","og_locale":"es_ES","og_type":"article","og_title":"F\u00e9vrier est le mois de l\u2019Italie en Europe - Blog Wtransnet France","og_description":"L\u2019Italie est le protagoniste du secteur du transport au cours du mois de f\u00e9vrier. V\u00e9rone accueillera le salon Transpotec, faisant preuve d\u2019optimisme apr\u00e8s quelques ann\u00e9es affect\u00e9 par la crise. Vous retrouverez sur la bourse de fret de Wtransnet\u00a0 les entreprises de transport associ\u00e9es \u00e0 ANITA, regroupant les principaux transporteurs, ainsi que toutes les entreprises italiennes &hellip;","og_url":"https:\/\/blog.wtransnet.com\/fr\/fevrier-est-le-mois-de-litalie-en-europe\/","og_site_name":"Blog Wtransnet France","article_published_time":"2013-02-08T00:00:00+00:00","article_modified_time":"2016-02-09T11:52:16+00:00","og_image":[{"width":150,"height":150,"url":"https:\/\/blog.wtransnet.com\/fr\/wp-content\/uploads\/sites\/4\/1313\/02\/camapana-it-blog.jpg","type":"image\/jpeg"}],"author":"wtransnet","twitter_card":"summary_large_image","twitter_misc":{"Escrito por":"wtransnet","Tiempo de lectura":"1 minuto"},"schema":{"@context":"https:\/\/schema.org","@graph":[{"@type":"Article","@id":"https:\/\/blog.wtransnet.com\/fr\/fevrier-est-le-mois-de-litalie-en-europe\/#article","isPartOf":{"@id":"https:\/\/blog.wtransnet.com\/fr\/fevrier-est-le-mois-de-litalie-en-europe\/"},"author":{"name":"wtransnet","@id":"https:\/\/blog.wtransnet.com\/fr\/#\/schema\/person\/fceb9548f80ce7f179d676f87807077c"},"headline":"F\u00e9vrier est le mois de l\u2019Italie en Europe","datePublished":"2013-02-08T00:00:00+00:00","dateModified":"2016-02-09T11:52:16+00:00","mainEntityOfPage":{"@id":"https:\/\/blog.wtransnet.com\/fr\/fevrier-est-le-mois-de-litalie-en-europe\/"},"wordCount":287,"commentCount":0,"image":{"@id":"https:\/\/blog.wtransnet.com\/fr\/fevrier-est-le-mois-de-litalie-en-europe\/#primaryimage"},"thumbnailUrl":"https:\/\/blog.wtransnet.com\/fr\/wp-content\/uploads\/sites\/4\/1313\/02\/camapana-it-blog.jpg","articleSection":["Blog","Wtransnet"],"inLanguage":"es","potentialAction":[{"@type":"CommentAction","name":"Comment","target":["https:\/\/blog.wtransnet.com\/fr\/fevrier-est-le-mois-de-litalie-en-europe\/#respond"]}]},{"@type":"WebPage","@id":"https:\/\/blog.wtransnet.com\/fr\/fevrier-est-le-mois-de-litalie-en-europe\/","url":"https:\/\/blog.wtransnet.com\/fr\/fevrier-est-le-mois-de-litalie-en-europe\/","name":"F\u00e9vrier est le mois de l\u2019Italie en Europe - Blog Wtransnet France","isPartOf":{"@id":"https:\/\/blog.wtransnet.com\/fr\/#website"},"primaryImageOfPage":{"@id":"https:\/\/blog.wtransnet.com\/fr\/fevrier-est-le-mois-de-litalie-en-europe\/#primaryimage"},"image":{"@id":"https:\/\/blog.wtransnet.com\/fr\/fevrier-est-le-mois-de-litalie-en-europe\/#primaryimage"},"thumbnailUrl":"https:\/\/blog.wtransnet.com\/fr\/wp-content\/uploads\/sites\/4\/1313\/02\/camapana-it-blog.jpg","datePublished":"2013-02-08T00:00:00+00:00","dateModified":"2016-02-09T11:52:16+00:00","author":{"@id":"https:\/\/blog.wtransnet.com\/fr\/#\/schema\/person\/fceb9548f80ce7f179d676f87807077c"},"breadcrumb":{"@id":"https:\/\/blog.wtransnet.com\/fr\/fevrier-est-le-mois-de-litalie-en-europe\/#breadcrumb"},"inLanguage":"es","potentialAction":[{"@type":"ReadAction","target":["https:\/\/blog.wtransnet.com\/fr\/fevrier-est-le-mois-de-litalie-en-europe\/"]}]},{"@type":"ImageObject","inLanguage":"es","@id":"https:\/\/blog.wtransnet.com\/fr\/fevrier-est-le-mois-de-litalie-en-europe\/#primaryimage","url":"https:\/\/blog.wtransnet.com\/fr\/wp-content\/uploads\/sites\/4\/1313\/02\/camapana-it-blog.jpg","contentUrl":"https:\/\/blog.wtransnet.com\/fr\/wp-content\/uploads\/sites\/4\/1313\/02\/camapana-it-blog.jpg","width":150,"height":150},{"@type":"BreadcrumbList","@id":"https:\/\/blog.wtransnet.com\/fr\/fevrier-est-le-mois-de-litalie-en-europe\/#breadcrumb","itemListElement":[{"@type":"ListItem","position":1,"name":"Portada","item":"https:\/\/blog.wtransnet.com\/fr\/"},{"@type":"ListItem","position":2,"name":"F\u00e9vrier est le mois de l\u2019Italie en Europe"}]},{"@type":"WebSite","@id":"https:\/\/blog.wtransnet.com\/fr\/#website","url":"https:\/\/blog.wtransnet.com\/fr\/","name":"Blog Wtransnet France","description":"Blog Wtransnet France: Actualit\u00e9s transport et logistique","potentialAction":[{"@type":"SearchAction","target":{"@type":"EntryPoint","urlTemplate":"https:\/\/blog.wtransnet.com\/fr\/?s={search_term_string}"},"query-input":{"@type":"PropertyValueSpecification","valueRequired":true,"valueName":"search_term_string"}}],"inLanguage":"es"},{"@type":"Person","@id":"https:\/\/blog.wtransnet.com\/fr\/#\/schema\/person\/fceb9548f80ce7f179d676f87807077c","name":"wtransnet","image":{"@type":"ImageObject","inLanguage":"es","@id":"https:\/\/blog.wtransnet.com\/fr\/#\/schema\/person\/image\/","url":"https:\/\/secure.gravatar.com\/avatar\/a05fe32dee93b4aac2b3ec7f2963147f4949dc5f60df7d491cc2199728053e0b?s=96&d=mm&r=g","contentUrl":"https:\/\/secure.gravatar.com\/avatar\/a05fe32dee93b4aac2b3ec7f2963147f4949dc5f60df7d491cc2199728053e0b?s=96&d=mm&r=g","caption":"wtransnet"},"url":"https:\/\/blog.wtransnet.com\/fr\/author\/wtransnet\/"}]}},"_links":{"self":[{"href":"https:\/\/blog.wtransnet.com\/fr\/wp-json\/wp\/v2\/posts\/42","targetHints":{"allow":["GET"]}}],"collection":[{"href":"https:\/\/blog.wtransnet.com\/fr\/wp-json\/wp\/v2\/posts"}],"about":[{"href":"https:\/\/blog.wtransnet.com\/fr\/wp-json\/wp\/v2\/types\/post"}],"author":[{"embeddable":true,"href":"https:\/\/blog.wtransnet.com\/fr\/wp-json\/wp\/v2\/users\/1"}],"replies":[{"embeddable":true,"href":"https:\/\/blog.wtransnet.com\/fr\/wp-json\/wp\/v2\/comments?post=42"}],"version-history":[{"count":0,"href":"https:\/\/blog.wtransnet.com\/fr\/wp-json\/wp\/v2\/posts\/42\/revisions"}],"wp:featuredmedia":[{"embeddable":true,"href":"https:\/\/blog.wtransnet.com\/fr\/wp-json\/wp\/v2\/media\/825"}],"wp:attachment":[{"href":"https:\/\/blog.wtransnet.com\/fr\/wp-json\/wp\/v2\/media?parent=42"}],"wp:term":[{"taxonomy":"category","embeddable":true,"href":"https:\/\/blog.wtransnet.com\/fr\/wp-json\/wp\/v2\/categories?post=42"},{"taxonomy":"post_tag","embeddable":true,"href":"https:\/\/blog.wtransnet.com\/fr\/wp-json\/wp\/v2\/tags?post=42"}],"curies":[{"name":"wp","href":"https:\/\/api.w.org\/{rel}","templated":true}]}}