{"id":43,"date":"2013-02-08T00:00:00","date_gmt":"2013-02-08T00:00:00","guid":{"rendered":"https:\/\/blog.wtransnet.com\/fr\/bilan-du-barcelona-connecta\/"},"modified":"2016-02-09T11:52:39","modified_gmt":"2016-02-09T11:52:39","slug":"bilan-du-barcelona-connecta","status":"publish","type":"post","link":"https:\/\/blog.wtransnet.com\/fr\/bilan-du-barcelona-connecta\/","title":{"rendered":"Bilan du Barcelona Connecta"},"content":{"rendered":"<p>La derni\u00e8re \u00e9dition du Barcelona Connecta, qui a eu lieu en octobre, a rendu possible plus de 5.930 entretiens entre professionnels de 13 pays europ\u00e9ens.<br \/>\nUne initiative innovatrice de la Fondation Wtransnet, devenu l\u2019\u00e9v\u00e8nement de r\u00e9f\u00e9rence dans le secteur pour les possibilit\u00e9s d\u2019affaires propos\u00e9es\u00a0: au cours d\u2019une journ\u00e9e, les participants peuvent conna\u00eetre d\u2019autres entreprises de transport et de logistique gr\u00e2ce \u00e0 de rapides entretiens\u00a0 permettant d\u2019\u00e9tablir un premier contact commercial.<br \/>\nEnrichir votre carnet d\u2019adresses, conna\u00eetre de nouveaux collaborateurs ou ceux avec qui vous travaillez d\u00e9j\u00e0, mais \u00e9galement \u00a0obtenir de nouveaux contrats furent les notes dominantes de la derni\u00e8re \u00c9dition.<br \/>\nNous avons remarqu\u00e9 les nombreuses participations des entreprises et leur pro-activit\u00e9 durant la journ\u00e9e de travail, \u00e0 une \u00e9poque o\u00f9 beaucoup ont d\u00fb reconsid\u00e9rer leur entreprise et s\u2019ouvrir \u00e0 de nouveaux march\u00e9s. \u00ab\u00a0Gr\u00e2ce au Barcelona Connecta, j\u2019ai pu \u00e9tablir une premi\u00e8re prise de contact avec des entreprises qu\u2019il aurait \u00e9t\u00e9 difficile de rencontrer sans cette journ\u00e9e\u00a0\u00bb, a comment\u00e9 un participant.<br \/>\nL\u2019\u00e9quipe de WConnecta pr\u00e9pare d\u00e9j\u00e0 la prochaine \u00e9dition de l\u2019\u00e9v\u00e8nement, pr\u00e9vu \u00e0 l\u2019automne prochain. La p\u00e9riode d\u2019inscription sera ouverte dans quelques mois.<br \/>\n<a href=\"http:\/\/www.wconnecta.com\/fr\/\">Opinions des participants<\/a><\/p>\n","protected":false},"excerpt":{"rendered":"<p>La derni\u00e8re \u00e9dition du Barcelona Connecta, qui a eu lieu en octobre, a rendu possible plus de 5.930 entretiens entre professionnels de 13 pays europ\u00e9ens. Une initiative innovatrice de la Fondation Wtransnet, devenu l\u2019\u00e9v\u00e8nement de r\u00e9f\u00e9rence dans le secteur pour les possibilit\u00e9s d\u2019affaires propos\u00e9es\u00a0: au cours d\u2019une journ\u00e9e, les participants peuvent conna\u00eetre d\u2019autres entreprises de &hellip;<\/p>\n","protected":false},"author":1,"featured_media":823,"comment_status":"open","ping_status":"open","sticky":false,"template":"","format":"standard","meta":{"_monsterinsights_skip_tracking":false,"_monsterinsights_sitenote_active":false,"_monsterinsights_sitenote_note":"","_monsterinsights_sitenote_category":0,"footnotes":""},"categories":[5,166],"tags":[],"class_list":["post-43","post","type-post","status-publish","format-standard","has-post-thumbnail","","category-actes-evenements","category-blog"],"yoast_head":"<!-- This site is optimized with the Yoast SEO plugin v26.9 - https:\/\/yoast.com\/product\/yoast-seo-wordpress\/ -->\n<title>Bilan du Barcelona Connecta - Blog Wtransnet France<\/title>\n<meta name=\"robots\" content=\"index, follow, max-snippet:-1, max-image-preview:large, max-video-preview:-1\" \/>\n<link rel=\"canonical\" href=\"https:\/\/blog.wtransnet.com\/fr\/bilan-du-barcelona-connecta\/\" \/>\n<meta property=\"og:locale\" content=\"es_ES\" \/>\n<meta property=\"og:type\" content=\"article\" \/>\n<meta property=\"og:title\" content=\"Bilan du Barcelona Connecta - Blog Wtransnet France\" \/>\n<meta property=\"og:description\" content=\"La derni\u00e8re \u00e9dition du Barcelona Connecta, qui a eu lieu en octobre, a rendu possible plus de 5.930 entretiens entre professionnels de 13 pays europ\u00e9ens. Une initiative innovatrice de la Fondation Wtransnet, devenu l\u2019\u00e9v\u00e8nement de r\u00e9f\u00e9rence dans le secteur pour les possibilit\u00e9s d\u2019affaires propos\u00e9es\u00a0: au cours d\u2019une journ\u00e9e, les participants peuvent conna\u00eetre d\u2019autres entreprises de &hellip;\" \/>\n<meta property=\"og:url\" content=\"https:\/\/blog.wtransnet.com\/fr\/bilan-du-barcelona-connecta\/\" \/>\n<meta property=\"og:site_name\" content=\"Blog Wtransnet France\" \/>\n<meta property=\"article:published_time\" content=\"2013-02-08T00:00:00+00:00\" \/>\n<meta property=\"article:modified_time\" content=\"2016-02-09T11:52:39+00:00\" \/>\n<meta property=\"og:image\" content=\"https:\/\/blog.wtransnet.com\/fr\/wp-content\/uploads\/sites\/4\/1313\/02\/connecta-blog.jpg\" \/>\n\t<meta property=\"og:image:width\" content=\"150\" \/>\n\t<meta property=\"og:image:height\" content=\"150\" \/>\n\t<meta property=\"og:image:type\" content=\"image\/jpeg\" \/>\n<meta name=\"author\" content=\"wtransnet\" \/>\n<meta name=\"twitter:card\" content=\"summary_large_image\" \/>\n<meta name=\"twitter:label1\" content=\"Escrito por\" \/>\n\t<meta name=\"twitter:data1\" content=\"wtransnet\" \/>\n\t<meta name=\"twitter:label2\" content=\"Tiempo de lectura\" \/>\n\t<meta name=\"twitter:data2\" content=\"1 minuto\" \/>\n<script type=\"application\/ld+json\" class=\"yoast-schema-graph\">{\"@context\":\"https:\/\/schema.org\",\"@graph\":[{\"@type\":\"Article\",\"@id\":\"https:\/\/blog.wtransnet.com\/fr\/bilan-du-barcelona-connecta\/#article\",\"isPartOf\":{\"@id\":\"https:\/\/blog.wtransnet.com\/fr\/bilan-du-barcelona-connecta\/\"},\"author\":{\"name\":\"wtransnet\",\"@id\":\"https:\/\/blog.wtransnet.com\/fr\/#\/schema\/person\/fceb9548f80ce7f179d676f87807077c\"},\"headline\":\"Bilan du Barcelona Connecta\",\"datePublished\":\"2013-02-08T00:00:00+00:00\",\"dateModified\":\"2016-02-09T11:52:39+00:00\",\"mainEntityOfPage\":{\"@id\":\"https:\/\/blog.wtransnet.com\/fr\/bilan-du-barcelona-connecta\/\"},\"wordCount\":219,\"commentCount\":0,\"image\":{\"@id\":\"https:\/\/blog.wtransnet.com\/fr\/bilan-du-barcelona-connecta\/#primaryimage\"},\"thumbnailUrl\":\"https:\/\/blog.wtransnet.com\/fr\/wp-content\/uploads\/sites\/4\/1313\/02\/connecta-blog.jpg\",\"articleSection\":[\"Actes et Ev\u00e8nements\",\"Blog\"],\"inLanguage\":\"es\",\"potentialAction\":[{\"@type\":\"CommentAction\",\"name\":\"Comment\",\"target\":[\"https:\/\/blog.wtransnet.com\/fr\/bilan-du-barcelona-connecta\/#respond\"]}]},{\"@type\":\"WebPage\",\"@id\":\"https:\/\/blog.wtransnet.com\/fr\/bilan-du-barcelona-connecta\/\",\"url\":\"https:\/\/blog.wtransnet.com\/fr\/bilan-du-barcelona-connecta\/\",\"name\":\"Bilan du Barcelona Connecta - Blog Wtransnet France\",\"isPartOf\":{\"@id\":\"https:\/\/blog.wtransnet.com\/fr\/#website\"},\"primaryImageOfPage\":{\"@id\":\"https:\/\/blog.wtransnet.com\/fr\/bilan-du-barcelona-connecta\/#primaryimage\"},\"image\":{\"@id\":\"https:\/\/blog.wtransnet.com\/fr\/bilan-du-barcelona-connecta\/#primaryimage\"},\"thumbnailUrl\":\"https:\/\/blog.wtransnet.com\/fr\/wp-content\/uploads\/sites\/4\/1313\/02\/connecta-blog.jpg\",\"datePublished\":\"2013-02-08T00:00:00+00:00\",\"dateModified\":\"2016-02-09T11:52:39+00:00\",\"author\":{\"@id\":\"https:\/\/blog.wtransnet.com\/fr\/#\/schema\/person\/fceb9548f80ce7f179d676f87807077c\"},\"breadcrumb\":{\"@id\":\"https:\/\/blog.wtransnet.com\/fr\/bilan-du-barcelona-connecta\/#breadcrumb\"},\"inLanguage\":\"es\",\"potentialAction\":[{\"@type\":\"ReadAction\",\"target\":[\"https:\/\/blog.wtransnet.com\/fr\/bilan-du-barcelona-connecta\/\"]}]},{\"@type\":\"ImageObject\",\"inLanguage\":\"es\",\"@id\":\"https:\/\/blog.wtransnet.com\/fr\/bilan-du-barcelona-connecta\/#primaryimage\",\"url\":\"https:\/\/blog.wtransnet.com\/fr\/wp-content\/uploads\/sites\/4\/1313\/02\/connecta-blog.jpg\",\"contentUrl\":\"https:\/\/blog.wtransnet.com\/fr\/wp-content\/uploads\/sites\/4\/1313\/02\/connecta-blog.jpg\",\"width\":150,\"height\":150},{\"@type\":\"BreadcrumbList\",\"@id\":\"https:\/\/blog.wtransnet.com\/fr\/bilan-du-barcelona-connecta\/#breadcrumb\",\"itemListElement\":[{\"@type\":\"ListItem\",\"position\":1,\"name\":\"Portada\",\"item\":\"https:\/\/blog.wtransnet.com\/fr\/\"},{\"@type\":\"ListItem\",\"position\":2,\"name\":\"Bilan du Barcelona Connecta\"}]},{\"@type\":\"WebSite\",\"@id\":\"https:\/\/blog.wtransnet.com\/fr\/#website\",\"url\":\"https:\/\/blog.wtransnet.com\/fr\/\",\"name\":\"Blog Wtransnet France\",\"description\":\"Blog Wtransnet France: Actualit\u00e9s transport et logistique\",\"potentialAction\":[{\"@type\":\"SearchAction\",\"target\":{\"@type\":\"EntryPoint\",\"urlTemplate\":\"https:\/\/blog.wtransnet.com\/fr\/?s={search_term_string}\"},\"query-input\":{\"@type\":\"PropertyValueSpecification\",\"valueRequired\":true,\"valueName\":\"search_term_string\"}}],\"inLanguage\":\"es\"},{\"@type\":\"Person\",\"@id\":\"https:\/\/blog.wtransnet.com\/fr\/#\/schema\/person\/fceb9548f80ce7f179d676f87807077c\",\"name\":\"wtransnet\",\"image\":{\"@type\":\"ImageObject\",\"inLanguage\":\"es\",\"@id\":\"https:\/\/blog.wtransnet.com\/fr\/#\/schema\/person\/image\/\",\"url\":\"https:\/\/secure.gravatar.com\/avatar\/a05fe32dee93b4aac2b3ec7f2963147f4949dc5f60df7d491cc2199728053e0b?s=96&d=mm&r=g\",\"contentUrl\":\"https:\/\/secure.gravatar.com\/avatar\/a05fe32dee93b4aac2b3ec7f2963147f4949dc5f60df7d491cc2199728053e0b?s=96&d=mm&r=g\",\"caption\":\"wtransnet\"},\"url\":\"https:\/\/blog.wtransnet.com\/fr\/author\/wtransnet\/\"}]}<\/script>\n<!-- \/ Yoast SEO plugin. -->","yoast_head_json":{"title":"Bilan du Barcelona Connecta - Blog Wtransnet France","robots":{"index":"index","follow":"follow","max-snippet":"max-snippet:-1","max-image-preview":"max-image-preview:large","max-video-preview":"max-video-preview:-1"},"canonical":"https:\/\/blog.wtransnet.com\/fr\/bilan-du-barcelona-connecta\/","og_locale":"es_ES","og_type":"article","og_title":"Bilan du Barcelona Connecta - Blog Wtransnet France","og_description":"La derni\u00e8re \u00e9dition du Barcelona Connecta, qui a eu lieu en octobre, a rendu possible plus de 5.930 entretiens entre professionnels de 13 pays europ\u00e9ens. Une initiative innovatrice de la Fondation Wtransnet, devenu l\u2019\u00e9v\u00e8nement de r\u00e9f\u00e9rence dans le secteur pour les possibilit\u00e9s d\u2019affaires propos\u00e9es\u00a0: au cours d\u2019une journ\u00e9e, les participants peuvent conna\u00eetre d\u2019autres entreprises de &hellip;","og_url":"https:\/\/blog.wtransnet.com\/fr\/bilan-du-barcelona-connecta\/","og_site_name":"Blog Wtransnet France","article_published_time":"2013-02-08T00:00:00+00:00","article_modified_time":"2016-02-09T11:52:39+00:00","og_image":[{"width":150,"height":150,"url":"https:\/\/blog.wtransnet.com\/fr\/wp-content\/uploads\/sites\/4\/1313\/02\/connecta-blog.jpg","type":"image\/jpeg"}],"author":"wtransnet","twitter_card":"summary_large_image","twitter_misc":{"Escrito por":"wtransnet","Tiempo de lectura":"1 minuto"},"schema":{"@context":"https:\/\/schema.org","@graph":[{"@type":"Article","@id":"https:\/\/blog.wtransnet.com\/fr\/bilan-du-barcelona-connecta\/#article","isPartOf":{"@id":"https:\/\/blog.wtransnet.com\/fr\/bilan-du-barcelona-connecta\/"},"author":{"name":"wtransnet","@id":"https:\/\/blog.wtransnet.com\/fr\/#\/schema\/person\/fceb9548f80ce7f179d676f87807077c"},"headline":"Bilan du Barcelona Connecta","datePublished":"2013-02-08T00:00:00+00:00","dateModified":"2016-02-09T11:52:39+00:00","mainEntityOfPage":{"@id":"https:\/\/blog.wtransnet.com\/fr\/bilan-du-barcelona-connecta\/"},"wordCount":219,"commentCount":0,"image":{"@id":"https:\/\/blog.wtransnet.com\/fr\/bilan-du-barcelona-connecta\/#primaryimage"},"thumbnailUrl":"https:\/\/blog.wtransnet.com\/fr\/wp-content\/uploads\/sites\/4\/1313\/02\/connecta-blog.jpg","articleSection":["Actes et Ev\u00e8nements","Blog"],"inLanguage":"es","potentialAction":[{"@type":"CommentAction","name":"Comment","target":["https:\/\/blog.wtransnet.com\/fr\/bilan-du-barcelona-connecta\/#respond"]}]},{"@type":"WebPage","@id":"https:\/\/blog.wtransnet.com\/fr\/bilan-du-barcelona-connecta\/","url":"https:\/\/blog.wtransnet.com\/fr\/bilan-du-barcelona-connecta\/","name":"Bilan du Barcelona Connecta - Blog Wtransnet France","isPartOf":{"@id":"https:\/\/blog.wtransnet.com\/fr\/#website"},"primaryImageOfPage":{"@id":"https:\/\/blog.wtransnet.com\/fr\/bilan-du-barcelona-connecta\/#primaryimage"},"image":{"@id":"https:\/\/blog.wtransnet.com\/fr\/bilan-du-barcelona-connecta\/#primaryimage"},"thumbnailUrl":"https:\/\/blog.wtransnet.com\/fr\/wp-content\/uploads\/sites\/4\/1313\/02\/connecta-blog.jpg","datePublished":"2013-02-08T00:00:00+00:00","dateModified":"2016-02-09T11:52:39+00:00","author":{"@id":"https:\/\/blog.wtransnet.com\/fr\/#\/schema\/person\/fceb9548f80ce7f179d676f87807077c"},"breadcrumb":{"@id":"https:\/\/blog.wtransnet.com\/fr\/bilan-du-barcelona-connecta\/#breadcrumb"},"inLanguage":"es","potentialAction":[{"@type":"ReadAction","target":["https:\/\/blog.wtransnet.com\/fr\/bilan-du-barcelona-connecta\/"]}]},{"@type":"ImageObject","inLanguage":"es","@id":"https:\/\/blog.wtransnet.com\/fr\/bilan-du-barcelona-connecta\/#primaryimage","url":"https:\/\/blog.wtransnet.com\/fr\/wp-content\/uploads\/sites\/4\/1313\/02\/connecta-blog.jpg","contentUrl":"https:\/\/blog.wtransnet.com\/fr\/wp-content\/uploads\/sites\/4\/1313\/02\/connecta-blog.jpg","width":150,"height":150},{"@type":"BreadcrumbList","@id":"https:\/\/blog.wtransnet.com\/fr\/bilan-du-barcelona-connecta\/#breadcrumb","itemListElement":[{"@type":"ListItem","position":1,"name":"Portada","item":"https:\/\/blog.wtransnet.com\/fr\/"},{"@type":"ListItem","position":2,"name":"Bilan du Barcelona Connecta"}]},{"@type":"WebSite","@id":"https:\/\/blog.wtransnet.com\/fr\/#website","url":"https:\/\/blog.wtransnet.com\/fr\/","name":"Blog Wtransnet France","description":"Blog Wtransnet France: Actualit\u00e9s transport et logistique","potentialAction":[{"@type":"SearchAction","target":{"@type":"EntryPoint","urlTemplate":"https:\/\/blog.wtransnet.com\/fr\/?s={search_term_string}"},"query-input":{"@type":"PropertyValueSpecification","valueRequired":true,"valueName":"search_term_string"}}],"inLanguage":"es"},{"@type":"Person","@id":"https:\/\/blog.wtransnet.com\/fr\/#\/schema\/person\/fceb9548f80ce7f179d676f87807077c","name":"wtransnet","image":{"@type":"ImageObject","inLanguage":"es","@id":"https:\/\/blog.wtransnet.com\/fr\/#\/schema\/person\/image\/","url":"https:\/\/secure.gravatar.com\/avatar\/a05fe32dee93b4aac2b3ec7f2963147f4949dc5f60df7d491cc2199728053e0b?s=96&d=mm&r=g","contentUrl":"https:\/\/secure.gravatar.com\/avatar\/a05fe32dee93b4aac2b3ec7f2963147f4949dc5f60df7d491cc2199728053e0b?s=96&d=mm&r=g","caption":"wtransnet"},"url":"https:\/\/blog.wtransnet.com\/fr\/author\/wtransnet\/"}]}},"_links":{"self":[{"href":"https:\/\/blog.wtransnet.com\/fr\/wp-json\/wp\/v2\/posts\/43","targetHints":{"allow":["GET"]}}],"collection":[{"href":"https:\/\/blog.wtransnet.com\/fr\/wp-json\/wp\/v2\/posts"}],"about":[{"href":"https:\/\/blog.wtransnet.com\/fr\/wp-json\/wp\/v2\/types\/post"}],"author":[{"embeddable":true,"href":"https:\/\/blog.wtransnet.com\/fr\/wp-json\/wp\/v2\/users\/1"}],"replies":[{"embeddable":true,"href":"https:\/\/blog.wtransnet.com\/fr\/wp-json\/wp\/v2\/comments?post=43"}],"version-history":[{"count":0,"href":"https:\/\/blog.wtransnet.com\/fr\/wp-json\/wp\/v2\/posts\/43\/revisions"}],"wp:featuredmedia":[{"embeddable":true,"href":"https:\/\/blog.wtransnet.com\/fr\/wp-json\/wp\/v2\/media\/823"}],"wp:attachment":[{"href":"https:\/\/blog.wtransnet.com\/fr\/wp-json\/wp\/v2\/media?parent=43"}],"wp:term":[{"taxonomy":"category","embeddable":true,"href":"https:\/\/blog.wtransnet.com\/fr\/wp-json\/wp\/v2\/categories?post=43"},{"taxonomy":"post_tag","embeddable":true,"href":"https:\/\/blog.wtransnet.com\/fr\/wp-json\/wp\/v2\/tags?post=43"}],"curies":[{"name":"wp","href":"https:\/\/api.w.org\/{rel}","templated":true}]}}