{"id":53,"date":"2013-04-12T00:00:00","date_gmt":"2013-04-12T00:00:00","guid":{"rendered":"https:\/\/blog.wtransnet.com\/fr\/wtransnet-la-bourse-internationale-de-fret-et-de-camions-au-sitl-de-paris\/"},"modified":"2016-02-09T11:47:05","modified_gmt":"2016-02-09T11:47:05","slug":"wtransnet-la-bourse-internationale-de-fret-et-de-camions-au-sitl-de-paris","status":"publish","type":"post","link":"https:\/\/blog.wtransnet.com\/fr\/wtransnet-la-bourse-internationale-de-fret-et-de-camions-au-sitl-de-paris\/","title":{"rendered":"Wtransnet, la bourse internationale de fret et de camions au SITL de Paris"},"content":{"rendered":"<p>La derni\u00e8re \u00e9dition du SITL de Paris confirma l\u2019int\u00e9r\u00eat des entreprises du secteur europ\u00e9en pour la Bourse de Fret Wtransnet. L\u2019\u00e9quipe commerciale a re\u00e7u de nombreuses entreprises provenant principalement de France, des Pays-Bas, de Belgique, de Pologne et d\u2019Espagne.<br \/>\nLe profil des entreprises int\u00e9ress\u00e9es par la Bourse de fret et de camions Wtransnet sont des commissionnaires, des grands groupes logistiques, des op\u00e9rateurs de transport et des transporteurs qui recherchent des solutions pour leurs trajets internationaux. Les personnes ont visit\u00e9 le stand dans le but d\u2019en savoir davantage sur les nouvelles r\u00e9centes parues dans la presse comme l\u2019accord avec entre Wtransnet et Mory Ducros, la qualification de fournisseurs pour Norbert Dentressangle ou la nouvelle bourse de fret priv\u00e9e, le Cargo Plus.<br \/>\nLe caract\u00e8re international de la bourse et la particularit\u00e9 d\u2019\u00eatre la seule regroupant des contacts internationaux filtr\u00e9s et monitoris\u00e9s en permanence r\u00e9pr\u00e9sentent une valeur ajout\u00e9e tr\u00e8s appr\u00e9ci\u00e9es par les entreprises.<\/p>\n<p><a href=\"https:\/\/blog.wtransnet.com\/fr\/wp-content\/uploads\/sites\/4\/1313\/04\/sitl-foto.jpg\"><img loading=\"lazy\" decoding=\"async\" class=\"aligncenter wp-image-840 size-full\" src=\"https:\/\/blog.wtransnet.com\/fr\/wp-content\/uploads\/sites\/4\/1313\/04\/sitl-foto.jpg\" alt=\"sitl-foto\" width=\"453\" height=\"287\" \/><\/a><\/p>\n","protected":false},"excerpt":{"rendered":"<p>La derni\u00e8re \u00e9dition du SITL de Paris confirma l\u2019int\u00e9r\u00eat des entreprises du secteur europ\u00e9en pour la Bourse de Fret Wtransnet. L\u2019\u00e9quipe commerciale a re\u00e7u de nombreuses entreprises provenant principalement de France, des Pays-Bas, de Belgique, de Pologne et d\u2019Espagne. Le profil des entreprises int\u00e9ress\u00e9es par la Bourse de fret et de camions Wtransnet sont des &hellip;<\/p>\n","protected":false},"author":1,"featured_media":839,"comment_status":"open","ping_status":"open","sticky":false,"template":"","format":"standard","meta":{"_monsterinsights_skip_tracking":false,"_monsterinsights_sitenote_active":false,"_monsterinsights_sitenote_note":"","_monsterinsights_sitenote_category":0,"footnotes":""},"categories":[5,166],"tags":[],"class_list":["post-53","post","type-post","status-publish","format-standard","has-post-thumbnail","","category-actes-evenements","category-blog"],"yoast_head":"<!-- This site is optimized with the Yoast SEO plugin v26.9 - https:\/\/yoast.com\/product\/yoast-seo-wordpress\/ -->\n<title>Wtransnet, la bourse internationale de fret et de camions au SITL de Paris - Blog Wtransnet France<\/title>\n<meta name=\"robots\" content=\"index, follow, max-snippet:-1, max-image-preview:large, max-video-preview:-1\" \/>\n<link rel=\"canonical\" href=\"https:\/\/blog.wtransnet.com\/fr\/wtransnet-la-bourse-internationale-de-fret-et-de-camions-au-sitl-de-paris\/\" \/>\n<meta property=\"og:locale\" content=\"es_ES\" \/>\n<meta property=\"og:type\" content=\"article\" \/>\n<meta property=\"og:title\" content=\"Wtransnet, la bourse internationale de fret et de camions au SITL de Paris - Blog Wtransnet France\" \/>\n<meta property=\"og:description\" content=\"La derni\u00e8re \u00e9dition du SITL de Paris confirma l\u2019int\u00e9r\u00eat des entreprises du secteur europ\u00e9en pour la Bourse de Fret Wtransnet. L\u2019\u00e9quipe commerciale a re\u00e7u de nombreuses entreprises provenant principalement de France, des Pays-Bas, de Belgique, de Pologne et d\u2019Espagne. Le profil des entreprises int\u00e9ress\u00e9es par la Bourse de fret et de camions Wtransnet sont des &hellip;\" \/>\n<meta property=\"og:url\" content=\"https:\/\/blog.wtransnet.com\/fr\/wtransnet-la-bourse-internationale-de-fret-et-de-camions-au-sitl-de-paris\/\" \/>\n<meta property=\"og:site_name\" content=\"Blog Wtransnet France\" \/>\n<meta property=\"article:published_time\" content=\"2013-04-12T00:00:00+00:00\" \/>\n<meta property=\"article:modified_time\" content=\"2016-02-09T11:47:05+00:00\" \/>\n<meta property=\"og:image\" content=\"https:\/\/blog.wtransnet.com\/fr\/wp-content\/uploads\/sites\/4\/1313\/04\/sitl-blog.gif\" \/>\n\t<meta property=\"og:image:width\" content=\"150\" \/>\n\t<meta property=\"og:image:height\" content=\"150\" \/>\n\t<meta property=\"og:image:type\" content=\"image\/gif\" \/>\n<meta name=\"author\" content=\"wtransnet\" \/>\n<meta name=\"twitter:card\" content=\"summary_large_image\" \/>\n<meta name=\"twitter:label1\" content=\"Escrito por\" \/>\n\t<meta name=\"twitter:data1\" content=\"wtransnet\" \/>\n\t<meta name=\"twitter:label2\" content=\"Tiempo de lectura\" \/>\n\t<meta name=\"twitter:data2\" content=\"1 minuto\" \/>\n<script type=\"application\/ld+json\" class=\"yoast-schema-graph\">{\"@context\":\"https:\/\/schema.org\",\"@graph\":[{\"@type\":\"Article\",\"@id\":\"https:\/\/blog.wtransnet.com\/fr\/wtransnet-la-bourse-internationale-de-fret-et-de-camions-au-sitl-de-paris\/#article\",\"isPartOf\":{\"@id\":\"https:\/\/blog.wtransnet.com\/fr\/wtransnet-la-bourse-internationale-de-fret-et-de-camions-au-sitl-de-paris\/\"},\"author\":{\"name\":\"wtransnet\",\"@id\":\"https:\/\/blog.wtransnet.com\/fr\/#\/schema\/person\/fceb9548f80ce7f179d676f87807077c\"},\"headline\":\"Wtransnet, la bourse internationale de fret et de camions au SITL de Paris\",\"datePublished\":\"2013-04-12T00:00:00+00:00\",\"dateModified\":\"2016-02-09T11:47:05+00:00\",\"mainEntityOfPage\":{\"@id\":\"https:\/\/blog.wtransnet.com\/fr\/wtransnet-la-bourse-internationale-de-fret-et-de-camions-au-sitl-de-paris\/\"},\"wordCount\":188,\"commentCount\":0,\"image\":{\"@id\":\"https:\/\/blog.wtransnet.com\/fr\/wtransnet-la-bourse-internationale-de-fret-et-de-camions-au-sitl-de-paris\/#primaryimage\"},\"thumbnailUrl\":\"https:\/\/blog.wtransnet.com\/fr\/wp-content\/uploads\/sites\/4\/1313\/04\/sitl-blog.gif\",\"articleSection\":[\"Actes et Ev\u00e8nements\",\"Blog\"],\"inLanguage\":\"es\",\"potentialAction\":[{\"@type\":\"CommentAction\",\"name\":\"Comment\",\"target\":[\"https:\/\/blog.wtransnet.com\/fr\/wtransnet-la-bourse-internationale-de-fret-et-de-camions-au-sitl-de-paris\/#respond\"]}]},{\"@type\":\"WebPage\",\"@id\":\"https:\/\/blog.wtransnet.com\/fr\/wtransnet-la-bourse-internationale-de-fret-et-de-camions-au-sitl-de-paris\/\",\"url\":\"https:\/\/blog.wtransnet.com\/fr\/wtransnet-la-bourse-internationale-de-fret-et-de-camions-au-sitl-de-paris\/\",\"name\":\"Wtransnet, la bourse internationale de fret et de camions au SITL de Paris - Blog Wtransnet France\",\"isPartOf\":{\"@id\":\"https:\/\/blog.wtransnet.com\/fr\/#website\"},\"primaryImageOfPage\":{\"@id\":\"https:\/\/blog.wtransnet.com\/fr\/wtransnet-la-bourse-internationale-de-fret-et-de-camions-au-sitl-de-paris\/#primaryimage\"},\"image\":{\"@id\":\"https:\/\/blog.wtransnet.com\/fr\/wtransnet-la-bourse-internationale-de-fret-et-de-camions-au-sitl-de-paris\/#primaryimage\"},\"thumbnailUrl\":\"https:\/\/blog.wtransnet.com\/fr\/wp-content\/uploads\/sites\/4\/1313\/04\/sitl-blog.gif\",\"datePublished\":\"2013-04-12T00:00:00+00:00\",\"dateModified\":\"2016-02-09T11:47:05+00:00\",\"author\":{\"@id\":\"https:\/\/blog.wtransnet.com\/fr\/#\/schema\/person\/fceb9548f80ce7f179d676f87807077c\"},\"breadcrumb\":{\"@id\":\"https:\/\/blog.wtransnet.com\/fr\/wtransnet-la-bourse-internationale-de-fret-et-de-camions-au-sitl-de-paris\/#breadcrumb\"},\"inLanguage\":\"es\",\"potentialAction\":[{\"@type\":\"ReadAction\",\"target\":[\"https:\/\/blog.wtransnet.com\/fr\/wtransnet-la-bourse-internationale-de-fret-et-de-camions-au-sitl-de-paris\/\"]}]},{\"@type\":\"ImageObject\",\"inLanguage\":\"es\",\"@id\":\"https:\/\/blog.wtransnet.com\/fr\/wtransnet-la-bourse-internationale-de-fret-et-de-camions-au-sitl-de-paris\/#primaryimage\",\"url\":\"https:\/\/blog.wtransnet.com\/fr\/wp-content\/uploads\/sites\/4\/1313\/04\/sitl-blog.gif\",\"contentUrl\":\"https:\/\/blog.wtransnet.com\/fr\/wp-content\/uploads\/sites\/4\/1313\/04\/sitl-blog.gif\",\"width\":150,\"height\":150},{\"@type\":\"BreadcrumbList\",\"@id\":\"https:\/\/blog.wtransnet.com\/fr\/wtransnet-la-bourse-internationale-de-fret-et-de-camions-au-sitl-de-paris\/#breadcrumb\",\"itemListElement\":[{\"@type\":\"ListItem\",\"position\":1,\"name\":\"Portada\",\"item\":\"https:\/\/blog.wtransnet.com\/fr\/\"},{\"@type\":\"ListItem\",\"position\":2,\"name\":\"Wtransnet, la bourse internationale de fret et de camions au SITL de Paris\"}]},{\"@type\":\"WebSite\",\"@id\":\"https:\/\/blog.wtransnet.com\/fr\/#website\",\"url\":\"https:\/\/blog.wtransnet.com\/fr\/\",\"name\":\"Blog Wtransnet France\",\"description\":\"Blog Wtransnet France: Actualit\u00e9s transport et logistique\",\"potentialAction\":[{\"@type\":\"SearchAction\",\"target\":{\"@type\":\"EntryPoint\",\"urlTemplate\":\"https:\/\/blog.wtransnet.com\/fr\/?s={search_term_string}\"},\"query-input\":{\"@type\":\"PropertyValueSpecification\",\"valueRequired\":true,\"valueName\":\"search_term_string\"}}],\"inLanguage\":\"es\"},{\"@type\":\"Person\",\"@id\":\"https:\/\/blog.wtransnet.com\/fr\/#\/schema\/person\/fceb9548f80ce7f179d676f87807077c\",\"name\":\"wtransnet\",\"image\":{\"@type\":\"ImageObject\",\"inLanguage\":\"es\",\"@id\":\"https:\/\/blog.wtransnet.com\/fr\/#\/schema\/person\/image\/\",\"url\":\"https:\/\/secure.gravatar.com\/avatar\/a05fe32dee93b4aac2b3ec7f2963147f4949dc5f60df7d491cc2199728053e0b?s=96&d=mm&r=g\",\"contentUrl\":\"https:\/\/secure.gravatar.com\/avatar\/a05fe32dee93b4aac2b3ec7f2963147f4949dc5f60df7d491cc2199728053e0b?s=96&d=mm&r=g\",\"caption\":\"wtransnet\"},\"url\":\"https:\/\/blog.wtransnet.com\/fr\/author\/wtransnet\/\"}]}<\/script>\n<!-- \/ Yoast SEO plugin. -->","yoast_head_json":{"title":"Wtransnet, la bourse internationale de fret et de camions au SITL de Paris - Blog Wtransnet France","robots":{"index":"index","follow":"follow","max-snippet":"max-snippet:-1","max-image-preview":"max-image-preview:large","max-video-preview":"max-video-preview:-1"},"canonical":"https:\/\/blog.wtransnet.com\/fr\/wtransnet-la-bourse-internationale-de-fret-et-de-camions-au-sitl-de-paris\/","og_locale":"es_ES","og_type":"article","og_title":"Wtransnet, la bourse internationale de fret et de camions au SITL de Paris - Blog Wtransnet France","og_description":"La derni\u00e8re \u00e9dition du SITL de Paris confirma l\u2019int\u00e9r\u00eat des entreprises du secteur europ\u00e9en pour la Bourse de Fret Wtransnet. L\u2019\u00e9quipe commerciale a re\u00e7u de nombreuses entreprises provenant principalement de France, des Pays-Bas, de Belgique, de Pologne et d\u2019Espagne. Le profil des entreprises int\u00e9ress\u00e9es par la Bourse de fret et de camions Wtransnet sont des &hellip;","og_url":"https:\/\/blog.wtransnet.com\/fr\/wtransnet-la-bourse-internationale-de-fret-et-de-camions-au-sitl-de-paris\/","og_site_name":"Blog Wtransnet France","article_published_time":"2013-04-12T00:00:00+00:00","article_modified_time":"2016-02-09T11:47:05+00:00","og_image":[{"width":150,"height":150,"url":"https:\/\/blog.wtransnet.com\/fr\/wp-content\/uploads\/sites\/4\/1313\/04\/sitl-blog.gif","type":"image\/gif"}],"author":"wtransnet","twitter_card":"summary_large_image","twitter_misc":{"Escrito por":"wtransnet","Tiempo de lectura":"1 minuto"},"schema":{"@context":"https:\/\/schema.org","@graph":[{"@type":"Article","@id":"https:\/\/blog.wtransnet.com\/fr\/wtransnet-la-bourse-internationale-de-fret-et-de-camions-au-sitl-de-paris\/#article","isPartOf":{"@id":"https:\/\/blog.wtransnet.com\/fr\/wtransnet-la-bourse-internationale-de-fret-et-de-camions-au-sitl-de-paris\/"},"author":{"name":"wtransnet","@id":"https:\/\/blog.wtransnet.com\/fr\/#\/schema\/person\/fceb9548f80ce7f179d676f87807077c"},"headline":"Wtransnet, la bourse internationale de fret et de camions au SITL de Paris","datePublished":"2013-04-12T00:00:00+00:00","dateModified":"2016-02-09T11:47:05+00:00","mainEntityOfPage":{"@id":"https:\/\/blog.wtransnet.com\/fr\/wtransnet-la-bourse-internationale-de-fret-et-de-camions-au-sitl-de-paris\/"},"wordCount":188,"commentCount":0,"image":{"@id":"https:\/\/blog.wtransnet.com\/fr\/wtransnet-la-bourse-internationale-de-fret-et-de-camions-au-sitl-de-paris\/#primaryimage"},"thumbnailUrl":"https:\/\/blog.wtransnet.com\/fr\/wp-content\/uploads\/sites\/4\/1313\/04\/sitl-blog.gif","articleSection":["Actes et Ev\u00e8nements","Blog"],"inLanguage":"es","potentialAction":[{"@type":"CommentAction","name":"Comment","target":["https:\/\/blog.wtransnet.com\/fr\/wtransnet-la-bourse-internationale-de-fret-et-de-camions-au-sitl-de-paris\/#respond"]}]},{"@type":"WebPage","@id":"https:\/\/blog.wtransnet.com\/fr\/wtransnet-la-bourse-internationale-de-fret-et-de-camions-au-sitl-de-paris\/","url":"https:\/\/blog.wtransnet.com\/fr\/wtransnet-la-bourse-internationale-de-fret-et-de-camions-au-sitl-de-paris\/","name":"Wtransnet, la bourse internationale de fret et de camions au SITL de Paris - Blog Wtransnet France","isPartOf":{"@id":"https:\/\/blog.wtransnet.com\/fr\/#website"},"primaryImageOfPage":{"@id":"https:\/\/blog.wtransnet.com\/fr\/wtransnet-la-bourse-internationale-de-fret-et-de-camions-au-sitl-de-paris\/#primaryimage"},"image":{"@id":"https:\/\/blog.wtransnet.com\/fr\/wtransnet-la-bourse-internationale-de-fret-et-de-camions-au-sitl-de-paris\/#primaryimage"},"thumbnailUrl":"https:\/\/blog.wtransnet.com\/fr\/wp-content\/uploads\/sites\/4\/1313\/04\/sitl-blog.gif","datePublished":"2013-04-12T00:00:00+00:00","dateModified":"2016-02-09T11:47:05+00:00","author":{"@id":"https:\/\/blog.wtransnet.com\/fr\/#\/schema\/person\/fceb9548f80ce7f179d676f87807077c"},"breadcrumb":{"@id":"https:\/\/blog.wtransnet.com\/fr\/wtransnet-la-bourse-internationale-de-fret-et-de-camions-au-sitl-de-paris\/#breadcrumb"},"inLanguage":"es","potentialAction":[{"@type":"ReadAction","target":["https:\/\/blog.wtransnet.com\/fr\/wtransnet-la-bourse-internationale-de-fret-et-de-camions-au-sitl-de-paris\/"]}]},{"@type":"ImageObject","inLanguage":"es","@id":"https:\/\/blog.wtransnet.com\/fr\/wtransnet-la-bourse-internationale-de-fret-et-de-camions-au-sitl-de-paris\/#primaryimage","url":"https:\/\/blog.wtransnet.com\/fr\/wp-content\/uploads\/sites\/4\/1313\/04\/sitl-blog.gif","contentUrl":"https:\/\/blog.wtransnet.com\/fr\/wp-content\/uploads\/sites\/4\/1313\/04\/sitl-blog.gif","width":150,"height":150},{"@type":"BreadcrumbList","@id":"https:\/\/blog.wtransnet.com\/fr\/wtransnet-la-bourse-internationale-de-fret-et-de-camions-au-sitl-de-paris\/#breadcrumb","itemListElement":[{"@type":"ListItem","position":1,"name":"Portada","item":"https:\/\/blog.wtransnet.com\/fr\/"},{"@type":"ListItem","position":2,"name":"Wtransnet, la bourse internationale de fret et de camions au SITL de Paris"}]},{"@type":"WebSite","@id":"https:\/\/blog.wtransnet.com\/fr\/#website","url":"https:\/\/blog.wtransnet.com\/fr\/","name":"Blog Wtransnet France","description":"Blog Wtransnet France: Actualit\u00e9s transport et logistique","potentialAction":[{"@type":"SearchAction","target":{"@type":"EntryPoint","urlTemplate":"https:\/\/blog.wtransnet.com\/fr\/?s={search_term_string}"},"query-input":{"@type":"PropertyValueSpecification","valueRequired":true,"valueName":"search_term_string"}}],"inLanguage":"es"},{"@type":"Person","@id":"https:\/\/blog.wtransnet.com\/fr\/#\/schema\/person\/fceb9548f80ce7f179d676f87807077c","name":"wtransnet","image":{"@type":"ImageObject","inLanguage":"es","@id":"https:\/\/blog.wtransnet.com\/fr\/#\/schema\/person\/image\/","url":"https:\/\/secure.gravatar.com\/avatar\/a05fe32dee93b4aac2b3ec7f2963147f4949dc5f60df7d491cc2199728053e0b?s=96&d=mm&r=g","contentUrl":"https:\/\/secure.gravatar.com\/avatar\/a05fe32dee93b4aac2b3ec7f2963147f4949dc5f60df7d491cc2199728053e0b?s=96&d=mm&r=g","caption":"wtransnet"},"url":"https:\/\/blog.wtransnet.com\/fr\/author\/wtransnet\/"}]}},"_links":{"self":[{"href":"https:\/\/blog.wtransnet.com\/fr\/wp-json\/wp\/v2\/posts\/53","targetHints":{"allow":["GET"]}}],"collection":[{"href":"https:\/\/blog.wtransnet.com\/fr\/wp-json\/wp\/v2\/posts"}],"about":[{"href":"https:\/\/blog.wtransnet.com\/fr\/wp-json\/wp\/v2\/types\/post"}],"author":[{"embeddable":true,"href":"https:\/\/blog.wtransnet.com\/fr\/wp-json\/wp\/v2\/users\/1"}],"replies":[{"embeddable":true,"href":"https:\/\/blog.wtransnet.com\/fr\/wp-json\/wp\/v2\/comments?post=53"}],"version-history":[{"count":0,"href":"https:\/\/blog.wtransnet.com\/fr\/wp-json\/wp\/v2\/posts\/53\/revisions"}],"wp:featuredmedia":[{"embeddable":true,"href":"https:\/\/blog.wtransnet.com\/fr\/wp-json\/wp\/v2\/media\/839"}],"wp:attachment":[{"href":"https:\/\/blog.wtransnet.com\/fr\/wp-json\/wp\/v2\/media?parent=53"}],"wp:term":[{"taxonomy":"category","embeddable":true,"href":"https:\/\/blog.wtransnet.com\/fr\/wp-json\/wp\/v2\/categories?post=53"},{"taxonomy":"post_tag","embeddable":true,"href":"https:\/\/blog.wtransnet.com\/fr\/wp-json\/wp\/v2\/tags?post=53"}],"curies":[{"name":"wp","href":"https:\/\/api.w.org\/{rel}","templated":true}]}}