{"id":64,"date":"2013-07-24T00:00:00","date_gmt":"2013-07-24T00:00:00","guid":{"rendered":"https:\/\/blog.wtransnet.com\/fr\/joignez-vous-a-la-rencontre-des-professionnels-du-transport-plus-importante-en-europe\/"},"modified":"2016-02-09T11:14:12","modified_gmt":"2016-02-09T11:14:12","slug":"joignez-vous-a-la-rencontre-des-professionnels-du-transport-plus-importante-en-europe","status":"publish","type":"post","link":"https:\/\/blog.wtransnet.com\/fr\/joignez-vous-a-la-rencontre-des-professionnels-du-transport-plus-importante-en-europe\/","title":{"rendered":"Joignez-vous \u00e0 la Rencontre des professionnels du transport plus importante en Europe"},"content":{"rendered":"<p class=\"rtejustify\">WConnecta est une rencontre internationale, qui a lieu annuellement, entre les professionnels du transport de marchandises par route ayant pour objectif d\u2019encourager les relations commerciales entre professionnels du secteur en Europe.<\/p>\n<p class=\"rtejustify\">\u00a0<a href=\"http:\/\/www.wconnecta.com\/fr\/inscrivez-vous.html\" target=\"_blank\">NE MANQUEZ PAS CET \u00c9V\u00c9NEMENT! CONFIMEZ VOTRE PR\u00c9SENCE.<\/a><\/p>\n<p class=\"rtejustify\">\u00a0Une grande opportunit\u00e9 de rencontrer, de conna\u00eetre et d\u2019\u00e9tablir des collaborations avec des entreprises europ\u00e9ennes dans un environnement de confiance.<\/p>\n<p class=\"rtejustify\">De plus, \u00e0 cette occasion, nous inaugurons la <strong>NETWORKING CARGO AREA:<\/strong><\/p>\n<p class=\"rtejustify\">Un espace o\u00f9 les entreprises de logistique et les affr\u00e9teurs, organis\u00e9s par pays, pourront se r\u00e9unir en priv\u00e9 avec des professionnels int\u00e9ress\u00e9s \u00e0 collaborer avec eux.<\/p>\n<p class=\"rtejustify\"><a href=\"https:\/\/blog.wtransnet.com\/fr\/wp-content\/uploads\/sites\/4\/1313\/07\/ver-empresas-inscritas-fr.jpg\"><img loading=\"lazy\" decoding=\"async\" class=\"aligncenter wp-image-880 size-full\" src=\"https:\/\/blog.wtransnet.com\/fr\/wp-content\/uploads\/sites\/4\/1313\/07\/ver-empresas-inscritas-fr.jpg\" alt=\"ver-empresas-inscritas-fr\" width=\"404\" height=\"404\" \/><\/a><\/p>\n<p class=\"rtejustify\">N\u2019attendez pas la derni\u00e8re minute\u00a0! Planifiez vos r\u00e9unions \u00e0 l\u2019avance.<\/p>\n<p class=\"rtejustify\">Si vous \u00eates un professionnel du transport et de la logistique proposant du fret, r\u00e9servez d\u00e8s maintenant\u00a0 votre espace au \u00a0NETWORKING CARGO AREA (PLACES LIMIT\u00c9ES).<\/p>\n<p class=\"rtejustify\">Vous souhaitez en savoir plus?D\u00e9couvrez les nouveaut\u00e9s de cette \u00e9dition sur <a href=\"http:\/\/www.wconnecta.com\/fr\/wconnecta-2013.html\" target=\"_blank\">www.wconnecta.com<\/a><\/p>\n<p class=\"rtejustify\">Ces entreprises se sont\u00a0 inscrites, et vous?\u00a0Inscrivez-vous et planifiez vos rencontres <a href=\"http:\/\/www.wconnecta.com\/fr\/inscrivez-vous.html\" target=\"_blank\">\u00a0<\/a><\/p>\n<p class=\"rtejustify\"><strong><a href=\"http:\/\/www.wconnecta.com\/fr\/entreprises-inscrites.html\" target=\"_blank\">VOIR LES ENTREPRISES INSCRITES<\/a><\/strong><\/p>\n","protected":false},"excerpt":{"rendered":"<p>WConnecta est une rencontre internationale, qui a lieu annuellement, entre les professionnels du transport de marchandises par route ayant pour objectif d\u2019encourager les relations commerciales entre professionnels du secteur en Europe. \u00a0NE MANQUEZ PAS CET \u00c9V\u00c9NEMENT! CONFIMEZ VOTRE PR\u00c9SENCE. \u00a0Une grande opportunit\u00e9 de rencontrer, de conna\u00eetre et d\u2019\u00e9tablir des collaborations avec des entreprises europ\u00e9ennes dans &hellip;<\/p>\n","protected":false},"author":4,"featured_media":879,"comment_status":"open","ping_status":"open","sticky":false,"template":"","format":"standard","meta":{"_monsterinsights_skip_tracking":false,"_monsterinsights_sitenote_active":false,"_monsterinsights_sitenote_note":"","_monsterinsights_sitenote_category":0,"footnotes":""},"categories":[5,166],"tags":[18,19],"class_list":["post-64","post","type-post","status-publish","format-standard","has-post-thumbnail","","category-actes-evenements","category-blog","tag-madrid-2013","tag-wconnecta"],"yoast_head":"<!-- This site is optimized with the Yoast SEO plugin v26.9 - https:\/\/yoast.com\/product\/yoast-seo-wordpress\/ -->\n<title>Joignez-vous \u00e0 la Rencontre des professionnels du transport plus importante en Europe - Blog Wtransnet France<\/title>\n<meta name=\"robots\" content=\"index, follow, max-snippet:-1, max-image-preview:large, max-video-preview:-1\" \/>\n<link rel=\"canonical\" href=\"https:\/\/blog.wtransnet.com\/fr\/joignez-vous-a-la-rencontre-des-professionnels-du-transport-plus-importante-en-europe\/\" \/>\n<meta property=\"og:locale\" content=\"es_ES\" \/>\n<meta property=\"og:type\" content=\"article\" \/>\n<meta property=\"og:title\" content=\"Joignez-vous \u00e0 la Rencontre des professionnels du transport plus importante en Europe - Blog Wtransnet France\" \/>\n<meta property=\"og:description\" content=\"WConnecta est une rencontre internationale, qui a lieu annuellement, entre les professionnels du transport de marchandises par route ayant pour objectif d\u2019encourager les relations commerciales entre professionnels du secteur en Europe. \u00a0NE MANQUEZ PAS CET \u00c9V\u00c9NEMENT! CONFIMEZ VOTRE PR\u00c9SENCE. \u00a0Une grande opportunit\u00e9 de rencontrer, de conna\u00eetre et d\u2019\u00e9tablir des collaborations avec des entreprises europ\u00e9ennes dans &hellip;\" \/>\n<meta property=\"og:url\" content=\"https:\/\/blog.wtransnet.com\/fr\/joignez-vous-a-la-rencontre-des-professionnels-du-transport-plus-importante-en-europe\/\" \/>\n<meta property=\"og:site_name\" content=\"Blog Wtransnet France\" \/>\n<meta property=\"article:published_time\" content=\"2013-07-24T00:00:00+00:00\" \/>\n<meta property=\"article:modified_time\" content=\"2016-02-09T11:14:12+00:00\" \/>\n<meta property=\"og:image\" content=\"https:\/\/blog.wtransnet.com\/fr\/wp-content\/uploads\/sites\/4\/1313\/07\/150x150.gif\" \/>\n\t<meta property=\"og:image:width\" content=\"150\" \/>\n\t<meta property=\"og:image:height\" content=\"150\" \/>\n\t<meta property=\"og:image:type\" content=\"image\/gif\" \/>\n<meta name=\"author\" content=\"mmartinez\" \/>\n<meta name=\"twitter:card\" content=\"summary_large_image\" \/>\n<meta name=\"twitter:label1\" content=\"Escrito por\" \/>\n\t<meta name=\"twitter:data1\" content=\"mmartinez\" \/>\n\t<meta name=\"twitter:label2\" content=\"Tiempo de lectura\" \/>\n\t<meta name=\"twitter:data2\" content=\"1 minuto\" \/>\n<script type=\"application\/ld+json\" class=\"yoast-schema-graph\">{\"@context\":\"https:\/\/schema.org\",\"@graph\":[{\"@type\":\"Article\",\"@id\":\"https:\/\/blog.wtransnet.com\/fr\/joignez-vous-a-la-rencontre-des-professionnels-du-transport-plus-importante-en-europe\/#article\",\"isPartOf\":{\"@id\":\"https:\/\/blog.wtransnet.com\/fr\/joignez-vous-a-la-rencontre-des-professionnels-du-transport-plus-importante-en-europe\/\"},\"author\":{\"name\":\"mmartinez\",\"@id\":\"https:\/\/blog.wtransnet.com\/fr\/#\/schema\/person\/e66aa0ccc50588ca76ad15a637499a7f\"},\"headline\":\"Joignez-vous \u00e0 la Rencontre des professionnels du transport plus importante en Europe\",\"datePublished\":\"2013-07-24T00:00:00+00:00\",\"dateModified\":\"2016-02-09T11:14:12+00:00\",\"mainEntityOfPage\":{\"@id\":\"https:\/\/blog.wtransnet.com\/fr\/joignez-vous-a-la-rencontre-des-professionnels-du-transport-plus-importante-en-europe\/\"},\"wordCount\":190,\"commentCount\":0,\"image\":{\"@id\":\"https:\/\/blog.wtransnet.com\/fr\/joignez-vous-a-la-rencontre-des-professionnels-du-transport-plus-importante-en-europe\/#primaryimage\"},\"thumbnailUrl\":\"https:\/\/blog.wtransnet.com\/fr\/wp-content\/uploads\/sites\/4\/1313\/07\/150x150.gif\",\"keywords\":[\"madrid 2013\",\"wconnecta\"],\"articleSection\":[\"Actes et Ev\u00e8nements\",\"Blog\"],\"inLanguage\":\"es\",\"potentialAction\":[{\"@type\":\"CommentAction\",\"name\":\"Comment\",\"target\":[\"https:\/\/blog.wtransnet.com\/fr\/joignez-vous-a-la-rencontre-des-professionnels-du-transport-plus-importante-en-europe\/#respond\"]}]},{\"@type\":\"WebPage\",\"@id\":\"https:\/\/blog.wtransnet.com\/fr\/joignez-vous-a-la-rencontre-des-professionnels-du-transport-plus-importante-en-europe\/\",\"url\":\"https:\/\/blog.wtransnet.com\/fr\/joignez-vous-a-la-rencontre-des-professionnels-du-transport-plus-importante-en-europe\/\",\"name\":\"Joignez-vous \u00e0 la Rencontre des professionnels du transport plus importante en Europe - Blog Wtransnet France\",\"isPartOf\":{\"@id\":\"https:\/\/blog.wtransnet.com\/fr\/#website\"},\"primaryImageOfPage\":{\"@id\":\"https:\/\/blog.wtransnet.com\/fr\/joignez-vous-a-la-rencontre-des-professionnels-du-transport-plus-importante-en-europe\/#primaryimage\"},\"image\":{\"@id\":\"https:\/\/blog.wtransnet.com\/fr\/joignez-vous-a-la-rencontre-des-professionnels-du-transport-plus-importante-en-europe\/#primaryimage\"},\"thumbnailUrl\":\"https:\/\/blog.wtransnet.com\/fr\/wp-content\/uploads\/sites\/4\/1313\/07\/150x150.gif\",\"datePublished\":\"2013-07-24T00:00:00+00:00\",\"dateModified\":\"2016-02-09T11:14:12+00:00\",\"author\":{\"@id\":\"https:\/\/blog.wtransnet.com\/fr\/#\/schema\/person\/e66aa0ccc50588ca76ad15a637499a7f\"},\"breadcrumb\":{\"@id\":\"https:\/\/blog.wtransnet.com\/fr\/joignez-vous-a-la-rencontre-des-professionnels-du-transport-plus-importante-en-europe\/#breadcrumb\"},\"inLanguage\":\"es\",\"potentialAction\":[{\"@type\":\"ReadAction\",\"target\":[\"https:\/\/blog.wtransnet.com\/fr\/joignez-vous-a-la-rencontre-des-professionnels-du-transport-plus-importante-en-europe\/\"]}]},{\"@type\":\"ImageObject\",\"inLanguage\":\"es\",\"@id\":\"https:\/\/blog.wtransnet.com\/fr\/joignez-vous-a-la-rencontre-des-professionnels-du-transport-plus-importante-en-europe\/#primaryimage\",\"url\":\"https:\/\/blog.wtransnet.com\/fr\/wp-content\/uploads\/sites\/4\/1313\/07\/150x150.gif\",\"contentUrl\":\"https:\/\/blog.wtransnet.com\/fr\/wp-content\/uploads\/sites\/4\/1313\/07\/150x150.gif\",\"width\":150,\"height\":150},{\"@type\":\"BreadcrumbList\",\"@id\":\"https:\/\/blog.wtransnet.com\/fr\/joignez-vous-a-la-rencontre-des-professionnels-du-transport-plus-importante-en-europe\/#breadcrumb\",\"itemListElement\":[{\"@type\":\"ListItem\",\"position\":1,\"name\":\"Portada\",\"item\":\"https:\/\/blog.wtransnet.com\/fr\/\"},{\"@type\":\"ListItem\",\"position\":2,\"name\":\"Joignez-vous \u00e0 la Rencontre des professionnels du transport plus importante en Europe\"}]},{\"@type\":\"WebSite\",\"@id\":\"https:\/\/blog.wtransnet.com\/fr\/#website\",\"url\":\"https:\/\/blog.wtransnet.com\/fr\/\",\"name\":\"Blog Wtransnet France\",\"description\":\"Blog Wtransnet France: Actualit\u00e9s transport et logistique\",\"potentialAction\":[{\"@type\":\"SearchAction\",\"target\":{\"@type\":\"EntryPoint\",\"urlTemplate\":\"https:\/\/blog.wtransnet.com\/fr\/?s={search_term_string}\"},\"query-input\":{\"@type\":\"PropertyValueSpecification\",\"valueRequired\":true,\"valueName\":\"search_term_string\"}}],\"inLanguage\":\"es\"},{\"@type\":\"Person\",\"@id\":\"https:\/\/blog.wtransnet.com\/fr\/#\/schema\/person\/e66aa0ccc50588ca76ad15a637499a7f\",\"name\":\"mmartinez\",\"image\":{\"@type\":\"ImageObject\",\"inLanguage\":\"es\",\"@id\":\"https:\/\/blog.wtransnet.com\/fr\/#\/schema\/person\/image\/\",\"url\":\"https:\/\/secure.gravatar.com\/avatar\/f488f1b093eaebb371dcb21f5269afb44162d6c259a3c2c71edbf7f37dda17ef?s=96&d=mm&r=g\",\"contentUrl\":\"https:\/\/secure.gravatar.com\/avatar\/f488f1b093eaebb371dcb21f5269afb44162d6c259a3c2c71edbf7f37dda17ef?s=96&d=mm&r=g\",\"caption\":\"mmartinez\"},\"url\":\"https:\/\/blog.wtransnet.com\/fr\/author\/mmartinez\/\"}]}<\/script>\n<!-- \/ Yoast SEO plugin. -->","yoast_head_json":{"title":"Joignez-vous \u00e0 la Rencontre des professionnels du transport plus importante en Europe - Blog Wtransnet France","robots":{"index":"index","follow":"follow","max-snippet":"max-snippet:-1","max-image-preview":"max-image-preview:large","max-video-preview":"max-video-preview:-1"},"canonical":"https:\/\/blog.wtransnet.com\/fr\/joignez-vous-a-la-rencontre-des-professionnels-du-transport-plus-importante-en-europe\/","og_locale":"es_ES","og_type":"article","og_title":"Joignez-vous \u00e0 la Rencontre des professionnels du transport plus importante en Europe - Blog Wtransnet France","og_description":"WConnecta est une rencontre internationale, qui a lieu annuellement, entre les professionnels du transport de marchandises par route ayant pour objectif d\u2019encourager les relations commerciales entre professionnels du secteur en Europe. \u00a0NE MANQUEZ PAS CET \u00c9V\u00c9NEMENT! CONFIMEZ VOTRE PR\u00c9SENCE. \u00a0Une grande opportunit\u00e9 de rencontrer, de conna\u00eetre et d\u2019\u00e9tablir des collaborations avec des entreprises europ\u00e9ennes dans &hellip;","og_url":"https:\/\/blog.wtransnet.com\/fr\/joignez-vous-a-la-rencontre-des-professionnels-du-transport-plus-importante-en-europe\/","og_site_name":"Blog Wtransnet France","article_published_time":"2013-07-24T00:00:00+00:00","article_modified_time":"2016-02-09T11:14:12+00:00","og_image":[{"width":150,"height":150,"url":"https:\/\/blog.wtransnet.com\/fr\/wp-content\/uploads\/sites\/4\/1313\/07\/150x150.gif","type":"image\/gif"}],"author":"mmartinez","twitter_card":"summary_large_image","twitter_misc":{"Escrito por":"mmartinez","Tiempo de lectura":"1 minuto"},"schema":{"@context":"https:\/\/schema.org","@graph":[{"@type":"Article","@id":"https:\/\/blog.wtransnet.com\/fr\/joignez-vous-a-la-rencontre-des-professionnels-du-transport-plus-importante-en-europe\/#article","isPartOf":{"@id":"https:\/\/blog.wtransnet.com\/fr\/joignez-vous-a-la-rencontre-des-professionnels-du-transport-plus-importante-en-europe\/"},"author":{"name":"mmartinez","@id":"https:\/\/blog.wtransnet.com\/fr\/#\/schema\/person\/e66aa0ccc50588ca76ad15a637499a7f"},"headline":"Joignez-vous \u00e0 la Rencontre des professionnels du transport plus importante en Europe","datePublished":"2013-07-24T00:00:00+00:00","dateModified":"2016-02-09T11:14:12+00:00","mainEntityOfPage":{"@id":"https:\/\/blog.wtransnet.com\/fr\/joignez-vous-a-la-rencontre-des-professionnels-du-transport-plus-importante-en-europe\/"},"wordCount":190,"commentCount":0,"image":{"@id":"https:\/\/blog.wtransnet.com\/fr\/joignez-vous-a-la-rencontre-des-professionnels-du-transport-plus-importante-en-europe\/#primaryimage"},"thumbnailUrl":"https:\/\/blog.wtransnet.com\/fr\/wp-content\/uploads\/sites\/4\/1313\/07\/150x150.gif","keywords":["madrid 2013","wconnecta"],"articleSection":["Actes et Ev\u00e8nements","Blog"],"inLanguage":"es","potentialAction":[{"@type":"CommentAction","name":"Comment","target":["https:\/\/blog.wtransnet.com\/fr\/joignez-vous-a-la-rencontre-des-professionnels-du-transport-plus-importante-en-europe\/#respond"]}]},{"@type":"WebPage","@id":"https:\/\/blog.wtransnet.com\/fr\/joignez-vous-a-la-rencontre-des-professionnels-du-transport-plus-importante-en-europe\/","url":"https:\/\/blog.wtransnet.com\/fr\/joignez-vous-a-la-rencontre-des-professionnels-du-transport-plus-importante-en-europe\/","name":"Joignez-vous \u00e0 la Rencontre des professionnels du transport plus importante en Europe - Blog Wtransnet France","isPartOf":{"@id":"https:\/\/blog.wtransnet.com\/fr\/#website"},"primaryImageOfPage":{"@id":"https:\/\/blog.wtransnet.com\/fr\/joignez-vous-a-la-rencontre-des-professionnels-du-transport-plus-importante-en-europe\/#primaryimage"},"image":{"@id":"https:\/\/blog.wtransnet.com\/fr\/joignez-vous-a-la-rencontre-des-professionnels-du-transport-plus-importante-en-europe\/#primaryimage"},"thumbnailUrl":"https:\/\/blog.wtransnet.com\/fr\/wp-content\/uploads\/sites\/4\/1313\/07\/150x150.gif","datePublished":"2013-07-24T00:00:00+00:00","dateModified":"2016-02-09T11:14:12+00:00","author":{"@id":"https:\/\/blog.wtransnet.com\/fr\/#\/schema\/person\/e66aa0ccc50588ca76ad15a637499a7f"},"breadcrumb":{"@id":"https:\/\/blog.wtransnet.com\/fr\/joignez-vous-a-la-rencontre-des-professionnels-du-transport-plus-importante-en-europe\/#breadcrumb"},"inLanguage":"es","potentialAction":[{"@type":"ReadAction","target":["https:\/\/blog.wtransnet.com\/fr\/joignez-vous-a-la-rencontre-des-professionnels-du-transport-plus-importante-en-europe\/"]}]},{"@type":"ImageObject","inLanguage":"es","@id":"https:\/\/blog.wtransnet.com\/fr\/joignez-vous-a-la-rencontre-des-professionnels-du-transport-plus-importante-en-europe\/#primaryimage","url":"https:\/\/blog.wtransnet.com\/fr\/wp-content\/uploads\/sites\/4\/1313\/07\/150x150.gif","contentUrl":"https:\/\/blog.wtransnet.com\/fr\/wp-content\/uploads\/sites\/4\/1313\/07\/150x150.gif","width":150,"height":150},{"@type":"BreadcrumbList","@id":"https:\/\/blog.wtransnet.com\/fr\/joignez-vous-a-la-rencontre-des-professionnels-du-transport-plus-importante-en-europe\/#breadcrumb","itemListElement":[{"@type":"ListItem","position":1,"name":"Portada","item":"https:\/\/blog.wtransnet.com\/fr\/"},{"@type":"ListItem","position":2,"name":"Joignez-vous \u00e0 la Rencontre des professionnels du transport plus importante en Europe"}]},{"@type":"WebSite","@id":"https:\/\/blog.wtransnet.com\/fr\/#website","url":"https:\/\/blog.wtransnet.com\/fr\/","name":"Blog Wtransnet France","description":"Blog Wtransnet France: Actualit\u00e9s transport et logistique","potentialAction":[{"@type":"SearchAction","target":{"@type":"EntryPoint","urlTemplate":"https:\/\/blog.wtransnet.com\/fr\/?s={search_term_string}"},"query-input":{"@type":"PropertyValueSpecification","valueRequired":true,"valueName":"search_term_string"}}],"inLanguage":"es"},{"@type":"Person","@id":"https:\/\/blog.wtransnet.com\/fr\/#\/schema\/person\/e66aa0ccc50588ca76ad15a637499a7f","name":"mmartinez","image":{"@type":"ImageObject","inLanguage":"es","@id":"https:\/\/blog.wtransnet.com\/fr\/#\/schema\/person\/image\/","url":"https:\/\/secure.gravatar.com\/avatar\/f488f1b093eaebb371dcb21f5269afb44162d6c259a3c2c71edbf7f37dda17ef?s=96&d=mm&r=g","contentUrl":"https:\/\/secure.gravatar.com\/avatar\/f488f1b093eaebb371dcb21f5269afb44162d6c259a3c2c71edbf7f37dda17ef?s=96&d=mm&r=g","caption":"mmartinez"},"url":"https:\/\/blog.wtransnet.com\/fr\/author\/mmartinez\/"}]}},"_links":{"self":[{"href":"https:\/\/blog.wtransnet.com\/fr\/wp-json\/wp\/v2\/posts\/64","targetHints":{"allow":["GET"]}}],"collection":[{"href":"https:\/\/blog.wtransnet.com\/fr\/wp-json\/wp\/v2\/posts"}],"about":[{"href":"https:\/\/blog.wtransnet.com\/fr\/wp-json\/wp\/v2\/types\/post"}],"author":[{"embeddable":true,"href":"https:\/\/blog.wtransnet.com\/fr\/wp-json\/wp\/v2\/users\/4"}],"replies":[{"embeddable":true,"href":"https:\/\/blog.wtransnet.com\/fr\/wp-json\/wp\/v2\/comments?post=64"}],"version-history":[{"count":0,"href":"https:\/\/blog.wtransnet.com\/fr\/wp-json\/wp\/v2\/posts\/64\/revisions"}],"wp:featuredmedia":[{"embeddable":true,"href":"https:\/\/blog.wtransnet.com\/fr\/wp-json\/wp\/v2\/media\/879"}],"wp:attachment":[{"href":"https:\/\/blog.wtransnet.com\/fr\/wp-json\/wp\/v2\/media?parent=64"}],"wp:term":[{"taxonomy":"category","embeddable":true,"href":"https:\/\/blog.wtransnet.com\/fr\/wp-json\/wp\/v2\/categories?post=64"},{"taxonomy":"post_tag","embeddable":true,"href":"https:\/\/blog.wtransnet.com\/fr\/wp-json\/wp\/v2\/tags?post=64"}],"curies":[{"name":"wp","href":"https:\/\/api.w.org\/{rel}","templated":true}]}}