{"id":70,"date":"2013-10-30T00:00:00","date_gmt":"2013-10-30T00:00:00","guid":{"rendered":"https:\/\/blog.wtransnet.com\/fr\/la-iveme-edition-du-wconnecta-voit-sa-participation-augmenter-de-33-et-se-consolide-comme-un-evenement-de-reference-dans-le-secteur\/"},"modified":"2016-02-09T11:11:15","modified_gmt":"2016-02-09T11:11:15","slug":"la-iveme-edition-du-wconnecta-voit-sa-participation-augmenter-de-33-et-se-consolide-comme-un-evenement-de-reference-dans-le-secteur","status":"publish","type":"post","link":"https:\/\/blog.wtransnet.com\/fr\/la-iveme-edition-du-wconnecta-voit-sa-participation-augmenter-de-33-et-se-consolide-comme-un-evenement-de-reference-dans-le-secteur\/","title":{"rendered":"La IV\u00e8me edition du WConnecta voit sa participation augmenter de 33% et se consolide comme un evenement de reference dans le secteur"},"content":{"rendered":"<p class=\"rtejustify\">Avec pr\u00e8s de 400 participants et 3.040 entretiens, la IV\u00e8me rencontre internationale des professionnels du transport, impuls\u00e9e par la Fondation Wtransnet, a \u00e9t\u00e9 couronn\u00e9e une nouvelle fois de succ\u00e8s.<\/p>\n<p class=\"rtejustify\">De nombreuses entreprises europ\u00e9ennes de transport et logistique venues de 10 pays distincts se sont r\u00e9unies le 18 octobre dernier \u00e0 Madrid pour se conna\u00eetre et \u00e9tablir les bases de futures relations commerciales gr\u00e2ce \u00e0 plusieurs sessions de <em>speed networking<\/em>, organis\u00e9es selon les types de ligne et de sp\u00e9cialit\u00e9.<\/p>\n<p class=\"rtejustify\">Grande nouveaut\u00e9 de cette \u00e9dition : la <strong><em>Networking Cargo Area,<\/em><\/strong> un espace o\u00f9 les entreprises de logistique et les affr\u00e9teurs se sont entretenus en priv\u00e9. Plus de 540 entretiens s\u2019y sont d\u00e9roul\u00e9s en une seule matin\u00e9e.<\/p>\n<p class=\"rtejustify\"><a href=\"https:\/\/blog.wtransnet.com\/fr\/wp-content\/uploads\/sites\/4\/1313\/10\/34.jpg\"><img loading=\"lazy\" decoding=\"async\" class=\"size-full wp-image-896 aligncenter\" src=\"https:\/\/blog.wtransnet.com\/fr\/wp-content\/uploads\/sites\/4\/1313\/10\/34.jpg\" alt=\"34\" width=\"650\" height=\"366\" \/><\/a><\/p>\n<p class=\"rtejustify\">Pour beaucoup d\u2019entreprises ce fut leur \u00a0\u201cpremier WConnecta\u00a0\u00bb tout comme pour certains pays, tel que la Belgique. D\u2019autres,\u00a0 fid\u00e8les depuis 2010 \u00e0 cette rencontre et satisfaites des r\u00e9sultats obtenus, s\u2019y sont pr\u00e9sent\u00e9es une nouvelle fois, \u00e0 la recherche de nouveaux contacts.<\/p>\n<p class=\"rtejustify\">Les participants appr\u00e9cient le fait d\u2019avoir pu obtenir en une seule matin\u00e9e des contacts de confiance, ce qui peut parfois prendre plusieurs mois de travail commercial.<\/p>\n<p class=\"rtejustify\"><em><strong>\u00a0Ce fut une bonne opportunit\u00e9 pour conna\u00eetre de nouveaux partenaires potentiel\u00a0et les r\u00e9sultats ont \u00e9t\u00e9 tr\u00e8s rapides<\/strong>, <\/em>soul\u00e8ve Carlos Aranibar, de Hellmann Worldwide Logistics GmbH &amp; Co. KG.<\/p>\n<p class=\"rtejustify\">Au del\u00e0 des relations strictement professionnelles, le WConnecta est une rencontre durant laquelle les entreprises se rapprochent. Ainsi, on a pu voir deux transporteurs se donner une franche accolade apr\u00e8s 25 ans de collaboration sans ne s\u2019\u00eatre jamais rencontr\u00e9s.<\/p>\n<p class=\"rtejustify\">L&#8217;\u00e9v\u00e9nement s&#8217;est termin\u00e9 par la remise de prix aux entreprises qui ont collabor\u00e9 au projet de Transport Solidaire, organis\u00e9 par la F\u00e9d\u00e9ration Espagnole des Banques Alimentaires (FESBAL) et la Fondation Wtransnet. Les entreprises internationales de Wtransnet pionni\u00e8res dans leurs pays respectifs ont \u00e9t\u00e9 \u00e9galement reconnues.<\/p>\n<p class=\"rtejustify\">A souligner \u00e9galement, le soutien des sponsors, associations et autres entit\u00e9s li\u00e9es au transport sans qui le WConnecta ne serait pas possible.<\/p>\n<p class=\"rtejustify\">Le succ\u00e8s de cette rencontre positionne le WConnecta comme un rendez-vous incontournable dans le secteur et place la barre tr\u00e8s haute pour la 5<sup>\u00e8me<\/sup> rencontre qui aura lieu en automne prochain \u00e0 Barcelone.<\/p>\n","protected":false},"excerpt":{"rendered":"<p>Avec pr\u00e8s de 400 participants et 3.040 entretiens, la IV\u00e8me rencontre internationale des professionnels du transport, impuls\u00e9e par la Fondation Wtransnet, a \u00e9t\u00e9 couronn\u00e9e une nouvelle fois de succ\u00e8s. De nombreuses entreprises europ\u00e9ennes de transport et logistique venues de 10 pays distincts se sont r\u00e9unies le 18 octobre dernier \u00e0 Madrid pour se conna\u00eetre et &hellip;<\/p>\n","protected":false},"author":2,"featured_media":895,"comment_status":"open","ping_status":"open","sticky":false,"template":"","format":"standard","meta":{"_monsterinsights_skip_tracking":false,"_monsterinsights_sitenote_active":false,"_monsterinsights_sitenote_note":"","_monsterinsights_sitenote_category":0,"footnotes":""},"categories":[5,166],"tags":[28,19,10],"class_list":["post-70","post","type-post","status-publish","format-standard","has-post-thumbnail","","category-actes-evenements","category-blog","tag-madrid-connecta","tag-wconnecta","tag-wtransnet"],"yoast_head":"<!-- This site is optimized with the Yoast SEO plugin v26.9 - https:\/\/yoast.com\/product\/yoast-seo-wordpress\/ -->\n<title>La IV\u00e8me edition du WConnecta voit sa participation augmenter de 33% et se consolide comme un evenement de reference dans le secteur - Blog Wtransnet France<\/title>\n<meta name=\"robots\" content=\"index, follow, max-snippet:-1, max-image-preview:large, max-video-preview:-1\" \/>\n<link rel=\"canonical\" href=\"https:\/\/blog.wtransnet.com\/fr\/la-iveme-edition-du-wconnecta-voit-sa-participation-augmenter-de-33-et-se-consolide-comme-un-evenement-de-reference-dans-le-secteur\/\" \/>\n<meta property=\"og:locale\" content=\"es_ES\" \/>\n<meta property=\"og:type\" content=\"article\" \/>\n<meta property=\"og:title\" content=\"La IV\u00e8me edition du WConnecta voit sa participation augmenter de 33% et se consolide comme un evenement de reference dans le secteur - Blog Wtransnet France\" \/>\n<meta property=\"og:description\" content=\"Avec pr\u00e8s de 400 participants et 3.040 entretiens, la IV\u00e8me rencontre internationale des professionnels du transport, impuls\u00e9e par la Fondation Wtransnet, a \u00e9t\u00e9 couronn\u00e9e une nouvelle fois de succ\u00e8s. De nombreuses entreprises europ\u00e9ennes de transport et logistique venues de 10 pays distincts se sont r\u00e9unies le 18 octobre dernier \u00e0 Madrid pour se conna\u00eetre et &hellip;\" \/>\n<meta property=\"og:url\" content=\"https:\/\/blog.wtransnet.com\/fr\/la-iveme-edition-du-wconnecta-voit-sa-participation-augmenter-de-33-et-se-consolide-comme-un-evenement-de-reference-dans-le-secteur\/\" \/>\n<meta property=\"og:site_name\" content=\"Blog Wtransnet France\" \/>\n<meta property=\"article:published_time\" content=\"2013-10-30T00:00:00+00:00\" \/>\n<meta property=\"article:modified_time\" content=\"2016-02-09T11:11:15+00:00\" \/>\n<meta property=\"og:image\" content=\"https:\/\/blog.wtransnet.com\/fr\/wp-content\/uploads\/sites\/4\/1313\/10\/150x150postwconnecta.jpg\" \/>\n\t<meta property=\"og:image:width\" content=\"150\" \/>\n\t<meta property=\"og:image:height\" content=\"150\" \/>\n\t<meta property=\"og:image:type\" content=\"image\/jpeg\" \/>\n<meta name=\"author\" content=\"Edgar Compte Reollo\" \/>\n<meta name=\"twitter:card\" content=\"summary_large_image\" \/>\n<meta name=\"twitter:label1\" content=\"Escrito por\" \/>\n\t<meta name=\"twitter:data1\" content=\"Edgar Compte Reollo\" \/>\n\t<meta name=\"twitter:label2\" content=\"Tiempo de lectura\" \/>\n\t<meta name=\"twitter:data2\" content=\"2 minutos\" \/>\n<script type=\"application\/ld+json\" class=\"yoast-schema-graph\">{\"@context\":\"https:\/\/schema.org\",\"@graph\":[{\"@type\":\"Article\",\"@id\":\"https:\/\/blog.wtransnet.com\/fr\/la-iveme-edition-du-wconnecta-voit-sa-participation-augmenter-de-33-et-se-consolide-comme-un-evenement-de-reference-dans-le-secteur\/#article\",\"isPartOf\":{\"@id\":\"https:\/\/blog.wtransnet.com\/fr\/la-iveme-edition-du-wconnecta-voit-sa-participation-augmenter-de-33-et-se-consolide-comme-un-evenement-de-reference-dans-le-secteur\/\"},\"author\":{\"name\":\"Edgar Compte Reollo\",\"@id\":\"https:\/\/blog.wtransnet.com\/fr\/#\/schema\/person\/72e72ba89ffa96d0d5f7e50a6af29d29\"},\"headline\":\"La IV\u00e8me edition du WConnecta voit sa participation augmenter de 33% et se consolide comme un evenement de reference dans le secteur\",\"datePublished\":\"2013-10-30T00:00:00+00:00\",\"dateModified\":\"2016-02-09T11:11:15+00:00\",\"mainEntityOfPage\":{\"@id\":\"https:\/\/blog.wtransnet.com\/fr\/la-iveme-edition-du-wconnecta-voit-sa-participation-augmenter-de-33-et-se-consolide-comme-un-evenement-de-reference-dans-le-secteur\/\"},\"wordCount\":401,\"commentCount\":0,\"image\":{\"@id\":\"https:\/\/blog.wtransnet.com\/fr\/la-iveme-edition-du-wconnecta-voit-sa-participation-augmenter-de-33-et-se-consolide-comme-un-evenement-de-reference-dans-le-secteur\/#primaryimage\"},\"thumbnailUrl\":\"https:\/\/blog.wtransnet.com\/fr\/wp-content\/uploads\/sites\/4\/1313\/10\/150x150postwconnecta.jpg\",\"keywords\":[\"madrid connecta\",\"wconnecta\",\"wtransnet\"],\"articleSection\":[\"Actes et Ev\u00e8nements\",\"Blog\"],\"inLanguage\":\"es\",\"potentialAction\":[{\"@type\":\"CommentAction\",\"name\":\"Comment\",\"target\":[\"https:\/\/blog.wtransnet.com\/fr\/la-iveme-edition-du-wconnecta-voit-sa-participation-augmenter-de-33-et-se-consolide-comme-un-evenement-de-reference-dans-le-secteur\/#respond\"]}]},{\"@type\":\"WebPage\",\"@id\":\"https:\/\/blog.wtransnet.com\/fr\/la-iveme-edition-du-wconnecta-voit-sa-participation-augmenter-de-33-et-se-consolide-comme-un-evenement-de-reference-dans-le-secteur\/\",\"url\":\"https:\/\/blog.wtransnet.com\/fr\/la-iveme-edition-du-wconnecta-voit-sa-participation-augmenter-de-33-et-se-consolide-comme-un-evenement-de-reference-dans-le-secteur\/\",\"name\":\"La IV\u00e8me edition du WConnecta voit sa participation augmenter de 33% et se consolide comme un evenement de reference dans le secteur - Blog Wtransnet France\",\"isPartOf\":{\"@id\":\"https:\/\/blog.wtransnet.com\/fr\/#website\"},\"primaryImageOfPage\":{\"@id\":\"https:\/\/blog.wtransnet.com\/fr\/la-iveme-edition-du-wconnecta-voit-sa-participation-augmenter-de-33-et-se-consolide-comme-un-evenement-de-reference-dans-le-secteur\/#primaryimage\"},\"image\":{\"@id\":\"https:\/\/blog.wtransnet.com\/fr\/la-iveme-edition-du-wconnecta-voit-sa-participation-augmenter-de-33-et-se-consolide-comme-un-evenement-de-reference-dans-le-secteur\/#primaryimage\"},\"thumbnailUrl\":\"https:\/\/blog.wtransnet.com\/fr\/wp-content\/uploads\/sites\/4\/1313\/10\/150x150postwconnecta.jpg\",\"datePublished\":\"2013-10-30T00:00:00+00:00\",\"dateModified\":\"2016-02-09T11:11:15+00:00\",\"author\":{\"@id\":\"https:\/\/blog.wtransnet.com\/fr\/#\/schema\/person\/72e72ba89ffa96d0d5f7e50a6af29d29\"},\"breadcrumb\":{\"@id\":\"https:\/\/blog.wtransnet.com\/fr\/la-iveme-edition-du-wconnecta-voit-sa-participation-augmenter-de-33-et-se-consolide-comme-un-evenement-de-reference-dans-le-secteur\/#breadcrumb\"},\"inLanguage\":\"es\",\"potentialAction\":[{\"@type\":\"ReadAction\",\"target\":[\"https:\/\/blog.wtransnet.com\/fr\/la-iveme-edition-du-wconnecta-voit-sa-participation-augmenter-de-33-et-se-consolide-comme-un-evenement-de-reference-dans-le-secteur\/\"]}]},{\"@type\":\"ImageObject\",\"inLanguage\":\"es\",\"@id\":\"https:\/\/blog.wtransnet.com\/fr\/la-iveme-edition-du-wconnecta-voit-sa-participation-augmenter-de-33-et-se-consolide-comme-un-evenement-de-reference-dans-le-secteur\/#primaryimage\",\"url\":\"https:\/\/blog.wtransnet.com\/fr\/wp-content\/uploads\/sites\/4\/1313\/10\/150x150postwconnecta.jpg\",\"contentUrl\":\"https:\/\/blog.wtransnet.com\/fr\/wp-content\/uploads\/sites\/4\/1313\/10\/150x150postwconnecta.jpg\",\"width\":150,\"height\":150},{\"@type\":\"BreadcrumbList\",\"@id\":\"https:\/\/blog.wtransnet.com\/fr\/la-iveme-edition-du-wconnecta-voit-sa-participation-augmenter-de-33-et-se-consolide-comme-un-evenement-de-reference-dans-le-secteur\/#breadcrumb\",\"itemListElement\":[{\"@type\":\"ListItem\",\"position\":1,\"name\":\"Portada\",\"item\":\"https:\/\/blog.wtransnet.com\/fr\/\"},{\"@type\":\"ListItem\",\"position\":2,\"name\":\"La IV\u00e8me edition du WConnecta voit sa participation augmenter de 33% et se consolide comme un evenement de reference dans le secteur\"}]},{\"@type\":\"WebSite\",\"@id\":\"https:\/\/blog.wtransnet.com\/fr\/#website\",\"url\":\"https:\/\/blog.wtransnet.com\/fr\/\",\"name\":\"Blog Wtransnet France\",\"description\":\"Blog Wtransnet France: Actualit\u00e9s transport et logistique\",\"potentialAction\":[{\"@type\":\"SearchAction\",\"target\":{\"@type\":\"EntryPoint\",\"urlTemplate\":\"https:\/\/blog.wtransnet.com\/fr\/?s={search_term_string}\"},\"query-input\":{\"@type\":\"PropertyValueSpecification\",\"valueRequired\":true,\"valueName\":\"search_term_string\"}}],\"inLanguage\":\"es\"},{\"@type\":\"Person\",\"@id\":\"https:\/\/blog.wtransnet.com\/fr\/#\/schema\/person\/72e72ba89ffa96d0d5f7e50a6af29d29\",\"name\":\"Edgar Compte Reollo\",\"image\":{\"@type\":\"ImageObject\",\"inLanguage\":\"es\",\"@id\":\"https:\/\/blog.wtransnet.com\/fr\/#\/schema\/person\/image\/\",\"url\":\"https:\/\/secure.gravatar.com\/avatar\/cdef3ab443cd703d80f8618c041e62e3338cd7adb52bb56655047a411be15900?s=96&d=mm&r=g\",\"contentUrl\":\"https:\/\/secure.gravatar.com\/avatar\/cdef3ab443cd703d80f8618c041e62e3338cd7adb52bb56655047a411be15900?s=96&d=mm&r=g\",\"caption\":\"Edgar Compte Reollo\"},\"url\":\"https:\/\/blog.wtransnet.com\/fr\/author\/ecompte\/\"}]}<\/script>\n<!-- \/ Yoast SEO plugin. -->","yoast_head_json":{"title":"La IV\u00e8me edition du WConnecta voit sa participation augmenter de 33% et se consolide comme un evenement de reference dans le secteur - Blog Wtransnet France","robots":{"index":"index","follow":"follow","max-snippet":"max-snippet:-1","max-image-preview":"max-image-preview:large","max-video-preview":"max-video-preview:-1"},"canonical":"https:\/\/blog.wtransnet.com\/fr\/la-iveme-edition-du-wconnecta-voit-sa-participation-augmenter-de-33-et-se-consolide-comme-un-evenement-de-reference-dans-le-secteur\/","og_locale":"es_ES","og_type":"article","og_title":"La IV\u00e8me edition du WConnecta voit sa participation augmenter de 33% et se consolide comme un evenement de reference dans le secteur - Blog Wtransnet France","og_description":"Avec pr\u00e8s de 400 participants et 3.040 entretiens, la IV\u00e8me rencontre internationale des professionnels du transport, impuls\u00e9e par la Fondation Wtransnet, a \u00e9t\u00e9 couronn\u00e9e une nouvelle fois de succ\u00e8s. De nombreuses entreprises europ\u00e9ennes de transport et logistique venues de 10 pays distincts se sont r\u00e9unies le 18 octobre dernier \u00e0 Madrid pour se conna\u00eetre et &hellip;","og_url":"https:\/\/blog.wtransnet.com\/fr\/la-iveme-edition-du-wconnecta-voit-sa-participation-augmenter-de-33-et-se-consolide-comme-un-evenement-de-reference-dans-le-secteur\/","og_site_name":"Blog Wtransnet France","article_published_time":"2013-10-30T00:00:00+00:00","article_modified_time":"2016-02-09T11:11:15+00:00","og_image":[{"width":150,"height":150,"url":"https:\/\/blog.wtransnet.com\/fr\/wp-content\/uploads\/sites\/4\/1313\/10\/150x150postwconnecta.jpg","type":"image\/jpeg"}],"author":"Edgar Compte Reollo","twitter_card":"summary_large_image","twitter_misc":{"Escrito por":"Edgar Compte Reollo","Tiempo de lectura":"2 minutos"},"schema":{"@context":"https:\/\/schema.org","@graph":[{"@type":"Article","@id":"https:\/\/blog.wtransnet.com\/fr\/la-iveme-edition-du-wconnecta-voit-sa-participation-augmenter-de-33-et-se-consolide-comme-un-evenement-de-reference-dans-le-secteur\/#article","isPartOf":{"@id":"https:\/\/blog.wtransnet.com\/fr\/la-iveme-edition-du-wconnecta-voit-sa-participation-augmenter-de-33-et-se-consolide-comme-un-evenement-de-reference-dans-le-secteur\/"},"author":{"name":"Edgar Compte Reollo","@id":"https:\/\/blog.wtransnet.com\/fr\/#\/schema\/person\/72e72ba89ffa96d0d5f7e50a6af29d29"},"headline":"La IV\u00e8me edition du WConnecta voit sa participation augmenter de 33% et se consolide comme un evenement de reference dans le secteur","datePublished":"2013-10-30T00:00:00+00:00","dateModified":"2016-02-09T11:11:15+00:00","mainEntityOfPage":{"@id":"https:\/\/blog.wtransnet.com\/fr\/la-iveme-edition-du-wconnecta-voit-sa-participation-augmenter-de-33-et-se-consolide-comme-un-evenement-de-reference-dans-le-secteur\/"},"wordCount":401,"commentCount":0,"image":{"@id":"https:\/\/blog.wtransnet.com\/fr\/la-iveme-edition-du-wconnecta-voit-sa-participation-augmenter-de-33-et-se-consolide-comme-un-evenement-de-reference-dans-le-secteur\/#primaryimage"},"thumbnailUrl":"https:\/\/blog.wtransnet.com\/fr\/wp-content\/uploads\/sites\/4\/1313\/10\/150x150postwconnecta.jpg","keywords":["madrid connecta","wconnecta","wtransnet"],"articleSection":["Actes et Ev\u00e8nements","Blog"],"inLanguage":"es","potentialAction":[{"@type":"CommentAction","name":"Comment","target":["https:\/\/blog.wtransnet.com\/fr\/la-iveme-edition-du-wconnecta-voit-sa-participation-augmenter-de-33-et-se-consolide-comme-un-evenement-de-reference-dans-le-secteur\/#respond"]}]},{"@type":"WebPage","@id":"https:\/\/blog.wtransnet.com\/fr\/la-iveme-edition-du-wconnecta-voit-sa-participation-augmenter-de-33-et-se-consolide-comme-un-evenement-de-reference-dans-le-secteur\/","url":"https:\/\/blog.wtransnet.com\/fr\/la-iveme-edition-du-wconnecta-voit-sa-participation-augmenter-de-33-et-se-consolide-comme-un-evenement-de-reference-dans-le-secteur\/","name":"La IV\u00e8me edition du WConnecta voit sa participation augmenter de 33% et se consolide comme un evenement de reference dans le secteur - Blog Wtransnet France","isPartOf":{"@id":"https:\/\/blog.wtransnet.com\/fr\/#website"},"primaryImageOfPage":{"@id":"https:\/\/blog.wtransnet.com\/fr\/la-iveme-edition-du-wconnecta-voit-sa-participation-augmenter-de-33-et-se-consolide-comme-un-evenement-de-reference-dans-le-secteur\/#primaryimage"},"image":{"@id":"https:\/\/blog.wtransnet.com\/fr\/la-iveme-edition-du-wconnecta-voit-sa-participation-augmenter-de-33-et-se-consolide-comme-un-evenement-de-reference-dans-le-secteur\/#primaryimage"},"thumbnailUrl":"https:\/\/blog.wtransnet.com\/fr\/wp-content\/uploads\/sites\/4\/1313\/10\/150x150postwconnecta.jpg","datePublished":"2013-10-30T00:00:00+00:00","dateModified":"2016-02-09T11:11:15+00:00","author":{"@id":"https:\/\/blog.wtransnet.com\/fr\/#\/schema\/person\/72e72ba89ffa96d0d5f7e50a6af29d29"},"breadcrumb":{"@id":"https:\/\/blog.wtransnet.com\/fr\/la-iveme-edition-du-wconnecta-voit-sa-participation-augmenter-de-33-et-se-consolide-comme-un-evenement-de-reference-dans-le-secteur\/#breadcrumb"},"inLanguage":"es","potentialAction":[{"@type":"ReadAction","target":["https:\/\/blog.wtransnet.com\/fr\/la-iveme-edition-du-wconnecta-voit-sa-participation-augmenter-de-33-et-se-consolide-comme-un-evenement-de-reference-dans-le-secteur\/"]}]},{"@type":"ImageObject","inLanguage":"es","@id":"https:\/\/blog.wtransnet.com\/fr\/la-iveme-edition-du-wconnecta-voit-sa-participation-augmenter-de-33-et-se-consolide-comme-un-evenement-de-reference-dans-le-secteur\/#primaryimage","url":"https:\/\/blog.wtransnet.com\/fr\/wp-content\/uploads\/sites\/4\/1313\/10\/150x150postwconnecta.jpg","contentUrl":"https:\/\/blog.wtransnet.com\/fr\/wp-content\/uploads\/sites\/4\/1313\/10\/150x150postwconnecta.jpg","width":150,"height":150},{"@type":"BreadcrumbList","@id":"https:\/\/blog.wtransnet.com\/fr\/la-iveme-edition-du-wconnecta-voit-sa-participation-augmenter-de-33-et-se-consolide-comme-un-evenement-de-reference-dans-le-secteur\/#breadcrumb","itemListElement":[{"@type":"ListItem","position":1,"name":"Portada","item":"https:\/\/blog.wtransnet.com\/fr\/"},{"@type":"ListItem","position":2,"name":"La IV\u00e8me edition du WConnecta voit sa participation augmenter de 33% et se consolide comme un evenement de reference dans le secteur"}]},{"@type":"WebSite","@id":"https:\/\/blog.wtransnet.com\/fr\/#website","url":"https:\/\/blog.wtransnet.com\/fr\/","name":"Blog Wtransnet France","description":"Blog Wtransnet France: Actualit\u00e9s transport et logistique","potentialAction":[{"@type":"SearchAction","target":{"@type":"EntryPoint","urlTemplate":"https:\/\/blog.wtransnet.com\/fr\/?s={search_term_string}"},"query-input":{"@type":"PropertyValueSpecification","valueRequired":true,"valueName":"search_term_string"}}],"inLanguage":"es"},{"@type":"Person","@id":"https:\/\/blog.wtransnet.com\/fr\/#\/schema\/person\/72e72ba89ffa96d0d5f7e50a6af29d29","name":"Edgar Compte Reollo","image":{"@type":"ImageObject","inLanguage":"es","@id":"https:\/\/blog.wtransnet.com\/fr\/#\/schema\/person\/image\/","url":"https:\/\/secure.gravatar.com\/avatar\/cdef3ab443cd703d80f8618c041e62e3338cd7adb52bb56655047a411be15900?s=96&d=mm&r=g","contentUrl":"https:\/\/secure.gravatar.com\/avatar\/cdef3ab443cd703d80f8618c041e62e3338cd7adb52bb56655047a411be15900?s=96&d=mm&r=g","caption":"Edgar Compte Reollo"},"url":"https:\/\/blog.wtransnet.com\/fr\/author\/ecompte\/"}]}},"_links":{"self":[{"href":"https:\/\/blog.wtransnet.com\/fr\/wp-json\/wp\/v2\/posts\/70","targetHints":{"allow":["GET"]}}],"collection":[{"href":"https:\/\/blog.wtransnet.com\/fr\/wp-json\/wp\/v2\/posts"}],"about":[{"href":"https:\/\/blog.wtransnet.com\/fr\/wp-json\/wp\/v2\/types\/post"}],"author":[{"embeddable":true,"href":"https:\/\/blog.wtransnet.com\/fr\/wp-json\/wp\/v2\/users\/2"}],"replies":[{"embeddable":true,"href":"https:\/\/blog.wtransnet.com\/fr\/wp-json\/wp\/v2\/comments?post=70"}],"version-history":[{"count":0,"href":"https:\/\/blog.wtransnet.com\/fr\/wp-json\/wp\/v2\/posts\/70\/revisions"}],"wp:featuredmedia":[{"embeddable":true,"href":"https:\/\/blog.wtransnet.com\/fr\/wp-json\/wp\/v2\/media\/895"}],"wp:attachment":[{"href":"https:\/\/blog.wtransnet.com\/fr\/wp-json\/wp\/v2\/media?parent=70"}],"wp:term":[{"taxonomy":"category","embeddable":true,"href":"https:\/\/blog.wtransnet.com\/fr\/wp-json\/wp\/v2\/categories?post=70"},{"taxonomy":"post_tag","embeddable":true,"href":"https:\/\/blog.wtransnet.com\/fr\/wp-json\/wp\/v2\/tags?post=70"}],"curies":[{"name":"wp","href":"https:\/\/api.w.org\/{rel}","templated":true}]}}