{"id":93,"date":"1414-09-09T00:00:00","date_gmt":"1414-09-09T00:00:00","guid":{"rendered":"https:\/\/blog.wtransnet.com\/fr\/la-qualification-des-transporteurs-sous-traites-est-un-element-cle-pour-la-competitivite-des-grands-groupes-logistiques\/"},"modified":"2016-02-09T12:18:15","modified_gmt":"2016-02-09T12:18:15","slug":"la-qualification-des-transporteurs-sous-traites-est-un-element-cle-pour-la-competitivite-des-grands-groupes-logistiques","status":"publish","type":"post","link":"https:\/\/blog.wtransnet.com\/fr\/la-qualification-des-transporteurs-sous-traites-est-un-element-cle-pour-la-competitivite-des-grands-groupes-logistiques\/","title":{"rendered":"La qualification des transporteurs sous-trait\u00e9s est un \u00e9l\u00e9ment cl\u00e9 pour la comp\u00e9titivit\u00e9 des grands groupes logistiques"},"content":{"rendered":"<p class=\"rtejustify\">Au mois de mars dernier s\u2019est d\u00e9roul\u00e9e la conf\u00e9rence <a href=\"https:\/\/blog.wtransnet.com\/fr\/wtransnet-blog\/wtransnet-participe-la-conference-de-ferrmed\">\u00ab\u00a0<em>Le transport multimodal efficace en Europe selon les standards FERRMED\u00a0<\/em>\u00bb<\/a> au parlement Europ\u00e9en de \u00a0Bruxelles<\/p>\n<p class=\"rtejustify\">Cette conf\u00e9rence a mis en avant les directives \u00e0 suivre pour <strong>le futur du transport en Europe: <\/strong>parachever un march\u00e9 unique europ\u00e9en qui regroupe les diff\u00e9rentes modalit\u00e9s de transport, promouvoir\u00a0 la d\u00e9ontologie du secteur et\u00a0 une meilleure d\u00e9f\u00e9rence\u00a0 des sous-traitances.<\/p>\n<p class=\"rtejustify\">En\u00a0r\u00e9f\u00e9rence\u00a0\u00e0\u00a0ce dernier point, Wtransnet coop\u00e8re depuis juillet 2011\u00a0avec\u00a0de grands\u00a0groupes logistiques europ\u00e9ens\u00a0qui,\u00a0poursuivant le m\u00eame objectif,\u00a0ont confi\u00e9 \u00e0 une entreprise externe la qualification de leur base de donn\u00e9es de <strong>transporteurs sous-trait\u00e9s.<\/strong><\/p>\n<p class=\"rtejustify\"><a href=\"https:\/\/blog.wtransnet.com\/fr\/wp-content\/uploads\/sites\/4\/1414\/09\/homologacion-de-transportistas-wtransnet.jpg\"><img loading=\"lazy\" decoding=\"async\" class=\"size-full wp-image-996 aligncenter\" src=\"https:\/\/blog.wtransnet.com\/fr\/wp-content\/uploads\/sites\/4\/1414\/09\/homologacion-de-transportistas-wtransnet.jpg\" alt=\"homologacion-de-transportistas-wtransnet\" width=\"433\" height=\"300\" \/><\/a><\/p>\n<p class=\"rtejustify\">Le d\u00e9partement \u00a0de <strong>qualification de transporteurs <\/strong>de Wtransnet, compos\u00e9 d\u2019un personnel sp\u00e9cialis\u00e9 et multi-langues, se charge de la gestion des bases de donn\u00e9es de transporteurs europ\u00e9ens, il actualise l\u2019information sur le parc de v\u00e9hicules, les lignes effectu\u00e9es, leurs activit\u00e9s, etc.,\u00a0et recueille\u00a0 \u00e9galement la documentation l\u00e9gale obligatoire dans chaque pays pour r\u00e9pondre aux nouvelles <strong>exigences de qualit\u00e9 et s\u00e9curit\u00e9 de la chaine logistique<\/strong>.<\/p>\n<p class=\"rtejustify\"><strong>En plus d\u2019\u00eatre n\u00e9cessaire pour la conformit\u00e9\u00a0 aux \u00a0<\/strong><strong>normes ISO, AEO, TAPA<\/strong> et autres, cette activit\u00e9 garantit aux groupes logistiques que les transporteurs\u00a0sous-trait\u00e9s\u00a0n\u2019ont \u00a0pas de <strong>documentation expir\u00e9e<\/strong> et \u00e9vite ainsi tout retard pour immobilisation du v\u00e9hicule ou probl\u00e8mes d\u2019assurances en cas de sinistre par exemple.<\/p>\n","protected":false},"excerpt":{"rendered":"<p>Au mois de mars dernier s\u2019est d\u00e9roul\u00e9e la conf\u00e9rence \u00ab\u00a0Le transport multimodal efficace en Europe selon les standards FERRMED\u00a0\u00bb au parlement Europ\u00e9en de \u00a0Bruxelles Cette conf\u00e9rence a mis en avant les directives \u00e0 suivre pour le futur du transport en Europe: parachever un march\u00e9 unique europ\u00e9en qui regroupe les diff\u00e9rentes modalit\u00e9s de transport, promouvoir\u00a0 la &hellip;<\/p>\n","protected":false},"author":2,"featured_media":997,"comment_status":"open","ping_status":"open","sticky":false,"template":"","format":"standard","meta":{"_monsterinsights_skip_tracking":false,"_monsterinsights_sitenote_active":false,"_monsterinsights_sitenote_note":"","_monsterinsights_sitenote_category":0,"footnotes":""},"categories":[166,2],"tags":[92,93,94,95,10],"class_list":["post-93","post","type-post","status-publish","format-standard","has-post-thumbnail","","category-blog","category-wtransnet","tag-competitivite","tag-grands-groupes-logistiques","tag-qualification","tag-transporteurs-sous-traites","tag-wtransnet"],"yoast_head":"<!-- This site is optimized with the Yoast SEO plugin v26.9 - https:\/\/yoast.com\/product\/yoast-seo-wordpress\/ -->\n<title>La qualification des transporteurs sous-trait\u00e9s est un \u00e9l\u00e9ment cl\u00e9 pour la comp\u00e9titivit\u00e9 des grands groupes logistiques - Blog Wtransnet France<\/title>\n<meta name=\"robots\" content=\"index, follow, max-snippet:-1, max-image-preview:large, max-video-preview:-1\" \/>\n<link rel=\"canonical\" href=\"https:\/\/blog.wtransnet.com\/fr\/la-qualification-des-transporteurs-sous-traites-est-un-element-cle-pour-la-competitivite-des-grands-groupes-logistiques\/\" \/>\n<meta property=\"og:locale\" content=\"es_ES\" \/>\n<meta property=\"og:type\" content=\"article\" \/>\n<meta property=\"og:title\" content=\"La qualification des transporteurs sous-trait\u00e9s est un \u00e9l\u00e9ment cl\u00e9 pour la comp\u00e9titivit\u00e9 des grands groupes logistiques - Blog Wtransnet France\" \/>\n<meta property=\"og:description\" content=\"Au mois de mars dernier s\u2019est d\u00e9roul\u00e9e la conf\u00e9rence \u00ab\u00a0Le transport multimodal efficace en Europe selon les standards FERRMED\u00a0\u00bb au parlement Europ\u00e9en de \u00a0Bruxelles Cette conf\u00e9rence a mis en avant les directives \u00e0 suivre pour le futur du transport en Europe: parachever un march\u00e9 unique europ\u00e9en qui regroupe les diff\u00e9rentes modalit\u00e9s de transport, promouvoir\u00a0 la &hellip;\" \/>\n<meta property=\"og:url\" content=\"https:\/\/blog.wtransnet.com\/fr\/la-qualification-des-transporteurs-sous-traites-est-un-element-cle-pour-la-competitivite-des-grands-groupes-logistiques\/\" \/>\n<meta property=\"og:site_name\" content=\"Blog Wtransnet France\" \/>\n<meta property=\"article:published_time\" content=\"1414-09-09T00:00:00+00:00\" \/>\n<meta property=\"article:modified_time\" content=\"2016-02-09T12:18:15+00:00\" \/>\n<meta property=\"og:image\" content=\"https:\/\/blog.wtransnet.com\/fr\/wp-content\/uploads\/sites\/4\/1414\/09\/150x150-homologacion-transportistas-wtransnet.gif\" \/>\n\t<meta property=\"og:image:width\" content=\"150\" \/>\n\t<meta property=\"og:image:height\" content=\"150\" \/>\n\t<meta property=\"og:image:type\" content=\"image\/gif\" \/>\n<meta name=\"author\" content=\"Edgar Compte Reollo\" \/>\n<meta name=\"twitter:card\" content=\"summary_large_image\" \/>\n<meta name=\"twitter:label1\" content=\"Escrito por\" \/>\n\t<meta name=\"twitter:data1\" content=\"Edgar Compte Reollo\" \/>\n\t<meta name=\"twitter:label2\" content=\"Tiempo de lectura\" \/>\n\t<meta name=\"twitter:data2\" content=\"1 minuto\" \/>\n<script type=\"application\/ld+json\" class=\"yoast-schema-graph\">{\"@context\":\"https:\/\/schema.org\",\"@graph\":[{\"@type\":\"Article\",\"@id\":\"https:\/\/blog.wtransnet.com\/fr\/la-qualification-des-transporteurs-sous-traites-est-un-element-cle-pour-la-competitivite-des-grands-groupes-logistiques\/#article\",\"isPartOf\":{\"@id\":\"https:\/\/blog.wtransnet.com\/fr\/la-qualification-des-transporteurs-sous-traites-est-un-element-cle-pour-la-competitivite-des-grands-groupes-logistiques\/\"},\"author\":{\"name\":\"Edgar Compte Reollo\",\"@id\":\"https:\/\/blog.wtransnet.com\/fr\/#\/schema\/person\/72e72ba89ffa96d0d5f7e50a6af29d29\"},\"headline\":\"La qualification des transporteurs sous-trait\u00e9s est un \u00e9l\u00e9ment cl\u00e9 pour la comp\u00e9titivit\u00e9 des grands groupes logistiques\",\"datePublished\":\"1414-09-09T00:00:00+00:00\",\"dateModified\":\"2016-02-09T12:18:15+00:00\",\"mainEntityOfPage\":{\"@id\":\"https:\/\/blog.wtransnet.com\/fr\/la-qualification-des-transporteurs-sous-traites-est-un-element-cle-pour-la-competitivite-des-grands-groupes-logistiques\/\"},\"wordCount\":266,\"commentCount\":0,\"image\":{\"@id\":\"https:\/\/blog.wtransnet.com\/fr\/la-qualification-des-transporteurs-sous-traites-est-un-element-cle-pour-la-competitivite-des-grands-groupes-logistiques\/#primaryimage\"},\"thumbnailUrl\":\"https:\/\/blog.wtransnet.com\/fr\/wp-content\/uploads\/sites\/4\/1414\/09\/150x150-homologacion-transportistas-wtransnet.gif\",\"keywords\":[\"comp\u00e9titivit\u00e9\",\"grands groupes logistiques\",\"qualification\",\"transporteurs sous-trait\u00e9s\",\"wtransnet\"],\"articleSection\":[\"Blog\",\"Wtransnet\"],\"inLanguage\":\"es\",\"potentialAction\":[{\"@type\":\"CommentAction\",\"name\":\"Comment\",\"target\":[\"https:\/\/blog.wtransnet.com\/fr\/la-qualification-des-transporteurs-sous-traites-est-un-element-cle-pour-la-competitivite-des-grands-groupes-logistiques\/#respond\"]}]},{\"@type\":\"WebPage\",\"@id\":\"https:\/\/blog.wtransnet.com\/fr\/la-qualification-des-transporteurs-sous-traites-est-un-element-cle-pour-la-competitivite-des-grands-groupes-logistiques\/\",\"url\":\"https:\/\/blog.wtransnet.com\/fr\/la-qualification-des-transporteurs-sous-traites-est-un-element-cle-pour-la-competitivite-des-grands-groupes-logistiques\/\",\"name\":\"La qualification des transporteurs sous-trait\u00e9s est un \u00e9l\u00e9ment cl\u00e9 pour la comp\u00e9titivit\u00e9 des grands groupes logistiques - Blog Wtransnet France\",\"isPartOf\":{\"@id\":\"https:\/\/blog.wtransnet.com\/fr\/#website\"},\"primaryImageOfPage\":{\"@id\":\"https:\/\/blog.wtransnet.com\/fr\/la-qualification-des-transporteurs-sous-traites-est-un-element-cle-pour-la-competitivite-des-grands-groupes-logistiques\/#primaryimage\"},\"image\":{\"@id\":\"https:\/\/blog.wtransnet.com\/fr\/la-qualification-des-transporteurs-sous-traites-est-un-element-cle-pour-la-competitivite-des-grands-groupes-logistiques\/#primaryimage\"},\"thumbnailUrl\":\"https:\/\/blog.wtransnet.com\/fr\/wp-content\/uploads\/sites\/4\/1414\/09\/150x150-homologacion-transportistas-wtransnet.gif\",\"datePublished\":\"1414-09-09T00:00:00+00:00\",\"dateModified\":\"2016-02-09T12:18:15+00:00\",\"author\":{\"@id\":\"https:\/\/blog.wtransnet.com\/fr\/#\/schema\/person\/72e72ba89ffa96d0d5f7e50a6af29d29\"},\"breadcrumb\":{\"@id\":\"https:\/\/blog.wtransnet.com\/fr\/la-qualification-des-transporteurs-sous-traites-est-un-element-cle-pour-la-competitivite-des-grands-groupes-logistiques\/#breadcrumb\"},\"inLanguage\":\"es\",\"potentialAction\":[{\"@type\":\"ReadAction\",\"target\":[\"https:\/\/blog.wtransnet.com\/fr\/la-qualification-des-transporteurs-sous-traites-est-un-element-cle-pour-la-competitivite-des-grands-groupes-logistiques\/\"]}]},{\"@type\":\"ImageObject\",\"inLanguage\":\"es\",\"@id\":\"https:\/\/blog.wtransnet.com\/fr\/la-qualification-des-transporteurs-sous-traites-est-un-element-cle-pour-la-competitivite-des-grands-groupes-logistiques\/#primaryimage\",\"url\":\"https:\/\/blog.wtransnet.com\/fr\/wp-content\/uploads\/sites\/4\/1414\/09\/150x150-homologacion-transportistas-wtransnet.gif\",\"contentUrl\":\"https:\/\/blog.wtransnet.com\/fr\/wp-content\/uploads\/sites\/4\/1414\/09\/150x150-homologacion-transportistas-wtransnet.gif\",\"width\":150,\"height\":150},{\"@type\":\"BreadcrumbList\",\"@id\":\"https:\/\/blog.wtransnet.com\/fr\/la-qualification-des-transporteurs-sous-traites-est-un-element-cle-pour-la-competitivite-des-grands-groupes-logistiques\/#breadcrumb\",\"itemListElement\":[{\"@type\":\"ListItem\",\"position\":1,\"name\":\"Portada\",\"item\":\"https:\/\/blog.wtransnet.com\/fr\/\"},{\"@type\":\"ListItem\",\"position\":2,\"name\":\"La qualification des transporteurs sous-trait\u00e9s est un \u00e9l\u00e9ment cl\u00e9 pour la comp\u00e9titivit\u00e9 des grands groupes logistiques\"}]},{\"@type\":\"WebSite\",\"@id\":\"https:\/\/blog.wtransnet.com\/fr\/#website\",\"url\":\"https:\/\/blog.wtransnet.com\/fr\/\",\"name\":\"Blog Wtransnet France\",\"description\":\"Blog Wtransnet France: Actualit\u00e9s transport et logistique\",\"potentialAction\":[{\"@type\":\"SearchAction\",\"target\":{\"@type\":\"EntryPoint\",\"urlTemplate\":\"https:\/\/blog.wtransnet.com\/fr\/?s={search_term_string}\"},\"query-input\":{\"@type\":\"PropertyValueSpecification\",\"valueRequired\":true,\"valueName\":\"search_term_string\"}}],\"inLanguage\":\"es\"},{\"@type\":\"Person\",\"@id\":\"https:\/\/blog.wtransnet.com\/fr\/#\/schema\/person\/72e72ba89ffa96d0d5f7e50a6af29d29\",\"name\":\"Edgar Compte Reollo\",\"image\":{\"@type\":\"ImageObject\",\"inLanguage\":\"es\",\"@id\":\"https:\/\/blog.wtransnet.com\/fr\/#\/schema\/person\/image\/\",\"url\":\"https:\/\/secure.gravatar.com\/avatar\/cdef3ab443cd703d80f8618c041e62e3338cd7adb52bb56655047a411be15900?s=96&d=mm&r=g\",\"contentUrl\":\"https:\/\/secure.gravatar.com\/avatar\/cdef3ab443cd703d80f8618c041e62e3338cd7adb52bb56655047a411be15900?s=96&d=mm&r=g\",\"caption\":\"Edgar Compte Reollo\"},\"url\":\"https:\/\/blog.wtransnet.com\/fr\/author\/ecompte\/\"}]}<\/script>\n<!-- \/ Yoast SEO plugin. -->","yoast_head_json":{"title":"La qualification des transporteurs sous-trait\u00e9s est un \u00e9l\u00e9ment cl\u00e9 pour la comp\u00e9titivit\u00e9 des grands groupes logistiques - Blog Wtransnet France","robots":{"index":"index","follow":"follow","max-snippet":"max-snippet:-1","max-image-preview":"max-image-preview:large","max-video-preview":"max-video-preview:-1"},"canonical":"https:\/\/blog.wtransnet.com\/fr\/la-qualification-des-transporteurs-sous-traites-est-un-element-cle-pour-la-competitivite-des-grands-groupes-logistiques\/","og_locale":"es_ES","og_type":"article","og_title":"La qualification des transporteurs sous-trait\u00e9s est un \u00e9l\u00e9ment cl\u00e9 pour la comp\u00e9titivit\u00e9 des grands groupes logistiques - Blog Wtransnet France","og_description":"Au mois de mars dernier s\u2019est d\u00e9roul\u00e9e la conf\u00e9rence \u00ab\u00a0Le transport multimodal efficace en Europe selon les standards FERRMED\u00a0\u00bb au parlement Europ\u00e9en de \u00a0Bruxelles Cette conf\u00e9rence a mis en avant les directives \u00e0 suivre pour le futur du transport en Europe: parachever un march\u00e9 unique europ\u00e9en qui regroupe les diff\u00e9rentes modalit\u00e9s de transport, promouvoir\u00a0 la &hellip;","og_url":"https:\/\/blog.wtransnet.com\/fr\/la-qualification-des-transporteurs-sous-traites-est-un-element-cle-pour-la-competitivite-des-grands-groupes-logistiques\/","og_site_name":"Blog Wtransnet France","article_published_time":"1414-09-09T00:00:00+00:00","article_modified_time":"2016-02-09T12:18:15+00:00","og_image":[{"width":150,"height":150,"url":"https:\/\/blog.wtransnet.com\/fr\/wp-content\/uploads\/sites\/4\/1414\/09\/150x150-homologacion-transportistas-wtransnet.gif","type":"image\/gif"}],"author":"Edgar Compte Reollo","twitter_card":"summary_large_image","twitter_misc":{"Escrito por":"Edgar Compte Reollo","Tiempo de lectura":"1 minuto"},"schema":{"@context":"https:\/\/schema.org","@graph":[{"@type":"Article","@id":"https:\/\/blog.wtransnet.com\/fr\/la-qualification-des-transporteurs-sous-traites-est-un-element-cle-pour-la-competitivite-des-grands-groupes-logistiques\/#article","isPartOf":{"@id":"https:\/\/blog.wtransnet.com\/fr\/la-qualification-des-transporteurs-sous-traites-est-un-element-cle-pour-la-competitivite-des-grands-groupes-logistiques\/"},"author":{"name":"Edgar Compte Reollo","@id":"https:\/\/blog.wtransnet.com\/fr\/#\/schema\/person\/72e72ba89ffa96d0d5f7e50a6af29d29"},"headline":"La qualification des transporteurs sous-trait\u00e9s est un \u00e9l\u00e9ment cl\u00e9 pour la comp\u00e9titivit\u00e9 des grands groupes logistiques","datePublished":"1414-09-09T00:00:00+00:00","dateModified":"2016-02-09T12:18:15+00:00","mainEntityOfPage":{"@id":"https:\/\/blog.wtransnet.com\/fr\/la-qualification-des-transporteurs-sous-traites-est-un-element-cle-pour-la-competitivite-des-grands-groupes-logistiques\/"},"wordCount":266,"commentCount":0,"image":{"@id":"https:\/\/blog.wtransnet.com\/fr\/la-qualification-des-transporteurs-sous-traites-est-un-element-cle-pour-la-competitivite-des-grands-groupes-logistiques\/#primaryimage"},"thumbnailUrl":"https:\/\/blog.wtransnet.com\/fr\/wp-content\/uploads\/sites\/4\/1414\/09\/150x150-homologacion-transportistas-wtransnet.gif","keywords":["comp\u00e9titivit\u00e9","grands groupes logistiques","qualification","transporteurs sous-trait\u00e9s","wtransnet"],"articleSection":["Blog","Wtransnet"],"inLanguage":"es","potentialAction":[{"@type":"CommentAction","name":"Comment","target":["https:\/\/blog.wtransnet.com\/fr\/la-qualification-des-transporteurs-sous-traites-est-un-element-cle-pour-la-competitivite-des-grands-groupes-logistiques\/#respond"]}]},{"@type":"WebPage","@id":"https:\/\/blog.wtransnet.com\/fr\/la-qualification-des-transporteurs-sous-traites-est-un-element-cle-pour-la-competitivite-des-grands-groupes-logistiques\/","url":"https:\/\/blog.wtransnet.com\/fr\/la-qualification-des-transporteurs-sous-traites-est-un-element-cle-pour-la-competitivite-des-grands-groupes-logistiques\/","name":"La qualification des transporteurs sous-trait\u00e9s est un \u00e9l\u00e9ment cl\u00e9 pour la comp\u00e9titivit\u00e9 des grands groupes logistiques - Blog Wtransnet France","isPartOf":{"@id":"https:\/\/blog.wtransnet.com\/fr\/#website"},"primaryImageOfPage":{"@id":"https:\/\/blog.wtransnet.com\/fr\/la-qualification-des-transporteurs-sous-traites-est-un-element-cle-pour-la-competitivite-des-grands-groupes-logistiques\/#primaryimage"},"image":{"@id":"https:\/\/blog.wtransnet.com\/fr\/la-qualification-des-transporteurs-sous-traites-est-un-element-cle-pour-la-competitivite-des-grands-groupes-logistiques\/#primaryimage"},"thumbnailUrl":"https:\/\/blog.wtransnet.com\/fr\/wp-content\/uploads\/sites\/4\/1414\/09\/150x150-homologacion-transportistas-wtransnet.gif","datePublished":"1414-09-09T00:00:00+00:00","dateModified":"2016-02-09T12:18:15+00:00","author":{"@id":"https:\/\/blog.wtransnet.com\/fr\/#\/schema\/person\/72e72ba89ffa96d0d5f7e50a6af29d29"},"breadcrumb":{"@id":"https:\/\/blog.wtransnet.com\/fr\/la-qualification-des-transporteurs-sous-traites-est-un-element-cle-pour-la-competitivite-des-grands-groupes-logistiques\/#breadcrumb"},"inLanguage":"es","potentialAction":[{"@type":"ReadAction","target":["https:\/\/blog.wtransnet.com\/fr\/la-qualification-des-transporteurs-sous-traites-est-un-element-cle-pour-la-competitivite-des-grands-groupes-logistiques\/"]}]},{"@type":"ImageObject","inLanguage":"es","@id":"https:\/\/blog.wtransnet.com\/fr\/la-qualification-des-transporteurs-sous-traites-est-un-element-cle-pour-la-competitivite-des-grands-groupes-logistiques\/#primaryimage","url":"https:\/\/blog.wtransnet.com\/fr\/wp-content\/uploads\/sites\/4\/1414\/09\/150x150-homologacion-transportistas-wtransnet.gif","contentUrl":"https:\/\/blog.wtransnet.com\/fr\/wp-content\/uploads\/sites\/4\/1414\/09\/150x150-homologacion-transportistas-wtransnet.gif","width":150,"height":150},{"@type":"BreadcrumbList","@id":"https:\/\/blog.wtransnet.com\/fr\/la-qualification-des-transporteurs-sous-traites-est-un-element-cle-pour-la-competitivite-des-grands-groupes-logistiques\/#breadcrumb","itemListElement":[{"@type":"ListItem","position":1,"name":"Portada","item":"https:\/\/blog.wtransnet.com\/fr\/"},{"@type":"ListItem","position":2,"name":"La qualification des transporteurs sous-trait\u00e9s est un \u00e9l\u00e9ment cl\u00e9 pour la comp\u00e9titivit\u00e9 des grands groupes logistiques"}]},{"@type":"WebSite","@id":"https:\/\/blog.wtransnet.com\/fr\/#website","url":"https:\/\/blog.wtransnet.com\/fr\/","name":"Blog Wtransnet France","description":"Blog Wtransnet France: Actualit\u00e9s transport et logistique","potentialAction":[{"@type":"SearchAction","target":{"@type":"EntryPoint","urlTemplate":"https:\/\/blog.wtransnet.com\/fr\/?s={search_term_string}"},"query-input":{"@type":"PropertyValueSpecification","valueRequired":true,"valueName":"search_term_string"}}],"inLanguage":"es"},{"@type":"Person","@id":"https:\/\/blog.wtransnet.com\/fr\/#\/schema\/person\/72e72ba89ffa96d0d5f7e50a6af29d29","name":"Edgar Compte Reollo","image":{"@type":"ImageObject","inLanguage":"es","@id":"https:\/\/blog.wtransnet.com\/fr\/#\/schema\/person\/image\/","url":"https:\/\/secure.gravatar.com\/avatar\/cdef3ab443cd703d80f8618c041e62e3338cd7adb52bb56655047a411be15900?s=96&d=mm&r=g","contentUrl":"https:\/\/secure.gravatar.com\/avatar\/cdef3ab443cd703d80f8618c041e62e3338cd7adb52bb56655047a411be15900?s=96&d=mm&r=g","caption":"Edgar Compte Reollo"},"url":"https:\/\/blog.wtransnet.com\/fr\/author\/ecompte\/"}]}},"_links":{"self":[{"href":"https:\/\/blog.wtransnet.com\/fr\/wp-json\/wp\/v2\/posts\/93","targetHints":{"allow":["GET"]}}],"collection":[{"href":"https:\/\/blog.wtransnet.com\/fr\/wp-json\/wp\/v2\/posts"}],"about":[{"href":"https:\/\/blog.wtransnet.com\/fr\/wp-json\/wp\/v2\/types\/post"}],"author":[{"embeddable":true,"href":"https:\/\/blog.wtransnet.com\/fr\/wp-json\/wp\/v2\/users\/2"}],"replies":[{"embeddable":true,"href":"https:\/\/blog.wtransnet.com\/fr\/wp-json\/wp\/v2\/comments?post=93"}],"version-history":[{"count":0,"href":"https:\/\/blog.wtransnet.com\/fr\/wp-json\/wp\/v2\/posts\/93\/revisions"}],"wp:featuredmedia":[{"embeddable":true,"href":"https:\/\/blog.wtransnet.com\/fr\/wp-json\/wp\/v2\/media\/997"}],"wp:attachment":[{"href":"https:\/\/blog.wtransnet.com\/fr\/wp-json\/wp\/v2\/media?parent=93"}],"wp:term":[{"taxonomy":"category","embeddable":true,"href":"https:\/\/blog.wtransnet.com\/fr\/wp-json\/wp\/v2\/categories?post=93"},{"taxonomy":"post_tag","embeddable":true,"href":"https:\/\/blog.wtransnet.com\/fr\/wp-json\/wp\/v2\/tags?post=93"}],"curies":[{"name":"wp","href":"https:\/\/api.w.org\/{rel}","templated":true}]}}