{"id":1076,"date":"2016-11-16T13:56:42","date_gmt":"2016-11-16T13:56:42","guid":{"rendered":"https:\/\/blog.wtransnet.com\/it\/?p=1076"},"modified":"2016-11-16T13:56:42","modified_gmt":"2016-11-16T13:56:42","slug":"wconnecta-barcelona-2016-festeggia-lasua-edizione-piu-numerosa-e-internazionale","status":"publish","type":"post","link":"https:\/\/blog.wtransnet.com\/it\/wconnecta-barcelona-2016-festeggia-lasua-edizione-piu-numerosa-e-internazionale\/","title":{"rendered":"WConnecta celebra a Barcellona la sua edizione pi\u00f9 numerosa ed internazionale con la partecipazione di 1.000 professionisti del trasporto"},"content":{"rendered":"<ul>\n<li>1.000 professionisti di 23 paesi si sono dati appuntamento all\u2019evento di trasporto su strada pi\u00f9 importante d\u2019 Europa<\/li>\n<li>Dopo il successo della sua settima edizione, l\u2019organizzazione scommette sull\u2019internazionalizzazione e annuncia la sede dell\u2019anno prossimo in Germania<\/li>\n<\/ul>\n<p>Lo scorso 11 novembre nel\u00a0 Palau de Congressos de Catalunya si \u00e8 celebrato il <strong>settimo incontro di Professionisti del Trasporto<\/strong> organizzato dalla <a href=\"http:\/\/www.wtransnet.org\/\">Fundaci\u00f3n Wtransnet<\/a>. Con un record di 1.000 professionisti accreditati, un <strong>32% in pi\u00f9 rispetto alla scorsa edizione<\/strong>, proveniente da 23 paesi diversi, WConnecta conferma la sua <strong>crescita internazionale<\/strong>, uniformando per la prima volta nella sua storia la partecipazione internazionale con quella spagnola.<\/p>\n<p><strong>WConnecta Barcelona 2016 <\/strong>\u00e8 rimaste fedele al suo formato, anche se ha allungato la giornata di lavoro(tutto il giorno), focalizzando la sua attivit\u00e0 principalmente sui giri di <em>Speed Networking<\/em>, dove i partecipanti, divisi per specialit\u00e0 e a seconda se offrivano carichi o camion, hanno sostenuto pi\u00f9 di \u00a0<strong>20.400 interviste\u00a0 di 7 minuti<\/strong> durante le quali l\u2019obiettivo era conoscere il maggior numero di collaboratori consoni alle proprie necessit\u00e0.<\/p>\n<p>&nbsp;<\/p>\n<p><a href=\"https:\/\/blog.wtransnet.com\/it\/wp-content\/uploads\/sites\/5\/2016\/11\/wconnecta-barcelona-2010-exito-participacion-1000-acreditados.png\" rel=\"attachment wp-att-1078\"><img loading=\"lazy\" decoding=\"async\" class=\"aligncenter size-full wp-image-1078\" src=\"https:\/\/blog.wtransnet.com\/it\/wp-content\/uploads\/sites\/5\/2016\/11\/wconnecta-barcelona-2010-exito-participacion-1000-acreditados.png\" alt=\"wconnecta-barcelona-2016-festeggia-lasua-edizione-piu-numerosa\" width=\"500\" height=\"300\" srcset=\"https:\/\/blog.wtransnet.com\/it\/wp-content\/uploads\/sites\/5\/2016\/11\/wconnecta-barcelona-2010-exito-participacion-1000-acreditados.png 500w, https:\/\/blog.wtransnet.com\/it\/wp-content\/uploads\/sites\/5\/2016\/11\/wconnecta-barcelona-2010-exito-participacion-1000-acreditados-300x180.png 300w\" sizes=\"auto, (max-width: 500px) 100vw, 500px\" \/><\/a><\/p>\n<p>&nbsp;<\/p>\n<p>Dall\u2019altro lato, la<strong> Cargo Area<\/strong> ha lavorato durante tutto il giorno a pieno ritmo:\u00a0 52 dei principali <strong>operatori logistici <\/strong>e <strong>aziende di trasporto che offrono carichi europei<\/strong> hanno effettuato pi\u00f9 di <strong>1.600 riunioni private<\/strong> con professionisti interessati a collaborare.<\/p>\n<p>In questa occasione,l\u2019 <strong>Italia ha partecipato come paese invitato<\/strong>, in modo che tra le attivit\u00e0 previste al pomeriggio, ci fosse uno <strong>Speciale Networking Italia<\/strong> dove le aziende interessate a trovare collaboratori o con fulcro di affari nel paese transalpino, hanno potuto sostenere colloqui con la trentina di aziende italiane partecipanti.<\/p>\n<p>La data scelta per la celebrazione di\u00a0 WConnecta 2016 non \u00e8 stata casuale: l\u201911\u00a0 novembre del 1996 si firmavano gli atti di costituzione della societ\u00e0 Wotrant SL, che gestisce l\u2019attivit\u00e0 di Wtransnet. Per questo alla fine della giornata di lavoro un cocktail \u00e8 stato il coronamento dell\u2019evento, dando il <strong>\u00a0via ai festeggiamenti del \u00a020esimo anniversario di Wtransnet<\/strong>, \u00a0che avranno luogo durante il 2017.<\/p>\n<p>La <strong>Fundaci\u00f3n Wtransnet<\/strong> 7 anni fa pens\u00f2 che il mondo del trasporto di merci su strada, cos\u00ec vincolato alle collaborazioni e alla creazione di relazioni di fiducia a lungo termine,avesse bisogno di un evento di questo genere. Dopo il successo ed il riconoscimento raggiunto dall\u2019evento dopo 7 edizioni, in cui la sede \u00e8 stata alternata tra\u00a0 Madrid e Barcellona, <strong>Jos\u00e9 Mar\u00eda Sall\u00e9s<\/strong>, <strong>Direttore della Fundaci\u00f3n Wtransnet<\/strong> annuncia che la <strong>Germania ospiter\u00e0 WConnecta 2017<\/strong>, un\u2019ottava edizione con la quale si fa un passo decisivo in Europa dando cos\u00ec l\u2019opportunit\u00e0 ad aziende di altri paesi pi\u00f9 vicini geograficamente:<\/p>\n<p>\u201cIn Germania sar\u00e0 come iniziare di nuovo. Potremmo crescere ma allora passeremmo al formato feria e l\u2019evento perderebbe la sua essenza. Con questa prima edizione in trasferta vogliamo allargare l\u2019area di influenza di <a href=\"http:\/\/www.wconnecta.com\/it\">WConnecta<\/a>, conservando un\u2019edizione in Spagna ogni due anni,senza dimenticare <strong>Portugal Transport Networking<\/strong>, che si continuer\u00e0 a celebrare annualmente alternando la sua sede tra Lisbona e Oporto\u201d.<\/p>\n","protected":false},"excerpt":{"rendered":"<p>1.000 professionisti di 23 paesi si sono dati appuntamento all\u2019evento di trasporto su strada pi\u00f9 importante d\u2019 Europa Dopo il successo della sua settima edizione, l\u2019organizzazione scommette sull\u2019internazionalizzazione e annuncia la sede dell\u2019anno prossimo in Germania Lo scorso 11 novembre nel\u00a0 Palau de Congressos de Catalunya si \u00e8 celebrato il settimo incontro di Professionisti del &hellip;<\/p>\n","protected":false},"author":2,"featured_media":1077,"comment_status":"open","ping_status":"open","sticky":false,"template":"","format":"standard","meta":{"_monsterinsights_skip_tracking":false,"_monsterinsights_sitenote_active":false,"_monsterinsights_sitenote_note":"","_monsterinsights_sitenote_category":0,"footnotes":""},"categories":[4,207,3,6],"tags":[53,10,286,97,7,98,52,277,12,285],"class_list":["post-1076","post","type-post","status-publish","format-standard","has-post-thumbnail","","category-atti-e-eventi","category-fondazione","category-fondazione-wtransnet","category-trasporto","tag-aziende-di-trasporto","tag-borsa-carichi","tag-collaboratori-trasporto","tag-evento","tag-fundacion-wtransnet","tag-networking","tag-operatori-logistici","tag-speed-networking","tag-trasporto","tag-wconnecta-barcelona-2016"],"yoast_head":"<!-- This site is optimized with the Yoast SEO plugin v26.9 - https:\/\/yoast.com\/product\/yoast-seo-wordpress\/ -->\n<title>WConnecta celebra a Barcellona la sua edizione pi\u00f9 numerosa ed internazionale con la partecipazione di 1.000 professionisti del trasporto - Blog Wtransnet Italia<\/title>\n<meta name=\"robots\" content=\"index, follow, max-snippet:-1, max-image-preview:large, max-video-preview:-1\" \/>\n<link rel=\"canonical\" href=\"https:\/\/blog.wtransnet.com\/it\/wconnecta-barcelona-2016-festeggia-lasua-edizione-piu-numerosa-e-internazionale\/\" \/>\n<meta property=\"og:locale\" content=\"es_ES\" \/>\n<meta property=\"og:type\" content=\"article\" \/>\n<meta property=\"og:title\" content=\"WConnecta celebra a Barcellona la sua edizione pi\u00f9 numerosa ed internazionale con la partecipazione di 1.000 professionisti del trasporto - Blog Wtransnet Italia\" \/>\n<meta property=\"og:description\" content=\"1.000 professionisti di 23 paesi si sono dati appuntamento all\u2019evento di trasporto su strada pi\u00f9 importante d\u2019 Europa Dopo il successo della sua settima edizione, l\u2019organizzazione scommette sull\u2019internazionalizzazione e annuncia la sede dell\u2019anno prossimo in Germania Lo scorso 11 novembre nel\u00a0 Palau de Congressos de Catalunya si \u00e8 celebrato il settimo incontro di Professionisti del &hellip;\" \/>\n<meta property=\"og:url\" content=\"https:\/\/blog.wtransnet.com\/it\/wconnecta-barcelona-2016-festeggia-lasua-edizione-piu-numerosa-e-internazionale\/\" \/>\n<meta property=\"og:site_name\" content=\"Blog Wtransnet Italia\" \/>\n<meta property=\"article:published_time\" content=\"2016-11-16T13:56:42+00:00\" \/>\n<meta property=\"og:image\" content=\"https:\/\/blog.wtransnet.com\/it\/wp-content\/uploads\/sites\/5\/2016\/11\/wconnecta-barcelona-2016-celebra-su-edicion-mas-multitudinaria.png\" \/>\n\t<meta property=\"og:image:width\" content=\"290\" \/>\n\t<meta property=\"og:image:height\" content=\"250\" \/>\n\t<meta property=\"og:image:type\" content=\"image\/png\" \/>\n<meta name=\"author\" content=\"Edgar Compte Reollo\" \/>\n<meta name=\"twitter:card\" content=\"summary_large_image\" \/>\n<meta name=\"twitter:label1\" content=\"Escrito por\" \/>\n\t<meta name=\"twitter:data1\" content=\"Edgar Compte Reollo\" \/>\n\t<meta name=\"twitter:label2\" content=\"Tiempo de lectura\" \/>\n\t<meta name=\"twitter:data2\" content=\"2 minutos\" \/>\n<script type=\"application\/ld+json\" class=\"yoast-schema-graph\">{\"@context\":\"https:\/\/schema.org\",\"@graph\":[{\"@type\":\"Article\",\"@id\":\"https:\/\/blog.wtransnet.com\/it\/wconnecta-barcelona-2016-festeggia-lasua-edizione-piu-numerosa-e-internazionale\/#article\",\"isPartOf\":{\"@id\":\"https:\/\/blog.wtransnet.com\/it\/wconnecta-barcelona-2016-festeggia-lasua-edizione-piu-numerosa-e-internazionale\/\"},\"author\":{\"name\":\"Edgar Compte Reollo\",\"@id\":\"https:\/\/blog.wtransnet.com\/it\/#\/schema\/person\/72e72ba89ffa96d0d5f7e50a6af29d29\"},\"headline\":\"WConnecta celebra a Barcellona la sua edizione pi\u00f9 numerosa ed internazionale con la partecipazione di 1.000 professionisti del trasporto\",\"datePublished\":\"2016-11-16T13:56:42+00:00\",\"mainEntityOfPage\":{\"@id\":\"https:\/\/blog.wtransnet.com\/it\/wconnecta-barcelona-2016-festeggia-lasua-edizione-piu-numerosa-e-internazionale\/\"},\"wordCount\":495,\"commentCount\":0,\"image\":{\"@id\":\"https:\/\/blog.wtransnet.com\/it\/wconnecta-barcelona-2016-festeggia-lasua-edizione-piu-numerosa-e-internazionale\/#primaryimage\"},\"thumbnailUrl\":\"https:\/\/blog.wtransnet.com\/it\/wp-content\/uploads\/sites\/5\/2016\/11\/wconnecta-barcelona-2016-celebra-su-edicion-mas-multitudinaria.png\",\"keywords\":[\"aziende di trasporto\",\"borsa carichi\",\"collaboratori trasporto\",\"evento\",\"Fundaci\u00f3n Wtransnet\",\"networking\",\"operatori logistici\",\"speed networking\",\"trasporto\",\"WConnecta Barcelona 2016\"],\"articleSection\":[\"Atti e Eventi\",\"Fondazione\",\"Fondazione Wtransnet\",\"Trasporto\"],\"inLanguage\":\"es\",\"potentialAction\":[{\"@type\":\"CommentAction\",\"name\":\"Comment\",\"target\":[\"https:\/\/blog.wtransnet.com\/it\/wconnecta-barcelona-2016-festeggia-lasua-edizione-piu-numerosa-e-internazionale\/#respond\"]}]},{\"@type\":\"WebPage\",\"@id\":\"https:\/\/blog.wtransnet.com\/it\/wconnecta-barcelona-2016-festeggia-lasua-edizione-piu-numerosa-e-internazionale\/\",\"url\":\"https:\/\/blog.wtransnet.com\/it\/wconnecta-barcelona-2016-festeggia-lasua-edizione-piu-numerosa-e-internazionale\/\",\"name\":\"WConnecta celebra a Barcellona la sua edizione pi\u00f9 numerosa ed internazionale con la partecipazione di 1.000 professionisti del trasporto - Blog Wtransnet Italia\",\"isPartOf\":{\"@id\":\"https:\/\/blog.wtransnet.com\/it\/#website\"},\"primaryImageOfPage\":{\"@id\":\"https:\/\/blog.wtransnet.com\/it\/wconnecta-barcelona-2016-festeggia-lasua-edizione-piu-numerosa-e-internazionale\/#primaryimage\"},\"image\":{\"@id\":\"https:\/\/blog.wtransnet.com\/it\/wconnecta-barcelona-2016-festeggia-lasua-edizione-piu-numerosa-e-internazionale\/#primaryimage\"},\"thumbnailUrl\":\"https:\/\/blog.wtransnet.com\/it\/wp-content\/uploads\/sites\/5\/2016\/11\/wconnecta-barcelona-2016-celebra-su-edicion-mas-multitudinaria.png\",\"datePublished\":\"2016-11-16T13:56:42+00:00\",\"author\":{\"@id\":\"https:\/\/blog.wtransnet.com\/it\/#\/schema\/person\/72e72ba89ffa96d0d5f7e50a6af29d29\"},\"breadcrumb\":{\"@id\":\"https:\/\/blog.wtransnet.com\/it\/wconnecta-barcelona-2016-festeggia-lasua-edizione-piu-numerosa-e-internazionale\/#breadcrumb\"},\"inLanguage\":\"es\",\"potentialAction\":[{\"@type\":\"ReadAction\",\"target\":[\"https:\/\/blog.wtransnet.com\/it\/wconnecta-barcelona-2016-festeggia-lasua-edizione-piu-numerosa-e-internazionale\/\"]}]},{\"@type\":\"ImageObject\",\"inLanguage\":\"es\",\"@id\":\"https:\/\/blog.wtransnet.com\/it\/wconnecta-barcelona-2016-festeggia-lasua-edizione-piu-numerosa-e-internazionale\/#primaryimage\",\"url\":\"https:\/\/blog.wtransnet.com\/it\/wp-content\/uploads\/sites\/5\/2016\/11\/wconnecta-barcelona-2016-celebra-su-edicion-mas-multitudinaria.png\",\"contentUrl\":\"https:\/\/blog.wtransnet.com\/it\/wp-content\/uploads\/sites\/5\/2016\/11\/wconnecta-barcelona-2016-celebra-su-edicion-mas-multitudinaria.png\",\"width\":290,\"height\":250,\"caption\":\"wconnecta-barcelona-2010-successo-partecipazione-1000-accreditati\"},{\"@type\":\"BreadcrumbList\",\"@id\":\"https:\/\/blog.wtransnet.com\/it\/wconnecta-barcelona-2016-festeggia-lasua-edizione-piu-numerosa-e-internazionale\/#breadcrumb\",\"itemListElement\":[{\"@type\":\"ListItem\",\"position\":1,\"name\":\"Portada\",\"item\":\"https:\/\/blog.wtransnet.com\/it\/\"},{\"@type\":\"ListItem\",\"position\":2,\"name\":\"WConnecta celebra a Barcellona la sua edizione pi\u00f9 numerosa ed internazionale con la partecipazione di 1.000 professionisti del trasporto\"}]},{\"@type\":\"WebSite\",\"@id\":\"https:\/\/blog.wtransnet.com\/it\/#website\",\"url\":\"https:\/\/blog.wtransnet.com\/it\/\",\"name\":\"Blog Wtransnet Italia\",\"description\":\"Blog Wtransnet Italia: Notizie di trasporto e logistica\",\"potentialAction\":[{\"@type\":\"SearchAction\",\"target\":{\"@type\":\"EntryPoint\",\"urlTemplate\":\"https:\/\/blog.wtransnet.com\/it\/?s={search_term_string}\"},\"query-input\":{\"@type\":\"PropertyValueSpecification\",\"valueRequired\":true,\"valueName\":\"search_term_string\"}}],\"inLanguage\":\"es\"},{\"@type\":\"Person\",\"@id\":\"https:\/\/blog.wtransnet.com\/it\/#\/schema\/person\/72e72ba89ffa96d0d5f7e50a6af29d29\",\"name\":\"Edgar Compte Reollo\",\"image\":{\"@type\":\"ImageObject\",\"inLanguage\":\"es\",\"@id\":\"https:\/\/blog.wtransnet.com\/it\/#\/schema\/person\/image\/\",\"url\":\"https:\/\/secure.gravatar.com\/avatar\/cdef3ab443cd703d80f8618c041e62e3338cd7adb52bb56655047a411be15900?s=96&d=mm&r=g\",\"contentUrl\":\"https:\/\/secure.gravatar.com\/avatar\/cdef3ab443cd703d80f8618c041e62e3338cd7adb52bb56655047a411be15900?s=96&d=mm&r=g\",\"caption\":\"Edgar Compte Reollo\"},\"url\":\"https:\/\/blog.wtransnet.com\/it\/author\/ecompte\/\"}]}<\/script>\n<!-- \/ Yoast SEO plugin. -->","yoast_head_json":{"title":"WConnecta celebra a Barcellona la sua edizione pi\u00f9 numerosa ed internazionale con la partecipazione di 1.000 professionisti del trasporto - Blog Wtransnet Italia","robots":{"index":"index","follow":"follow","max-snippet":"max-snippet:-1","max-image-preview":"max-image-preview:large","max-video-preview":"max-video-preview:-1"},"canonical":"https:\/\/blog.wtransnet.com\/it\/wconnecta-barcelona-2016-festeggia-lasua-edizione-piu-numerosa-e-internazionale\/","og_locale":"es_ES","og_type":"article","og_title":"WConnecta celebra a Barcellona la sua edizione pi\u00f9 numerosa ed internazionale con la partecipazione di 1.000 professionisti del trasporto - Blog Wtransnet Italia","og_description":"1.000 professionisti di 23 paesi si sono dati appuntamento all\u2019evento di trasporto su strada pi\u00f9 importante d\u2019 Europa Dopo il successo della sua settima edizione, l\u2019organizzazione scommette sull\u2019internazionalizzazione e annuncia la sede dell\u2019anno prossimo in Germania Lo scorso 11 novembre nel\u00a0 Palau de Congressos de Catalunya si \u00e8 celebrato il settimo incontro di Professionisti del &hellip;","og_url":"https:\/\/blog.wtransnet.com\/it\/wconnecta-barcelona-2016-festeggia-lasua-edizione-piu-numerosa-e-internazionale\/","og_site_name":"Blog Wtransnet Italia","article_published_time":"2016-11-16T13:56:42+00:00","og_image":[{"width":290,"height":250,"url":"https:\/\/blog.wtransnet.com\/it\/wp-content\/uploads\/sites\/5\/2016\/11\/wconnecta-barcelona-2016-celebra-su-edicion-mas-multitudinaria.png","type":"image\/png"}],"author":"Edgar Compte Reollo","twitter_card":"summary_large_image","twitter_misc":{"Escrito por":"Edgar Compte Reollo","Tiempo de lectura":"2 minutos"},"schema":{"@context":"https:\/\/schema.org","@graph":[{"@type":"Article","@id":"https:\/\/blog.wtransnet.com\/it\/wconnecta-barcelona-2016-festeggia-lasua-edizione-piu-numerosa-e-internazionale\/#article","isPartOf":{"@id":"https:\/\/blog.wtransnet.com\/it\/wconnecta-barcelona-2016-festeggia-lasua-edizione-piu-numerosa-e-internazionale\/"},"author":{"name":"Edgar Compte Reollo","@id":"https:\/\/blog.wtransnet.com\/it\/#\/schema\/person\/72e72ba89ffa96d0d5f7e50a6af29d29"},"headline":"WConnecta celebra a Barcellona la sua edizione pi\u00f9 numerosa ed internazionale con la partecipazione di 1.000 professionisti del trasporto","datePublished":"2016-11-16T13:56:42+00:00","mainEntityOfPage":{"@id":"https:\/\/blog.wtransnet.com\/it\/wconnecta-barcelona-2016-festeggia-lasua-edizione-piu-numerosa-e-internazionale\/"},"wordCount":495,"commentCount":0,"image":{"@id":"https:\/\/blog.wtransnet.com\/it\/wconnecta-barcelona-2016-festeggia-lasua-edizione-piu-numerosa-e-internazionale\/#primaryimage"},"thumbnailUrl":"https:\/\/blog.wtransnet.com\/it\/wp-content\/uploads\/sites\/5\/2016\/11\/wconnecta-barcelona-2016-celebra-su-edicion-mas-multitudinaria.png","keywords":["aziende di trasporto","borsa carichi","collaboratori trasporto","evento","Fundaci\u00f3n Wtransnet","networking","operatori logistici","speed networking","trasporto","WConnecta Barcelona 2016"],"articleSection":["Atti e Eventi","Fondazione","Fondazione Wtransnet","Trasporto"],"inLanguage":"es","potentialAction":[{"@type":"CommentAction","name":"Comment","target":["https:\/\/blog.wtransnet.com\/it\/wconnecta-barcelona-2016-festeggia-lasua-edizione-piu-numerosa-e-internazionale\/#respond"]}]},{"@type":"WebPage","@id":"https:\/\/blog.wtransnet.com\/it\/wconnecta-barcelona-2016-festeggia-lasua-edizione-piu-numerosa-e-internazionale\/","url":"https:\/\/blog.wtransnet.com\/it\/wconnecta-barcelona-2016-festeggia-lasua-edizione-piu-numerosa-e-internazionale\/","name":"WConnecta celebra a Barcellona la sua edizione pi\u00f9 numerosa ed internazionale con la partecipazione di 1.000 professionisti del trasporto - Blog Wtransnet Italia","isPartOf":{"@id":"https:\/\/blog.wtransnet.com\/it\/#website"},"primaryImageOfPage":{"@id":"https:\/\/blog.wtransnet.com\/it\/wconnecta-barcelona-2016-festeggia-lasua-edizione-piu-numerosa-e-internazionale\/#primaryimage"},"image":{"@id":"https:\/\/blog.wtransnet.com\/it\/wconnecta-barcelona-2016-festeggia-lasua-edizione-piu-numerosa-e-internazionale\/#primaryimage"},"thumbnailUrl":"https:\/\/blog.wtransnet.com\/it\/wp-content\/uploads\/sites\/5\/2016\/11\/wconnecta-barcelona-2016-celebra-su-edicion-mas-multitudinaria.png","datePublished":"2016-11-16T13:56:42+00:00","author":{"@id":"https:\/\/blog.wtransnet.com\/it\/#\/schema\/person\/72e72ba89ffa96d0d5f7e50a6af29d29"},"breadcrumb":{"@id":"https:\/\/blog.wtransnet.com\/it\/wconnecta-barcelona-2016-festeggia-lasua-edizione-piu-numerosa-e-internazionale\/#breadcrumb"},"inLanguage":"es","potentialAction":[{"@type":"ReadAction","target":["https:\/\/blog.wtransnet.com\/it\/wconnecta-barcelona-2016-festeggia-lasua-edizione-piu-numerosa-e-internazionale\/"]}]},{"@type":"ImageObject","inLanguage":"es","@id":"https:\/\/blog.wtransnet.com\/it\/wconnecta-barcelona-2016-festeggia-lasua-edizione-piu-numerosa-e-internazionale\/#primaryimage","url":"https:\/\/blog.wtransnet.com\/it\/wp-content\/uploads\/sites\/5\/2016\/11\/wconnecta-barcelona-2016-celebra-su-edicion-mas-multitudinaria.png","contentUrl":"https:\/\/blog.wtransnet.com\/it\/wp-content\/uploads\/sites\/5\/2016\/11\/wconnecta-barcelona-2016-celebra-su-edicion-mas-multitudinaria.png","width":290,"height":250,"caption":"wconnecta-barcelona-2010-successo-partecipazione-1000-accreditati"},{"@type":"BreadcrumbList","@id":"https:\/\/blog.wtransnet.com\/it\/wconnecta-barcelona-2016-festeggia-lasua-edizione-piu-numerosa-e-internazionale\/#breadcrumb","itemListElement":[{"@type":"ListItem","position":1,"name":"Portada","item":"https:\/\/blog.wtransnet.com\/it\/"},{"@type":"ListItem","position":2,"name":"WConnecta celebra a Barcellona la sua edizione pi\u00f9 numerosa ed internazionale con la partecipazione di 1.000 professionisti del trasporto"}]},{"@type":"WebSite","@id":"https:\/\/blog.wtransnet.com\/it\/#website","url":"https:\/\/blog.wtransnet.com\/it\/","name":"Blog Wtransnet Italia","description":"Blog Wtransnet Italia: Notizie di trasporto e logistica","potentialAction":[{"@type":"SearchAction","target":{"@type":"EntryPoint","urlTemplate":"https:\/\/blog.wtransnet.com\/it\/?s={search_term_string}"},"query-input":{"@type":"PropertyValueSpecification","valueRequired":true,"valueName":"search_term_string"}}],"inLanguage":"es"},{"@type":"Person","@id":"https:\/\/blog.wtransnet.com\/it\/#\/schema\/person\/72e72ba89ffa96d0d5f7e50a6af29d29","name":"Edgar Compte Reollo","image":{"@type":"ImageObject","inLanguage":"es","@id":"https:\/\/blog.wtransnet.com\/it\/#\/schema\/person\/image\/","url":"https:\/\/secure.gravatar.com\/avatar\/cdef3ab443cd703d80f8618c041e62e3338cd7adb52bb56655047a411be15900?s=96&d=mm&r=g","contentUrl":"https:\/\/secure.gravatar.com\/avatar\/cdef3ab443cd703d80f8618c041e62e3338cd7adb52bb56655047a411be15900?s=96&d=mm&r=g","caption":"Edgar Compte Reollo"},"url":"https:\/\/blog.wtransnet.com\/it\/author\/ecompte\/"}]}},"_links":{"self":[{"href":"https:\/\/blog.wtransnet.com\/it\/wp-json\/wp\/v2\/posts\/1076","targetHints":{"allow":["GET"]}}],"collection":[{"href":"https:\/\/blog.wtransnet.com\/it\/wp-json\/wp\/v2\/posts"}],"about":[{"href":"https:\/\/blog.wtransnet.com\/it\/wp-json\/wp\/v2\/types\/post"}],"author":[{"embeddable":true,"href":"https:\/\/blog.wtransnet.com\/it\/wp-json\/wp\/v2\/users\/2"}],"replies":[{"embeddable":true,"href":"https:\/\/blog.wtransnet.com\/it\/wp-json\/wp\/v2\/comments?post=1076"}],"version-history":[{"count":2,"href":"https:\/\/blog.wtransnet.com\/it\/wp-json\/wp\/v2\/posts\/1076\/revisions"}],"predecessor-version":[{"id":1138,"href":"https:\/\/blog.wtransnet.com\/it\/wp-json\/wp\/v2\/posts\/1076\/revisions\/1138"}],"wp:featuredmedia":[{"embeddable":true,"href":"https:\/\/blog.wtransnet.com\/it\/wp-json\/wp\/v2\/media\/1077"}],"wp:attachment":[{"href":"https:\/\/blog.wtransnet.com\/it\/wp-json\/wp\/v2\/media?parent=1076"}],"wp:term":[{"taxonomy":"category","embeddable":true,"href":"https:\/\/blog.wtransnet.com\/it\/wp-json\/wp\/v2\/categories?post=1076"},{"taxonomy":"post_tag","embeddable":true,"href":"https:\/\/blog.wtransnet.com\/it\/wp-json\/wp\/v2\/tags?post=1076"}],"curies":[{"name":"wp","href":"https:\/\/api.w.org\/{rel}","templated":true}]}}