{"id":1173,"date":"2017-02-27T11:59:40","date_gmt":"2017-02-27T11:59:40","guid":{"rendered":"https:\/\/blog.wtransnet.com\/it\/?p=1173"},"modified":"2017-02-28T11:33:46","modified_gmt":"2017-02-28T11:33:46","slug":"intervista-giovani-imprenditori-trasporto","status":"publish","type":"post","link":"https:\/\/blog.wtransnet.com\/it\/intervista-giovani-imprenditori-trasporto\/","title":{"rendered":"Fare impresa in tempi difficili: intervistiamo alcuni giovani imprenditori del trasporto"},"content":{"rendered":"<p><em>Parliamo con due giovani imprenditori che non sono stati frenati n\u00e9 dalla loro giovane et\u00e0 n\u00e9 dalla loro inesperienza nel momento di investire nel trasporto.<\/em><\/p>\n<p>In un\u2019epoca in cui numerose imprese di trasporto stanno cessando la loro attivit\u00e0 e dove il numero di nuove imprese di trasposto fluttua timidamente da mese a mese senza mostrare grandi margini di crescita, \u00e8 piuttosto raro incontrare nuovi imprenditori nel settore.<\/p>\n<p>Ancora pi\u00f9 inusuale, se vogliamo, \u00e8 il fatto che queste persone che hanno deciso di fare impresa nel settore siano giovani; \u00e8 stato cos\u00ec che, dopo un incontro durante le giornate formative presso la Fondazione Wtransnet, abbiamo voluto approfondire la storia di Jos\u00e9 di <strong>Transvolando SL<\/strong> e di <strong>Rodian di Global Arion Logistics SL<\/strong>.<\/p>\n<figure id=\"attachment_1245\" aria-describedby=\"caption-attachment-1245\" style=\"width: 500px\" class=\"wp-caption aligncenter\"><a href=\"https:\/\/blog.wtransnet.com\/it\/wp-content\/uploads\/sites\/5\/2017\/02\/giovani-imprenditori-trasporto.jpg\"><img loading=\"lazy\" decoding=\"async\" class=\"size-full wp-image-1245\" src=\"https:\/\/blog.wtransnet.com\/it\/wp-content\/uploads\/sites\/5\/2017\/02\/giovani-imprenditori-trasporto.jpg\" alt=\"Il gruppo alle giornate formative\" width=\"500\" height=\"300\" srcset=\"https:\/\/blog.wtransnet.com\/it\/wp-content\/uploads\/sites\/5\/2017\/02\/giovani-imprenditori-trasporto.jpg 500w, https:\/\/blog.wtransnet.com\/it\/wp-content\/uploads\/sites\/5\/2017\/02\/giovani-imprenditori-trasporto-300x180.jpg 300w\" sizes=\"auto, (max-width: 500px) 100vw, 500px\" \/><\/a><figcaption id=\"caption-attachment-1245\" class=\"wp-caption-text\">Il gruppo alle giornate formative<\/figcaption><\/figure>\n<p>Rodian ha 24 anni, \u00e8 nato in Moldavia e a partire dal 2001 risiede a Madrid, Spagna. Ci ha raccontato come si \u00e8 inserito nel mondo del trasporto sotto l\u2019occhio vigile della moglie Cristina, anche lei moldava e, come il marito, molto giovane. Di recente sono diventati genitori e i loro due progetti di vita, l\u2019attivit\u00e0 e la famiglia, comportano molte responsabilit\u00e0 per entrambi.<\/p>\n<p>\u201c<em>Mio padre era un fattorino ed era spesso disoccupato. Io stavo studiando odontoiatria (protesi dentali) e dividevo il tempo tra lo studio ed un lavoro come gestore del traffico in un impresa di trasporti. Ho deciso di creare la mia impresa per aiutare mio padre a fare quello che gi\u00e0 sapeva fare, in fondo se ero riuscito a trovare carichi per la flotta di un grande operatore logistico come non avrei potuto trovarli per il furgoncino di mio padre?<\/em>\u201d<\/p>\n<p>Detto cos\u00ec sembra che tutto sia stato semplice e di fatto Rodian non pensa alle difficolt\u00e0 che ha incontrato per poter iniziare la propria attivit\u00e0: \u201c<em>Non ho avuto difficolt\u00e0 perch\u00e9 ho sempre potuto contare sull\u2019appoggio della mia famiglia, in pi\u00f9 abbiamo avuto la possibilit\u00e0 di chiedere un prestito presso un istituto pubblico che ci ha garantito un finanziamento a tassi molto bassi<\/em>\u201d. In questo modo Rodian ha potuto comprare veicoli di seconda mano poich\u00e9, dato che suo padre \u00e8 meccanico, avrebbe avuto qualcuno capace di occuparsene per la messa a punto e le riparazioni che sono necessarie per un camion con queste caratteristiche. A fronte a tanto entusiasmo da parte di Rodian, arriva Cristina a portare una buona dose di realismo alla conversazione:<\/p>\n<p>\u201c<em>Non \u00e8 stato per niente cos\u00ec facile dato che, dopo due mesi dall\u2019acquisto del nostro primo furgone, abbiamo subito un furto e senza il veicolo abbiamo dovuto comunque ritornare ogni centesimo del credito che abbiamo chiesto in prestito<\/em>\u201d.<\/p>\n<p>Due anni dopo aver costituito la societ\u00e0 e dopo aver affrontato le difficolt\u00e0 tipiche di chi si affaccia al mondo della piccola e media impresa di trasporti, soprattutto con il ritardo dei pagamenti, l\u2019azienda oggi conta due furgoncini, un camion furgonato e un camion centinato.<\/p>\n<p>In officina ci sono cinque persone ma chi fa sentire la sua voce \u00e8 Catherina, la sorella di Rodian, che si occupa del traffico, la quale afferma che: \u201c<em>Ci siamo specializzati nell\u2019express perch\u00e9 paga meglio rispetto al groupage, per\u00f2 anche noi ci muoviamo in ambito locale e su alcune rotte internazionali come la Germania e abbiamo stretto accordi con clienti fissi per il trasporto nazionale grazie a Wtransnet<\/em>\u201d.<\/p>\n<figure id=\"attachment_1246\" aria-describedby=\"caption-attachment-1246\" style=\"width: 500px\" class=\"wp-caption aligncenter\"><a href=\"https:\/\/blog.wtransnet.com\/it\/wp-content\/uploads\/sites\/5\/2017\/02\/impresa-trasporto-merci-arion.jpg\"><img loading=\"lazy\" decoding=\"async\" class=\"size-full wp-image-1246\" src=\"https:\/\/blog.wtransnet.com\/it\/wp-content\/uploads\/sites\/5\/2017\/02\/impresa-trasporto-merci-arion.jpg\" alt=\"Rodian e Cristina, di Global Arion Logistics SL\" width=\"500\" height=\"300\" srcset=\"https:\/\/blog.wtransnet.com\/it\/wp-content\/uploads\/sites\/5\/2017\/02\/impresa-trasporto-merci-arion.jpg 500w, https:\/\/blog.wtransnet.com\/it\/wp-content\/uploads\/sites\/5\/2017\/02\/impresa-trasporto-merci-arion-300x180.jpg 300w\" sizes=\"auto, (max-width: 500px) 100vw, 500px\" \/><\/a><figcaption id=\"caption-attachment-1246\" class=\"wp-caption-text\">Rodian e Cristina, di Global Arion Logistics SL<\/figcaption><\/figure>\n<p>A breve andranno ad inaugurare un piccolo capannone dove poter gestire anche le attivit\u00e0 di stoccaggio per la distribuzione locale. Anche se in questo momento non hanno pianificato di ampliare la flotta, sembra che nulla possa spaventarli. Di fatto hanno idee molto chiare su ci\u00f2 che devono fare per poter continuare a crescere. La loro esperienza in Germania con clienti molto pignoli su tematiche come le certificazioni e la conformit\u00e0, in linea con la filosofia di Wtransnet, ha dato loro nuove idee:<\/p>\n<p>\u201c<em>Vogliamo certificarci come autotrasportatori per essere visibili prima della committenza: siamo piccoli e non abbiamo la forza per poter negoziare, in questo modo vogliamo differenziarci<\/em>\u201d, conclude Rodian.<\/p>\n<p>Senza rubar loro dell\u2019altro tempo prezioso, poco prima di un ricevimento importante nel locale dei genitori di Cristina che in questo momento funge da ufficio per l\u2019azienda, andiamo a vedere la situazione di due altri giovani imprenditori: Jos\u00e9 e Tania di Transvolando SL.<\/p>\n<p>Ci ricevono nella loro casa, dove si sono dotati di un\u2019officina: \u201c<em>Scusateci se vi riceviamo in casa, per\u00f2 abbiamo appena cominciato e l\u2019unica cosa sicura \u00e8 che [<strong>in questo momento<\/strong>, ndt] non abbiamo bisogno di alcun locale<\/em>\u201d, ci dice Jos\u00e9 scusandosi.<\/p>\n<p>Jos\u00e9 e Tania, di 30 e 27 anni rispettivamente, sono al comando di un\u2019impresa senza che nessuno dei due avesse alcuna esperienza nel campo dei trasporti. Hanno deciso di aprire l\u2019azienda poco pi\u00f9 di un anno fa, spinti dai fratelli di Tania che sono attivi nel settore. Come la coppia che abbiamo visitato prima, anche loro sono genitori di una bambina ma non gli ha tremato il polso nel momento di investire:<\/p>\n<p>\u201c<em>Non \u00e8 stato un anno facile per\u00f2 il lavoro non \u00e8 mancato. Quello che pi\u00f9 mi faceva paura<\/em> \u2013 dice Jos\u00e9 \u2013, <em>era che non mi dessero carichi perch\u00e9 nessuno ci conosceva, ma essere associati a Wtransnet mi ha aperto molte porte<\/em>\u201d.<\/p>\n<figure id=\"attachment_1247\" aria-describedby=\"caption-attachment-1247\" style=\"width: 500px\" class=\"wp-caption aligncenter\"><a href=\"https:\/\/blog.wtransnet.com\/it\/wp-content\/uploads\/sites\/5\/2017\/02\/impresa-trasporto-merci-transvolando.jpg\"><img loading=\"lazy\" decoding=\"async\" class=\"size-full wp-image-1247\" src=\"https:\/\/blog.wtransnet.com\/it\/wp-content\/uploads\/sites\/5\/2017\/02\/impresa-trasporto-merci-transvolando.jpg\" alt=\"Jos\u00e9 e Tania, di Transvolando SL\" width=\"500\" height=\"300\" srcset=\"https:\/\/blog.wtransnet.com\/it\/wp-content\/uploads\/sites\/5\/2017\/02\/impresa-trasporto-merci-transvolando.jpg 500w, https:\/\/blog.wtransnet.com\/it\/wp-content\/uploads\/sites\/5\/2017\/02\/impresa-trasporto-merci-transvolando-300x180.jpg 300w\" sizes=\"auto, (max-width: 500px) 100vw, 500px\" \/><\/a><figcaption id=\"caption-attachment-1247\" class=\"wp-caption-text\">Jos\u00e9 e Tania, di Transvolando SL<\/figcaption><\/figure>\n<p>Ci\u00f2 che \u00e8 sicuro \u00e8 che la progressione di Transvolando SL \u00e8 stata davvero vertiginosa: in un anno sono arrivati a poter contare su una flotta di cinque camion, due dei quali possono essere noleggiati per sopperire ai periodi di lavoro pi\u00f9 intenso, e tre conducenti stipendiati. Da poco, inoltre, hanno iniziato a offrire carichi in borsa.<\/p>\n<p>Nel momento di investire hanno messo mano al portafogli perch\u00e9, secondo quello che ci dicono, non esistono aiuti che non siano i classici sconti statali che valgono per il primo anno come padroncino.<\/p>\n<p>Hanno iniziato cominciando con camion di seconda mano e qui \u00e8 dove hanno trovato le prime difficolt\u00e0, dato che subito arrivarono i primi guasti ed i sovrapprezzi per la manutenzione. Questo \u00e8 uno dei motivi, ci dice Jos\u00e9, per il quale per il momento non sono previste rotte internazionali:<\/p>\n<p>\u201c<em>I camion non sono pronti per rotte cos\u00ec lunghe dove qualsiasi avaria potrebbe portarti alla rovina. Poi ci sono le multe, trovare carichi per rientrare a casa e le leggi specifiche di ogni paese. Per questo non ne siamo attratti<\/em>\u201d.<\/p>\n<p>A breve progettano di acquistare un veicolo nuovo, consci del fatto che andr\u00e0 a rappresentare un beneficio per quando sar\u00e0 il momento di crescere come impresa. Una scelta come questa ora non fa pi\u00f9 paura, poich\u00e9 sono riusciti a sueprare il timore di non sapere quando sarebbero riusciti a rientrare sull\u2019investimento iniziale.<\/p>\n<p>Un\u2019altra difficolt\u00e0 che hanno incontrato \u00e8 stata quella della contrattazione con autisti affidabili: \u201cAbbiamo avuto alcune esperienze negative con impiegati che, nel vederci giovani e inesperti, ci hanno provato a fregare\u201d, afferma Tania in maniera tagliente.<\/p>\n<p>Dopo, un classico. Anche Jos\u00e9 si lamenta dei pagamenti effettuati in ritardo da alcuni clienti con cui lavora: \u201c<em>\u00c8 uno scandalo che ti paghino a 70 o a 90 giorni! Mi da molto fastidio finanziare le grandi imprese perch\u00e9 questo implica che io finisco la liquidit\u00e0<\/em>.\u201d<\/p>\n<p>Termina qui la nostra visita ad alcuni giovani senza paura, che l\u2019anno passato parlavano con timidezza agli incontri organizzati per le Giornate Formative e che ora si muovono nel mondo del trasporto con grande disinvoltura. Hanno scommesso in un settore in cui nessuno avrebbe scommesso in questo momento e, i casi della vita, ad oggi pare che le cose non stiano andando per niente male.<\/p>\n","protected":false},"excerpt":{"rendered":"<p>Parliamo con due giovani imprenditori che non sono stati frenati n\u00e9 dalla loro giovane et\u00e0 n\u00e9 dalla loro inesperienza nel momento di investire nel trasporto. In un\u2019epoca in cui numerose imprese di trasporto stanno cessando la loro attivit\u00e0 e dove il numero di nuove imprese di trasposto fluttua timidamente da mese a mese senza mostrare &hellip;<\/p>\n","protected":false},"author":2,"featured_media":1248,"comment_status":"open","ping_status":"open","sticky":false,"template":"","format":"standard","meta":{"_monsterinsights_skip_tracking":false,"_monsterinsights_sitenote_active":false,"_monsterinsights_sitenote_note":"","_monsterinsights_sitenote_category":0,"footnotes":""},"categories":[196,207,2],"tags":[10,331,332,333,12],"class_list":["post-1173","post","type-post","status-publish","format-standard","has-post-thumbnail","","category-blog","category-fondazione","category-wtransnet","tag-borsa-carichi","tag-giovani-imprenditori","tag-global-arion-logistics","tag-transvolando","tag-trasporto"],"yoast_head":"<!-- This site is optimized with the Yoast SEO plugin v26.9 - https:\/\/yoast.com\/product\/yoast-seo-wordpress\/ -->\n<title>Intervista a giovani imprenditori del trasporto | Blog Wtransnet<\/title>\n<meta name=\"description\" content=\"Parliamo con due giovani imprenditori che non sono stati frenati n\u00e9 dalla loro giovane et\u00e0 n\u00e9 dalla loro inesperienza nel momento di investire nel trasporto\" \/>\n<meta name=\"robots\" content=\"index, follow, max-snippet:-1, max-image-preview:large, max-video-preview:-1\" \/>\n<link rel=\"canonical\" href=\"https:\/\/blog.wtransnet.com\/it\/intervista-giovani-imprenditori-trasporto\/\" \/>\n<meta property=\"og:locale\" content=\"es_ES\" \/>\n<meta property=\"og:type\" content=\"article\" \/>\n<meta property=\"og:title\" content=\"Intervista a giovani imprenditori del trasporto | Blog Wtransnet\" \/>\n<meta property=\"og:description\" content=\"Parliamo con due giovani imprenditori che non sono stati frenati n\u00e9 dalla loro giovane et\u00e0 n\u00e9 dalla loro inesperienza nel momento di investire nel trasporto\" \/>\n<meta property=\"og:url\" content=\"https:\/\/blog.wtransnet.com\/it\/intervista-giovani-imprenditori-trasporto\/\" \/>\n<meta property=\"og:site_name\" content=\"Blog Wtransnet Italia\" \/>\n<meta property=\"article:published_time\" content=\"2017-02-27T11:59:40+00:00\" \/>\n<meta property=\"article:modified_time\" content=\"2017-02-28T11:33:46+00:00\" \/>\n<meta property=\"og:image\" content=\"https:\/\/blog.wtransnet.com\/it\/wp-content\/uploads\/sites\/5\/2017\/02\/logo-giornate-formative-wtransnet-imprese.jpg\" \/>\n\t<meta property=\"og:image:width\" content=\"290\" \/>\n\t<meta property=\"og:image:height\" content=\"250\" \/>\n\t<meta property=\"og:image:type\" content=\"image\/jpeg\" \/>\n<meta name=\"author\" content=\"Edgar Compte Reollo\" \/>\n<meta name=\"twitter:card\" content=\"summary_large_image\" \/>\n<meta name=\"twitter:label1\" content=\"Escrito por\" \/>\n\t<meta name=\"twitter:data1\" content=\"Edgar Compte Reollo\" \/>\n\t<meta name=\"twitter:label2\" content=\"Tiempo de lectura\" \/>\n\t<meta name=\"twitter:data2\" content=\"6 minutos\" \/>\n<script type=\"application\/ld+json\" class=\"yoast-schema-graph\">{\"@context\":\"https:\/\/schema.org\",\"@graph\":[{\"@type\":\"Article\",\"@id\":\"https:\/\/blog.wtransnet.com\/it\/intervista-giovani-imprenditori-trasporto\/#article\",\"isPartOf\":{\"@id\":\"https:\/\/blog.wtransnet.com\/it\/intervista-giovani-imprenditori-trasporto\/\"},\"author\":{\"name\":\"Edgar Compte Reollo\",\"@id\":\"https:\/\/blog.wtransnet.com\/it\/#\/schema\/person\/72e72ba89ffa96d0d5f7e50a6af29d29\"},\"headline\":\"Fare impresa in tempi difficili: intervistiamo alcuni giovani imprenditori del trasporto\",\"datePublished\":\"2017-02-27T11:59:40+00:00\",\"dateModified\":\"2017-02-28T11:33:46+00:00\",\"mainEntityOfPage\":{\"@id\":\"https:\/\/blog.wtransnet.com\/it\/intervista-giovani-imprenditori-trasporto\/\"},\"wordCount\":1264,\"commentCount\":0,\"image\":{\"@id\":\"https:\/\/blog.wtransnet.com\/it\/intervista-giovani-imprenditori-trasporto\/#primaryimage\"},\"thumbnailUrl\":\"https:\/\/blog.wtransnet.com\/it\/wp-content\/uploads\/sites\/5\/2017\/02\/logo-giornate-formative-wtransnet-imprese.jpg\",\"keywords\":[\"borsa carichi\",\"giovani imprenditori\",\"Global Arion Logistics\",\"Transvolando\",\"trasporto\"],\"articleSection\":[\"Blog\",\"Fondazione\",\"Wtransnet\"],\"inLanguage\":\"es\",\"potentialAction\":[{\"@type\":\"CommentAction\",\"name\":\"Comment\",\"target\":[\"https:\/\/blog.wtransnet.com\/it\/intervista-giovani-imprenditori-trasporto\/#respond\"]}]},{\"@type\":\"WebPage\",\"@id\":\"https:\/\/blog.wtransnet.com\/it\/intervista-giovani-imprenditori-trasporto\/\",\"url\":\"https:\/\/blog.wtransnet.com\/it\/intervista-giovani-imprenditori-trasporto\/\",\"name\":\"Intervista a giovani imprenditori del trasporto | Blog Wtransnet\",\"isPartOf\":{\"@id\":\"https:\/\/blog.wtransnet.com\/it\/#website\"},\"primaryImageOfPage\":{\"@id\":\"https:\/\/blog.wtransnet.com\/it\/intervista-giovani-imprenditori-trasporto\/#primaryimage\"},\"image\":{\"@id\":\"https:\/\/blog.wtransnet.com\/it\/intervista-giovani-imprenditori-trasporto\/#primaryimage\"},\"thumbnailUrl\":\"https:\/\/blog.wtransnet.com\/it\/wp-content\/uploads\/sites\/5\/2017\/02\/logo-giornate-formative-wtransnet-imprese.jpg\",\"datePublished\":\"2017-02-27T11:59:40+00:00\",\"dateModified\":\"2017-02-28T11:33:46+00:00\",\"author\":{\"@id\":\"https:\/\/blog.wtransnet.com\/it\/#\/schema\/person\/72e72ba89ffa96d0d5f7e50a6af29d29\"},\"description\":\"Parliamo con due giovani imprenditori che non sono stati frenati n\u00e9 dalla loro giovane et\u00e0 n\u00e9 dalla loro inesperienza nel momento di investire nel trasporto\",\"breadcrumb\":{\"@id\":\"https:\/\/blog.wtransnet.com\/it\/intervista-giovani-imprenditori-trasporto\/#breadcrumb\"},\"inLanguage\":\"es\",\"potentialAction\":[{\"@type\":\"ReadAction\",\"target\":[\"https:\/\/blog.wtransnet.com\/it\/intervista-giovani-imprenditori-trasporto\/\"]}]},{\"@type\":\"ImageObject\",\"inLanguage\":\"es\",\"@id\":\"https:\/\/blog.wtransnet.com\/it\/intervista-giovani-imprenditori-trasporto\/#primaryimage\",\"url\":\"https:\/\/blog.wtransnet.com\/it\/wp-content\/uploads\/sites\/5\/2017\/02\/logo-giornate-formative-wtransnet-imprese.jpg\",\"contentUrl\":\"https:\/\/blog.wtransnet.com\/it\/wp-content\/uploads\/sites\/5\/2017\/02\/logo-giornate-formative-wtransnet-imprese.jpg\",\"width\":290,\"height\":250},{\"@type\":\"BreadcrumbList\",\"@id\":\"https:\/\/blog.wtransnet.com\/it\/intervista-giovani-imprenditori-trasporto\/#breadcrumb\",\"itemListElement\":[{\"@type\":\"ListItem\",\"position\":1,\"name\":\"Portada\",\"item\":\"https:\/\/blog.wtransnet.com\/it\/\"},{\"@type\":\"ListItem\",\"position\":2,\"name\":\"Fare impresa in tempi difficili: intervistiamo alcuni giovani imprenditori del trasporto\"}]},{\"@type\":\"WebSite\",\"@id\":\"https:\/\/blog.wtransnet.com\/it\/#website\",\"url\":\"https:\/\/blog.wtransnet.com\/it\/\",\"name\":\"Blog Wtransnet Italia\",\"description\":\"Blog Wtransnet Italia: Notizie di trasporto e logistica\",\"potentialAction\":[{\"@type\":\"SearchAction\",\"target\":{\"@type\":\"EntryPoint\",\"urlTemplate\":\"https:\/\/blog.wtransnet.com\/it\/?s={search_term_string}\"},\"query-input\":{\"@type\":\"PropertyValueSpecification\",\"valueRequired\":true,\"valueName\":\"search_term_string\"}}],\"inLanguage\":\"es\"},{\"@type\":\"Person\",\"@id\":\"https:\/\/blog.wtransnet.com\/it\/#\/schema\/person\/72e72ba89ffa96d0d5f7e50a6af29d29\",\"name\":\"Edgar Compte Reollo\",\"image\":{\"@type\":\"ImageObject\",\"inLanguage\":\"es\",\"@id\":\"https:\/\/blog.wtransnet.com\/it\/#\/schema\/person\/image\/\",\"url\":\"https:\/\/secure.gravatar.com\/avatar\/cdef3ab443cd703d80f8618c041e62e3338cd7adb52bb56655047a411be15900?s=96&d=mm&r=g\",\"contentUrl\":\"https:\/\/secure.gravatar.com\/avatar\/cdef3ab443cd703d80f8618c041e62e3338cd7adb52bb56655047a411be15900?s=96&d=mm&r=g\",\"caption\":\"Edgar Compte Reollo\"},\"url\":\"https:\/\/blog.wtransnet.com\/it\/author\/ecompte\/\"}]}<\/script>\n<!-- \/ Yoast SEO plugin. -->","yoast_head_json":{"title":"Intervista a giovani imprenditori del trasporto | Blog Wtransnet","description":"Parliamo con due giovani imprenditori che non sono stati frenati n\u00e9 dalla loro giovane et\u00e0 n\u00e9 dalla loro inesperienza nel momento di investire nel trasporto","robots":{"index":"index","follow":"follow","max-snippet":"max-snippet:-1","max-image-preview":"max-image-preview:large","max-video-preview":"max-video-preview:-1"},"canonical":"https:\/\/blog.wtransnet.com\/it\/intervista-giovani-imprenditori-trasporto\/","og_locale":"es_ES","og_type":"article","og_title":"Intervista a giovani imprenditori del trasporto | Blog Wtransnet","og_description":"Parliamo con due giovani imprenditori che non sono stati frenati n\u00e9 dalla loro giovane et\u00e0 n\u00e9 dalla loro inesperienza nel momento di investire nel trasporto","og_url":"https:\/\/blog.wtransnet.com\/it\/intervista-giovani-imprenditori-trasporto\/","og_site_name":"Blog Wtransnet Italia","article_published_time":"2017-02-27T11:59:40+00:00","article_modified_time":"2017-02-28T11:33:46+00:00","og_image":[{"width":290,"height":250,"url":"https:\/\/blog.wtransnet.com\/it\/wp-content\/uploads\/sites\/5\/2017\/02\/logo-giornate-formative-wtransnet-imprese.jpg","type":"image\/jpeg"}],"author":"Edgar Compte Reollo","twitter_card":"summary_large_image","twitter_misc":{"Escrito por":"Edgar Compte Reollo","Tiempo de lectura":"6 minutos"},"schema":{"@context":"https:\/\/schema.org","@graph":[{"@type":"Article","@id":"https:\/\/blog.wtransnet.com\/it\/intervista-giovani-imprenditori-trasporto\/#article","isPartOf":{"@id":"https:\/\/blog.wtransnet.com\/it\/intervista-giovani-imprenditori-trasporto\/"},"author":{"name":"Edgar Compte Reollo","@id":"https:\/\/blog.wtransnet.com\/it\/#\/schema\/person\/72e72ba89ffa96d0d5f7e50a6af29d29"},"headline":"Fare impresa in tempi difficili: intervistiamo alcuni giovani imprenditori del trasporto","datePublished":"2017-02-27T11:59:40+00:00","dateModified":"2017-02-28T11:33:46+00:00","mainEntityOfPage":{"@id":"https:\/\/blog.wtransnet.com\/it\/intervista-giovani-imprenditori-trasporto\/"},"wordCount":1264,"commentCount":0,"image":{"@id":"https:\/\/blog.wtransnet.com\/it\/intervista-giovani-imprenditori-trasporto\/#primaryimage"},"thumbnailUrl":"https:\/\/blog.wtransnet.com\/it\/wp-content\/uploads\/sites\/5\/2017\/02\/logo-giornate-formative-wtransnet-imprese.jpg","keywords":["borsa carichi","giovani imprenditori","Global Arion Logistics","Transvolando","trasporto"],"articleSection":["Blog","Fondazione","Wtransnet"],"inLanguage":"es","potentialAction":[{"@type":"CommentAction","name":"Comment","target":["https:\/\/blog.wtransnet.com\/it\/intervista-giovani-imprenditori-trasporto\/#respond"]}]},{"@type":"WebPage","@id":"https:\/\/blog.wtransnet.com\/it\/intervista-giovani-imprenditori-trasporto\/","url":"https:\/\/blog.wtransnet.com\/it\/intervista-giovani-imprenditori-trasporto\/","name":"Intervista a giovani imprenditori del trasporto | Blog Wtransnet","isPartOf":{"@id":"https:\/\/blog.wtransnet.com\/it\/#website"},"primaryImageOfPage":{"@id":"https:\/\/blog.wtransnet.com\/it\/intervista-giovani-imprenditori-trasporto\/#primaryimage"},"image":{"@id":"https:\/\/blog.wtransnet.com\/it\/intervista-giovani-imprenditori-trasporto\/#primaryimage"},"thumbnailUrl":"https:\/\/blog.wtransnet.com\/it\/wp-content\/uploads\/sites\/5\/2017\/02\/logo-giornate-formative-wtransnet-imprese.jpg","datePublished":"2017-02-27T11:59:40+00:00","dateModified":"2017-02-28T11:33:46+00:00","author":{"@id":"https:\/\/blog.wtransnet.com\/it\/#\/schema\/person\/72e72ba89ffa96d0d5f7e50a6af29d29"},"description":"Parliamo con due giovani imprenditori che non sono stati frenati n\u00e9 dalla loro giovane et\u00e0 n\u00e9 dalla loro inesperienza nel momento di investire nel trasporto","breadcrumb":{"@id":"https:\/\/blog.wtransnet.com\/it\/intervista-giovani-imprenditori-trasporto\/#breadcrumb"},"inLanguage":"es","potentialAction":[{"@type":"ReadAction","target":["https:\/\/blog.wtransnet.com\/it\/intervista-giovani-imprenditori-trasporto\/"]}]},{"@type":"ImageObject","inLanguage":"es","@id":"https:\/\/blog.wtransnet.com\/it\/intervista-giovani-imprenditori-trasporto\/#primaryimage","url":"https:\/\/blog.wtransnet.com\/it\/wp-content\/uploads\/sites\/5\/2017\/02\/logo-giornate-formative-wtransnet-imprese.jpg","contentUrl":"https:\/\/blog.wtransnet.com\/it\/wp-content\/uploads\/sites\/5\/2017\/02\/logo-giornate-formative-wtransnet-imprese.jpg","width":290,"height":250},{"@type":"BreadcrumbList","@id":"https:\/\/blog.wtransnet.com\/it\/intervista-giovani-imprenditori-trasporto\/#breadcrumb","itemListElement":[{"@type":"ListItem","position":1,"name":"Portada","item":"https:\/\/blog.wtransnet.com\/it\/"},{"@type":"ListItem","position":2,"name":"Fare impresa in tempi difficili: intervistiamo alcuni giovani imprenditori del trasporto"}]},{"@type":"WebSite","@id":"https:\/\/blog.wtransnet.com\/it\/#website","url":"https:\/\/blog.wtransnet.com\/it\/","name":"Blog Wtransnet Italia","description":"Blog Wtransnet Italia: Notizie di trasporto e logistica","potentialAction":[{"@type":"SearchAction","target":{"@type":"EntryPoint","urlTemplate":"https:\/\/blog.wtransnet.com\/it\/?s={search_term_string}"},"query-input":{"@type":"PropertyValueSpecification","valueRequired":true,"valueName":"search_term_string"}}],"inLanguage":"es"},{"@type":"Person","@id":"https:\/\/blog.wtransnet.com\/it\/#\/schema\/person\/72e72ba89ffa96d0d5f7e50a6af29d29","name":"Edgar Compte Reollo","image":{"@type":"ImageObject","inLanguage":"es","@id":"https:\/\/blog.wtransnet.com\/it\/#\/schema\/person\/image\/","url":"https:\/\/secure.gravatar.com\/avatar\/cdef3ab443cd703d80f8618c041e62e3338cd7adb52bb56655047a411be15900?s=96&d=mm&r=g","contentUrl":"https:\/\/secure.gravatar.com\/avatar\/cdef3ab443cd703d80f8618c041e62e3338cd7adb52bb56655047a411be15900?s=96&d=mm&r=g","caption":"Edgar Compte Reollo"},"url":"https:\/\/blog.wtransnet.com\/it\/author\/ecompte\/"}]}},"_links":{"self":[{"href":"https:\/\/blog.wtransnet.com\/it\/wp-json\/wp\/v2\/posts\/1173","targetHints":{"allow":["GET"]}}],"collection":[{"href":"https:\/\/blog.wtransnet.com\/it\/wp-json\/wp\/v2\/posts"}],"about":[{"href":"https:\/\/blog.wtransnet.com\/it\/wp-json\/wp\/v2\/types\/post"}],"author":[{"embeddable":true,"href":"https:\/\/blog.wtransnet.com\/it\/wp-json\/wp\/v2\/users\/2"}],"replies":[{"embeddable":true,"href":"https:\/\/blog.wtransnet.com\/it\/wp-json\/wp\/v2\/comments?post=1173"}],"version-history":[{"count":6,"href":"https:\/\/blog.wtransnet.com\/it\/wp-json\/wp\/v2\/posts\/1173\/revisions"}],"predecessor-version":[{"id":1250,"href":"https:\/\/blog.wtransnet.com\/it\/wp-json\/wp\/v2\/posts\/1173\/revisions\/1250"}],"wp:featuredmedia":[{"embeddable":true,"href":"https:\/\/blog.wtransnet.com\/it\/wp-json\/wp\/v2\/media\/1248"}],"wp:attachment":[{"href":"https:\/\/blog.wtransnet.com\/it\/wp-json\/wp\/v2\/media?parent=1173"}],"wp:term":[{"taxonomy":"category","embeddable":true,"href":"https:\/\/blog.wtransnet.com\/it\/wp-json\/wp\/v2\/categories?post=1173"},{"taxonomy":"post_tag","embeddable":true,"href":"https:\/\/blog.wtransnet.com\/it\/wp-json\/wp\/v2\/tags?post=1173"}],"curies":[{"name":"wp","href":"https:\/\/api.w.org\/{rel}","templated":true}]}}