{"id":1836,"date":"2018-04-16T07:26:25","date_gmt":"2018-04-16T07:26:25","guid":{"rendered":"https:\/\/blog.wtransnet.com\/it\/?p=1836"},"modified":"2018-04-16T07:26:25","modified_gmt":"2018-04-16T07:26:25","slug":"logistica-catena-del-freddo","status":"publish","type":"post","link":"https:\/\/blog.wtransnet.com\/it\/logistica-catena-del-freddo\/","title":{"rendered":"Logistica del Freddo: ecco come funziona l\u2019intera catena"},"content":{"rendered":"<blockquote><p><em>Tutti quei processi che rientrano nella gestione della logistica del freddo vanno trattati con grande cura per poter garantire che il fresco ed il secco arrivino sulle nostre tavole nelle migliori condizioni. Ogni dettaglio va infatti curato alla perfezione, poich\u00e9 un trasporto effettuato in maniera approssimativa avrebbe effetti disastrosi sulla merce. <\/em><\/p><\/blockquote>\n<p>La logistica del freddo muove enormi quantitativi di prodotti freschi e secchi ogni anno, contribuendo in maniera \u201cinvisibile\u201d a mantenere inalterato il nostro stile di vita quotidiano. Riuscite ad immaginarvi un carrello della spesa senza yogurt, formaggi, salumi, gelati, frutta e verdura?<\/p>\n<p>Tutti questi prodotti hanno alcuni punti in comune: hanno bisogno di essere mantenuti ad una temperatura precisa e controllata, la data di scadenza \u00e8 sempre imminente e sono facilmente deperibili. \u00c8, perci\u00f2, fondamentale <strong>evitare che uno shock termico possa compromettere o avariare il prodotto<\/strong>, intaccandone la qualit\u00e0 e rendendolo impossibile da commercializzare.<\/p>\n<p>Una variazione di temperatura all\u2019interno della filiera comprometterebbe l\u2019intera catena logistica del freddo, impedendo di mantenere lo standard qualitativo iniziale e compromettendo la reputazione di un\u2019azienda. Per questa ragione chi opera in questo particolare settore dispone di <strong>specifici magazzini refrigerati multi-temperatura<\/strong>, capaci di accogliere le movimentazioni in entrata ed in uscita mantenendo inalterati i prodotti.<\/p>\n<p><img loading=\"lazy\" decoding=\"async\" class=\"aligncenter wp-image-1839 size-full\" src=\"https:\/\/blog.wtransnet.com\/it\/wp-content\/uploads\/sites\/5\/2018\/04\/3.png\" alt=\"logistica-del-freddo-magazzino\" width=\"500\" height=\"300\" srcset=\"https:\/\/blog.wtransnet.com\/it\/wp-content\/uploads\/sites\/5\/2018\/04\/3.png 500w, https:\/\/blog.wtransnet.com\/it\/wp-content\/uploads\/sites\/5\/2018\/04\/3-300x180.png 300w\" sizes=\"auto, (max-width: 500px) 100vw, 500px\" \/><\/p>\n<blockquote><p>Lo stoccaggio avviene in magazzini dove la temperatura \u00e8 unica, tranne per la merce \u201csecca\u201d (<em>come ad esempio i biscotti<\/em>) che spesso viene stoccata in un capannone separato, per poter gestire pi\u00f9 facilmente una seconda temperatura. I prodotti che siamo abituati a mettere sulle nostre tavole devono essere <strong>stoccati a temperature precise<\/strong> e piuttosto diverse tra loro: i surgelati, ad esempio, vengono trattati a -18\u00b0, mentre la carne a +7\u00b0.<\/p><\/blockquote>\n<p>Tutti i processi che vengono effettuati all\u2019interno dell\u2019intera filiera permettono al consumatore di avere maggiori garanzie al momento dell\u2019acquisto del prodotto finale, grazie al rispetto di precise codifiche che rientrano nel <strong>\u201c<em>Codex Alimentarius<\/em>\u201d<\/strong>, un insieme di indicazioni e normative di cui fanno parte, ad esempio, i sistemi HACCP, ISO 9001 ed ISO 22000.<\/p>\n<p>Una volta confezionato, per il prodotto inizia una nuova fase nella logistica del freddo che lo vedr\u00e0 spostarsi verso un primo magazzino. In questa fase bisogna essere abili nell\u2019evitare quei problemi legati al mantenimento delle temperature sia in fase di caricamento della merce nel camion che nel successivo stoccaggio nei magazzini. <strong>Il camion deve arrivare gi\u00e0 in temperatura<\/strong> e la merce che si andr\u00e0 a caricare non dovr\u00e0 essere \u201ccalda\u201d.<\/p>\n<p>Per questo motivo le aziende che si occupano della logistica del freddo devono disporre sia di <strong>strutture logistiche adeguate che di mezzi appositi<\/strong>, per poter gestire correttamente i numerosi processi che passano dalla prima consegna da parte della committenza allo stoccaggio in magazzino, dalla preparazione per il trasporto fino alla consegna nei vari punti vendita.<\/p>\n<p><img loading=\"lazy\" decoding=\"async\" class=\"aligncenter wp-image-1838 size-full\" src=\"https:\/\/blog.wtransnet.com\/it\/wp-content\/uploads\/sites\/5\/2018\/04\/2.png\" alt=\"logistica-del-freddo-carichi\" width=\"500\" height=\"300\" srcset=\"https:\/\/blog.wtransnet.com\/it\/wp-content\/uploads\/sites\/5\/2018\/04\/2.png 500w, https:\/\/blog.wtransnet.com\/it\/wp-content\/uploads\/sites\/5\/2018\/04\/2-300x180.png 300w\" sizes=\"auto, (max-width: 500px) 100vw, 500px\" \/><\/p>\n<blockquote><p>Ci\u00f2 nonostante, non tutti i mezzi possono effettuare questo genere di trasporto: i veicoli refrigerati devono infatti rispondere alla <strong>normativa europea ATP<\/strong> (<em>Accord Transport Perissable<\/em>) che definisce le caratteristiche dei mezzi e la temperatura di esercizio prevista per il genere di prodotto trasportato.<\/p><\/blockquote>\n<p>Questo accordo, firmato a Ginevra nel 1970, detta le regole per la costruzione degli allestimenti isotermici per i trasporti frigoriferi refrigerati e specifica le tipologie di alimenti deperibili che vanno trasportate in regime di temperatura controllata. Ogni autoveicolo adibito al trasporto frigorifero viene classificato a seconda del coefficiente di isolamento termico della struttura isolata e della potenza dell\u2019impianto frigorifero utilizzato.<\/p>\n<p>Tuttavia, il rispetto delle qualificazioni, dei codici o dei sistemi di qualit\u00e0 interni o esterni non sempre permette alle aziende di fidarsi ciecamente del \u201cpasso successivo\u201d, specialmente laddove, nel passaggio di un carico tra un magazzino ed un camion, cambia anche l\u2019azienda che se ne occuper\u00e0 in prima persona: spesso infatti <strong>la gestione della logistica del freddo<\/strong> passa anche per le aziende di trasporto che intervengono per l\u2019affidamento di carichi spot. Per questa ragione il ricorso ad una <a href=\"http:\/\/www.wtransnet.com\/it\/\">borsa carichi e camion<\/a> come Wtransnet permette\u00a0di ovviare il problema e di ottimizzare\u00a0l&#8217;intero processo, specialmente laddove si rende necessario <strong>ampliare il proprio parco vettoriale<\/strong>.<\/p>\n<p>Tra la committenza e l\u2019arrivo della merce al punto di consegna previsto, infatti, spesso intervengono numerosi intermediari. Le aziende meglio organizzate si occupano di scegliere i propri vettori di fiducia attraverso un responsabile di qualit\u00e0 che si occupa del necessario da un punto di vista legale (<em>assicurazioni, documentazione, etc.<\/em>), delle certificazioni e dell\u2019idoneit\u00e0 dei mezzi impiegati, oppure ricorrendo al database di una borsa carichi.<\/p>\n<p><img loading=\"lazy\" decoding=\"async\" class=\"aligncenter wp-image-1837 size-full\" src=\"https:\/\/blog.wtransnet.com\/it\/wp-content\/uploads\/sites\/5\/2018\/04\/1.png\" alt=\"logistica-del-freddo-autista\" width=\"500\" height=\"300\" srcset=\"https:\/\/blog.wtransnet.com\/it\/wp-content\/uploads\/sites\/5\/2018\/04\/1.png 500w, https:\/\/blog.wtransnet.com\/it\/wp-content\/uploads\/sites\/5\/2018\/04\/1-300x180.png 300w\" sizes=\"auto, (max-width: 500px) 100vw, 500px\" \/><\/p>\n<blockquote><p>Anche <strong>gli autisti giocano un ruolo fondamentale<\/strong>, poich\u00e9 dovranno essere in grado di gestire le temperature (<em>che differiscono per ogni tipologia di trasporto<\/em>) ed il processo di carico e scarico con i vari clienti. Dovranno, inoltre, prendersi cura del mezzo con cui effettuare la consegna, arrivando con il semirimorchio frigo pulito e con la temperatura richiesta gi\u00e0 impostata, per <strong>ridurre al minimo i rischi<\/strong> legati agli shock termici.<\/p><\/blockquote>\n<p>Il controllo della temperatura del carico, dunque, avviene a pi\u00f9 riprese: una prima registrazione viene effettuata presso il cliente, successivamente essa viene monitorata durante il viaggio e, in conclusione, all\u2019arrivo in sede poco prima di essere stoccata in magazzino. Se tutto \u00e8 andato a buon fine, il prodotto \u00e8 pronto per <strong>l\u2019ultima fase del suo \u201cviaggio\u201d<\/strong> che lo porter\u00e0 prima in un supermercato, quindi sulle nostre tavole.<\/p>\n","protected":false},"excerpt":{"rendered":"<p>Tutti quei processi che rientrano nella gestione della logistica del freddo vanno trattati con grande cura per poter garantire che il fresco ed il secco arrivino sulle nostre tavole nelle migliori condizioni. Ogni dettaglio va infatti curato alla perfezione, poich\u00e9 un trasporto effettuato in maniera approssimativa avrebbe effetti disastrosi sulla merce. La logistica del freddo &hellip;<\/p>\n","protected":false},"author":2,"featured_media":1840,"comment_status":"open","ping_status":"closed","sticky":false,"template":"","format":"standard","meta":{"_monsterinsights_skip_tracking":false,"_monsterinsights_sitenote_active":false,"_monsterinsights_sitenote_note":"","_monsterinsights_sitenote_category":0,"footnotes":""},"categories":[351,196,376,6],"tags":[70,638,639,637,12,300],"class_list":["post-1836","post","type-post","status-publish","format-standard","has-post-thumbnail","","category-attualita","category-blog","category-innovazione","category-trasporto","tag-logistica","tag-magazzino","tag-qualificazioni","tag-temperatura-controllata","tag-trasporto","tag-trasporto-merci-su-strada"],"yoast_head":"<!-- This site is optimized with the Yoast SEO plugin v26.9 - https:\/\/yoast.com\/product\/yoast-seo-wordpress\/ -->\n<title>Logistica del Freddo: ecco come funziona l\u2019intera catena | Blog Wtransnet<\/title>\n<meta name=\"description\" content=\"La logistica del freddo muove enormi quantitativi di prodotti freschi e secchi ogni anno, contribuendo a mantenere il nostro stile di vita quotidiano.\" \/>\n<meta name=\"robots\" content=\"index, follow, max-snippet:-1, max-image-preview:large, max-video-preview:-1\" \/>\n<link rel=\"canonical\" href=\"https:\/\/blog.wtransnet.com\/it\/logistica-catena-del-freddo\/\" \/>\n<meta property=\"og:locale\" content=\"es_ES\" \/>\n<meta property=\"og:type\" content=\"article\" \/>\n<meta property=\"og:title\" content=\"Logistica del Freddo: ecco come funziona l\u2019intera catena | Blog Wtransnet\" \/>\n<meta property=\"og:description\" content=\"La logistica del freddo muove enormi quantitativi di prodotti freschi e secchi ogni anno, contribuendo a mantenere il nostro stile di vita quotidiano.\" \/>\n<meta property=\"og:url\" content=\"https:\/\/blog.wtransnet.com\/it\/logistica-catena-del-freddo\/\" \/>\n<meta property=\"og:site_name\" content=\"Blog Wtransnet Italia\" \/>\n<meta property=\"article:published_time\" content=\"2018-04-16T07:26:25+00:00\" \/>\n<meta property=\"og:image\" content=\"https:\/\/blog.wtransnet.com\/it\/wp-content\/uploads\/sites\/5\/2018\/04\/4.png\" \/>\n\t<meta property=\"og:image:width\" content=\"500\" \/>\n\t<meta property=\"og:image:height\" content=\"300\" \/>\n\t<meta property=\"og:image:type\" content=\"image\/png\" \/>\n<meta name=\"author\" content=\"Edgar Compte Reollo\" \/>\n<meta name=\"twitter:card\" content=\"summary_large_image\" \/>\n<meta name=\"twitter:label1\" content=\"Escrito por\" \/>\n\t<meta name=\"twitter:data1\" content=\"Edgar Compte Reollo\" \/>\n\t<meta name=\"twitter:label2\" content=\"Tiempo de lectura\" \/>\n\t<meta name=\"twitter:data2\" content=\"4 minutos\" \/>\n<script type=\"application\/ld+json\" class=\"yoast-schema-graph\">{\"@context\":\"https:\/\/schema.org\",\"@graph\":[{\"@type\":\"Article\",\"@id\":\"https:\/\/blog.wtransnet.com\/it\/logistica-catena-del-freddo\/#article\",\"isPartOf\":{\"@id\":\"https:\/\/blog.wtransnet.com\/it\/logistica-catena-del-freddo\/\"},\"author\":{\"name\":\"Edgar Compte Reollo\",\"@id\":\"https:\/\/blog.wtransnet.com\/it\/#\/schema\/person\/72e72ba89ffa96d0d5f7e50a6af29d29\"},\"headline\":\"Logistica del Freddo: ecco come funziona l\u2019intera catena\",\"datePublished\":\"2018-04-16T07:26:25+00:00\",\"mainEntityOfPage\":{\"@id\":\"https:\/\/blog.wtransnet.com\/it\/logistica-catena-del-freddo\/\"},\"wordCount\":869,\"commentCount\":0,\"image\":{\"@id\":\"https:\/\/blog.wtransnet.com\/it\/logistica-catena-del-freddo\/#primaryimage\"},\"thumbnailUrl\":\"https:\/\/blog.wtransnet.com\/it\/wp-content\/uploads\/sites\/5\/2018\/04\/4.png\",\"keywords\":[\"logistica\",\"magazzino\",\"qualificazioni\",\"temperatura controllata\",\"trasporto\",\"trasporto merci su strada\"],\"articleSection\":[\"Attualit\u00e0\",\"Blog\",\"Innovazione\",\"Trasporto\"],\"inLanguage\":\"es\",\"potentialAction\":[{\"@type\":\"CommentAction\",\"name\":\"Comment\",\"target\":[\"https:\/\/blog.wtransnet.com\/it\/logistica-catena-del-freddo\/#respond\"]}]},{\"@type\":\"WebPage\",\"@id\":\"https:\/\/blog.wtransnet.com\/it\/logistica-catena-del-freddo\/\",\"url\":\"https:\/\/blog.wtransnet.com\/it\/logistica-catena-del-freddo\/\",\"name\":\"Logistica del Freddo: ecco come funziona l\u2019intera catena | Blog Wtransnet\",\"isPartOf\":{\"@id\":\"https:\/\/blog.wtransnet.com\/it\/#website\"},\"primaryImageOfPage\":{\"@id\":\"https:\/\/blog.wtransnet.com\/it\/logistica-catena-del-freddo\/#primaryimage\"},\"image\":{\"@id\":\"https:\/\/blog.wtransnet.com\/it\/logistica-catena-del-freddo\/#primaryimage\"},\"thumbnailUrl\":\"https:\/\/blog.wtransnet.com\/it\/wp-content\/uploads\/sites\/5\/2018\/04\/4.png\",\"datePublished\":\"2018-04-16T07:26:25+00:00\",\"author\":{\"@id\":\"https:\/\/blog.wtransnet.com\/it\/#\/schema\/person\/72e72ba89ffa96d0d5f7e50a6af29d29\"},\"description\":\"La logistica del freddo muove enormi quantitativi di prodotti freschi e secchi ogni anno, contribuendo a mantenere il nostro stile di vita quotidiano.\",\"breadcrumb\":{\"@id\":\"https:\/\/blog.wtransnet.com\/it\/logistica-catena-del-freddo\/#breadcrumb\"},\"inLanguage\":\"es\",\"potentialAction\":[{\"@type\":\"ReadAction\",\"target\":[\"https:\/\/blog.wtransnet.com\/it\/logistica-catena-del-freddo\/\"]}]},{\"@type\":\"ImageObject\",\"inLanguage\":\"es\",\"@id\":\"https:\/\/blog.wtransnet.com\/it\/logistica-catena-del-freddo\/#primaryimage\",\"url\":\"https:\/\/blog.wtransnet.com\/it\/wp-content\/uploads\/sites\/5\/2018\/04\/4.png\",\"contentUrl\":\"https:\/\/blog.wtransnet.com\/it\/wp-content\/uploads\/sites\/5\/2018\/04\/4.png\",\"width\":500,\"height\":300},{\"@type\":\"BreadcrumbList\",\"@id\":\"https:\/\/blog.wtransnet.com\/it\/logistica-catena-del-freddo\/#breadcrumb\",\"itemListElement\":[{\"@type\":\"ListItem\",\"position\":1,\"name\":\"Portada\",\"item\":\"https:\/\/blog.wtransnet.com\/it\/\"},{\"@type\":\"ListItem\",\"position\":2,\"name\":\"Logistica del Freddo: ecco come funziona l\u2019intera catena\"}]},{\"@type\":\"WebSite\",\"@id\":\"https:\/\/blog.wtransnet.com\/it\/#website\",\"url\":\"https:\/\/blog.wtransnet.com\/it\/\",\"name\":\"Blog Wtransnet Italia\",\"description\":\"Blog Wtransnet Italia: Notizie di trasporto e logistica\",\"potentialAction\":[{\"@type\":\"SearchAction\",\"target\":{\"@type\":\"EntryPoint\",\"urlTemplate\":\"https:\/\/blog.wtransnet.com\/it\/?s={search_term_string}\"},\"query-input\":{\"@type\":\"PropertyValueSpecification\",\"valueRequired\":true,\"valueName\":\"search_term_string\"}}],\"inLanguage\":\"es\"},{\"@type\":\"Person\",\"@id\":\"https:\/\/blog.wtransnet.com\/it\/#\/schema\/person\/72e72ba89ffa96d0d5f7e50a6af29d29\",\"name\":\"Edgar Compte Reollo\",\"image\":{\"@type\":\"ImageObject\",\"inLanguage\":\"es\",\"@id\":\"https:\/\/blog.wtransnet.com\/it\/#\/schema\/person\/image\/\",\"url\":\"https:\/\/secure.gravatar.com\/avatar\/cdef3ab443cd703d80f8618c041e62e3338cd7adb52bb56655047a411be15900?s=96&d=mm&r=g\",\"contentUrl\":\"https:\/\/secure.gravatar.com\/avatar\/cdef3ab443cd703d80f8618c041e62e3338cd7adb52bb56655047a411be15900?s=96&d=mm&r=g\",\"caption\":\"Edgar Compte Reollo\"},\"url\":\"https:\/\/blog.wtransnet.com\/it\/author\/ecompte\/\"}]}<\/script>\n<!-- \/ Yoast SEO plugin. -->","yoast_head_json":{"title":"Logistica del Freddo: ecco come funziona l\u2019intera catena | Blog Wtransnet","description":"La logistica del freddo muove enormi quantitativi di prodotti freschi e secchi ogni anno, contribuendo a mantenere il nostro stile di vita quotidiano.","robots":{"index":"index","follow":"follow","max-snippet":"max-snippet:-1","max-image-preview":"max-image-preview:large","max-video-preview":"max-video-preview:-1"},"canonical":"https:\/\/blog.wtransnet.com\/it\/logistica-catena-del-freddo\/","og_locale":"es_ES","og_type":"article","og_title":"Logistica del Freddo: ecco come funziona l\u2019intera catena | Blog Wtransnet","og_description":"La logistica del freddo muove enormi quantitativi di prodotti freschi e secchi ogni anno, contribuendo a mantenere il nostro stile di vita quotidiano.","og_url":"https:\/\/blog.wtransnet.com\/it\/logistica-catena-del-freddo\/","og_site_name":"Blog Wtransnet Italia","article_published_time":"2018-04-16T07:26:25+00:00","og_image":[{"width":500,"height":300,"url":"https:\/\/blog.wtransnet.com\/it\/wp-content\/uploads\/sites\/5\/2018\/04\/4.png","type":"image\/png"}],"author":"Edgar Compte Reollo","twitter_card":"summary_large_image","twitter_misc":{"Escrito por":"Edgar Compte Reollo","Tiempo de lectura":"4 minutos"},"schema":{"@context":"https:\/\/schema.org","@graph":[{"@type":"Article","@id":"https:\/\/blog.wtransnet.com\/it\/logistica-catena-del-freddo\/#article","isPartOf":{"@id":"https:\/\/blog.wtransnet.com\/it\/logistica-catena-del-freddo\/"},"author":{"name":"Edgar Compte Reollo","@id":"https:\/\/blog.wtransnet.com\/it\/#\/schema\/person\/72e72ba89ffa96d0d5f7e50a6af29d29"},"headline":"Logistica del Freddo: ecco come funziona l\u2019intera catena","datePublished":"2018-04-16T07:26:25+00:00","mainEntityOfPage":{"@id":"https:\/\/blog.wtransnet.com\/it\/logistica-catena-del-freddo\/"},"wordCount":869,"commentCount":0,"image":{"@id":"https:\/\/blog.wtransnet.com\/it\/logistica-catena-del-freddo\/#primaryimage"},"thumbnailUrl":"https:\/\/blog.wtransnet.com\/it\/wp-content\/uploads\/sites\/5\/2018\/04\/4.png","keywords":["logistica","magazzino","qualificazioni","temperatura controllata","trasporto","trasporto merci su strada"],"articleSection":["Attualit\u00e0","Blog","Innovazione","Trasporto"],"inLanguage":"es","potentialAction":[{"@type":"CommentAction","name":"Comment","target":["https:\/\/blog.wtransnet.com\/it\/logistica-catena-del-freddo\/#respond"]}]},{"@type":"WebPage","@id":"https:\/\/blog.wtransnet.com\/it\/logistica-catena-del-freddo\/","url":"https:\/\/blog.wtransnet.com\/it\/logistica-catena-del-freddo\/","name":"Logistica del Freddo: ecco come funziona l\u2019intera catena | Blog Wtransnet","isPartOf":{"@id":"https:\/\/blog.wtransnet.com\/it\/#website"},"primaryImageOfPage":{"@id":"https:\/\/blog.wtransnet.com\/it\/logistica-catena-del-freddo\/#primaryimage"},"image":{"@id":"https:\/\/blog.wtransnet.com\/it\/logistica-catena-del-freddo\/#primaryimage"},"thumbnailUrl":"https:\/\/blog.wtransnet.com\/it\/wp-content\/uploads\/sites\/5\/2018\/04\/4.png","datePublished":"2018-04-16T07:26:25+00:00","author":{"@id":"https:\/\/blog.wtransnet.com\/it\/#\/schema\/person\/72e72ba89ffa96d0d5f7e50a6af29d29"},"description":"La logistica del freddo muove enormi quantitativi di prodotti freschi e secchi ogni anno, contribuendo a mantenere il nostro stile di vita quotidiano.","breadcrumb":{"@id":"https:\/\/blog.wtransnet.com\/it\/logistica-catena-del-freddo\/#breadcrumb"},"inLanguage":"es","potentialAction":[{"@type":"ReadAction","target":["https:\/\/blog.wtransnet.com\/it\/logistica-catena-del-freddo\/"]}]},{"@type":"ImageObject","inLanguage":"es","@id":"https:\/\/blog.wtransnet.com\/it\/logistica-catena-del-freddo\/#primaryimage","url":"https:\/\/blog.wtransnet.com\/it\/wp-content\/uploads\/sites\/5\/2018\/04\/4.png","contentUrl":"https:\/\/blog.wtransnet.com\/it\/wp-content\/uploads\/sites\/5\/2018\/04\/4.png","width":500,"height":300},{"@type":"BreadcrumbList","@id":"https:\/\/blog.wtransnet.com\/it\/logistica-catena-del-freddo\/#breadcrumb","itemListElement":[{"@type":"ListItem","position":1,"name":"Portada","item":"https:\/\/blog.wtransnet.com\/it\/"},{"@type":"ListItem","position":2,"name":"Logistica del Freddo: ecco come funziona l\u2019intera catena"}]},{"@type":"WebSite","@id":"https:\/\/blog.wtransnet.com\/it\/#website","url":"https:\/\/blog.wtransnet.com\/it\/","name":"Blog Wtransnet Italia","description":"Blog Wtransnet Italia: Notizie di trasporto e logistica","potentialAction":[{"@type":"SearchAction","target":{"@type":"EntryPoint","urlTemplate":"https:\/\/blog.wtransnet.com\/it\/?s={search_term_string}"},"query-input":{"@type":"PropertyValueSpecification","valueRequired":true,"valueName":"search_term_string"}}],"inLanguage":"es"},{"@type":"Person","@id":"https:\/\/blog.wtransnet.com\/it\/#\/schema\/person\/72e72ba89ffa96d0d5f7e50a6af29d29","name":"Edgar Compte Reollo","image":{"@type":"ImageObject","inLanguage":"es","@id":"https:\/\/blog.wtransnet.com\/it\/#\/schema\/person\/image\/","url":"https:\/\/secure.gravatar.com\/avatar\/cdef3ab443cd703d80f8618c041e62e3338cd7adb52bb56655047a411be15900?s=96&d=mm&r=g","contentUrl":"https:\/\/secure.gravatar.com\/avatar\/cdef3ab443cd703d80f8618c041e62e3338cd7adb52bb56655047a411be15900?s=96&d=mm&r=g","caption":"Edgar Compte Reollo"},"url":"https:\/\/blog.wtransnet.com\/it\/author\/ecompte\/"}]}},"_links":{"self":[{"href":"https:\/\/blog.wtransnet.com\/it\/wp-json\/wp\/v2\/posts\/1836","targetHints":{"allow":["GET"]}}],"collection":[{"href":"https:\/\/blog.wtransnet.com\/it\/wp-json\/wp\/v2\/posts"}],"about":[{"href":"https:\/\/blog.wtransnet.com\/it\/wp-json\/wp\/v2\/types\/post"}],"author":[{"embeddable":true,"href":"https:\/\/blog.wtransnet.com\/it\/wp-json\/wp\/v2\/users\/2"}],"replies":[{"embeddable":true,"href":"https:\/\/blog.wtransnet.com\/it\/wp-json\/wp\/v2\/comments?post=1836"}],"version-history":[{"count":1,"href":"https:\/\/blog.wtransnet.com\/it\/wp-json\/wp\/v2\/posts\/1836\/revisions"}],"predecessor-version":[{"id":1841,"href":"https:\/\/blog.wtransnet.com\/it\/wp-json\/wp\/v2\/posts\/1836\/revisions\/1841"}],"wp:featuredmedia":[{"embeddable":true,"href":"https:\/\/blog.wtransnet.com\/it\/wp-json\/wp\/v2\/media\/1840"}],"wp:attachment":[{"href":"https:\/\/blog.wtransnet.com\/it\/wp-json\/wp\/v2\/media?parent=1836"}],"wp:term":[{"taxonomy":"category","embeddable":true,"href":"https:\/\/blog.wtransnet.com\/it\/wp-json\/wp\/v2\/categories?post=1836"},{"taxonomy":"post_tag","embeddable":true,"href":"https:\/\/blog.wtransnet.com\/it\/wp-json\/wp\/v2\/tags?post=1836"}],"curies":[{"name":"wp","href":"https:\/\/api.w.org\/{rel}","templated":true}]}}