{"id":36,"date":"2013-01-14T00:00:00","date_gmt":"2013-01-14T00:00:00","guid":{"rendered":"https:\/\/blog.wtransnet.com\/pl\/2013\/01\/14\/wtransnet-prezentuje-cargo-plus-na-targach-transpotec-2013\/"},"modified":"2016-02-11T12:17:19","modified_gmt":"2016-02-11T12:17:19","slug":"wtransnet-prezentuje-cargo-plus-na-targach-transpotec-2013","status":"publish","type":"post","link":"https:\/\/blog.wtransnet.com\/pl\/wtransnet-prezentuje-cargo-plus-na-targach-transpotec-2013\/","title":{"rendered":"Wtransnet prezentuje cargo plus na targach Transpotec 2013"},"content":{"rendered":"<p class=\"rteleft\">Wtransnet b\u0119dzie obecny na najbli\u017cszej edycji <em>Salone della Logistica integrata e dei Trasporti<\/em>, kt\u00f3ry odb\u0119dzie sie w Weronie w dniach od 28 lutego do3 marca 2013 roku.<\/p>\n<p class=\"rteleft\">Zesp\u00f3\u0142 handlowy Wtransnet we W\u0142oszech przeprowadzi podczas targ\u00f3w codziennie sesje prezentacyjne produktu CARGO PLUS. Jest to zaawansowana gie\u0142da \u0142adunk\u00f3w, kt\u00f3ra promuje prace ze znanymi i zaufanymi przewo\u017anikami w prywatnym otoczeniu, przed wystawieniem \u0142adunk\u00f3w na gie\u0142dach publicznych.<\/p>\n<p class=\"rteleft\">Zapraszamy do udzia\u0142u w targach i zapoznania si\u0119 z korzy\u015bciami, jakie przynosi dzia\u0142om spedycji nowe rozwi\u0105zanie Wtransnet. Wkr\u00f3tce potwierdzimy godziny sesji i b\u0119dziesz m\u00f3g\u0142 otrzyma\u0107 darmowe zaproszenie.<\/p>\n<h4 class=\"rteleft\"><a href=\"http:\/\/www.transpotec.com\/en\/home-site\" target=\"_blank\">transpotec.com<\/a><\/h4>\n","protected":false},"excerpt":{"rendered":"<p>Wtransnet b\u0119dzie obecny na najbli\u017cszej edycji Salone della Logistica integrata e dei Trasporti, kt\u00f3ry odb\u0119dzie sie w Weronie w dniach od 28 lutego do3 marca 2013 roku. Zesp\u00f3\u0142 handlowy Wtransnet we W\u0142oszech przeprowadzi podczas targ\u00f3w codziennie sesje prezentacyjne produktu CARGO PLUS. Jest to zaawansowana gie\u0142da \u0142adunk\u00f3w, kt\u00f3ra promuje prace ze znanymi i zaufanymi przewo\u017anikami w &hellip;<\/p>\n","protected":false},"author":1,"featured_media":214,"comment_status":"open","ping_status":"open","sticky":false,"template":"","format":"standard","meta":{"_monsterinsights_skip_tracking":false,"_monsterinsights_sitenote_active":false,"_monsterinsights_sitenote_note":"","_monsterinsights_sitenote_category":0,"footnotes":""},"categories":[111,6],"tags":[],"class_list":["post-36","post","type-post","status-publish","format-standard","has-post-thumbnail","","category-blog","category-wydarzenia-spotkania"],"yoast_head":"<!-- This site is optimized with the Yoast SEO plugin v26.9 - https:\/\/yoast.com\/product\/yoast-seo-wordpress\/ -->\n<title>Wtransnet prezentuje cargo plus na targach Transpotec 2013 - Blog Wtransnet Polska<\/title>\n<meta name=\"robots\" content=\"index, follow, max-snippet:-1, max-image-preview:large, max-video-preview:-1\" \/>\n<link rel=\"canonical\" href=\"https:\/\/blog.wtransnet.com\/pl\/wtransnet-prezentuje-cargo-plus-na-targach-transpotec-2013\/\" \/>\n<meta property=\"og:locale\" content=\"es_ES\" \/>\n<meta property=\"og:type\" content=\"article\" \/>\n<meta property=\"og:title\" content=\"Wtransnet prezentuje cargo plus na targach Transpotec 2013 - Blog Wtransnet Polska\" \/>\n<meta property=\"og:description\" content=\"Wtransnet b\u0119dzie obecny na najbli\u017cszej edycji Salone della Logistica integrata e dei Trasporti, kt\u00f3ry odb\u0119dzie sie w Weronie w dniach od 28 lutego do3 marca 2013 roku. Zesp\u00f3\u0142 handlowy Wtransnet we W\u0142oszech przeprowadzi podczas targ\u00f3w codziennie sesje prezentacyjne produktu CARGO PLUS. Jest to zaawansowana gie\u0142da \u0142adunk\u00f3w, kt\u00f3ra promuje prace ze znanymi i zaufanymi przewo\u017anikami w &hellip;\" \/>\n<meta property=\"og:url\" content=\"https:\/\/blog.wtransnet.com\/pl\/wtransnet-prezentuje-cargo-plus-na-targach-transpotec-2013\/\" \/>\n<meta property=\"og:site_name\" content=\"Blog Wtransnet Polska\" \/>\n<meta property=\"article:published_time\" content=\"2013-01-14T00:00:00+00:00\" \/>\n<meta property=\"article:modified_time\" content=\"2016-02-11T12:17:19+00:00\" \/>\n<meta property=\"og:image\" content=\"https:\/\/blog.wtransnet.com\/pl\/wp-content\/uploads\/sites\/7\/2013\/01\/transpotec.jpg\" \/>\n\t<meta property=\"og:image:width\" content=\"150\" \/>\n\t<meta property=\"og:image:height\" content=\"150\" \/>\n\t<meta property=\"og:image:type\" content=\"image\/jpeg\" \/>\n<meta name=\"author\" content=\"wtransnet\" \/>\n<meta name=\"twitter:card\" content=\"summary_large_image\" \/>\n<meta name=\"twitter:label1\" content=\"Escrito por\" \/>\n\t<meta name=\"twitter:data1\" content=\"wtransnet\" \/>\n\t<meta name=\"twitter:label2\" content=\"Tiempo de lectura\" \/>\n\t<meta name=\"twitter:data2\" content=\"1 minuto\" \/>\n<script type=\"application\/ld+json\" class=\"yoast-schema-graph\">{\"@context\":\"https:\/\/schema.org\",\"@graph\":[{\"@type\":\"Article\",\"@id\":\"https:\/\/blog.wtransnet.com\/pl\/wtransnet-prezentuje-cargo-plus-na-targach-transpotec-2013\/#article\",\"isPartOf\":{\"@id\":\"https:\/\/blog.wtransnet.com\/pl\/wtransnet-prezentuje-cargo-plus-na-targach-transpotec-2013\/\"},\"author\":{\"name\":\"wtransnet\",\"@id\":\"https:\/\/blog.wtransnet.com\/pl\/#\/schema\/person\/fceb9548f80ce7f179d676f87807077c\"},\"headline\":\"Wtransnet prezentuje cargo plus na targach Transpotec 2013\",\"datePublished\":\"2013-01-14T00:00:00+00:00\",\"dateModified\":\"2016-02-11T12:17:19+00:00\",\"mainEntityOfPage\":{\"@id\":\"https:\/\/blog.wtransnet.com\/pl\/wtransnet-prezentuje-cargo-plus-na-targach-transpotec-2013\/\"},\"wordCount\":116,\"commentCount\":0,\"image\":{\"@id\":\"https:\/\/blog.wtransnet.com\/pl\/wtransnet-prezentuje-cargo-plus-na-targach-transpotec-2013\/#primaryimage\"},\"thumbnailUrl\":\"https:\/\/blog.wtransnet.com\/pl\/wp-content\/uploads\/sites\/7\/2013\/01\/transpotec.jpg\",\"articleSection\":[\"Blog\",\"Wydarzenia i spotkania\"],\"inLanguage\":\"es\",\"potentialAction\":[{\"@type\":\"CommentAction\",\"name\":\"Comment\",\"target\":[\"https:\/\/blog.wtransnet.com\/pl\/wtransnet-prezentuje-cargo-plus-na-targach-transpotec-2013\/#respond\"]}]},{\"@type\":\"WebPage\",\"@id\":\"https:\/\/blog.wtransnet.com\/pl\/wtransnet-prezentuje-cargo-plus-na-targach-transpotec-2013\/\",\"url\":\"https:\/\/blog.wtransnet.com\/pl\/wtransnet-prezentuje-cargo-plus-na-targach-transpotec-2013\/\",\"name\":\"Wtransnet prezentuje cargo plus na targach Transpotec 2013 - Blog Wtransnet Polska\",\"isPartOf\":{\"@id\":\"https:\/\/blog.wtransnet.com\/pl\/#website\"},\"primaryImageOfPage\":{\"@id\":\"https:\/\/blog.wtransnet.com\/pl\/wtransnet-prezentuje-cargo-plus-na-targach-transpotec-2013\/#primaryimage\"},\"image\":{\"@id\":\"https:\/\/blog.wtransnet.com\/pl\/wtransnet-prezentuje-cargo-plus-na-targach-transpotec-2013\/#primaryimage\"},\"thumbnailUrl\":\"https:\/\/blog.wtransnet.com\/pl\/wp-content\/uploads\/sites\/7\/2013\/01\/transpotec.jpg\",\"datePublished\":\"2013-01-14T00:00:00+00:00\",\"dateModified\":\"2016-02-11T12:17:19+00:00\",\"author\":{\"@id\":\"https:\/\/blog.wtransnet.com\/pl\/#\/schema\/person\/fceb9548f80ce7f179d676f87807077c\"},\"breadcrumb\":{\"@id\":\"https:\/\/blog.wtransnet.com\/pl\/wtransnet-prezentuje-cargo-plus-na-targach-transpotec-2013\/#breadcrumb\"},\"inLanguage\":\"es\",\"potentialAction\":[{\"@type\":\"ReadAction\",\"target\":[\"https:\/\/blog.wtransnet.com\/pl\/wtransnet-prezentuje-cargo-plus-na-targach-transpotec-2013\/\"]}]},{\"@type\":\"ImageObject\",\"inLanguage\":\"es\",\"@id\":\"https:\/\/blog.wtransnet.com\/pl\/wtransnet-prezentuje-cargo-plus-na-targach-transpotec-2013\/#primaryimage\",\"url\":\"https:\/\/blog.wtransnet.com\/pl\/wp-content\/uploads\/sites\/7\/2013\/01\/transpotec.jpg\",\"contentUrl\":\"https:\/\/blog.wtransnet.com\/pl\/wp-content\/uploads\/sites\/7\/2013\/01\/transpotec.jpg\",\"width\":150,\"height\":150},{\"@type\":\"BreadcrumbList\",\"@id\":\"https:\/\/blog.wtransnet.com\/pl\/wtransnet-prezentuje-cargo-plus-na-targach-transpotec-2013\/#breadcrumb\",\"itemListElement\":[{\"@type\":\"ListItem\",\"position\":1,\"name\":\"Portada\",\"item\":\"https:\/\/blog.wtransnet.com\/pl\/\"},{\"@type\":\"ListItem\",\"position\":2,\"name\":\"Wtransnet prezentuje cargo plus na targach Transpotec 2013\"}]},{\"@type\":\"WebSite\",\"@id\":\"https:\/\/blog.wtransnet.com\/pl\/#website\",\"url\":\"https:\/\/blog.wtransnet.com\/pl\/\",\"name\":\"Blog Wtransnet Polska\",\"description\":\"Blog Wtransnet Polska: Wiadomo\u015bci z sektora transportowego\",\"potentialAction\":[{\"@type\":\"SearchAction\",\"target\":{\"@type\":\"EntryPoint\",\"urlTemplate\":\"https:\/\/blog.wtransnet.com\/pl\/?s={search_term_string}\"},\"query-input\":{\"@type\":\"PropertyValueSpecification\",\"valueRequired\":true,\"valueName\":\"search_term_string\"}}],\"inLanguage\":\"es\"},{\"@type\":\"Person\",\"@id\":\"https:\/\/blog.wtransnet.com\/pl\/#\/schema\/person\/fceb9548f80ce7f179d676f87807077c\",\"name\":\"wtransnet\",\"image\":{\"@type\":\"ImageObject\",\"inLanguage\":\"es\",\"@id\":\"https:\/\/blog.wtransnet.com\/pl\/#\/schema\/person\/image\/\",\"url\":\"https:\/\/secure.gravatar.com\/avatar\/a05fe32dee93b4aac2b3ec7f2963147f4949dc5f60df7d491cc2199728053e0b?s=96&d=mm&r=g\",\"contentUrl\":\"https:\/\/secure.gravatar.com\/avatar\/a05fe32dee93b4aac2b3ec7f2963147f4949dc5f60df7d491cc2199728053e0b?s=96&d=mm&r=g\",\"caption\":\"wtransnet\"},\"url\":\"https:\/\/blog.wtransnet.com\/pl\/author\/wtransnet\/\"}]}<\/script>\n<!-- \/ Yoast SEO plugin. -->","yoast_head_json":{"title":"Wtransnet prezentuje cargo plus na targach Transpotec 2013 - Blog Wtransnet Polska","robots":{"index":"index","follow":"follow","max-snippet":"max-snippet:-1","max-image-preview":"max-image-preview:large","max-video-preview":"max-video-preview:-1"},"canonical":"https:\/\/blog.wtransnet.com\/pl\/wtransnet-prezentuje-cargo-plus-na-targach-transpotec-2013\/","og_locale":"es_ES","og_type":"article","og_title":"Wtransnet prezentuje cargo plus na targach Transpotec 2013 - Blog Wtransnet Polska","og_description":"Wtransnet b\u0119dzie obecny na najbli\u017cszej edycji Salone della Logistica integrata e dei Trasporti, kt\u00f3ry odb\u0119dzie sie w Weronie w dniach od 28 lutego do3 marca 2013 roku. Zesp\u00f3\u0142 handlowy Wtransnet we W\u0142oszech przeprowadzi podczas targ\u00f3w codziennie sesje prezentacyjne produktu CARGO PLUS. Jest to zaawansowana gie\u0142da \u0142adunk\u00f3w, kt\u00f3ra promuje prace ze znanymi i zaufanymi przewo\u017anikami w &hellip;","og_url":"https:\/\/blog.wtransnet.com\/pl\/wtransnet-prezentuje-cargo-plus-na-targach-transpotec-2013\/","og_site_name":"Blog Wtransnet Polska","article_published_time":"2013-01-14T00:00:00+00:00","article_modified_time":"2016-02-11T12:17:19+00:00","og_image":[{"width":150,"height":150,"url":"https:\/\/blog.wtransnet.com\/pl\/wp-content\/uploads\/sites\/7\/2013\/01\/transpotec.jpg","type":"image\/jpeg"}],"author":"wtransnet","twitter_card":"summary_large_image","twitter_misc":{"Escrito por":"wtransnet","Tiempo de lectura":"1 minuto"},"schema":{"@context":"https:\/\/schema.org","@graph":[{"@type":"Article","@id":"https:\/\/blog.wtransnet.com\/pl\/wtransnet-prezentuje-cargo-plus-na-targach-transpotec-2013\/#article","isPartOf":{"@id":"https:\/\/blog.wtransnet.com\/pl\/wtransnet-prezentuje-cargo-plus-na-targach-transpotec-2013\/"},"author":{"name":"wtransnet","@id":"https:\/\/blog.wtransnet.com\/pl\/#\/schema\/person\/fceb9548f80ce7f179d676f87807077c"},"headline":"Wtransnet prezentuje cargo plus na targach Transpotec 2013","datePublished":"2013-01-14T00:00:00+00:00","dateModified":"2016-02-11T12:17:19+00:00","mainEntityOfPage":{"@id":"https:\/\/blog.wtransnet.com\/pl\/wtransnet-prezentuje-cargo-plus-na-targach-transpotec-2013\/"},"wordCount":116,"commentCount":0,"image":{"@id":"https:\/\/blog.wtransnet.com\/pl\/wtransnet-prezentuje-cargo-plus-na-targach-transpotec-2013\/#primaryimage"},"thumbnailUrl":"https:\/\/blog.wtransnet.com\/pl\/wp-content\/uploads\/sites\/7\/2013\/01\/transpotec.jpg","articleSection":["Blog","Wydarzenia i spotkania"],"inLanguage":"es","potentialAction":[{"@type":"CommentAction","name":"Comment","target":["https:\/\/blog.wtransnet.com\/pl\/wtransnet-prezentuje-cargo-plus-na-targach-transpotec-2013\/#respond"]}]},{"@type":"WebPage","@id":"https:\/\/blog.wtransnet.com\/pl\/wtransnet-prezentuje-cargo-plus-na-targach-transpotec-2013\/","url":"https:\/\/blog.wtransnet.com\/pl\/wtransnet-prezentuje-cargo-plus-na-targach-transpotec-2013\/","name":"Wtransnet prezentuje cargo plus na targach Transpotec 2013 - Blog Wtransnet Polska","isPartOf":{"@id":"https:\/\/blog.wtransnet.com\/pl\/#website"},"primaryImageOfPage":{"@id":"https:\/\/blog.wtransnet.com\/pl\/wtransnet-prezentuje-cargo-plus-na-targach-transpotec-2013\/#primaryimage"},"image":{"@id":"https:\/\/blog.wtransnet.com\/pl\/wtransnet-prezentuje-cargo-plus-na-targach-transpotec-2013\/#primaryimage"},"thumbnailUrl":"https:\/\/blog.wtransnet.com\/pl\/wp-content\/uploads\/sites\/7\/2013\/01\/transpotec.jpg","datePublished":"2013-01-14T00:00:00+00:00","dateModified":"2016-02-11T12:17:19+00:00","author":{"@id":"https:\/\/blog.wtransnet.com\/pl\/#\/schema\/person\/fceb9548f80ce7f179d676f87807077c"},"breadcrumb":{"@id":"https:\/\/blog.wtransnet.com\/pl\/wtransnet-prezentuje-cargo-plus-na-targach-transpotec-2013\/#breadcrumb"},"inLanguage":"es","potentialAction":[{"@type":"ReadAction","target":["https:\/\/blog.wtransnet.com\/pl\/wtransnet-prezentuje-cargo-plus-na-targach-transpotec-2013\/"]}]},{"@type":"ImageObject","inLanguage":"es","@id":"https:\/\/blog.wtransnet.com\/pl\/wtransnet-prezentuje-cargo-plus-na-targach-transpotec-2013\/#primaryimage","url":"https:\/\/blog.wtransnet.com\/pl\/wp-content\/uploads\/sites\/7\/2013\/01\/transpotec.jpg","contentUrl":"https:\/\/blog.wtransnet.com\/pl\/wp-content\/uploads\/sites\/7\/2013\/01\/transpotec.jpg","width":150,"height":150},{"@type":"BreadcrumbList","@id":"https:\/\/blog.wtransnet.com\/pl\/wtransnet-prezentuje-cargo-plus-na-targach-transpotec-2013\/#breadcrumb","itemListElement":[{"@type":"ListItem","position":1,"name":"Portada","item":"https:\/\/blog.wtransnet.com\/pl\/"},{"@type":"ListItem","position":2,"name":"Wtransnet prezentuje cargo plus na targach Transpotec 2013"}]},{"@type":"WebSite","@id":"https:\/\/blog.wtransnet.com\/pl\/#website","url":"https:\/\/blog.wtransnet.com\/pl\/","name":"Blog Wtransnet Polska","description":"Blog Wtransnet Polska: Wiadomo\u015bci z sektora transportowego","potentialAction":[{"@type":"SearchAction","target":{"@type":"EntryPoint","urlTemplate":"https:\/\/blog.wtransnet.com\/pl\/?s={search_term_string}"},"query-input":{"@type":"PropertyValueSpecification","valueRequired":true,"valueName":"search_term_string"}}],"inLanguage":"es"},{"@type":"Person","@id":"https:\/\/blog.wtransnet.com\/pl\/#\/schema\/person\/fceb9548f80ce7f179d676f87807077c","name":"wtransnet","image":{"@type":"ImageObject","inLanguage":"es","@id":"https:\/\/blog.wtransnet.com\/pl\/#\/schema\/person\/image\/","url":"https:\/\/secure.gravatar.com\/avatar\/a05fe32dee93b4aac2b3ec7f2963147f4949dc5f60df7d491cc2199728053e0b?s=96&d=mm&r=g","contentUrl":"https:\/\/secure.gravatar.com\/avatar\/a05fe32dee93b4aac2b3ec7f2963147f4949dc5f60df7d491cc2199728053e0b?s=96&d=mm&r=g","caption":"wtransnet"},"url":"https:\/\/blog.wtransnet.com\/pl\/author\/wtransnet\/"}]}},"_links":{"self":[{"href":"https:\/\/blog.wtransnet.com\/pl\/wp-json\/wp\/v2\/posts\/36","targetHints":{"allow":["GET"]}}],"collection":[{"href":"https:\/\/blog.wtransnet.com\/pl\/wp-json\/wp\/v2\/posts"}],"about":[{"href":"https:\/\/blog.wtransnet.com\/pl\/wp-json\/wp\/v2\/types\/post"}],"author":[{"embeddable":true,"href":"https:\/\/blog.wtransnet.com\/pl\/wp-json\/wp\/v2\/users\/1"}],"replies":[{"embeddable":true,"href":"https:\/\/blog.wtransnet.com\/pl\/wp-json\/wp\/v2\/comments?post=36"}],"version-history":[{"count":0,"href":"https:\/\/blog.wtransnet.com\/pl\/wp-json\/wp\/v2\/posts\/36\/revisions"}],"wp:featuredmedia":[{"embeddable":true,"href":"https:\/\/blog.wtransnet.com\/pl\/wp-json\/wp\/v2\/media\/214"}],"wp:attachment":[{"href":"https:\/\/blog.wtransnet.com\/pl\/wp-json\/wp\/v2\/media?parent=36"}],"wp:term":[{"taxonomy":"category","embeddable":true,"href":"https:\/\/blog.wtransnet.com\/pl\/wp-json\/wp\/v2\/categories?post=36"},{"taxonomy":"post_tag","embeddable":true,"href":"https:\/\/blog.wtransnet.com\/pl\/wp-json\/wp\/v2\/tags?post=36"}],"curies":[{"name":"wp","href":"https:\/\/api.w.org\/{rel}","templated":true}]}}