{"id":7,"date":"2012-03-20T00:00:00","date_gmt":"2012-03-20T00:00:00","guid":{"rendered":"https:\/\/blog.wtransnet.com\/pl\/2012\/03\/20\/gielda-stalych-tras-wtransnet-trasy-po-calej-europie\/"},"modified":"2016-02-11T12:37:52","modified_gmt":"2016-02-11T12:37:52","slug":"gielda-stalych-tras-wtransnet-trasy-po-calej-europie","status":"publish","type":"post","link":"https:\/\/blog.wtransnet.com\/pl\/gielda-stalych-tras-wtransnet-trasy-po-calej-europie\/","title":{"rendered":"Gie\u0142da Sta\u0142ych Tras Wtransnet &#8211; trasy po ca\u0142ej Europie"},"content":{"rendered":"<p class=\"rtejustify\">Wzrost ten dowodzi, ze us\u0142uga ta jest narz\u0119dziem niezb\u0119dnym dla wielu firm, oraz doskona\u0142ym dope\u0142nieniem oferty Wtransnet na rynku gie\u0142d transportowych.<\/p>\n<p class=\"rtejustify\">Firmom z sektora transportowego proponujemy z jednej strony oferty <strong>pracy dla spedycji na wy\u0142\u0105czno\u015b\u0107<\/strong>, a z drugiej &#8211; <strong>stale trasy wykonywane periodycznie pomi\u0119dzy okre\u015blonymi miejscami.<\/strong><\/p>\n<p class=\"rtejustify\"><strong>Dla firm transportowych<\/strong> &#8211; Gielda Sta\u0142ych Tras jest niezbednym narz\u0119dziem w uzyskaniu stabilnej wsp\u00f3\u0142pracy, zaprogramowanych powrot\u00f3w oraz optymalizacji ju\u017c obs\u0142ugiwanych tras.<\/p>\n<p class=\"rtejustify\">Dla firm spedycyjnych &#8211; to mo\u017cliwo\u015b\u0107 pozyskania nowych zaufanych i sta\u0142ych podwykonawcow, negocjowania i planowanie stawek na d\u0142u\u017cszy okres czasu.<\/p>\n<p class=\"rtejustify\">Gielda Sta\u0142ych Tras oferuje mo\u017cliwo\u015b\u0107 pozyskania przewo\u017anik\u00f3w wyspecjalizowanych na danej trasie, oraz efektywniejsze planowanie tras w zale\u017cno\u015bci od potrzeb klient\u00f3w.<\/p>\n<p class=\"rtejustify\">Przyk\u0142ady najcz\u0119\u015bciej pojawiaj\u0105cych sie tras:<\/p>\n<ul>\n<li class=\"rtejustify\"><b>Polska:<\/b> Belgia, Niemcy, Francja<\/li>\n<li class=\"rtejustify\"><b>Niemcy:<\/b> Turcja, Francja, Hiszpania<\/li>\n<li class=\"rtejustify\"><b>Wlochy:<\/b> Hiszpania Francja<\/li>\n<li class=\"rtejustify\"><b>Francja:<\/b> Hiszpania, Portugalia<\/li>\n<li class=\"rtejustify\"><b>Hiszpania:<\/b> Francja, W\u0142ochy<\/li>\n<li class=\"rtejustify\"><b>Portugalia:<\/b> Hiszpania Francja<\/li>\n<\/ul>\n<p class=\"rtejustify\">Wi\u0119cej informacji na temat <a href=\"http:\/\/www.wtransnet.com\/pl\/transportoweigieldy.html#regular\" target=\"_blank\">Gie\u0142dy Sta\u0142ych Tras<\/a><\/p>\n","protected":false},"excerpt":{"rendered":"<p>Wzrost ten dowodzi, ze us\u0142uga ta jest narz\u0119dziem niezb\u0119dnym dla wielu firm, oraz doskona\u0142ym dope\u0142nieniem oferty Wtransnet na rynku gie\u0142d transportowych. Firmom z sektora transportowego proponujemy z jednej strony oferty pracy dla spedycji na wy\u0142\u0105czno\u015b\u0107, a z drugiej &#8211; stale trasy wykonywane periodycznie pomi\u0119dzy okre\u015blonymi miejscami. Dla firm transportowych &#8211; Gielda Sta\u0142ych Tras jest niezbednym &hellip;<\/p>\n","protected":false},"author":1,"featured_media":152,"comment_status":"open","ping_status":"open","sticky":false,"template":"","format":"standard","meta":{"_monsterinsights_skip_tracking":false,"_monsterinsights_sitenote_active":false,"_monsterinsights_sitenote_note":"","_monsterinsights_sitenote_category":0,"footnotes":""},"categories":[111,7],"tags":[],"class_list":["post-7","post","type-post","status-publish","format-standard","has-post-thumbnail","","category-blog","category-wtransnet"],"yoast_head":"<!-- This site is optimized with the Yoast SEO plugin v26.9 - https:\/\/yoast.com\/product\/yoast-seo-wordpress\/ -->\n<title>Gie\u0142da Sta\u0142ych Tras Wtransnet - trasy po ca\u0142ej Europie - Blog Wtransnet Polska<\/title>\n<meta name=\"robots\" content=\"index, follow, max-snippet:-1, max-image-preview:large, max-video-preview:-1\" \/>\n<link rel=\"canonical\" href=\"https:\/\/blog.wtransnet.com\/pl\/gielda-stalych-tras-wtransnet-trasy-po-calej-europie\/\" \/>\n<meta property=\"og:locale\" content=\"es_ES\" \/>\n<meta property=\"og:type\" content=\"article\" \/>\n<meta property=\"og:title\" content=\"Gie\u0142da Sta\u0142ych Tras Wtransnet - trasy po ca\u0142ej Europie - Blog Wtransnet Polska\" \/>\n<meta property=\"og:description\" content=\"Wzrost ten dowodzi, ze us\u0142uga ta jest narz\u0119dziem niezb\u0119dnym dla wielu firm, oraz doskona\u0142ym dope\u0142nieniem oferty Wtransnet na rynku gie\u0142d transportowych. Firmom z sektora transportowego proponujemy z jednej strony oferty pracy dla spedycji na wy\u0142\u0105czno\u015b\u0107, a z drugiej &#8211; stale trasy wykonywane periodycznie pomi\u0119dzy okre\u015blonymi miejscami. Dla firm transportowych &#8211; Gielda Sta\u0142ych Tras jest niezbednym &hellip;\" \/>\n<meta property=\"og:url\" content=\"https:\/\/blog.wtransnet.com\/pl\/gielda-stalych-tras-wtransnet-trasy-po-calej-europie\/\" \/>\n<meta property=\"og:site_name\" content=\"Blog Wtransnet Polska\" \/>\n<meta property=\"article:published_time\" content=\"2012-03-20T00:00:00+00:00\" \/>\n<meta property=\"article:modified_time\" content=\"2016-02-11T12:37:52+00:00\" \/>\n<meta property=\"og:image\" content=\"https:\/\/blog.wtransnet.com\/pl\/wp-content\/uploads\/sites\/7\/2012\/03\/n2.jpg\" \/>\n\t<meta property=\"og:image:width\" content=\"150\" \/>\n\t<meta property=\"og:image:height\" content=\"150\" \/>\n\t<meta property=\"og:image:type\" content=\"image\/jpeg\" \/>\n<meta name=\"author\" content=\"wtransnet\" \/>\n<meta name=\"twitter:card\" content=\"summary_large_image\" \/>\n<meta name=\"twitter:label1\" content=\"Escrito por\" \/>\n\t<meta name=\"twitter:data1\" content=\"wtransnet\" \/>\n\t<meta name=\"twitter:label2\" content=\"Tiempo de lectura\" \/>\n\t<meta name=\"twitter:data2\" content=\"1 minuto\" \/>\n<script type=\"application\/ld+json\" class=\"yoast-schema-graph\">{\"@context\":\"https:\/\/schema.org\",\"@graph\":[{\"@type\":\"Article\",\"@id\":\"https:\/\/blog.wtransnet.com\/pl\/gielda-stalych-tras-wtransnet-trasy-po-calej-europie\/#article\",\"isPartOf\":{\"@id\":\"https:\/\/blog.wtransnet.com\/pl\/gielda-stalych-tras-wtransnet-trasy-po-calej-europie\/\"},\"author\":{\"name\":\"wtransnet\",\"@id\":\"https:\/\/blog.wtransnet.com\/pl\/#\/schema\/person\/fceb9548f80ce7f179d676f87807077c\"},\"headline\":\"Gie\u0142da Sta\u0142ych Tras Wtransnet &#8211; trasy po ca\u0142ej Europie\",\"datePublished\":\"2012-03-20T00:00:00+00:00\",\"dateModified\":\"2016-02-11T12:37:52+00:00\",\"mainEntityOfPage\":{\"@id\":\"https:\/\/blog.wtransnet.com\/pl\/gielda-stalych-tras-wtransnet-trasy-po-calej-europie\/\"},\"wordCount\":183,\"commentCount\":0,\"image\":{\"@id\":\"https:\/\/blog.wtransnet.com\/pl\/gielda-stalych-tras-wtransnet-trasy-po-calej-europie\/#primaryimage\"},\"thumbnailUrl\":\"https:\/\/blog.wtransnet.com\/pl\/wp-content\/uploads\/sites\/7\/2012\/03\/n2.jpg\",\"articleSection\":[\"Blog\",\"Wtransnet\"],\"inLanguage\":\"es\",\"potentialAction\":[{\"@type\":\"CommentAction\",\"name\":\"Comment\",\"target\":[\"https:\/\/blog.wtransnet.com\/pl\/gielda-stalych-tras-wtransnet-trasy-po-calej-europie\/#respond\"]}]},{\"@type\":\"WebPage\",\"@id\":\"https:\/\/blog.wtransnet.com\/pl\/gielda-stalych-tras-wtransnet-trasy-po-calej-europie\/\",\"url\":\"https:\/\/blog.wtransnet.com\/pl\/gielda-stalych-tras-wtransnet-trasy-po-calej-europie\/\",\"name\":\"Gie\u0142da Sta\u0142ych Tras Wtransnet - trasy po ca\u0142ej Europie - Blog Wtransnet Polska\",\"isPartOf\":{\"@id\":\"https:\/\/blog.wtransnet.com\/pl\/#website\"},\"primaryImageOfPage\":{\"@id\":\"https:\/\/blog.wtransnet.com\/pl\/gielda-stalych-tras-wtransnet-trasy-po-calej-europie\/#primaryimage\"},\"image\":{\"@id\":\"https:\/\/blog.wtransnet.com\/pl\/gielda-stalych-tras-wtransnet-trasy-po-calej-europie\/#primaryimage\"},\"thumbnailUrl\":\"https:\/\/blog.wtransnet.com\/pl\/wp-content\/uploads\/sites\/7\/2012\/03\/n2.jpg\",\"datePublished\":\"2012-03-20T00:00:00+00:00\",\"dateModified\":\"2016-02-11T12:37:52+00:00\",\"author\":{\"@id\":\"https:\/\/blog.wtransnet.com\/pl\/#\/schema\/person\/fceb9548f80ce7f179d676f87807077c\"},\"breadcrumb\":{\"@id\":\"https:\/\/blog.wtransnet.com\/pl\/gielda-stalych-tras-wtransnet-trasy-po-calej-europie\/#breadcrumb\"},\"inLanguage\":\"es\",\"potentialAction\":[{\"@type\":\"ReadAction\",\"target\":[\"https:\/\/blog.wtransnet.com\/pl\/gielda-stalych-tras-wtransnet-trasy-po-calej-europie\/\"]}]},{\"@type\":\"ImageObject\",\"inLanguage\":\"es\",\"@id\":\"https:\/\/blog.wtransnet.com\/pl\/gielda-stalych-tras-wtransnet-trasy-po-calej-europie\/#primaryimage\",\"url\":\"https:\/\/blog.wtransnet.com\/pl\/wp-content\/uploads\/sites\/7\/2012\/03\/n2.jpg\",\"contentUrl\":\"https:\/\/blog.wtransnet.com\/pl\/wp-content\/uploads\/sites\/7\/2012\/03\/n2.jpg\",\"width\":150,\"height\":150},{\"@type\":\"BreadcrumbList\",\"@id\":\"https:\/\/blog.wtransnet.com\/pl\/gielda-stalych-tras-wtransnet-trasy-po-calej-europie\/#breadcrumb\",\"itemListElement\":[{\"@type\":\"ListItem\",\"position\":1,\"name\":\"Portada\",\"item\":\"https:\/\/blog.wtransnet.com\/pl\/\"},{\"@type\":\"ListItem\",\"position\":2,\"name\":\"Gie\u0142da Sta\u0142ych Tras Wtransnet &#8211; trasy po ca\u0142ej Europie\"}]},{\"@type\":\"WebSite\",\"@id\":\"https:\/\/blog.wtransnet.com\/pl\/#website\",\"url\":\"https:\/\/blog.wtransnet.com\/pl\/\",\"name\":\"Blog Wtransnet Polska\",\"description\":\"Blog Wtransnet Polska: Wiadomo\u015bci z sektora transportowego\",\"potentialAction\":[{\"@type\":\"SearchAction\",\"target\":{\"@type\":\"EntryPoint\",\"urlTemplate\":\"https:\/\/blog.wtransnet.com\/pl\/?s={search_term_string}\"},\"query-input\":{\"@type\":\"PropertyValueSpecification\",\"valueRequired\":true,\"valueName\":\"search_term_string\"}}],\"inLanguage\":\"es\"},{\"@type\":\"Person\",\"@id\":\"https:\/\/blog.wtransnet.com\/pl\/#\/schema\/person\/fceb9548f80ce7f179d676f87807077c\",\"name\":\"wtransnet\",\"image\":{\"@type\":\"ImageObject\",\"inLanguage\":\"es\",\"@id\":\"https:\/\/blog.wtransnet.com\/pl\/#\/schema\/person\/image\/\",\"url\":\"https:\/\/secure.gravatar.com\/avatar\/a05fe32dee93b4aac2b3ec7f2963147f4949dc5f60df7d491cc2199728053e0b?s=96&d=mm&r=g\",\"contentUrl\":\"https:\/\/secure.gravatar.com\/avatar\/a05fe32dee93b4aac2b3ec7f2963147f4949dc5f60df7d491cc2199728053e0b?s=96&d=mm&r=g\",\"caption\":\"wtransnet\"},\"url\":\"https:\/\/blog.wtransnet.com\/pl\/author\/wtransnet\/\"}]}<\/script>\n<!-- \/ Yoast SEO plugin. -->","yoast_head_json":{"title":"Gie\u0142da Sta\u0142ych Tras Wtransnet - trasy po ca\u0142ej Europie - Blog Wtransnet Polska","robots":{"index":"index","follow":"follow","max-snippet":"max-snippet:-1","max-image-preview":"max-image-preview:large","max-video-preview":"max-video-preview:-1"},"canonical":"https:\/\/blog.wtransnet.com\/pl\/gielda-stalych-tras-wtransnet-trasy-po-calej-europie\/","og_locale":"es_ES","og_type":"article","og_title":"Gie\u0142da Sta\u0142ych Tras Wtransnet - trasy po ca\u0142ej Europie - Blog Wtransnet Polska","og_description":"Wzrost ten dowodzi, ze us\u0142uga ta jest narz\u0119dziem niezb\u0119dnym dla wielu firm, oraz doskona\u0142ym dope\u0142nieniem oferty Wtransnet na rynku gie\u0142d transportowych. Firmom z sektora transportowego proponujemy z jednej strony oferty pracy dla spedycji na wy\u0142\u0105czno\u015b\u0107, a z drugiej &#8211; stale trasy wykonywane periodycznie pomi\u0119dzy okre\u015blonymi miejscami. Dla firm transportowych &#8211; Gielda Sta\u0142ych Tras jest niezbednym &hellip;","og_url":"https:\/\/blog.wtransnet.com\/pl\/gielda-stalych-tras-wtransnet-trasy-po-calej-europie\/","og_site_name":"Blog Wtransnet Polska","article_published_time":"2012-03-20T00:00:00+00:00","article_modified_time":"2016-02-11T12:37:52+00:00","og_image":[{"width":150,"height":150,"url":"https:\/\/blog.wtransnet.com\/pl\/wp-content\/uploads\/sites\/7\/2012\/03\/n2.jpg","type":"image\/jpeg"}],"author":"wtransnet","twitter_card":"summary_large_image","twitter_misc":{"Escrito por":"wtransnet","Tiempo de lectura":"1 minuto"},"schema":{"@context":"https:\/\/schema.org","@graph":[{"@type":"Article","@id":"https:\/\/blog.wtransnet.com\/pl\/gielda-stalych-tras-wtransnet-trasy-po-calej-europie\/#article","isPartOf":{"@id":"https:\/\/blog.wtransnet.com\/pl\/gielda-stalych-tras-wtransnet-trasy-po-calej-europie\/"},"author":{"name":"wtransnet","@id":"https:\/\/blog.wtransnet.com\/pl\/#\/schema\/person\/fceb9548f80ce7f179d676f87807077c"},"headline":"Gie\u0142da Sta\u0142ych Tras Wtransnet &#8211; trasy po ca\u0142ej Europie","datePublished":"2012-03-20T00:00:00+00:00","dateModified":"2016-02-11T12:37:52+00:00","mainEntityOfPage":{"@id":"https:\/\/blog.wtransnet.com\/pl\/gielda-stalych-tras-wtransnet-trasy-po-calej-europie\/"},"wordCount":183,"commentCount":0,"image":{"@id":"https:\/\/blog.wtransnet.com\/pl\/gielda-stalych-tras-wtransnet-trasy-po-calej-europie\/#primaryimage"},"thumbnailUrl":"https:\/\/blog.wtransnet.com\/pl\/wp-content\/uploads\/sites\/7\/2012\/03\/n2.jpg","articleSection":["Blog","Wtransnet"],"inLanguage":"es","potentialAction":[{"@type":"CommentAction","name":"Comment","target":["https:\/\/blog.wtransnet.com\/pl\/gielda-stalych-tras-wtransnet-trasy-po-calej-europie\/#respond"]}]},{"@type":"WebPage","@id":"https:\/\/blog.wtransnet.com\/pl\/gielda-stalych-tras-wtransnet-trasy-po-calej-europie\/","url":"https:\/\/blog.wtransnet.com\/pl\/gielda-stalych-tras-wtransnet-trasy-po-calej-europie\/","name":"Gie\u0142da Sta\u0142ych Tras Wtransnet - trasy po ca\u0142ej Europie - Blog Wtransnet Polska","isPartOf":{"@id":"https:\/\/blog.wtransnet.com\/pl\/#website"},"primaryImageOfPage":{"@id":"https:\/\/blog.wtransnet.com\/pl\/gielda-stalych-tras-wtransnet-trasy-po-calej-europie\/#primaryimage"},"image":{"@id":"https:\/\/blog.wtransnet.com\/pl\/gielda-stalych-tras-wtransnet-trasy-po-calej-europie\/#primaryimage"},"thumbnailUrl":"https:\/\/blog.wtransnet.com\/pl\/wp-content\/uploads\/sites\/7\/2012\/03\/n2.jpg","datePublished":"2012-03-20T00:00:00+00:00","dateModified":"2016-02-11T12:37:52+00:00","author":{"@id":"https:\/\/blog.wtransnet.com\/pl\/#\/schema\/person\/fceb9548f80ce7f179d676f87807077c"},"breadcrumb":{"@id":"https:\/\/blog.wtransnet.com\/pl\/gielda-stalych-tras-wtransnet-trasy-po-calej-europie\/#breadcrumb"},"inLanguage":"es","potentialAction":[{"@type":"ReadAction","target":["https:\/\/blog.wtransnet.com\/pl\/gielda-stalych-tras-wtransnet-trasy-po-calej-europie\/"]}]},{"@type":"ImageObject","inLanguage":"es","@id":"https:\/\/blog.wtransnet.com\/pl\/gielda-stalych-tras-wtransnet-trasy-po-calej-europie\/#primaryimage","url":"https:\/\/blog.wtransnet.com\/pl\/wp-content\/uploads\/sites\/7\/2012\/03\/n2.jpg","contentUrl":"https:\/\/blog.wtransnet.com\/pl\/wp-content\/uploads\/sites\/7\/2012\/03\/n2.jpg","width":150,"height":150},{"@type":"BreadcrumbList","@id":"https:\/\/blog.wtransnet.com\/pl\/gielda-stalych-tras-wtransnet-trasy-po-calej-europie\/#breadcrumb","itemListElement":[{"@type":"ListItem","position":1,"name":"Portada","item":"https:\/\/blog.wtransnet.com\/pl\/"},{"@type":"ListItem","position":2,"name":"Gie\u0142da Sta\u0142ych Tras Wtransnet &#8211; trasy po ca\u0142ej Europie"}]},{"@type":"WebSite","@id":"https:\/\/blog.wtransnet.com\/pl\/#website","url":"https:\/\/blog.wtransnet.com\/pl\/","name":"Blog Wtransnet Polska","description":"Blog Wtransnet Polska: Wiadomo\u015bci z sektora transportowego","potentialAction":[{"@type":"SearchAction","target":{"@type":"EntryPoint","urlTemplate":"https:\/\/blog.wtransnet.com\/pl\/?s={search_term_string}"},"query-input":{"@type":"PropertyValueSpecification","valueRequired":true,"valueName":"search_term_string"}}],"inLanguage":"es"},{"@type":"Person","@id":"https:\/\/blog.wtransnet.com\/pl\/#\/schema\/person\/fceb9548f80ce7f179d676f87807077c","name":"wtransnet","image":{"@type":"ImageObject","inLanguage":"es","@id":"https:\/\/blog.wtransnet.com\/pl\/#\/schema\/person\/image\/","url":"https:\/\/secure.gravatar.com\/avatar\/a05fe32dee93b4aac2b3ec7f2963147f4949dc5f60df7d491cc2199728053e0b?s=96&d=mm&r=g","contentUrl":"https:\/\/secure.gravatar.com\/avatar\/a05fe32dee93b4aac2b3ec7f2963147f4949dc5f60df7d491cc2199728053e0b?s=96&d=mm&r=g","caption":"wtransnet"},"url":"https:\/\/blog.wtransnet.com\/pl\/author\/wtransnet\/"}]}},"_links":{"self":[{"href":"https:\/\/blog.wtransnet.com\/pl\/wp-json\/wp\/v2\/posts\/7","targetHints":{"allow":["GET"]}}],"collection":[{"href":"https:\/\/blog.wtransnet.com\/pl\/wp-json\/wp\/v2\/posts"}],"about":[{"href":"https:\/\/blog.wtransnet.com\/pl\/wp-json\/wp\/v2\/types\/post"}],"author":[{"embeddable":true,"href":"https:\/\/blog.wtransnet.com\/pl\/wp-json\/wp\/v2\/users\/1"}],"replies":[{"embeddable":true,"href":"https:\/\/blog.wtransnet.com\/pl\/wp-json\/wp\/v2\/comments?post=7"}],"version-history":[{"count":0,"href":"https:\/\/blog.wtransnet.com\/pl\/wp-json\/wp\/v2\/posts\/7\/revisions"}],"wp:featuredmedia":[{"embeddable":true,"href":"https:\/\/blog.wtransnet.com\/pl\/wp-json\/wp\/v2\/media\/152"}],"wp:attachment":[{"href":"https:\/\/blog.wtransnet.com\/pl\/wp-json\/wp\/v2\/media?parent=7"}],"wp:term":[{"taxonomy":"category","embeddable":true,"href":"https:\/\/blog.wtransnet.com\/pl\/wp-json\/wp\/v2\/categories?post=7"},{"taxonomy":"post_tag","embeddable":true,"href":"https:\/\/blog.wtransnet.com\/pl\/wp-json\/wp\/v2\/tags?post=7"}],"curies":[{"name":"wp","href":"https:\/\/api.w.org\/{rel}","templated":true}]}}