{"id":1197,"date":"2016-12-07T14:17:25","date_gmt":"2016-12-07T14:17:25","guid":{"rendered":"https:\/\/blog.wtransnet.com\/pt\/?p=1197"},"modified":"2016-12-07T14:29:10","modified_gmt":"2016-12-07T14:29:10","slug":"visita-instalacoes-schenker-barcelona","status":"publish","type":"post","link":"https:\/\/blog.wtransnet.com\/pt\/visita-instalacoes-schenker-barcelona\/","title":{"rendered":"DB Schenker: \u201cAcreditamos plenamente na subcontrata\u00e7\u00e3o j\u00e1 que para n\u00f3s n\u00e3o \u00e9 sin\u00f3nimo de falta de qualidade\u201d"},"content":{"rendered":"<p>Os n\u00e3o iniciados na magia do transporte n\u00e3o fazemos ideia de todo o trabalho que existe detr\u00e1s de um cami\u00e3o que circula a 80 pela autoestrada e sobre o qual costumamos blasfemar egoisticamente quando fazemos turismo.<\/p>\n<p>Hoje <strong>DB Schenker<\/strong> abre-nos as portas dos seus 2 armaz\u00e9ns de 10.000 m<sup>2 <\/sup>na Zona Franca de Barcelona. Recebe-nos com \u00a0a vitalidade de sempre <strong>o seu Diretor em Espanha de Carga Direta (meias cargas e cargas completas) de Transporte Terrestre<\/strong>, <strong>Jordi Obach<\/strong>, um velho conhecido da Wtransnet. Apesar da sua vestimenta, veste fato e gravata, o seu s\u00edtio est\u00e1 entre paletes e cais de carga. N\u00e3o \u00e9 em v\u00e3o, Obach \u00e9 um daqueles que v\u00eam de baixo, dos que cresceram profissionalmente no transporte gra\u00e7as aos seus esfor\u00e7os. Ap\u00f3s 29 anos na empresa, poucas pessoas sabem mais da empresa que ele.<\/p>\n<p><a href=\"https:\/\/blog.wtransnet.com\/pt\/wp-content\/uploads\/sites\/8\/2016\/12\/visita-db-schenker.jpg\"><img loading=\"lazy\" decoding=\"async\" class=\"aligncenter size-full wp-image-1201\" src=\"https:\/\/blog.wtransnet.com\/pt\/wp-content\/uploads\/sites\/8\/2016\/12\/visita-db-schenker.jpg\" alt=\"visita-db-schenker\" width=\"500\" height=\"300\" srcset=\"https:\/\/blog.wtransnet.com\/pt\/wp-content\/uploads\/sites\/8\/2016\/12\/visita-db-schenker.jpg 500w, https:\/\/blog.wtransnet.com\/pt\/wp-content\/uploads\/sites\/8\/2016\/12\/visita-db-schenker-300x180.jpg 300w\" sizes=\"auto, (max-width: 500px) 100vw, 500px\" \/><\/a><\/p>\n<p>Em 2007 a empresa espanhola <strong>Spain-Tir<\/strong>, que iniciou a sua a atividade em 1975 com um servi\u00e7o de transporte para Portugal, e que se estenderia primeiro \u00e0 Europa e posteriormente a toda a Pen\u00ednsula Ib\u00e9rica, integrou-se na alem\u00e3 <strong>Deutsche Bahn Schenker<\/strong>. Com o trespasso, comenta Obach, n\u00e3o se mantiveram apenas os postos de trabalho mas tamb\u00e9m os valores de essa empresa familiar onde a figura do propriet\u00e1rio por esfor\u00e7o pr\u00f3prio tinha muito peso: \u201c <em>Tivemos que nos adaptar \u00e0s mudan\u00e7as porque as decis\u00f5es n\u00e3o se tomam com a mesma rapidez numa multinacional, mas por outro lado ganhamos em competitividade, novas oportunidades e uma maneira de trabalhar enfocada nos resultados com uma previs\u00e3o a meio e longo prazo.\u201d<\/em><\/p>\n<p>DB Schenker conta com <strong>69 delega\u00e7\u00f5es em Espanha<\/strong>, sendo a de Barcelona a maior, assim como o seu escrit\u00f3rio central j\u00e1 que os seus armaz\u00e9ns s\u00e3o a porta de entrada e sa\u00edda da mercadoria de importa\u00e7\u00e3o e exporta\u00e7\u00e3o de Espanha para o resto da Europa. Num dos armaz\u00e9ns, receciona-se e estiva-se toda a mercadoria que sai para a Europa: <em>\u201c175 cami\u00f5es semanais de grupagem que saem dos nossos cais caminho \u00e0s principais capitais europeias. Se somos bons, as cargas permanecem no nosso armaz\u00e9m 24-48h m\u00e1ximo, dependendo da rota.\u201d<\/em><\/p>\n<p><a href=\"https:\/\/blog.wtransnet.com\/pt\/wp-content\/uploads\/sites\/8\/2016\/12\/instalacoes-schenker-barcelona.jpg\"><img loading=\"lazy\" decoding=\"async\" class=\"aligncenter size-full wp-image-1202\" src=\"https:\/\/blog.wtransnet.com\/pt\/wp-content\/uploads\/sites\/8\/2016\/12\/instalacoes-schenker-barcelona.jpg\" alt=\"instalacoes-schenker-barcelona\" width=\"500\" height=\"300\" srcset=\"https:\/\/blog.wtransnet.com\/pt\/wp-content\/uploads\/sites\/8\/2016\/12\/instalacoes-schenker-barcelona.jpg 500w, https:\/\/blog.wtransnet.com\/pt\/wp-content\/uploads\/sites\/8\/2016\/12\/instalacoes-schenker-barcelona-300x180.jpg 300w\" sizes=\"auto, (max-width: 500px) 100vw, 500px\" \/><\/a><\/p>\n<p>Antes de integrar-se na estrutura do operador log\u00edstico alem\u00e3o, Spain-Tir, soube ganhar-se um nome dentro do transporte de mercadorias terrestre gra\u00e7as \u00e0 <strong>gest\u00e3o eficaz da grupagem<\/strong>. O facto de contar, desde 1990, com a sua <strong>rede pr\u00f3pria de transporte nacional<\/strong> permitiu-lhes diferenciar-se com um <strong><em>transit time<\/em><\/strong> que ningu\u00e9m mais podia alcan\u00e7ar naquela altura. Hoje em dia, continua a ser parte do seu <em>core business<\/em>, um valor diferencial para a companhia que consegue mediante um sofisticado sistema de grupagem, que lhe permite realizar um seguimento individualizado da mercadoria atrav\u00e9s de um circuito fechado de televis\u00e3o. Obach mostra-nos, orgulhoso, as balan\u00e7as<strong> volum\u00e9tricas<\/strong> que, ap\u00f3s a etiquetagem se encarregam de fotografar, pesar e calcular o volume de todas as mercadorias que entram nos seus armaz\u00e9ns. Se algo se extravia, inicia-se um procedimento pr\u00f3prio do CSI, visualizando as grava\u00e7\u00f5es desde que a mercadoria chega ao armaz\u00e9m. Em poucos minutos encontra-se o volume.<\/p>\n<p>Deixamos o cais de carga para visitar, nos escrit\u00f3rios, ao <strong>departamento de tr\u00e1fico de Meias Cargas e Cargas completas<\/strong>. Jordi Obach entra e em forma de brincadeira adverte a todos que abram a p\u00e1gina da Wtransnet. Explica-nos, desde o seu centro de opera\u00e7\u00f5es, que a sua f\u00f3rmula de trabalho, baseia-se na subcontrata\u00e7\u00e3o, j\u00e1 que apenas contam com uma <strong>frota pr\u00f3pria de 23 cabe\u00e7as tratoras e 70 semi-reboques<\/strong>. Da\u00ed que a procura de colaboradores seja de vital import\u00e2ncia: <em>\u201cAcreditamos plenamente na subcontrata\u00e7\u00e3o dado que para n\u00f3s n\u00e3o \u00e9 sin\u00f3nimo de falta de qualidade. O que marca a diferen\u00e7a est\u00e1 em ter os meios que garantam que os colaboradores com quem vais trabalhar sejam os adequados. Para consegui-lo dispomos de uma ferramenta pr\u00f3pria e protocolos internos para aprovar\/homologar a cada subcontratado, al\u00e9m de pagar a tempo e de forma garantida para conseguir os melhores\u201d.<\/em><\/p>\n<p><a href=\"https:\/\/blog.wtransnet.com\/pt\/wp-content\/uploads\/sites\/8\/2016\/12\/visita-instalacoes-schenker-barcelona.jpg\"><img loading=\"lazy\" decoding=\"async\" class=\"aligncenter size-full wp-image-1200\" src=\"https:\/\/blog.wtransnet.com\/pt\/wp-content\/uploads\/sites\/8\/2016\/12\/visita-instalacoes-schenker-barcelona.jpg\" alt=\"visita-instalacoes-schenker-barcelona\" width=\"500\" height=\"300\" srcset=\"https:\/\/blog.wtransnet.com\/pt\/wp-content\/uploads\/sites\/8\/2016\/12\/visita-instalacoes-schenker-barcelona.jpg 500w, https:\/\/blog.wtransnet.com\/pt\/wp-content\/uploads\/sites\/8\/2016\/12\/visita-instalacoes-schenker-barcelona-300x180.jpg 300w\" sizes=\"auto, (max-width: 500px) 100vw, 500px\" \/><\/a><\/p>\n<p>Isto faz com que para Obach a f\u00f3rmula da subcontrata\u00e7\u00e3o seja melhor que ter frota pr\u00f3pria porque isso lhe permite chegar a mais s\u00edtios. Afinal, trata-se de uma colabora\u00e7\u00e3o j\u00e1 que ambas as partes ganham: <em>\u201cEu tenho capacidade para carregar com uma rede comercial grande que a apoia, e os meus colaboradores t\u00eam a frota da qual eu disponho. As sinergias bem entendidas s\u00e3o as que permitem que podamos avan\u00e7ar e crescer os dois\u201d.<\/em><\/p>\n<p>N\u00e3o \u00e9 de estranhar que, entendendo as colabora\u00e7\u00f5es como as entende, DB Schenker Espanha tenha desenvolvido com a <strong>tecnologia da Wtransnet<\/strong> a sua pr\u00f3pria <strong>bolsa de cargas privada<\/strong>, atrav\u00e9s da qual partilham informa\u00e7\u00e3o de fornecedores de transporte e cargas entre todas as delega\u00e7\u00f5es nacionais. O objetivo n\u00e3o \u00e9 outro que otimizar e refor\u00e7ar estas colabora\u00e7\u00f5es de modo a que todos os cami\u00f5es que circulem pela sua rede de transporte v\u00e3o completos com cargas do pr\u00f3prio grupo.<\/p>\n<p>Perguntamos pela <strong>certifica\u00e7\u00e3o de fornecedores <\/strong>em rela\u00e7\u00e3o ao tema da <em>Compliance<\/em>. Sorri com a serenidade daquele que sabe que fez as coisas bem. H\u00e1 bastante tempo integraram este tipo de procedimentos e de controlos de qualidade porque na Alemanha h\u00e1 anos que existe uma lei parecida.<\/p>\n<p>Jordi Obach seguiria horas a falar do seu trabalho, n\u00e3o pode dissimular a paix\u00e3o que se esconde por detr\u00e1s das suas palavras, mas tem assuntos que atender e cargas que despachar. Por isso, despedimo-nos com o compromisso de n\u00e3o esquecer esta visita cada vez que um cami\u00e3o limite a nossa velocidade na estrada.<\/p>\n","protected":false},"excerpt":{"rendered":"<p>Os n\u00e3o iniciados na magia do transporte n\u00e3o fazemos ideia de todo o trabalho que existe detr\u00e1s de um cami\u00e3o que circula a 80 pela autoestrada e sobre o qual costumamos blasfemar egoisticamente quando fazemos turismo. Hoje DB Schenker abre-nos as portas dos seus 2 armaz\u00e9ns de 10.000 m2 na Zona Franca de Barcelona. Recebe-nos &hellip;<\/p>\n","protected":false},"author":37,"featured_media":1203,"comment_status":"open","ping_status":"open","sticky":false,"template":"","format":"standard","meta":{"_monsterinsights_skip_tracking":false,"_monsterinsights_sitenote_active":false,"_monsterinsights_sitenote_note":"","_monsterinsights_sitenote_category":0,"footnotes":""},"categories":[7,180],"tags":[319,318,322,324,321,320,88,294,317,323],"class_list":["post-1197","post","type-post","status-publish","format-standard","has-post-thumbnail","","category-transporte","category-transporte-atualidade","tag-db-schenker","tag-grupagem","tag-instalacoes","tag-jordi-obach","tag-operador-logistico","tag-spain-tir","tag-transporte","tag-transporte-internacional","tag-transporte-mercadorias","tag-zona-franca"],"yoast_head":"<!-- This site is optimized with the Yoast SEO plugin v26.9 - https:\/\/yoast.com\/product\/yoast-seo-wordpress\/ -->\n<title>DB Schenker: \u201cAcreditamos plenamente na subcontrata\u00e7\u00e3o j\u00e1 que para n\u00f3s n\u00e3o \u00e9 sin\u00f3nimo de falta de qualidade\u201d - Blog Wtransnet Portugal<\/title>\n<meta name=\"robots\" content=\"index, follow, max-snippet:-1, max-image-preview:large, max-video-preview:-1\" \/>\n<link rel=\"canonical\" href=\"https:\/\/blog.wtransnet.com\/pt\/visita-instalacoes-schenker-barcelona\/\" \/>\n<meta property=\"og:locale\" content=\"es_ES\" \/>\n<meta property=\"og:type\" content=\"article\" \/>\n<meta property=\"og:title\" content=\"DB Schenker: \u201cAcreditamos plenamente na subcontrata\u00e7\u00e3o j\u00e1 que para n\u00f3s n\u00e3o \u00e9 sin\u00f3nimo de falta de qualidade\u201d - Blog Wtransnet Portugal\" \/>\n<meta property=\"og:description\" content=\"Os n\u00e3o iniciados na magia do transporte n\u00e3o fazemos ideia de todo o trabalho que existe detr\u00e1s de um cami\u00e3o que circula a 80 pela autoestrada e sobre o qual costumamos blasfemar egoisticamente quando fazemos turismo. Hoje DB Schenker abre-nos as portas dos seus 2 armaz\u00e9ns de 10.000 m2 na Zona Franca de Barcelona. Recebe-nos &hellip;\" \/>\n<meta property=\"og:url\" content=\"https:\/\/blog.wtransnet.com\/pt\/visita-instalacoes-schenker-barcelona\/\" \/>\n<meta property=\"og:site_name\" content=\"Blog Wtransnet Portugal\" \/>\n<meta property=\"article:published_time\" content=\"2016-12-07T14:17:25+00:00\" \/>\n<meta property=\"article:modified_time\" content=\"2016-12-07T14:29:10+00:00\" \/>\n<meta property=\"og:image\" content=\"https:\/\/blog.wtransnet.com\/pt\/wp-content\/uploads\/sites\/8\/2016\/12\/db-schenker-barcelona.jpg\" \/>\n\t<meta property=\"og:image:width\" content=\"290\" \/>\n\t<meta property=\"og:image:height\" content=\"250\" \/>\n\t<meta property=\"og:image:type\" content=\"image\/jpeg\" \/>\n<meta name=\"twitter:card\" content=\"summary_large_image\" \/>\n<meta name=\"twitter:label1\" content=\"Escrito por\" \/>\n\t<meta name=\"twitter:data1\" content=\"\" \/>\n\t<meta name=\"twitter:label2\" content=\"Tiempo de lectura\" \/>\n\t<meta name=\"twitter:data2\" content=\"5 minutos\" \/>\n<script type=\"application\/ld+json\" class=\"yoast-schema-graph\">{\"@context\":\"https:\/\/schema.org\",\"@graph\":[{\"@type\":\"Article\",\"@id\":\"https:\/\/blog.wtransnet.com\/pt\/visita-instalacoes-schenker-barcelona\/#article\",\"isPartOf\":{\"@id\":\"https:\/\/blog.wtransnet.com\/pt\/visita-instalacoes-schenker-barcelona\/\"},\"author\":{\"name\":\"\",\"@id\":\"\"},\"headline\":\"DB Schenker: \u201cAcreditamos plenamente na subcontrata\u00e7\u00e3o j\u00e1 que para n\u00f3s n\u00e3o \u00e9 sin\u00f3nimo de falta de qualidade\u201d\",\"datePublished\":\"2016-12-07T14:17:25+00:00\",\"dateModified\":\"2016-12-07T14:29:10+00:00\",\"mainEntityOfPage\":{\"@id\":\"https:\/\/blog.wtransnet.com\/pt\/visita-instalacoes-schenker-barcelona\/\"},\"wordCount\":977,\"commentCount\":0,\"image\":{\"@id\":\"https:\/\/blog.wtransnet.com\/pt\/visita-instalacoes-schenker-barcelona\/#primaryimage\"},\"thumbnailUrl\":\"https:\/\/blog.wtransnet.com\/pt\/wp-content\/uploads\/sites\/8\/2016\/12\/db-schenker-barcelona.jpg\",\"keywords\":[\"DB Schenker\",\"Grupagem\",\"instalacoes\",\"Jordi Obach\",\"Operador log\u00edstico\",\"Spain-Tir\",\"transporte\",\"Transporte internacional\",\"Transporte mercadorias\",\"Zona Franca\"],\"articleSection\":[\"Transporte\",\"Transporte e atualidade\"],\"inLanguage\":\"es\",\"potentialAction\":[{\"@type\":\"CommentAction\",\"name\":\"Comment\",\"target\":[\"https:\/\/blog.wtransnet.com\/pt\/visita-instalacoes-schenker-barcelona\/#respond\"]}]},{\"@type\":\"WebPage\",\"@id\":\"https:\/\/blog.wtransnet.com\/pt\/visita-instalacoes-schenker-barcelona\/\",\"url\":\"https:\/\/blog.wtransnet.com\/pt\/visita-instalacoes-schenker-barcelona\/\",\"name\":\"DB Schenker: \u201cAcreditamos plenamente na subcontrata\u00e7\u00e3o j\u00e1 que para n\u00f3s n\u00e3o \u00e9 sin\u00f3nimo de falta de qualidade\u201d - Blog Wtransnet Portugal\",\"isPartOf\":{\"@id\":\"https:\/\/blog.wtransnet.com\/pt\/#website\"},\"primaryImageOfPage\":{\"@id\":\"https:\/\/blog.wtransnet.com\/pt\/visita-instalacoes-schenker-barcelona\/#primaryimage\"},\"image\":{\"@id\":\"https:\/\/blog.wtransnet.com\/pt\/visita-instalacoes-schenker-barcelona\/#primaryimage\"},\"thumbnailUrl\":\"https:\/\/blog.wtransnet.com\/pt\/wp-content\/uploads\/sites\/8\/2016\/12\/db-schenker-barcelona.jpg\",\"datePublished\":\"2016-12-07T14:17:25+00:00\",\"dateModified\":\"2016-12-07T14:29:10+00:00\",\"author\":{\"@id\":\"\"},\"breadcrumb\":{\"@id\":\"https:\/\/blog.wtransnet.com\/pt\/visita-instalacoes-schenker-barcelona\/#breadcrumb\"},\"inLanguage\":\"es\",\"potentialAction\":[{\"@type\":\"ReadAction\",\"target\":[\"https:\/\/blog.wtransnet.com\/pt\/visita-instalacoes-schenker-barcelona\/\"]}]},{\"@type\":\"ImageObject\",\"inLanguage\":\"es\",\"@id\":\"https:\/\/blog.wtransnet.com\/pt\/visita-instalacoes-schenker-barcelona\/#primaryimage\",\"url\":\"https:\/\/blog.wtransnet.com\/pt\/wp-content\/uploads\/sites\/8\/2016\/12\/db-schenker-barcelona.jpg\",\"contentUrl\":\"https:\/\/blog.wtransnet.com\/pt\/wp-content\/uploads\/sites\/8\/2016\/12\/db-schenker-barcelona.jpg\",\"width\":290,\"height\":250},{\"@type\":\"BreadcrumbList\",\"@id\":\"https:\/\/blog.wtransnet.com\/pt\/visita-instalacoes-schenker-barcelona\/#breadcrumb\",\"itemListElement\":[{\"@type\":\"ListItem\",\"position\":1,\"name\":\"Portada\",\"item\":\"https:\/\/blog.wtransnet.com\/pt\/\"},{\"@type\":\"ListItem\",\"position\":2,\"name\":\"DB Schenker: \u201cAcreditamos plenamente na subcontrata\u00e7\u00e3o j\u00e1 que para n\u00f3s n\u00e3o \u00e9 sin\u00f3nimo de falta de qualidade\u201d\"}]},{\"@type\":\"WebSite\",\"@id\":\"https:\/\/blog.wtransnet.com\/pt\/#website\",\"url\":\"https:\/\/blog.wtransnet.com\/pt\/\",\"name\":\"Blog Wtransnet Portugal\",\"description\":\"Blog Wtransnet Portugal: Noticias do transporte, log\u00edstica e bolsa de cargas\",\"potentialAction\":[{\"@type\":\"SearchAction\",\"target\":{\"@type\":\"EntryPoint\",\"urlTemplate\":\"https:\/\/blog.wtransnet.com\/pt\/?s={search_term_string}\"},\"query-input\":{\"@type\":\"PropertyValueSpecification\",\"valueRequired\":true,\"valueName\":\"search_term_string\"}}],\"inLanguage\":\"es\"},{\"@type\":\"Person\",\"@id\":\"\",\"url\":\"https:\/\/blog.wtransnet.com\/pt\/author\/\"}]}<\/script>\n<!-- \/ Yoast SEO plugin. -->","yoast_head_json":{"title":"DB Schenker: \u201cAcreditamos plenamente na subcontrata\u00e7\u00e3o j\u00e1 que para n\u00f3s n\u00e3o \u00e9 sin\u00f3nimo de falta de qualidade\u201d - Blog Wtransnet Portugal","robots":{"index":"index","follow":"follow","max-snippet":"max-snippet:-1","max-image-preview":"max-image-preview:large","max-video-preview":"max-video-preview:-1"},"canonical":"https:\/\/blog.wtransnet.com\/pt\/visita-instalacoes-schenker-barcelona\/","og_locale":"es_ES","og_type":"article","og_title":"DB Schenker: \u201cAcreditamos plenamente na subcontrata\u00e7\u00e3o j\u00e1 que para n\u00f3s n\u00e3o \u00e9 sin\u00f3nimo de falta de qualidade\u201d - Blog Wtransnet Portugal","og_description":"Os n\u00e3o iniciados na magia do transporte n\u00e3o fazemos ideia de todo o trabalho que existe detr\u00e1s de um cami\u00e3o que circula a 80 pela autoestrada e sobre o qual costumamos blasfemar egoisticamente quando fazemos turismo. Hoje DB Schenker abre-nos as portas dos seus 2 armaz\u00e9ns de 10.000 m2 na Zona Franca de Barcelona. Recebe-nos &hellip;","og_url":"https:\/\/blog.wtransnet.com\/pt\/visita-instalacoes-schenker-barcelona\/","og_site_name":"Blog Wtransnet Portugal","article_published_time":"2016-12-07T14:17:25+00:00","article_modified_time":"2016-12-07T14:29:10+00:00","og_image":[{"width":290,"height":250,"url":"https:\/\/blog.wtransnet.com\/pt\/wp-content\/uploads\/sites\/8\/2016\/12\/db-schenker-barcelona.jpg","type":"image\/jpeg"}],"twitter_card":"summary_large_image","twitter_misc":{"Escrito por":"","Tiempo de lectura":"5 minutos"},"schema":{"@context":"https:\/\/schema.org","@graph":[{"@type":"Article","@id":"https:\/\/blog.wtransnet.com\/pt\/visita-instalacoes-schenker-barcelona\/#article","isPartOf":{"@id":"https:\/\/blog.wtransnet.com\/pt\/visita-instalacoes-schenker-barcelona\/"},"author":{"name":"","@id":""},"headline":"DB Schenker: \u201cAcreditamos plenamente na subcontrata\u00e7\u00e3o j\u00e1 que para n\u00f3s n\u00e3o \u00e9 sin\u00f3nimo de falta de qualidade\u201d","datePublished":"2016-12-07T14:17:25+00:00","dateModified":"2016-12-07T14:29:10+00:00","mainEntityOfPage":{"@id":"https:\/\/blog.wtransnet.com\/pt\/visita-instalacoes-schenker-barcelona\/"},"wordCount":977,"commentCount":0,"image":{"@id":"https:\/\/blog.wtransnet.com\/pt\/visita-instalacoes-schenker-barcelona\/#primaryimage"},"thumbnailUrl":"https:\/\/blog.wtransnet.com\/pt\/wp-content\/uploads\/sites\/8\/2016\/12\/db-schenker-barcelona.jpg","keywords":["DB Schenker","Grupagem","instalacoes","Jordi Obach","Operador log\u00edstico","Spain-Tir","transporte","Transporte internacional","Transporte mercadorias","Zona Franca"],"articleSection":["Transporte","Transporte e atualidade"],"inLanguage":"es","potentialAction":[{"@type":"CommentAction","name":"Comment","target":["https:\/\/blog.wtransnet.com\/pt\/visita-instalacoes-schenker-barcelona\/#respond"]}]},{"@type":"WebPage","@id":"https:\/\/blog.wtransnet.com\/pt\/visita-instalacoes-schenker-barcelona\/","url":"https:\/\/blog.wtransnet.com\/pt\/visita-instalacoes-schenker-barcelona\/","name":"DB Schenker: \u201cAcreditamos plenamente na subcontrata\u00e7\u00e3o j\u00e1 que para n\u00f3s n\u00e3o \u00e9 sin\u00f3nimo de falta de qualidade\u201d - Blog Wtransnet Portugal","isPartOf":{"@id":"https:\/\/blog.wtransnet.com\/pt\/#website"},"primaryImageOfPage":{"@id":"https:\/\/blog.wtransnet.com\/pt\/visita-instalacoes-schenker-barcelona\/#primaryimage"},"image":{"@id":"https:\/\/blog.wtransnet.com\/pt\/visita-instalacoes-schenker-barcelona\/#primaryimage"},"thumbnailUrl":"https:\/\/blog.wtransnet.com\/pt\/wp-content\/uploads\/sites\/8\/2016\/12\/db-schenker-barcelona.jpg","datePublished":"2016-12-07T14:17:25+00:00","dateModified":"2016-12-07T14:29:10+00:00","author":{"@id":""},"breadcrumb":{"@id":"https:\/\/blog.wtransnet.com\/pt\/visita-instalacoes-schenker-barcelona\/#breadcrumb"},"inLanguage":"es","potentialAction":[{"@type":"ReadAction","target":["https:\/\/blog.wtransnet.com\/pt\/visita-instalacoes-schenker-barcelona\/"]}]},{"@type":"ImageObject","inLanguage":"es","@id":"https:\/\/blog.wtransnet.com\/pt\/visita-instalacoes-schenker-barcelona\/#primaryimage","url":"https:\/\/blog.wtransnet.com\/pt\/wp-content\/uploads\/sites\/8\/2016\/12\/db-schenker-barcelona.jpg","contentUrl":"https:\/\/blog.wtransnet.com\/pt\/wp-content\/uploads\/sites\/8\/2016\/12\/db-schenker-barcelona.jpg","width":290,"height":250},{"@type":"BreadcrumbList","@id":"https:\/\/blog.wtransnet.com\/pt\/visita-instalacoes-schenker-barcelona\/#breadcrumb","itemListElement":[{"@type":"ListItem","position":1,"name":"Portada","item":"https:\/\/blog.wtransnet.com\/pt\/"},{"@type":"ListItem","position":2,"name":"DB Schenker: \u201cAcreditamos plenamente na subcontrata\u00e7\u00e3o j\u00e1 que para n\u00f3s n\u00e3o \u00e9 sin\u00f3nimo de falta de qualidade\u201d"}]},{"@type":"WebSite","@id":"https:\/\/blog.wtransnet.com\/pt\/#website","url":"https:\/\/blog.wtransnet.com\/pt\/","name":"Blog Wtransnet Portugal","description":"Blog Wtransnet Portugal: Noticias do transporte, log\u00edstica e bolsa de cargas","potentialAction":[{"@type":"SearchAction","target":{"@type":"EntryPoint","urlTemplate":"https:\/\/blog.wtransnet.com\/pt\/?s={search_term_string}"},"query-input":{"@type":"PropertyValueSpecification","valueRequired":true,"valueName":"search_term_string"}}],"inLanguage":"es"},{"@type":"Person","@id":"","url":"https:\/\/blog.wtransnet.com\/pt\/author\/"}]}},"_links":{"self":[{"href":"https:\/\/blog.wtransnet.com\/pt\/wp-json\/wp\/v2\/posts\/1197","targetHints":{"allow":["GET"]}}],"collection":[{"href":"https:\/\/blog.wtransnet.com\/pt\/wp-json\/wp\/v2\/posts"}],"about":[{"href":"https:\/\/blog.wtransnet.com\/pt\/wp-json\/wp\/v2\/types\/post"}],"author":[{"embeddable":true,"href":"https:\/\/blog.wtransnet.com\/pt\/wp-json\/wp\/v2\/users\/37"}],"replies":[{"embeddable":true,"href":"https:\/\/blog.wtransnet.com\/pt\/wp-json\/wp\/v2\/comments?post=1197"}],"version-history":[{"count":3,"href":"https:\/\/blog.wtransnet.com\/pt\/wp-json\/wp\/v2\/posts\/1197\/revisions"}],"predecessor-version":[{"id":1204,"href":"https:\/\/blog.wtransnet.com\/pt\/wp-json\/wp\/v2\/posts\/1197\/revisions\/1204"}],"wp:featuredmedia":[{"embeddable":true,"href":"https:\/\/blog.wtransnet.com\/pt\/wp-json\/wp\/v2\/media\/1203"}],"wp:attachment":[{"href":"https:\/\/blog.wtransnet.com\/pt\/wp-json\/wp\/v2\/media?parent=1197"}],"wp:term":[{"taxonomy":"category","embeddable":true,"href":"https:\/\/blog.wtransnet.com\/pt\/wp-json\/wp\/v2\/categories?post=1197"},{"taxonomy":"post_tag","embeddable":true,"href":"https:\/\/blog.wtransnet.com\/pt\/wp-json\/wp\/v2\/tags?post=1197"}],"curies":[{"name":"wp","href":"https:\/\/api.w.org\/{rel}","templated":true}]}}