{"id":1446,"date":"2017-06-28T06:38:24","date_gmt":"2017-06-28T06:38:24","guid":{"rendered":"https:\/\/blog.wtransnet.com\/pt\/?p=1446"},"modified":"2017-07-04T14:00:12","modified_gmt":"2017-07-04T14:00:12","slug":"cargas-camioes-verao-wtransnet","status":"publish","type":"post","link":"https:\/\/blog.wtransnet.com\/pt\/cargas-camioes-verao-wtransnet\/","title":{"rendered":"N\u00e3o encontra cami\u00f5es para as suas cargas no Ver\u00e3o?"},"content":{"rendered":"<p>Chega o Ver\u00e3o e a atividade continua a ser incessante no setor do transporte e da log\u00edstica.<\/p>\n<p>Encontramo-nos ante um dos picos de trabalho mais not\u00e1veis de todo o ano e, de repente, a nossa frota habitual, pr\u00f3pria ou subcontratada, torna-se insuficiente. Onde est\u00e3o os cami\u00f5es?<\/p>\n<p>A resposta a este quebra-cabe\u00e7as encontra-se nas <a href=\"http:\/\/www.wtransnet.com\"><strong>bolsas de cargas<\/strong><\/a> mas muitas empresas t\u00eam d\u00favidas no momento de confiar as mercadorias dos seus clientes a novos colaboradores com os quais n\u00e3o trabalharam previamente.<\/p>\n<p><strong>Ofertas de cami\u00f5es na Wtransnet durante o Ver\u00e3o<\/strong><\/p>\n<p>Comecemos por dar resposta \u00e0 pergunta: Onde se encontram os cami\u00f5es durante os meses estivais? De acordo com os dados recolhidos em rela\u00e7\u00e3o ao n\u00famero de <strong>ofertas de cami\u00f5es<\/strong> poder\u00edamos dizer que grande parte deles encontram-se na <strong>Wtransnet<\/strong>. Assim o demonstram as estat\u00edsticas dos \u00faltimos anos (2015 e 2016) durante os quais as <strong>ofertas de cami\u00f5es aumentaram<\/strong>.<\/p>\n<p>Em 2016 chegamos a Setembro superando um milh\u00e3o cento e vinte e cinco mil ofertas em toda a Europa, cifra essa que sup\u00f4s um aumento de 13% com respeito ao ano anterior. Uma tend\u00eancia crescente que vai a caminho de repetir-se em 2017, que at\u00e9 ao m\u00eas de Maio acolheu mais de um milh\u00e3o e meio de cami\u00f5es oferecidos.<\/p>\n<p style=\"text-align: center;\"><a href=\"https:\/\/blog.wtransnet.com\/pt\/wp-content\/uploads\/sites\/8\/2017\/06\/grafica-ofertas-camiones-origen-destino-PT.jpg\"><img loading=\"lazy\" decoding=\"async\" class=\"alignnone size-full wp-image-1457\" src=\"https:\/\/blog.wtransnet.com\/pt\/wp-content\/uploads\/sites\/8\/2017\/06\/grafica-ofertas-camiones-origen-destino-PT.jpg\" alt=\"grafica-ofertas-camiones-origen-destino-PT\" width=\"500\" height=\"300\" srcset=\"https:\/\/blog.wtransnet.com\/pt\/wp-content\/uploads\/sites\/8\/2017\/06\/grafica-ofertas-camiones-origen-destino-PT.jpg 500w, https:\/\/blog.wtransnet.com\/pt\/wp-content\/uploads\/sites\/8\/2017\/06\/grafica-ofertas-camiones-origen-destino-PT-300x180.jpg 300w\" sizes=\"auto, (max-width: 500px) 100vw, 500px\" \/><\/a><\/p>\n<p><strong>Voc\u00ea p\u00f5e as cargas e n\u00f3s os transportadores de confian\u00e7a<\/strong><\/p>\n<p>Com os dados em m\u00e3o, se temos que oferecer uma vis\u00e3o geral, observamos que as oportunidades para as <strong>empresas ofertantes de cargas<\/strong> s\u00e3o mais que not\u00e1veis na bolsa de cargas da Wtransnet, chegando inclusive a potenciar-se no Ver\u00e3o, onde existe uma oferta e procura real de cargas e cami\u00f5es.<\/p>\n<p>Se o objetivo, tanto para ag\u00eancias como operadores log\u00edsticos, \u00e9 encontrar <strong>transportadores de confian\u00e7a<\/strong> que cumpram com todos os <em>standards<\/em> de seguran\u00e7a que requer um setor t\u00e3o exigente como o do transporte, o Ver\u00e3o passa por realizar uma aposta clara na procura de novas rela\u00e7\u00f5es, atrav\u00e9s de uma plataforma l\u00edder em <strong>seguran\u00e7a<\/strong>. Esta \u00e9 a garantia que oferece a Wtransnet para fazer face aos meses de ver\u00e3o: abrir oportunidades de neg\u00f3cio sem que o facto de atribuir as cargas a um transportador desconhecido suponha um risco.<\/p>\n<hr \/>\n<p><a href=\"http:\/\/www.wtransnet.com\/pt\/transportadores-verao?utm_source=wtransnet-pt&amp;utm_medium=blog&amp;utm_term=portugal&amp;utm_content=post-blog&amp;utm_campaign=170628-VERANO\"><img loading=\"lazy\" decoding=\"async\" class=\"alignnone wp-image-1471 size-full\" src=\"https:\/\/blog.wtransnet.com\/pt\/wp-content\/uploads\/sites\/8\/2017\/06\/PT-verano-agencias-970x90-1.jpg\" alt=\"PT-verano-agencias-970x90\" width=\"970\" height=\"90\" srcset=\"https:\/\/blog.wtransnet.com\/pt\/wp-content\/uploads\/sites\/8\/2017\/06\/PT-verano-agencias-970x90-1.jpg 970w, https:\/\/blog.wtransnet.com\/pt\/wp-content\/uploads\/sites\/8\/2017\/06\/PT-verano-agencias-970x90-1-300x28.jpg 300w, https:\/\/blog.wtransnet.com\/pt\/wp-content\/uploads\/sites\/8\/2017\/06\/PT-verano-agencias-970x90-1-768x71.jpg 768w\" sizes=\"auto, (max-width: 970px) 100vw, 970px\" \/><\/a><\/p>\n<p>&nbsp;<\/p>\n","protected":false},"excerpt":{"rendered":"<p>Chega o Ver\u00e3o e a atividade continua a ser incessante no setor do transporte e da log\u00edstica. Encontramo-nos ante um dos picos de trabalho mais not\u00e1veis de todo o ano e, de repente, a nossa frota habitual, pr\u00f3pria ou subcontratada, torna-se insuficiente. Onde est\u00e3o os cami\u00f5es? A resposta a este quebra-cabe\u00e7as encontra-se nas bolsas de &hellip;<\/p>\n","protected":false},"author":45,"featured_media":1447,"comment_status":"open","ping_status":"open","sticky":false,"template":"","format":"standard","meta":{"_monsterinsights_skip_tracking":false,"_monsterinsights_sitenote_active":false,"_monsterinsights_sitenote_note":"","_monsterinsights_sitenote_category":0,"footnotes":""},"categories":[7,180],"tags":[52,168,70,346,339,303,88,294,302,414,29],"class_list":["post-1446","post","type-post","status-publish","format-standard","has-post-thumbnail","","category-transporte","category-transporte-atualidade","tag-bolsa-de-cargas","tag-camioes","tag-cargas","tag-ofertas","tag-retornos","tag-transportadores","tag-transporte","tag-transporte-internacional","tag-transporte-mercadorias-terrestre","tag-verao","tag-wtransnet"],"yoast_head":"<!-- This site is optimized with the Yoast SEO plugin v26.9 - https:\/\/yoast.com\/product\/yoast-seo-wordpress\/ -->\n<title>N\u00e3o encontra cami\u00f5es para as suas cargas no Ver\u00e3o? | Blog Wtransnet<\/title>\n<meta name=\"description\" content=\"Se \u00e9 ofertante de cargas, o ver\u00e3o \u00e9 a \u00e9poca ideal para encontrar transportadores de confian\u00e7a. A bolsa de cargas da Wtransnet oferece essa vantagem.\" \/>\n<meta name=\"robots\" content=\"index, follow, max-snippet:-1, max-image-preview:large, max-video-preview:-1\" \/>\n<link rel=\"canonical\" href=\"https:\/\/blog.wtransnet.com\/pt\/cargas-camioes-verao-wtransnet\/\" \/>\n<meta property=\"og:locale\" content=\"es_ES\" \/>\n<meta property=\"og:type\" content=\"article\" \/>\n<meta property=\"og:title\" content=\"N\u00e3o encontra cami\u00f5es para as suas cargas no Ver\u00e3o? | Blog Wtransnet\" \/>\n<meta property=\"og:description\" content=\"Se \u00e9 ofertante de cargas, o ver\u00e3o \u00e9 a \u00e9poca ideal para encontrar transportadores de confian\u00e7a. A bolsa de cargas da Wtransnet oferece essa vantagem.\" \/>\n<meta property=\"og:url\" content=\"https:\/\/blog.wtransnet.com\/pt\/cargas-camioes-verao-wtransnet\/\" \/>\n<meta property=\"og:site_name\" content=\"Blog Wtransnet Portugal\" \/>\n<meta property=\"article:published_time\" content=\"2017-06-28T06:38:24+00:00\" \/>\n<meta property=\"article:modified_time\" content=\"2017-07-04T14:00:12+00:00\" \/>\n<meta property=\"og:image\" content=\"https:\/\/blog.wtransnet.com\/pt\/wp-content\/uploads\/sites\/8\/2017\/06\/Europa-cargas-cami\u00f5ess-ver\u00e3o-ag\u00eancia.jpg\" \/>\n\t<meta property=\"og:image:width\" content=\"300\" \/>\n\t<meta property=\"og:image:height\" content=\"170\" \/>\n\t<meta property=\"og:image:type\" content=\"image\/jpeg\" \/>\n<meta name=\"author\" content=\"antonio\" \/>\n<meta name=\"twitter:card\" content=\"summary_large_image\" \/>\n<meta name=\"twitter:label1\" content=\"Escrito por\" \/>\n\t<meta name=\"twitter:data1\" content=\"antonio\" \/>\n\t<meta name=\"twitter:label2\" content=\"Tiempo de lectura\" \/>\n\t<meta name=\"twitter:data2\" content=\"2 minutos\" \/>\n<script type=\"application\/ld+json\" class=\"yoast-schema-graph\">{\"@context\":\"https:\/\/schema.org\",\"@graph\":[{\"@type\":\"Article\",\"@id\":\"https:\/\/blog.wtransnet.com\/pt\/cargas-camioes-verao-wtransnet\/#article\",\"isPartOf\":{\"@id\":\"https:\/\/blog.wtransnet.com\/pt\/cargas-camioes-verao-wtransnet\/\"},\"author\":{\"name\":\"antonio\",\"@id\":\"https:\/\/blog.wtransnet.com\/pt\/#\/schema\/person\/e8b31f49b67332bb82e10e0ab7377f2f\"},\"headline\":\"N\u00e3o encontra cami\u00f5es para as suas cargas no Ver\u00e3o?\",\"datePublished\":\"2017-06-28T06:38:24+00:00\",\"dateModified\":\"2017-07-04T14:00:12+00:00\",\"mainEntityOfPage\":{\"@id\":\"https:\/\/blog.wtransnet.com\/pt\/cargas-camioes-verao-wtransnet\/\"},\"wordCount\":399,\"commentCount\":0,\"image\":{\"@id\":\"https:\/\/blog.wtransnet.com\/pt\/cargas-camioes-verao-wtransnet\/#primaryimage\"},\"thumbnailUrl\":\"https:\/\/blog.wtransnet.com\/pt\/wp-content\/uploads\/sites\/8\/2017\/06\/Europa-cargas-cami\u00f5ess-ver\u00e3o-ag\u00eancia.jpg\",\"keywords\":[\"bolsa de cargas\",\"cami\u00f5es\",\"cargas\",\"ofertas\",\"retornos\",\"transportadores\",\"transporte\",\"Transporte internacional\",\"Transporte Mercadorias Terrestre\",\"verao\",\"Wtransnet\"],\"articleSection\":[\"Transporte\",\"Transporte e atualidade\"],\"inLanguage\":\"es\",\"potentialAction\":[{\"@type\":\"CommentAction\",\"name\":\"Comment\",\"target\":[\"https:\/\/blog.wtransnet.com\/pt\/cargas-camioes-verao-wtransnet\/#respond\"]}]},{\"@type\":\"WebPage\",\"@id\":\"https:\/\/blog.wtransnet.com\/pt\/cargas-camioes-verao-wtransnet\/\",\"url\":\"https:\/\/blog.wtransnet.com\/pt\/cargas-camioes-verao-wtransnet\/\",\"name\":\"N\u00e3o encontra cami\u00f5es para as suas cargas no Ver\u00e3o? | Blog Wtransnet\",\"isPartOf\":{\"@id\":\"https:\/\/blog.wtransnet.com\/pt\/#website\"},\"primaryImageOfPage\":{\"@id\":\"https:\/\/blog.wtransnet.com\/pt\/cargas-camioes-verao-wtransnet\/#primaryimage\"},\"image\":{\"@id\":\"https:\/\/blog.wtransnet.com\/pt\/cargas-camioes-verao-wtransnet\/#primaryimage\"},\"thumbnailUrl\":\"https:\/\/blog.wtransnet.com\/pt\/wp-content\/uploads\/sites\/8\/2017\/06\/Europa-cargas-cami\u00f5ess-ver\u00e3o-ag\u00eancia.jpg\",\"datePublished\":\"2017-06-28T06:38:24+00:00\",\"dateModified\":\"2017-07-04T14:00:12+00:00\",\"author\":{\"@id\":\"https:\/\/blog.wtransnet.com\/pt\/#\/schema\/person\/e8b31f49b67332bb82e10e0ab7377f2f\"},\"description\":\"Se \u00e9 ofertante de cargas, o ver\u00e3o \u00e9 a \u00e9poca ideal para encontrar transportadores de confian\u00e7a. A bolsa de cargas da Wtransnet oferece essa vantagem.\",\"breadcrumb\":{\"@id\":\"https:\/\/blog.wtransnet.com\/pt\/cargas-camioes-verao-wtransnet\/#breadcrumb\"},\"inLanguage\":\"es\",\"potentialAction\":[{\"@type\":\"ReadAction\",\"target\":[\"https:\/\/blog.wtransnet.com\/pt\/cargas-camioes-verao-wtransnet\/\"]}]},{\"@type\":\"ImageObject\",\"inLanguage\":\"es\",\"@id\":\"https:\/\/blog.wtransnet.com\/pt\/cargas-camioes-verao-wtransnet\/#primaryimage\",\"url\":\"https:\/\/blog.wtransnet.com\/pt\/wp-content\/uploads\/sites\/8\/2017\/06\/Europa-cargas-cami\u00f5ess-ver\u00e3o-ag\u00eancia.jpg\",\"contentUrl\":\"https:\/\/blog.wtransnet.com\/pt\/wp-content\/uploads\/sites\/8\/2017\/06\/Europa-cargas-cami\u00f5ess-ver\u00e3o-ag\u00eancia.jpg\",\"width\":300,\"height\":170},{\"@type\":\"BreadcrumbList\",\"@id\":\"https:\/\/blog.wtransnet.com\/pt\/cargas-camioes-verao-wtransnet\/#breadcrumb\",\"itemListElement\":[{\"@type\":\"ListItem\",\"position\":1,\"name\":\"Portada\",\"item\":\"https:\/\/blog.wtransnet.com\/pt\/\"},{\"@type\":\"ListItem\",\"position\":2,\"name\":\"N\u00e3o encontra cami\u00f5es para as suas cargas no Ver\u00e3o?\"}]},{\"@type\":\"WebSite\",\"@id\":\"https:\/\/blog.wtransnet.com\/pt\/#website\",\"url\":\"https:\/\/blog.wtransnet.com\/pt\/\",\"name\":\"Blog Wtransnet Portugal\",\"description\":\"Blog Wtransnet Portugal: Noticias do transporte, log\u00edstica e bolsa de cargas\",\"potentialAction\":[{\"@type\":\"SearchAction\",\"target\":{\"@type\":\"EntryPoint\",\"urlTemplate\":\"https:\/\/blog.wtransnet.com\/pt\/?s={search_term_string}\"},\"query-input\":{\"@type\":\"PropertyValueSpecification\",\"valueRequired\":true,\"valueName\":\"search_term_string\"}}],\"inLanguage\":\"es\"},{\"@type\":\"Person\",\"@id\":\"https:\/\/blog.wtransnet.com\/pt\/#\/schema\/person\/e8b31f49b67332bb82e10e0ab7377f2f\",\"name\":\"antonio\",\"image\":{\"@type\":\"ImageObject\",\"inLanguage\":\"es\",\"@id\":\"https:\/\/blog.wtransnet.com\/pt\/#\/schema\/person\/image\/\",\"url\":\"https:\/\/secure.gravatar.com\/avatar\/44183cd57de41c276cd301fd15a91dacdcbeeceb5e4218a94f6ab6401a7af555?s=96&d=mm&r=g\",\"contentUrl\":\"https:\/\/secure.gravatar.com\/avatar\/44183cd57de41c276cd301fd15a91dacdcbeeceb5e4218a94f6ab6401a7af555?s=96&d=mm&r=g\",\"caption\":\"antonio\"},\"url\":\"https:\/\/blog.wtransnet.com\/pt\/author\/antonio\/\"}]}<\/script>\n<!-- \/ Yoast SEO plugin. -->","yoast_head_json":{"title":"N\u00e3o encontra cami\u00f5es para as suas cargas no Ver\u00e3o? | Blog Wtransnet","description":"Se \u00e9 ofertante de cargas, o ver\u00e3o \u00e9 a \u00e9poca ideal para encontrar transportadores de confian\u00e7a. A bolsa de cargas da Wtransnet oferece essa vantagem.","robots":{"index":"index","follow":"follow","max-snippet":"max-snippet:-1","max-image-preview":"max-image-preview:large","max-video-preview":"max-video-preview:-1"},"canonical":"https:\/\/blog.wtransnet.com\/pt\/cargas-camioes-verao-wtransnet\/","og_locale":"es_ES","og_type":"article","og_title":"N\u00e3o encontra cami\u00f5es para as suas cargas no Ver\u00e3o? | Blog Wtransnet","og_description":"Se \u00e9 ofertante de cargas, o ver\u00e3o \u00e9 a \u00e9poca ideal para encontrar transportadores de confian\u00e7a. A bolsa de cargas da Wtransnet oferece essa vantagem.","og_url":"https:\/\/blog.wtransnet.com\/pt\/cargas-camioes-verao-wtransnet\/","og_site_name":"Blog Wtransnet Portugal","article_published_time":"2017-06-28T06:38:24+00:00","article_modified_time":"2017-07-04T14:00:12+00:00","og_image":[{"width":300,"height":170,"url":"https:\/\/blog.wtransnet.com\/pt\/wp-content\/uploads\/sites\/8\/2017\/06\/Europa-cargas-cami\u00f5ess-ver\u00e3o-ag\u00eancia.jpg","type":"image\/jpeg"}],"author":"antonio","twitter_card":"summary_large_image","twitter_misc":{"Escrito por":"antonio","Tiempo de lectura":"2 minutos"},"schema":{"@context":"https:\/\/schema.org","@graph":[{"@type":"Article","@id":"https:\/\/blog.wtransnet.com\/pt\/cargas-camioes-verao-wtransnet\/#article","isPartOf":{"@id":"https:\/\/blog.wtransnet.com\/pt\/cargas-camioes-verao-wtransnet\/"},"author":{"name":"antonio","@id":"https:\/\/blog.wtransnet.com\/pt\/#\/schema\/person\/e8b31f49b67332bb82e10e0ab7377f2f"},"headline":"N\u00e3o encontra cami\u00f5es para as suas cargas no Ver\u00e3o?","datePublished":"2017-06-28T06:38:24+00:00","dateModified":"2017-07-04T14:00:12+00:00","mainEntityOfPage":{"@id":"https:\/\/blog.wtransnet.com\/pt\/cargas-camioes-verao-wtransnet\/"},"wordCount":399,"commentCount":0,"image":{"@id":"https:\/\/blog.wtransnet.com\/pt\/cargas-camioes-verao-wtransnet\/#primaryimage"},"thumbnailUrl":"https:\/\/blog.wtransnet.com\/pt\/wp-content\/uploads\/sites\/8\/2017\/06\/Europa-cargas-cami\u00f5ess-ver\u00e3o-ag\u00eancia.jpg","keywords":["bolsa de cargas","cami\u00f5es","cargas","ofertas","retornos","transportadores","transporte","Transporte internacional","Transporte Mercadorias Terrestre","verao","Wtransnet"],"articleSection":["Transporte","Transporte e atualidade"],"inLanguage":"es","potentialAction":[{"@type":"CommentAction","name":"Comment","target":["https:\/\/blog.wtransnet.com\/pt\/cargas-camioes-verao-wtransnet\/#respond"]}]},{"@type":"WebPage","@id":"https:\/\/blog.wtransnet.com\/pt\/cargas-camioes-verao-wtransnet\/","url":"https:\/\/blog.wtransnet.com\/pt\/cargas-camioes-verao-wtransnet\/","name":"N\u00e3o encontra cami\u00f5es para as suas cargas no Ver\u00e3o? | Blog Wtransnet","isPartOf":{"@id":"https:\/\/blog.wtransnet.com\/pt\/#website"},"primaryImageOfPage":{"@id":"https:\/\/blog.wtransnet.com\/pt\/cargas-camioes-verao-wtransnet\/#primaryimage"},"image":{"@id":"https:\/\/blog.wtransnet.com\/pt\/cargas-camioes-verao-wtransnet\/#primaryimage"},"thumbnailUrl":"https:\/\/blog.wtransnet.com\/pt\/wp-content\/uploads\/sites\/8\/2017\/06\/Europa-cargas-cami\u00f5ess-ver\u00e3o-ag\u00eancia.jpg","datePublished":"2017-06-28T06:38:24+00:00","dateModified":"2017-07-04T14:00:12+00:00","author":{"@id":"https:\/\/blog.wtransnet.com\/pt\/#\/schema\/person\/e8b31f49b67332bb82e10e0ab7377f2f"},"description":"Se \u00e9 ofertante de cargas, o ver\u00e3o \u00e9 a \u00e9poca ideal para encontrar transportadores de confian\u00e7a. A bolsa de cargas da Wtransnet oferece essa vantagem.","breadcrumb":{"@id":"https:\/\/blog.wtransnet.com\/pt\/cargas-camioes-verao-wtransnet\/#breadcrumb"},"inLanguage":"es","potentialAction":[{"@type":"ReadAction","target":["https:\/\/blog.wtransnet.com\/pt\/cargas-camioes-verao-wtransnet\/"]}]},{"@type":"ImageObject","inLanguage":"es","@id":"https:\/\/blog.wtransnet.com\/pt\/cargas-camioes-verao-wtransnet\/#primaryimage","url":"https:\/\/blog.wtransnet.com\/pt\/wp-content\/uploads\/sites\/8\/2017\/06\/Europa-cargas-cami\u00f5ess-ver\u00e3o-ag\u00eancia.jpg","contentUrl":"https:\/\/blog.wtransnet.com\/pt\/wp-content\/uploads\/sites\/8\/2017\/06\/Europa-cargas-cami\u00f5ess-ver\u00e3o-ag\u00eancia.jpg","width":300,"height":170},{"@type":"BreadcrumbList","@id":"https:\/\/blog.wtransnet.com\/pt\/cargas-camioes-verao-wtransnet\/#breadcrumb","itemListElement":[{"@type":"ListItem","position":1,"name":"Portada","item":"https:\/\/blog.wtransnet.com\/pt\/"},{"@type":"ListItem","position":2,"name":"N\u00e3o encontra cami\u00f5es para as suas cargas no Ver\u00e3o?"}]},{"@type":"WebSite","@id":"https:\/\/blog.wtransnet.com\/pt\/#website","url":"https:\/\/blog.wtransnet.com\/pt\/","name":"Blog Wtransnet Portugal","description":"Blog Wtransnet Portugal: Noticias do transporte, log\u00edstica e bolsa de cargas","potentialAction":[{"@type":"SearchAction","target":{"@type":"EntryPoint","urlTemplate":"https:\/\/blog.wtransnet.com\/pt\/?s={search_term_string}"},"query-input":{"@type":"PropertyValueSpecification","valueRequired":true,"valueName":"search_term_string"}}],"inLanguage":"es"},{"@type":"Person","@id":"https:\/\/blog.wtransnet.com\/pt\/#\/schema\/person\/e8b31f49b67332bb82e10e0ab7377f2f","name":"antonio","image":{"@type":"ImageObject","inLanguage":"es","@id":"https:\/\/blog.wtransnet.com\/pt\/#\/schema\/person\/image\/","url":"https:\/\/secure.gravatar.com\/avatar\/44183cd57de41c276cd301fd15a91dacdcbeeceb5e4218a94f6ab6401a7af555?s=96&d=mm&r=g","contentUrl":"https:\/\/secure.gravatar.com\/avatar\/44183cd57de41c276cd301fd15a91dacdcbeeceb5e4218a94f6ab6401a7af555?s=96&d=mm&r=g","caption":"antonio"},"url":"https:\/\/blog.wtransnet.com\/pt\/author\/antonio\/"}]}},"_links":{"self":[{"href":"https:\/\/blog.wtransnet.com\/pt\/wp-json\/wp\/v2\/posts\/1446","targetHints":{"allow":["GET"]}}],"collection":[{"href":"https:\/\/blog.wtransnet.com\/pt\/wp-json\/wp\/v2\/posts"}],"about":[{"href":"https:\/\/blog.wtransnet.com\/pt\/wp-json\/wp\/v2\/types\/post"}],"author":[{"embeddable":true,"href":"https:\/\/blog.wtransnet.com\/pt\/wp-json\/wp\/v2\/users\/45"}],"replies":[{"embeddable":true,"href":"https:\/\/blog.wtransnet.com\/pt\/wp-json\/wp\/v2\/comments?post=1446"}],"version-history":[{"count":4,"href":"https:\/\/blog.wtransnet.com\/pt\/wp-json\/wp\/v2\/posts\/1446\/revisions"}],"predecessor-version":[{"id":1472,"href":"https:\/\/blog.wtransnet.com\/pt\/wp-json\/wp\/v2\/posts\/1446\/revisions\/1472"}],"wp:featuredmedia":[{"embeddable":true,"href":"https:\/\/blog.wtransnet.com\/pt\/wp-json\/wp\/v2\/media\/1447"}],"wp:attachment":[{"href":"https:\/\/blog.wtransnet.com\/pt\/wp-json\/wp\/v2\/media?parent=1446"}],"wp:term":[{"taxonomy":"category","embeddable":true,"href":"https:\/\/blog.wtransnet.com\/pt\/wp-json\/wp\/v2\/categories?post=1446"},{"taxonomy":"post_tag","embeddable":true,"href":"https:\/\/blog.wtransnet.com\/pt\/wp-json\/wp\/v2\/tags?post=1446"}],"curies":[{"name":"wp","href":"https:\/\/api.w.org\/{rel}","templated":true}]}}