{"id":1814,"date":"2020-05-20T11:13:35","date_gmt":"2020-05-20T11:13:35","guid":{"rendered":"https:\/\/blog.wtransnet.com\/pt\/?p=1814"},"modified":"2020-05-20T11:14:14","modified_gmt":"2020-05-20T11:14:14","slug":"wtransnet-website-informacoes-uteis-transportadores-covid-19","status":"publish","type":"post","link":"https:\/\/blog.wtransnet.com\/pt\/wtransnet-website-informacoes-uteis-transportadores-covid-19\/","title":{"rendered":"Wtransnet lan\u00e7a um website com informa\u00e7\u00f5es \u00fateis para os transportadores durante a crise da COVID-19"},"content":{"rendered":"\n<p>Desde o in\u00edcio da crise causada pela pandemia do <strong>Coronav\u00edrus<\/strong>, a Wtransnet, parte integrante do setor do transporte e da log\u00edstica, procurou contribuir para aliviar a situa\u00e7\u00e3o de muitos profissionais. Nesse sentido, a partir da bolsa de cargas, iniciou-se a campanha <strong>#EstamosJuntosNisto<\/strong>, que engloba diferentes a\u00e7\u00f5es com vista a minimizar os efeitos da pandemia.<\/p>\n\n\n\n<figure class=\"wp-block-image\"><img loading=\"lazy\" decoding=\"async\" width=\"500\" height=\"300\" src=\"https:\/\/blog.wtransnet.com\/pt\/wp-content\/uploads\/sites\/8\/2020\/05\/02-covid-landing-500x300.jpg\" alt=\"\" class=\"wp-image-1815\" srcset=\"https:\/\/blog.wtransnet.com\/pt\/wp-content\/uploads\/sites\/8\/2020\/05\/02-covid-landing-500x300.jpg 500w, https:\/\/blog.wtransnet.com\/pt\/wp-content\/uploads\/sites\/8\/2020\/05\/02-covid-landing-500x300-300x180.jpg 300w\" sizes=\"auto, (max-width: 500px) 100vw, 500px\" \/><\/figure>\n\n\n\n<p>Uma das medidas implementadas foi a disponibiliza\u00e7\u00e3o de um website com <strong><a href=\"https:\/\/pages.alpegagroup.com\/coronavirus-recommendations-transport-carriers\">informa\u00e7\u00f5es de interesse atualizadas para os transportadores<\/a> <\/strong> durante a crise atual, incluindo conte\u00fados como as \u00e1reas de servi\u00e7o que continuam abertas, as restri\u00e7\u00f5es em vigor ou uma caixa de correio jur\u00eddica gerida pela Lextransport para responder a d\u00favidas espec\u00edficas.<\/p>\n\n\n\n<p>Podem tamb\u00e9m consultar-se desde as\n\u00faltimas normas implementadas pela <strong>Uni\u00e3o\nEuropeia<\/strong> em mat\u00e9ria de transporte at\u00e9 \u00e0 atualiza\u00e7\u00e3o em tempo real da\nsitua\u00e7\u00e3o nos pontos de passagem fronteiri\u00e7os, assim como as esta\u00e7\u00f5es que\ncontinuam a prestar servi\u00e7os aos transportadores e muitas outras informa\u00e7\u00f5es de\ninteresse.<\/p>\n\n\n\n<p>As <strong>bolsas de cargas<\/strong> foram criadas para proporcionar uma maior efici\u00eancia no transporte e unir os diferentes intervenientes do setor. Agora depende de todos n\u00f3s criar uma rede de transporte mais forte e que permane\u00e7a unida em momentos como estes. #EstamosJuntosNisto<\/p>\n","protected":false},"excerpt":{"rendered":"<p>Desde o in\u00edcio da crise causada pela pandemia do Coronav\u00edrus, a Wtransnet, parte integrante do setor do transporte e da log\u00edstica, procurou contribuir para aliviar a situa\u00e7\u00e3o de muitos profissionais. Nesse sentido, a partir da bolsa de cargas, iniciou-se a campanha #EstamosJuntosNisto, que engloba diferentes a\u00e7\u00f5es com vista a minimizar os efeitos da pandemia. Uma &hellip;<\/p>\n","protected":false},"author":2,"featured_media":1816,"comment_status":"open","ping_status":"closed","sticky":false,"template":"","format":"standard","meta":{"_monsterinsights_skip_tracking":false,"_monsterinsights_sitenote_active":false,"_monsterinsights_sitenote_note":"","_monsterinsights_sitenote_category":0,"footnotes":""},"categories":[7,180],"tags":[577,52,582,581,563,522,88,561,29],"class_list":["post-1814","post","type-post","status-publish","format-standard","has-post-thumbnail","","category-transporte","category-transporte-atualidade","tag-577","tag-bolsa-de-cargas","tag-coronavirus","tag-covid-19","tag-empresas-transporte","tag-grupo-alpega","tag-transporte","tag-transporte-rodoviario-mercadorias","tag-wtransnet"],"yoast_head":"<!-- This site is optimized with the Yoast SEO plugin v26.9 - https:\/\/yoast.com\/product\/yoast-seo-wordpress\/ -->\n<title>Website com informa\u00e7\u00f5es \u00fateis durante o COVID-19 | Blog Wtransnet<\/title>\n<meta name=\"description\" content=\"Uma ac\u00e7\u00e3o que visa ajudar os profissionais do setor do transporte rodovi\u00e1rio de mercadorias durante a crise do Coronav\u00edrus\" \/>\n<meta name=\"robots\" content=\"index, follow, max-snippet:-1, max-image-preview:large, max-video-preview:-1\" \/>\n<link rel=\"canonical\" href=\"https:\/\/blog.wtransnet.com\/pt\/wtransnet-website-informacoes-uteis-transportadores-covid-19\/\" \/>\n<meta property=\"og:locale\" content=\"es_ES\" \/>\n<meta property=\"og:type\" content=\"article\" \/>\n<meta property=\"og:title\" content=\"Website com informa\u00e7\u00f5es \u00fateis durante o COVID-19 | Blog Wtransnet\" \/>\n<meta property=\"og:description\" content=\"Uma ac\u00e7\u00e3o que visa ajudar os profissionais do setor do transporte rodovi\u00e1rio de mercadorias durante a crise do Coronav\u00edrus\" \/>\n<meta property=\"og:url\" content=\"https:\/\/blog.wtransnet.com\/pt\/wtransnet-website-informacoes-uteis-transportadores-covid-19\/\" \/>\n<meta property=\"og:site_name\" content=\"Blog Wtransnet Portugal\" \/>\n<meta property=\"article:published_time\" content=\"2020-05-20T11:13:35+00:00\" \/>\n<meta property=\"article:modified_time\" content=\"2020-05-20T11:14:14+00:00\" \/>\n<meta property=\"og:image\" content=\"https:\/\/blog.wtransnet.com\/pt\/wp-content\/uploads\/sites\/8\/2020\/05\/02-covid-landing-300X170-1.jpg\" \/>\n\t<meta property=\"og:image:width\" content=\"300\" \/>\n\t<meta property=\"og:image:height\" content=\"170\" \/>\n\t<meta property=\"og:image:type\" content=\"image\/jpeg\" \/>\n<meta name=\"author\" content=\"Edgar Compte Reollo\" \/>\n<meta name=\"twitter:card\" content=\"summary_large_image\" \/>\n<meta name=\"twitter:label1\" content=\"Escrito por\" \/>\n\t<meta name=\"twitter:data1\" content=\"Edgar Compte Reollo\" \/>\n\t<meta name=\"twitter:label2\" content=\"Tiempo de lectura\" \/>\n\t<meta name=\"twitter:data2\" content=\"1 minuto\" \/>\n<script type=\"application\/ld+json\" class=\"yoast-schema-graph\">{\"@context\":\"https:\/\/schema.org\",\"@graph\":[{\"@type\":\"Article\",\"@id\":\"https:\/\/blog.wtransnet.com\/pt\/wtransnet-website-informacoes-uteis-transportadores-covid-19\/#article\",\"isPartOf\":{\"@id\":\"https:\/\/blog.wtransnet.com\/pt\/wtransnet-website-informacoes-uteis-transportadores-covid-19\/\"},\"author\":{\"name\":\"Edgar Compte Reollo\",\"@id\":\"https:\/\/blog.wtransnet.com\/pt\/#\/schema\/person\/72e72ba89ffa96d0d5f7e50a6af29d29\"},\"headline\":\"Wtransnet lan\u00e7a um website com informa\u00e7\u00f5es \u00fateis para os transportadores durante a crise da COVID-19\",\"datePublished\":\"2020-05-20T11:13:35+00:00\",\"dateModified\":\"2020-05-20T11:14:14+00:00\",\"mainEntityOfPage\":{\"@id\":\"https:\/\/blog.wtransnet.com\/pt\/wtransnet-website-informacoes-uteis-transportadores-covid-19\/\"},\"wordCount\":231,\"commentCount\":0,\"image\":{\"@id\":\"https:\/\/blog.wtransnet.com\/pt\/wtransnet-website-informacoes-uteis-transportadores-covid-19\/#primaryimage\"},\"thumbnailUrl\":\"https:\/\/blog.wtransnet.com\/pt\/wp-content\/uploads\/sites\/8\/2020\/05\/02-covid-landing-300X170-1.jpg\",\"keywords\":[\"2020\",\"bolsa de cargas\",\"coronavirus\",\"covid-19\",\"empresas transporte\",\"grupo Alpega\",\"transporte\",\"transporte rodoviario mercadorias\",\"Wtransnet\"],\"articleSection\":[\"Transporte\",\"Transporte e atualidade\"],\"inLanguage\":\"es\",\"potentialAction\":[{\"@type\":\"CommentAction\",\"name\":\"Comment\",\"target\":[\"https:\/\/blog.wtransnet.com\/pt\/wtransnet-website-informacoes-uteis-transportadores-covid-19\/#respond\"]}]},{\"@type\":\"WebPage\",\"@id\":\"https:\/\/blog.wtransnet.com\/pt\/wtransnet-website-informacoes-uteis-transportadores-covid-19\/\",\"url\":\"https:\/\/blog.wtransnet.com\/pt\/wtransnet-website-informacoes-uteis-transportadores-covid-19\/\",\"name\":\"Website com informa\u00e7\u00f5es \u00fateis durante o COVID-19 | Blog Wtransnet\",\"isPartOf\":{\"@id\":\"https:\/\/blog.wtransnet.com\/pt\/#website\"},\"primaryImageOfPage\":{\"@id\":\"https:\/\/blog.wtransnet.com\/pt\/wtransnet-website-informacoes-uteis-transportadores-covid-19\/#primaryimage\"},\"image\":{\"@id\":\"https:\/\/blog.wtransnet.com\/pt\/wtransnet-website-informacoes-uteis-transportadores-covid-19\/#primaryimage\"},\"thumbnailUrl\":\"https:\/\/blog.wtransnet.com\/pt\/wp-content\/uploads\/sites\/8\/2020\/05\/02-covid-landing-300X170-1.jpg\",\"datePublished\":\"2020-05-20T11:13:35+00:00\",\"dateModified\":\"2020-05-20T11:14:14+00:00\",\"author\":{\"@id\":\"https:\/\/blog.wtransnet.com\/pt\/#\/schema\/person\/72e72ba89ffa96d0d5f7e50a6af29d29\"},\"description\":\"Uma ac\u00e7\u00e3o que visa ajudar os profissionais do setor do transporte rodovi\u00e1rio de mercadorias durante a crise do Coronav\u00edrus\",\"breadcrumb\":{\"@id\":\"https:\/\/blog.wtransnet.com\/pt\/wtransnet-website-informacoes-uteis-transportadores-covid-19\/#breadcrumb\"},\"inLanguage\":\"es\",\"potentialAction\":[{\"@type\":\"ReadAction\",\"target\":[\"https:\/\/blog.wtransnet.com\/pt\/wtransnet-website-informacoes-uteis-transportadores-covid-19\/\"]}]},{\"@type\":\"ImageObject\",\"inLanguage\":\"es\",\"@id\":\"https:\/\/blog.wtransnet.com\/pt\/wtransnet-website-informacoes-uteis-transportadores-covid-19\/#primaryimage\",\"url\":\"https:\/\/blog.wtransnet.com\/pt\/wp-content\/uploads\/sites\/8\/2020\/05\/02-covid-landing-300X170-1.jpg\",\"contentUrl\":\"https:\/\/blog.wtransnet.com\/pt\/wp-content\/uploads\/sites\/8\/2020\/05\/02-covid-landing-300X170-1.jpg\",\"width\":300,\"height\":170},{\"@type\":\"BreadcrumbList\",\"@id\":\"https:\/\/blog.wtransnet.com\/pt\/wtransnet-website-informacoes-uteis-transportadores-covid-19\/#breadcrumb\",\"itemListElement\":[{\"@type\":\"ListItem\",\"position\":1,\"name\":\"Portada\",\"item\":\"https:\/\/blog.wtransnet.com\/pt\/\"},{\"@type\":\"ListItem\",\"position\":2,\"name\":\"Wtransnet lan\u00e7a um website com informa\u00e7\u00f5es \u00fateis para os transportadores durante a crise da COVID-19\"}]},{\"@type\":\"WebSite\",\"@id\":\"https:\/\/blog.wtransnet.com\/pt\/#website\",\"url\":\"https:\/\/blog.wtransnet.com\/pt\/\",\"name\":\"Blog Wtransnet Portugal\",\"description\":\"Blog Wtransnet Portugal: Noticias do transporte, log\u00edstica e bolsa de cargas\",\"potentialAction\":[{\"@type\":\"SearchAction\",\"target\":{\"@type\":\"EntryPoint\",\"urlTemplate\":\"https:\/\/blog.wtransnet.com\/pt\/?s={search_term_string}\"},\"query-input\":{\"@type\":\"PropertyValueSpecification\",\"valueRequired\":true,\"valueName\":\"search_term_string\"}}],\"inLanguage\":\"es\"},{\"@type\":\"Person\",\"@id\":\"https:\/\/blog.wtransnet.com\/pt\/#\/schema\/person\/72e72ba89ffa96d0d5f7e50a6af29d29\",\"name\":\"Edgar Compte Reollo\",\"image\":{\"@type\":\"ImageObject\",\"inLanguage\":\"es\",\"@id\":\"https:\/\/blog.wtransnet.com\/pt\/#\/schema\/person\/image\/\",\"url\":\"https:\/\/secure.gravatar.com\/avatar\/cdef3ab443cd703d80f8618c041e62e3338cd7adb52bb56655047a411be15900?s=96&d=mm&r=g\",\"contentUrl\":\"https:\/\/secure.gravatar.com\/avatar\/cdef3ab443cd703d80f8618c041e62e3338cd7adb52bb56655047a411be15900?s=96&d=mm&r=g\",\"caption\":\"Edgar Compte Reollo\"},\"url\":\"https:\/\/blog.wtransnet.com\/pt\/author\/ecompte\/\"}]}<\/script>\n<!-- \/ Yoast SEO plugin. -->","yoast_head_json":{"title":"Website com informa\u00e7\u00f5es \u00fateis durante o COVID-19 | Blog Wtransnet","description":"Uma ac\u00e7\u00e3o que visa ajudar os profissionais do setor do transporte rodovi\u00e1rio de mercadorias durante a crise do Coronav\u00edrus","robots":{"index":"index","follow":"follow","max-snippet":"max-snippet:-1","max-image-preview":"max-image-preview:large","max-video-preview":"max-video-preview:-1"},"canonical":"https:\/\/blog.wtransnet.com\/pt\/wtransnet-website-informacoes-uteis-transportadores-covid-19\/","og_locale":"es_ES","og_type":"article","og_title":"Website com informa\u00e7\u00f5es \u00fateis durante o COVID-19 | Blog Wtransnet","og_description":"Uma ac\u00e7\u00e3o que visa ajudar os profissionais do setor do transporte rodovi\u00e1rio de mercadorias durante a crise do Coronav\u00edrus","og_url":"https:\/\/blog.wtransnet.com\/pt\/wtransnet-website-informacoes-uteis-transportadores-covid-19\/","og_site_name":"Blog Wtransnet Portugal","article_published_time":"2020-05-20T11:13:35+00:00","article_modified_time":"2020-05-20T11:14:14+00:00","og_image":[{"width":300,"height":170,"url":"https:\/\/blog.wtransnet.com\/pt\/wp-content\/uploads\/sites\/8\/2020\/05\/02-covid-landing-300X170-1.jpg","type":"image\/jpeg"}],"author":"Edgar Compte Reollo","twitter_card":"summary_large_image","twitter_misc":{"Escrito por":"Edgar Compte Reollo","Tiempo de lectura":"1 minuto"},"schema":{"@context":"https:\/\/schema.org","@graph":[{"@type":"Article","@id":"https:\/\/blog.wtransnet.com\/pt\/wtransnet-website-informacoes-uteis-transportadores-covid-19\/#article","isPartOf":{"@id":"https:\/\/blog.wtransnet.com\/pt\/wtransnet-website-informacoes-uteis-transportadores-covid-19\/"},"author":{"name":"Edgar Compte Reollo","@id":"https:\/\/blog.wtransnet.com\/pt\/#\/schema\/person\/72e72ba89ffa96d0d5f7e50a6af29d29"},"headline":"Wtransnet lan\u00e7a um website com informa\u00e7\u00f5es \u00fateis para os transportadores durante a crise da COVID-19","datePublished":"2020-05-20T11:13:35+00:00","dateModified":"2020-05-20T11:14:14+00:00","mainEntityOfPage":{"@id":"https:\/\/blog.wtransnet.com\/pt\/wtransnet-website-informacoes-uteis-transportadores-covid-19\/"},"wordCount":231,"commentCount":0,"image":{"@id":"https:\/\/blog.wtransnet.com\/pt\/wtransnet-website-informacoes-uteis-transportadores-covid-19\/#primaryimage"},"thumbnailUrl":"https:\/\/blog.wtransnet.com\/pt\/wp-content\/uploads\/sites\/8\/2020\/05\/02-covid-landing-300X170-1.jpg","keywords":["2020","bolsa de cargas","coronavirus","covid-19","empresas transporte","grupo Alpega","transporte","transporte rodoviario mercadorias","Wtransnet"],"articleSection":["Transporte","Transporte e atualidade"],"inLanguage":"es","potentialAction":[{"@type":"CommentAction","name":"Comment","target":["https:\/\/blog.wtransnet.com\/pt\/wtransnet-website-informacoes-uteis-transportadores-covid-19\/#respond"]}]},{"@type":"WebPage","@id":"https:\/\/blog.wtransnet.com\/pt\/wtransnet-website-informacoes-uteis-transportadores-covid-19\/","url":"https:\/\/blog.wtransnet.com\/pt\/wtransnet-website-informacoes-uteis-transportadores-covid-19\/","name":"Website com informa\u00e7\u00f5es \u00fateis durante o COVID-19 | Blog Wtransnet","isPartOf":{"@id":"https:\/\/blog.wtransnet.com\/pt\/#website"},"primaryImageOfPage":{"@id":"https:\/\/blog.wtransnet.com\/pt\/wtransnet-website-informacoes-uteis-transportadores-covid-19\/#primaryimage"},"image":{"@id":"https:\/\/blog.wtransnet.com\/pt\/wtransnet-website-informacoes-uteis-transportadores-covid-19\/#primaryimage"},"thumbnailUrl":"https:\/\/blog.wtransnet.com\/pt\/wp-content\/uploads\/sites\/8\/2020\/05\/02-covid-landing-300X170-1.jpg","datePublished":"2020-05-20T11:13:35+00:00","dateModified":"2020-05-20T11:14:14+00:00","author":{"@id":"https:\/\/blog.wtransnet.com\/pt\/#\/schema\/person\/72e72ba89ffa96d0d5f7e50a6af29d29"},"description":"Uma ac\u00e7\u00e3o que visa ajudar os profissionais do setor do transporte rodovi\u00e1rio de mercadorias durante a crise do Coronav\u00edrus","breadcrumb":{"@id":"https:\/\/blog.wtransnet.com\/pt\/wtransnet-website-informacoes-uteis-transportadores-covid-19\/#breadcrumb"},"inLanguage":"es","potentialAction":[{"@type":"ReadAction","target":["https:\/\/blog.wtransnet.com\/pt\/wtransnet-website-informacoes-uteis-transportadores-covid-19\/"]}]},{"@type":"ImageObject","inLanguage":"es","@id":"https:\/\/blog.wtransnet.com\/pt\/wtransnet-website-informacoes-uteis-transportadores-covid-19\/#primaryimage","url":"https:\/\/blog.wtransnet.com\/pt\/wp-content\/uploads\/sites\/8\/2020\/05\/02-covid-landing-300X170-1.jpg","contentUrl":"https:\/\/blog.wtransnet.com\/pt\/wp-content\/uploads\/sites\/8\/2020\/05\/02-covid-landing-300X170-1.jpg","width":300,"height":170},{"@type":"BreadcrumbList","@id":"https:\/\/blog.wtransnet.com\/pt\/wtransnet-website-informacoes-uteis-transportadores-covid-19\/#breadcrumb","itemListElement":[{"@type":"ListItem","position":1,"name":"Portada","item":"https:\/\/blog.wtransnet.com\/pt\/"},{"@type":"ListItem","position":2,"name":"Wtransnet lan\u00e7a um website com informa\u00e7\u00f5es \u00fateis para os transportadores durante a crise da COVID-19"}]},{"@type":"WebSite","@id":"https:\/\/blog.wtransnet.com\/pt\/#website","url":"https:\/\/blog.wtransnet.com\/pt\/","name":"Blog Wtransnet Portugal","description":"Blog Wtransnet Portugal: Noticias do transporte, log\u00edstica e bolsa de cargas","potentialAction":[{"@type":"SearchAction","target":{"@type":"EntryPoint","urlTemplate":"https:\/\/blog.wtransnet.com\/pt\/?s={search_term_string}"},"query-input":{"@type":"PropertyValueSpecification","valueRequired":true,"valueName":"search_term_string"}}],"inLanguage":"es"},{"@type":"Person","@id":"https:\/\/blog.wtransnet.com\/pt\/#\/schema\/person\/72e72ba89ffa96d0d5f7e50a6af29d29","name":"Edgar Compte Reollo","image":{"@type":"ImageObject","inLanguage":"es","@id":"https:\/\/blog.wtransnet.com\/pt\/#\/schema\/person\/image\/","url":"https:\/\/secure.gravatar.com\/avatar\/cdef3ab443cd703d80f8618c041e62e3338cd7adb52bb56655047a411be15900?s=96&d=mm&r=g","contentUrl":"https:\/\/secure.gravatar.com\/avatar\/cdef3ab443cd703d80f8618c041e62e3338cd7adb52bb56655047a411be15900?s=96&d=mm&r=g","caption":"Edgar Compte Reollo"},"url":"https:\/\/blog.wtransnet.com\/pt\/author\/ecompte\/"}]}},"_links":{"self":[{"href":"https:\/\/blog.wtransnet.com\/pt\/wp-json\/wp\/v2\/posts\/1814","targetHints":{"allow":["GET"]}}],"collection":[{"href":"https:\/\/blog.wtransnet.com\/pt\/wp-json\/wp\/v2\/posts"}],"about":[{"href":"https:\/\/blog.wtransnet.com\/pt\/wp-json\/wp\/v2\/types\/post"}],"author":[{"embeddable":true,"href":"https:\/\/blog.wtransnet.com\/pt\/wp-json\/wp\/v2\/users\/2"}],"replies":[{"embeddable":true,"href":"https:\/\/blog.wtransnet.com\/pt\/wp-json\/wp\/v2\/comments?post=1814"}],"version-history":[{"count":1,"href":"https:\/\/blog.wtransnet.com\/pt\/wp-json\/wp\/v2\/posts\/1814\/revisions"}],"predecessor-version":[{"id":1817,"href":"https:\/\/blog.wtransnet.com\/pt\/wp-json\/wp\/v2\/posts\/1814\/revisions\/1817"}],"wp:featuredmedia":[{"embeddable":true,"href":"https:\/\/blog.wtransnet.com\/pt\/wp-json\/wp\/v2\/media\/1816"}],"wp:attachment":[{"href":"https:\/\/blog.wtransnet.com\/pt\/wp-json\/wp\/v2\/media?parent=1814"}],"wp:term":[{"taxonomy":"category","embeddable":true,"href":"https:\/\/blog.wtransnet.com\/pt\/wp-json\/wp\/v2\/categories?post=1814"},{"taxonomy":"post_tag","embeddable":true,"href":"https:\/\/blog.wtransnet.com\/pt\/wp-json\/wp\/v2\/tags?post=1814"}],"curies":[{"name":"wp","href":"https:\/\/api.w.org\/{rel}","templated":true}]}}