{"id":1855,"date":"2020-07-27T08:36:54","date_gmt":"2020-07-27T08:36:54","guid":{"rendered":"https:\/\/blog.wtransnet.com\/pt\/?p=1855"},"modified":"2020-07-27T08:37:10","modified_gmt":"2020-07-27T08:37:10","slug":"conselhos-conduzir-verao-wtransnet","status":"publish","type":"post","link":"https:\/\/blog.wtransnet.com\/pt\/conselhos-conduzir-verao-wtransnet\/","title":{"rendered":"N\u00e3o deixe que o calor o pare. Conselhos para conduzir no ver\u00e3o"},"content":{"rendered":"\n<p>Sempre que chega o <strong>ver\u00e3o<\/strong>, apesar deste ser especial, pensamos em tudo o que \u00e9 preciso\nter em conta nesta \u00e9poca: mais desloca\u00e7\u00f5es rodovi\u00e1rias, dias de trabalho mais\nlongos e sobretudo <strong>muito calor<\/strong>.<\/p>\n\n\n\n<p>Assim, para facilitar a passagem dos meses em que parece que as estradas s\u00e3o eternas, apresentamos uma s\u00e9rie de <strong>conselhos<\/strong> que com certeza ajudar\u00e3o a enfrentar muito melhor o que est\u00e1 para vir.<\/p>\n\n\n\n<figure class=\"wp-block-image\"><img loading=\"lazy\" decoding=\"async\" width=\"500\" height=\"300\" src=\"https:\/\/blog.wtransnet.com\/pt\/wp-content\/uploads\/sites\/8\/2020\/07\/500x300-verano.jpg\" alt=\"\" class=\"wp-image-1856\" srcset=\"https:\/\/blog.wtransnet.com\/pt\/wp-content\/uploads\/sites\/8\/2020\/07\/500x300-verano.jpg 500w, https:\/\/blog.wtransnet.com\/pt\/wp-content\/uploads\/sites\/8\/2020\/07\/500x300-verano-300x180.jpg 300w\" sizes=\"auto, (max-width: 500px) 100vw, 500px\" \/><\/figure>\n\n\n\n<p><strong>Manter-se\nsempre hidratado<\/strong><strong><\/strong><\/p>\n\n\n\n<p>A <strong>\u00e1gua<\/strong> \u00e9 fundamental sempre que se est\u00e1 ao volante, mas na \u00e9poca estival ainda mais. \u00c9 evidente que servir\u00e1 para permanecermos mais frescos, mas, sobretudo, para evitar as temidas <strong>desidrata\u00e7\u00f5es<\/strong>. Se de repente sentir falta de energia, n\u00e1useas, desorienta\u00e7\u00e3o ou sonol\u00eancia, estacione o cami\u00e3o, relaxe e beba \u00e1gua aos poucos. N\u00e3o se preocupe porque se adquirir o h\u00e1bito de beber \u00e1gua mesmo que n\u00e3o tenha sede, n\u00e3o sentir\u00e1 nenhum destes sintomas.<\/p>\n\n\n\n<p>Por precau\u00e7\u00e3o, tente <strong>evitar tamb\u00e9m as bebidas gasosas e a\u00e7ucaradas<\/strong>, uma vez que provocam\nainda mais sede, bem como alimentos pesados e ricos em gorduras.<\/p>\n\n\n\n<p><strong>Ar\ncondicionado, um aliado que pode ser trai\u00e7oeiro<\/strong><strong><\/strong><\/p>\n\n\n\n<p>O <strong>ar\nacondicionado<\/strong> \u00e9 algo que tinha mesmo de ser inventado. Evita-nos sufocos\ndentro da cabina e facilita a viagem, mas h\u00e1 que utiliz\u00e1-lo com cautela. Porque\npassar de uns c\u00f3modos vinte graus na cabina e, de repente, ter de abastecer e\nentrar em contacto com 40 graus no exterior implica um contraste que nada tem\nde ben\u00e9fico.<\/p>\n\n\n\n<p>Portanto, h\u00e1 que manter uma temperatura no interior da\ncabina que n\u00e3o seja demasiado baixa e, uns minutos antes de chegar ao destino,\ndesligar o ar condicionado e abrir o vidro para sentir a brisa estival.<\/p>\n\n\n\n<p><strong>O sol \u00e9 apenas para iluminar<\/strong><strong><\/strong><\/p>\n\n\n\n<p>O Astro Rei \u00e9 o culpado das queimaduras, insola\u00e7\u00f5es ou encandeamentos t\u00e3o t\u00edpicos desta altura do ano. Assim, o <strong>protetor solar<\/strong>, que deve aplicar abundantemente sempre que a pele esteja exposta ao sol, os <strong>\u00f3culos de sol <\/strong>e um <strong>chap\u00e9u <\/strong>t\u00eam de ser os seus companheiros de viagem insepar\u00e1veis durante algumas semanas.<\/p>\n\n\n\n<p><strong>Prestar especial aten\u00e7\u00e3o \u00e0\nmanuten\u00e7\u00e3o do ve\u00edculo<\/strong><strong><\/strong><\/p>\n\n\n\n<p>O calor n\u00e3o \u00e9 de todo o mais recomend\u00e1vel para a sa\u00fade do cami\u00e3o. Os pneus s\u00e3o especialmente afetados e \u00e9 essencial <strong>verificar a press\u00e3o<\/strong>, uma vez que as altas temperaturas combinadas com o asfalto quente fazem com que seja muito mais f\u00e1cil furar um pneu. Tamb\u00e9m se devem verificar os <strong>trav\u00f5es<\/strong>, que podem perder fric\u00e7\u00e3o por excesso de calor.<\/p>\n\n\n\n<p>O <strong>\u00f3leo do motor<\/strong> \u00e9 outro aspeto a ter em conda, recomendando-se o sint\u00e9tico, que se adapta melhor \u00e0s temperaturas elevadas. Igualmente importante \u00e9 encontrar sombras para parar ao longo do percurso, de modo a que os dispositivos eletr\u00f3nicos do ve\u00edculo n\u00e3o sofram um impacto t\u00e3o intenso e surjam eventuais avarias.<\/p>\n\n\n\n<p><strong>Por \u00faltimo, <\/strong>para\nconservar a vida \u00fatil do <strong>sistema de ar\ncondicionado<\/strong> para que n\u00e3o avarie no pior momento, ligue o ventilador antes\nde ligar o ar condicionado para retirar o calor da cabina. Assim, o A\/C n\u00e3o\nter\u00e1 de trabalhar tanto e durar\u00e1 mais.<\/p>\n\n\n\n<p><strong>Planifique as rotas<\/strong><\/p>\n\n\n\n<p>Sempre que poss\u00edvel, planifique as rotas com tempo para estar debaixo do sol durante o menor tempo poss\u00edvel. Tamb\u00e9m \u00e9 importante conhecer de antem\u00e3o as <strong><a href=\"https:\/\/pt.wtransnet.com\/restricoes-circulacao\">restri\u00e7\u00f5es de circula\u00e7\u00e3o<\/a><\/strong> que, como sabe, foram restabelecidas ap\u00f3s algumas semanas de suspens\u00e3o devido ao coronav\u00edrus.<\/p>\n\n\n\n<p><strong>Vestir roupa c\u00f3moda e fresca <\/strong><\/p>\n\n\n\n<p>N\u00e3o use o equipamento do seu clube, mesmo que tenha\nacabado de ganhar a Champions. O melhor \u00e9 optar por tecidos frescos, como o <strong>algod\u00e3o<\/strong>, e que as pe\u00e7as sejam soltas e\nconfort\u00e1veis para transpirar menos. Ah! E privilegie as cores claras.<\/p>\n","protected":false},"excerpt":{"rendered":"<p>Sempre que chega o ver\u00e3o, apesar deste ser especial, pensamos em tudo o que \u00e9 preciso ter em conta nesta \u00e9poca: mais desloca\u00e7\u00f5es rodovi\u00e1rias, dias de trabalho mais longos e sobretudo muito calor. Assim, para facilitar a passagem dos meses em que parece que as estradas s\u00e3o eternas, apresentamos uma s\u00e9rie de conselhos que com &hellip;<\/p>\n","protected":false},"author":2,"featured_media":1857,"comment_status":"open","ping_status":"closed","sticky":false,"template":"","format":"standard","meta":{"_monsterinsights_skip_tracking":false,"_monsterinsights_sitenote_active":false,"_monsterinsights_sitenote_note":"","_monsterinsights_sitenote_category":0,"footnotes":""},"categories":[7,180],"tags":[577,52,582,581,563,522,587,88,561,414,29],"class_list":["post-1855","post","type-post","status-publish","format-standard","has-post-thumbnail","","category-transporte","category-transporte-atualidade","tag-577","tag-bolsa-de-cargas","tag-coronavirus","tag-covid-19","tag-empresas-transporte","tag-grupo-alpega","tag-ofertas-de-cargas","tag-transporte","tag-transporte-rodoviario-mercadorias","tag-verao","tag-wtransnet"],"yoast_head":"<!-- This site is optimized with the Yoast SEO plugin v26.9 - https:\/\/yoast.com\/product\/yoast-seo-wordpress\/ -->\n<title>Conselhos para conduzir no ver\u00e3o | Blog Wtransnet<\/title>\n<meta name=\"description\" content=\"Apresentamos uma s\u00e9rie de conselhos com vista a facilitar o trabalho nestes meses t\u00e3o particulares\" \/>\n<meta name=\"robots\" content=\"index, follow, max-snippet:-1, max-image-preview:large, max-video-preview:-1\" \/>\n<link rel=\"canonical\" href=\"https:\/\/blog.wtransnet.com\/pt\/conselhos-conduzir-verao-wtransnet\/\" \/>\n<meta property=\"og:locale\" content=\"es_ES\" \/>\n<meta property=\"og:type\" content=\"article\" \/>\n<meta property=\"og:title\" content=\"Conselhos para conduzir no ver\u00e3o | Blog Wtransnet\" \/>\n<meta property=\"og:description\" content=\"Apresentamos uma s\u00e9rie de conselhos com vista a facilitar o trabalho nestes meses t\u00e3o particulares\" \/>\n<meta property=\"og:url\" content=\"https:\/\/blog.wtransnet.com\/pt\/conselhos-conduzir-verao-wtransnet\/\" \/>\n<meta property=\"og:site_name\" content=\"Blog Wtransnet Portugal\" \/>\n<meta property=\"article:published_time\" content=\"2020-07-27T08:36:54+00:00\" \/>\n<meta property=\"article:modified_time\" content=\"2020-07-27T08:37:10+00:00\" \/>\n<meta property=\"og:image\" content=\"https:\/\/blog.wtransnet.com\/pt\/wp-content\/uploads\/sites\/8\/2020\/07\/300x170-verano.jpg\" \/>\n\t<meta property=\"og:image:width\" content=\"300\" \/>\n\t<meta property=\"og:image:height\" content=\"170\" \/>\n\t<meta property=\"og:image:type\" content=\"image\/jpeg\" \/>\n<meta name=\"author\" content=\"Edgar Compte Reollo\" \/>\n<meta name=\"twitter:card\" content=\"summary_large_image\" \/>\n<meta name=\"twitter:label1\" content=\"Escrito por\" \/>\n\t<meta name=\"twitter:data1\" content=\"Edgar Compte Reollo\" \/>\n\t<meta name=\"twitter:label2\" content=\"Tiempo de lectura\" \/>\n\t<meta name=\"twitter:data2\" content=\"3 minutos\" \/>\n<script type=\"application\/ld+json\" class=\"yoast-schema-graph\">{\"@context\":\"https:\/\/schema.org\",\"@graph\":[{\"@type\":\"Article\",\"@id\":\"https:\/\/blog.wtransnet.com\/pt\/conselhos-conduzir-verao-wtransnet\/#article\",\"isPartOf\":{\"@id\":\"https:\/\/blog.wtransnet.com\/pt\/conselhos-conduzir-verao-wtransnet\/\"},\"author\":{\"name\":\"Edgar Compte Reollo\",\"@id\":\"https:\/\/blog.wtransnet.com\/pt\/#\/schema\/person\/72e72ba89ffa96d0d5f7e50a6af29d29\"},\"headline\":\"N\u00e3o deixe que o calor o pare. Conselhos para conduzir no ver\u00e3o\",\"datePublished\":\"2020-07-27T08:36:54+00:00\",\"dateModified\":\"2020-07-27T08:37:10+00:00\",\"mainEntityOfPage\":{\"@id\":\"https:\/\/blog.wtransnet.com\/pt\/conselhos-conduzir-verao-wtransnet\/\"},\"wordCount\":644,\"commentCount\":0,\"image\":{\"@id\":\"https:\/\/blog.wtransnet.com\/pt\/conselhos-conduzir-verao-wtransnet\/#primaryimage\"},\"thumbnailUrl\":\"https:\/\/blog.wtransnet.com\/pt\/wp-content\/uploads\/sites\/8\/2020\/07\/300x170-verano.jpg\",\"keywords\":[\"2020\",\"bolsa de cargas\",\"coronavirus\",\"covid-19\",\"empresas transporte\",\"grupo Alpega\",\"ofertas de cargas\",\"transporte\",\"transporte rodoviario mercadorias\",\"verao\",\"Wtransnet\"],\"articleSection\":[\"Transporte\",\"Transporte e atualidade\"],\"inLanguage\":\"es\",\"potentialAction\":[{\"@type\":\"CommentAction\",\"name\":\"Comment\",\"target\":[\"https:\/\/blog.wtransnet.com\/pt\/conselhos-conduzir-verao-wtransnet\/#respond\"]}]},{\"@type\":\"WebPage\",\"@id\":\"https:\/\/blog.wtransnet.com\/pt\/conselhos-conduzir-verao-wtransnet\/\",\"url\":\"https:\/\/blog.wtransnet.com\/pt\/conselhos-conduzir-verao-wtransnet\/\",\"name\":\"Conselhos para conduzir no ver\u00e3o | Blog Wtransnet\",\"isPartOf\":{\"@id\":\"https:\/\/blog.wtransnet.com\/pt\/#website\"},\"primaryImageOfPage\":{\"@id\":\"https:\/\/blog.wtransnet.com\/pt\/conselhos-conduzir-verao-wtransnet\/#primaryimage\"},\"image\":{\"@id\":\"https:\/\/blog.wtransnet.com\/pt\/conselhos-conduzir-verao-wtransnet\/#primaryimage\"},\"thumbnailUrl\":\"https:\/\/blog.wtransnet.com\/pt\/wp-content\/uploads\/sites\/8\/2020\/07\/300x170-verano.jpg\",\"datePublished\":\"2020-07-27T08:36:54+00:00\",\"dateModified\":\"2020-07-27T08:37:10+00:00\",\"author\":{\"@id\":\"https:\/\/blog.wtransnet.com\/pt\/#\/schema\/person\/72e72ba89ffa96d0d5f7e50a6af29d29\"},\"description\":\"Apresentamos uma s\u00e9rie de conselhos com vista a facilitar o trabalho nestes meses t\u00e3o particulares\",\"breadcrumb\":{\"@id\":\"https:\/\/blog.wtransnet.com\/pt\/conselhos-conduzir-verao-wtransnet\/#breadcrumb\"},\"inLanguage\":\"es\",\"potentialAction\":[{\"@type\":\"ReadAction\",\"target\":[\"https:\/\/blog.wtransnet.com\/pt\/conselhos-conduzir-verao-wtransnet\/\"]}]},{\"@type\":\"ImageObject\",\"inLanguage\":\"es\",\"@id\":\"https:\/\/blog.wtransnet.com\/pt\/conselhos-conduzir-verao-wtransnet\/#primaryimage\",\"url\":\"https:\/\/blog.wtransnet.com\/pt\/wp-content\/uploads\/sites\/8\/2020\/07\/300x170-verano.jpg\",\"contentUrl\":\"https:\/\/blog.wtransnet.com\/pt\/wp-content\/uploads\/sites\/8\/2020\/07\/300x170-verano.jpg\",\"width\":300,\"height\":170},{\"@type\":\"BreadcrumbList\",\"@id\":\"https:\/\/blog.wtransnet.com\/pt\/conselhos-conduzir-verao-wtransnet\/#breadcrumb\",\"itemListElement\":[{\"@type\":\"ListItem\",\"position\":1,\"name\":\"Portada\",\"item\":\"https:\/\/blog.wtransnet.com\/pt\/\"},{\"@type\":\"ListItem\",\"position\":2,\"name\":\"N\u00e3o deixe que o calor o pare. Conselhos para conduzir no ver\u00e3o\"}]},{\"@type\":\"WebSite\",\"@id\":\"https:\/\/blog.wtransnet.com\/pt\/#website\",\"url\":\"https:\/\/blog.wtransnet.com\/pt\/\",\"name\":\"Blog Wtransnet Portugal\",\"description\":\"Blog Wtransnet Portugal: Noticias do transporte, log\u00edstica e bolsa de cargas\",\"potentialAction\":[{\"@type\":\"SearchAction\",\"target\":{\"@type\":\"EntryPoint\",\"urlTemplate\":\"https:\/\/blog.wtransnet.com\/pt\/?s={search_term_string}\"},\"query-input\":{\"@type\":\"PropertyValueSpecification\",\"valueRequired\":true,\"valueName\":\"search_term_string\"}}],\"inLanguage\":\"es\"},{\"@type\":\"Person\",\"@id\":\"https:\/\/blog.wtransnet.com\/pt\/#\/schema\/person\/72e72ba89ffa96d0d5f7e50a6af29d29\",\"name\":\"Edgar Compte Reollo\",\"image\":{\"@type\":\"ImageObject\",\"inLanguage\":\"es\",\"@id\":\"https:\/\/blog.wtransnet.com\/pt\/#\/schema\/person\/image\/\",\"url\":\"https:\/\/secure.gravatar.com\/avatar\/cdef3ab443cd703d80f8618c041e62e3338cd7adb52bb56655047a411be15900?s=96&d=mm&r=g\",\"contentUrl\":\"https:\/\/secure.gravatar.com\/avatar\/cdef3ab443cd703d80f8618c041e62e3338cd7adb52bb56655047a411be15900?s=96&d=mm&r=g\",\"caption\":\"Edgar Compte Reollo\"},\"url\":\"https:\/\/blog.wtransnet.com\/pt\/author\/ecompte\/\"}]}<\/script>\n<!-- \/ Yoast SEO plugin. -->","yoast_head_json":{"title":"Conselhos para conduzir no ver\u00e3o | Blog Wtransnet","description":"Apresentamos uma s\u00e9rie de conselhos com vista a facilitar o trabalho nestes meses t\u00e3o particulares","robots":{"index":"index","follow":"follow","max-snippet":"max-snippet:-1","max-image-preview":"max-image-preview:large","max-video-preview":"max-video-preview:-1"},"canonical":"https:\/\/blog.wtransnet.com\/pt\/conselhos-conduzir-verao-wtransnet\/","og_locale":"es_ES","og_type":"article","og_title":"Conselhos para conduzir no ver\u00e3o | Blog Wtransnet","og_description":"Apresentamos uma s\u00e9rie de conselhos com vista a facilitar o trabalho nestes meses t\u00e3o particulares","og_url":"https:\/\/blog.wtransnet.com\/pt\/conselhos-conduzir-verao-wtransnet\/","og_site_name":"Blog Wtransnet Portugal","article_published_time":"2020-07-27T08:36:54+00:00","article_modified_time":"2020-07-27T08:37:10+00:00","og_image":[{"width":300,"height":170,"url":"https:\/\/blog.wtransnet.com\/pt\/wp-content\/uploads\/sites\/8\/2020\/07\/300x170-verano.jpg","type":"image\/jpeg"}],"author":"Edgar Compte Reollo","twitter_card":"summary_large_image","twitter_misc":{"Escrito por":"Edgar Compte Reollo","Tiempo de lectura":"3 minutos"},"schema":{"@context":"https:\/\/schema.org","@graph":[{"@type":"Article","@id":"https:\/\/blog.wtransnet.com\/pt\/conselhos-conduzir-verao-wtransnet\/#article","isPartOf":{"@id":"https:\/\/blog.wtransnet.com\/pt\/conselhos-conduzir-verao-wtransnet\/"},"author":{"name":"Edgar Compte Reollo","@id":"https:\/\/blog.wtransnet.com\/pt\/#\/schema\/person\/72e72ba89ffa96d0d5f7e50a6af29d29"},"headline":"N\u00e3o deixe que o calor o pare. Conselhos para conduzir no ver\u00e3o","datePublished":"2020-07-27T08:36:54+00:00","dateModified":"2020-07-27T08:37:10+00:00","mainEntityOfPage":{"@id":"https:\/\/blog.wtransnet.com\/pt\/conselhos-conduzir-verao-wtransnet\/"},"wordCount":644,"commentCount":0,"image":{"@id":"https:\/\/blog.wtransnet.com\/pt\/conselhos-conduzir-verao-wtransnet\/#primaryimage"},"thumbnailUrl":"https:\/\/blog.wtransnet.com\/pt\/wp-content\/uploads\/sites\/8\/2020\/07\/300x170-verano.jpg","keywords":["2020","bolsa de cargas","coronavirus","covid-19","empresas transporte","grupo Alpega","ofertas de cargas","transporte","transporte rodoviario mercadorias","verao","Wtransnet"],"articleSection":["Transporte","Transporte e atualidade"],"inLanguage":"es","potentialAction":[{"@type":"CommentAction","name":"Comment","target":["https:\/\/blog.wtransnet.com\/pt\/conselhos-conduzir-verao-wtransnet\/#respond"]}]},{"@type":"WebPage","@id":"https:\/\/blog.wtransnet.com\/pt\/conselhos-conduzir-verao-wtransnet\/","url":"https:\/\/blog.wtransnet.com\/pt\/conselhos-conduzir-verao-wtransnet\/","name":"Conselhos para conduzir no ver\u00e3o | Blog Wtransnet","isPartOf":{"@id":"https:\/\/blog.wtransnet.com\/pt\/#website"},"primaryImageOfPage":{"@id":"https:\/\/blog.wtransnet.com\/pt\/conselhos-conduzir-verao-wtransnet\/#primaryimage"},"image":{"@id":"https:\/\/blog.wtransnet.com\/pt\/conselhos-conduzir-verao-wtransnet\/#primaryimage"},"thumbnailUrl":"https:\/\/blog.wtransnet.com\/pt\/wp-content\/uploads\/sites\/8\/2020\/07\/300x170-verano.jpg","datePublished":"2020-07-27T08:36:54+00:00","dateModified":"2020-07-27T08:37:10+00:00","author":{"@id":"https:\/\/blog.wtransnet.com\/pt\/#\/schema\/person\/72e72ba89ffa96d0d5f7e50a6af29d29"},"description":"Apresentamos uma s\u00e9rie de conselhos com vista a facilitar o trabalho nestes meses t\u00e3o particulares","breadcrumb":{"@id":"https:\/\/blog.wtransnet.com\/pt\/conselhos-conduzir-verao-wtransnet\/#breadcrumb"},"inLanguage":"es","potentialAction":[{"@type":"ReadAction","target":["https:\/\/blog.wtransnet.com\/pt\/conselhos-conduzir-verao-wtransnet\/"]}]},{"@type":"ImageObject","inLanguage":"es","@id":"https:\/\/blog.wtransnet.com\/pt\/conselhos-conduzir-verao-wtransnet\/#primaryimage","url":"https:\/\/blog.wtransnet.com\/pt\/wp-content\/uploads\/sites\/8\/2020\/07\/300x170-verano.jpg","contentUrl":"https:\/\/blog.wtransnet.com\/pt\/wp-content\/uploads\/sites\/8\/2020\/07\/300x170-verano.jpg","width":300,"height":170},{"@type":"BreadcrumbList","@id":"https:\/\/blog.wtransnet.com\/pt\/conselhos-conduzir-verao-wtransnet\/#breadcrumb","itemListElement":[{"@type":"ListItem","position":1,"name":"Portada","item":"https:\/\/blog.wtransnet.com\/pt\/"},{"@type":"ListItem","position":2,"name":"N\u00e3o deixe que o calor o pare. Conselhos para conduzir no ver\u00e3o"}]},{"@type":"WebSite","@id":"https:\/\/blog.wtransnet.com\/pt\/#website","url":"https:\/\/blog.wtransnet.com\/pt\/","name":"Blog Wtransnet Portugal","description":"Blog Wtransnet Portugal: Noticias do transporte, log\u00edstica e bolsa de cargas","potentialAction":[{"@type":"SearchAction","target":{"@type":"EntryPoint","urlTemplate":"https:\/\/blog.wtransnet.com\/pt\/?s={search_term_string}"},"query-input":{"@type":"PropertyValueSpecification","valueRequired":true,"valueName":"search_term_string"}}],"inLanguage":"es"},{"@type":"Person","@id":"https:\/\/blog.wtransnet.com\/pt\/#\/schema\/person\/72e72ba89ffa96d0d5f7e50a6af29d29","name":"Edgar Compte Reollo","image":{"@type":"ImageObject","inLanguage":"es","@id":"https:\/\/blog.wtransnet.com\/pt\/#\/schema\/person\/image\/","url":"https:\/\/secure.gravatar.com\/avatar\/cdef3ab443cd703d80f8618c041e62e3338cd7adb52bb56655047a411be15900?s=96&d=mm&r=g","contentUrl":"https:\/\/secure.gravatar.com\/avatar\/cdef3ab443cd703d80f8618c041e62e3338cd7adb52bb56655047a411be15900?s=96&d=mm&r=g","caption":"Edgar Compte Reollo"},"url":"https:\/\/blog.wtransnet.com\/pt\/author\/ecompte\/"}]}},"_links":{"self":[{"href":"https:\/\/blog.wtransnet.com\/pt\/wp-json\/wp\/v2\/posts\/1855","targetHints":{"allow":["GET"]}}],"collection":[{"href":"https:\/\/blog.wtransnet.com\/pt\/wp-json\/wp\/v2\/posts"}],"about":[{"href":"https:\/\/blog.wtransnet.com\/pt\/wp-json\/wp\/v2\/types\/post"}],"author":[{"embeddable":true,"href":"https:\/\/blog.wtransnet.com\/pt\/wp-json\/wp\/v2\/users\/2"}],"replies":[{"embeddable":true,"href":"https:\/\/blog.wtransnet.com\/pt\/wp-json\/wp\/v2\/comments?post=1855"}],"version-history":[{"count":1,"href":"https:\/\/blog.wtransnet.com\/pt\/wp-json\/wp\/v2\/posts\/1855\/revisions"}],"predecessor-version":[{"id":1858,"href":"https:\/\/blog.wtransnet.com\/pt\/wp-json\/wp\/v2\/posts\/1855\/revisions\/1858"}],"wp:featuredmedia":[{"embeddable":true,"href":"https:\/\/blog.wtransnet.com\/pt\/wp-json\/wp\/v2\/media\/1857"}],"wp:attachment":[{"href":"https:\/\/blog.wtransnet.com\/pt\/wp-json\/wp\/v2\/media?parent=1855"}],"wp:term":[{"taxonomy":"category","embeddable":true,"href":"https:\/\/blog.wtransnet.com\/pt\/wp-json\/wp\/v2\/categories?post=1855"},{"taxonomy":"post_tag","embeddable":true,"href":"https:\/\/blog.wtransnet.com\/pt\/wp-json\/wp\/v2\/tags?post=1855"}],"curies":[{"name":"wp","href":"https:\/\/api.w.org\/{rel}","templated":true}]}}