{"id":40,"date":"2013-02-08T00:00:00","date_gmt":"2013-02-08T00:00:00","guid":{"rendered":"https:\/\/blog.wtransnet.com\/pt\/2013\/02\/08\/assim-foi-barcelona-connecta\/"},"modified":"2016-02-03T16:35:53","modified_gmt":"2016-02-03T16:35:53","slug":"assim-foi-barcelona-connecta","status":"publish","type":"post","link":"https:\/\/blog.wtransnet.com\/pt\/assim-foi-barcelona-connecta\/","title":{"rendered":"Assim foi Barcelona Connecta"},"content":{"rendered":"<p class=\"rtejustify\">A \u00faltima edi\u00e7\u00e3o de Barcelona Connecta, celebrada o passado m\u00eas de Outubro, fez poss\u00edvel mais de 5.930 entrevistas entre profissionais de 13 pa\u00edses Europeus.<\/p>\n<p class=\"rtejustify\">Uma iniciativa pioneira da Funda\u00e7\u00e3o Wtransnet que j\u00e1 se converteu em evento de refer\u00eancia no sector pelas possibilidades de neg\u00f3cio que oferece: em apenas uma jornada, os assistentes podem conhecer a outras empresas de transporte e log\u00edstica atrav\u00e9s de rondas de entrevistas breves e estabelecer um primeiro contacto comercial.<\/p>\n<p class=\"rtejustify\">\u00a0Ampliar a agenda de contactos, conhecer a novos colaboradores ou a colaboradores j\u00e1 habituais e inclusivamente fechar negocia\u00e7\u00f5es durante o pr\u00f3prio evento foram as notas dominantes da passada Edi\u00e7\u00e3o.<\/p>\n<p class=\"rtejustify\">Cabe destacar a grande resposta das empresas e a sua proactividade durante toda a Jornada de trabalho, num momento em que muitas delas tiveram de repensar o seu neg\u00f3cio e abrir-se a novos mercados. \u201cGra\u00e7as ao Barcelona Connecta pude estabelecer uma primeira toma de contacto com empresas com as que, de outra forma, seria muito dif\u00edcil coincidir\u201d comentavam os assistentes.<\/p>\n<p class=\"rtejustify\">A equipa de WConnecta trabalha j\u00e1 na pr\u00f3xima edi\u00e7\u00e3o do evento, prevista para o pr\u00f3ximo Outono e abrir\u00e1 o per\u00edodo de inscri\u00e7\u00e3o nos pr\u00f3ximos meses.<\/p>\n<p class=\"rtejustify\"><a href=\"http:\/\/www.wconnecta.com\/pt\/\" target=\"_blank\"><strong>Escute as opini\u00f5es dos assistentes<\/strong><\/a><\/p>\n","protected":false},"excerpt":{"rendered":"<p>A \u00faltima edi\u00e7\u00e3o de Barcelona Connecta, celebrada o passado m\u00eas de Outubro, fez poss\u00edvel mais de 5.930 entrevistas entre profissionais de 13 pa\u00edses Europeus. Uma iniciativa pioneira da Funda\u00e7\u00e3o Wtransnet que j\u00e1 se converteu em evento de refer\u00eancia no sector pelas possibilidades de neg\u00f3cio que oferece: em apenas uma jornada, os assistentes podem conhecer a &hellip;<\/p>\n","protected":false},"author":1,"featured_media":218,"comment_status":"open","ping_status":"open","sticky":false,"template":"","format":"standard","meta":{"_monsterinsights_skip_tracking":false,"_monsterinsights_sitenote_active":false,"_monsterinsights_sitenote_note":"","_monsterinsights_sitenote_category":0,"footnotes":""},"categories":[6,180],"tags":[],"class_list":["post-40","post","type-post","status-publish","format-standard","has-post-thumbnail","","category-actos-eventos","category-transporte-atualidade"],"yoast_head":"<!-- This site is optimized with the Yoast SEO plugin v26.9 - https:\/\/yoast.com\/product\/yoast-seo-wordpress\/ -->\n<title>Assim foi Barcelona Connecta - Blog Wtransnet Portugal<\/title>\n<meta name=\"robots\" content=\"index, follow, max-snippet:-1, max-image-preview:large, max-video-preview:-1\" \/>\n<link rel=\"canonical\" href=\"https:\/\/blog.wtransnet.com\/pt\/assim-foi-barcelona-connecta\/\" \/>\n<meta property=\"og:locale\" content=\"es_ES\" \/>\n<meta property=\"og:type\" content=\"article\" \/>\n<meta property=\"og:title\" content=\"Assim foi Barcelona Connecta - Blog Wtransnet Portugal\" \/>\n<meta property=\"og:description\" content=\"A \u00faltima edi\u00e7\u00e3o de Barcelona Connecta, celebrada o passado m\u00eas de Outubro, fez poss\u00edvel mais de 5.930 entrevistas entre profissionais de 13 pa\u00edses Europeus. Uma iniciativa pioneira da Funda\u00e7\u00e3o Wtransnet que j\u00e1 se converteu em evento de refer\u00eancia no sector pelas possibilidades de neg\u00f3cio que oferece: em apenas uma jornada, os assistentes podem conhecer a &hellip;\" \/>\n<meta property=\"og:url\" content=\"https:\/\/blog.wtransnet.com\/pt\/assim-foi-barcelona-connecta\/\" \/>\n<meta property=\"og:site_name\" content=\"Blog Wtransnet Portugal\" \/>\n<meta property=\"article:published_time\" content=\"2013-02-08T00:00:00+00:00\" \/>\n<meta property=\"article:modified_time\" content=\"2016-02-03T16:35:53+00:00\" \/>\n<meta property=\"og:image\" content=\"https:\/\/blog.wtransnet.com\/pt\/wp-content\/uploads\/sites\/8\/2013\/02\/connecta-blog.jpg\" \/>\n\t<meta property=\"og:image:width\" content=\"150\" \/>\n\t<meta property=\"og:image:height\" content=\"150\" \/>\n\t<meta property=\"og:image:type\" content=\"image\/jpeg\" \/>\n<meta name=\"author\" content=\"wtransnet\" \/>\n<meta name=\"twitter:card\" content=\"summary_large_image\" \/>\n<meta name=\"twitter:label1\" content=\"Escrito por\" \/>\n\t<meta name=\"twitter:data1\" content=\"wtransnet\" \/>\n\t<meta name=\"twitter:label2\" content=\"Tiempo de lectura\" \/>\n\t<meta name=\"twitter:data2\" content=\"1 minuto\" \/>\n<script type=\"application\/ld+json\" class=\"yoast-schema-graph\">{\"@context\":\"https:\/\/schema.org\",\"@graph\":[{\"@type\":\"Article\",\"@id\":\"https:\/\/blog.wtransnet.com\/pt\/assim-foi-barcelona-connecta\/#article\",\"isPartOf\":{\"@id\":\"https:\/\/blog.wtransnet.com\/pt\/assim-foi-barcelona-connecta\/\"},\"author\":{\"name\":\"wtransnet\",\"@id\":\"https:\/\/blog.wtransnet.com\/pt\/#\/schema\/person\/fceb9548f80ce7f179d676f87807077c\"},\"headline\":\"Assim foi Barcelona Connecta\",\"datePublished\":\"2013-02-08T00:00:00+00:00\",\"dateModified\":\"2016-02-03T16:35:53+00:00\",\"mainEntityOfPage\":{\"@id\":\"https:\/\/blog.wtransnet.com\/pt\/assim-foi-barcelona-connecta\/\"},\"wordCount\":216,\"commentCount\":0,\"image\":{\"@id\":\"https:\/\/blog.wtransnet.com\/pt\/assim-foi-barcelona-connecta\/#primaryimage\"},\"thumbnailUrl\":\"https:\/\/blog.wtransnet.com\/pt\/wp-content\/uploads\/sites\/8\/2013\/02\/connecta-blog.jpg\",\"articleSection\":[\"Actos e Eventos\",\"Transporte e atualidade\"],\"inLanguage\":\"es\",\"potentialAction\":[{\"@type\":\"CommentAction\",\"name\":\"Comment\",\"target\":[\"https:\/\/blog.wtransnet.com\/pt\/assim-foi-barcelona-connecta\/#respond\"]}]},{\"@type\":\"WebPage\",\"@id\":\"https:\/\/blog.wtransnet.com\/pt\/assim-foi-barcelona-connecta\/\",\"url\":\"https:\/\/blog.wtransnet.com\/pt\/assim-foi-barcelona-connecta\/\",\"name\":\"Assim foi Barcelona Connecta - Blog Wtransnet Portugal\",\"isPartOf\":{\"@id\":\"https:\/\/blog.wtransnet.com\/pt\/#website\"},\"primaryImageOfPage\":{\"@id\":\"https:\/\/blog.wtransnet.com\/pt\/assim-foi-barcelona-connecta\/#primaryimage\"},\"image\":{\"@id\":\"https:\/\/blog.wtransnet.com\/pt\/assim-foi-barcelona-connecta\/#primaryimage\"},\"thumbnailUrl\":\"https:\/\/blog.wtransnet.com\/pt\/wp-content\/uploads\/sites\/8\/2013\/02\/connecta-blog.jpg\",\"datePublished\":\"2013-02-08T00:00:00+00:00\",\"dateModified\":\"2016-02-03T16:35:53+00:00\",\"author\":{\"@id\":\"https:\/\/blog.wtransnet.com\/pt\/#\/schema\/person\/fceb9548f80ce7f179d676f87807077c\"},\"breadcrumb\":{\"@id\":\"https:\/\/blog.wtransnet.com\/pt\/assim-foi-barcelona-connecta\/#breadcrumb\"},\"inLanguage\":\"es\",\"potentialAction\":[{\"@type\":\"ReadAction\",\"target\":[\"https:\/\/blog.wtransnet.com\/pt\/assim-foi-barcelona-connecta\/\"]}]},{\"@type\":\"ImageObject\",\"inLanguage\":\"es\",\"@id\":\"https:\/\/blog.wtransnet.com\/pt\/assim-foi-barcelona-connecta\/#primaryimage\",\"url\":\"https:\/\/blog.wtransnet.com\/pt\/wp-content\/uploads\/sites\/8\/2013\/02\/connecta-blog.jpg\",\"contentUrl\":\"https:\/\/blog.wtransnet.com\/pt\/wp-content\/uploads\/sites\/8\/2013\/02\/connecta-blog.jpg\",\"width\":150,\"height\":150},{\"@type\":\"BreadcrumbList\",\"@id\":\"https:\/\/blog.wtransnet.com\/pt\/assim-foi-barcelona-connecta\/#breadcrumb\",\"itemListElement\":[{\"@type\":\"ListItem\",\"position\":1,\"name\":\"Portada\",\"item\":\"https:\/\/blog.wtransnet.com\/pt\/\"},{\"@type\":\"ListItem\",\"position\":2,\"name\":\"Assim foi Barcelona Connecta\"}]},{\"@type\":\"WebSite\",\"@id\":\"https:\/\/blog.wtransnet.com\/pt\/#website\",\"url\":\"https:\/\/blog.wtransnet.com\/pt\/\",\"name\":\"Blog Wtransnet Portugal\",\"description\":\"Blog Wtransnet Portugal: Noticias do transporte, log\u00edstica e bolsa de cargas\",\"potentialAction\":[{\"@type\":\"SearchAction\",\"target\":{\"@type\":\"EntryPoint\",\"urlTemplate\":\"https:\/\/blog.wtransnet.com\/pt\/?s={search_term_string}\"},\"query-input\":{\"@type\":\"PropertyValueSpecification\",\"valueRequired\":true,\"valueName\":\"search_term_string\"}}],\"inLanguage\":\"es\"},{\"@type\":\"Person\",\"@id\":\"https:\/\/blog.wtransnet.com\/pt\/#\/schema\/person\/fceb9548f80ce7f179d676f87807077c\",\"name\":\"wtransnet\",\"image\":{\"@type\":\"ImageObject\",\"inLanguage\":\"es\",\"@id\":\"https:\/\/blog.wtransnet.com\/pt\/#\/schema\/person\/image\/\",\"url\":\"https:\/\/secure.gravatar.com\/avatar\/a05fe32dee93b4aac2b3ec7f2963147f4949dc5f60df7d491cc2199728053e0b?s=96&d=mm&r=g\",\"contentUrl\":\"https:\/\/secure.gravatar.com\/avatar\/a05fe32dee93b4aac2b3ec7f2963147f4949dc5f60df7d491cc2199728053e0b?s=96&d=mm&r=g\",\"caption\":\"wtransnet\"},\"url\":\"https:\/\/blog.wtransnet.com\/pt\/author\/wtransnet\/\"}]}<\/script>\n<!-- \/ Yoast SEO plugin. -->","yoast_head_json":{"title":"Assim foi Barcelona Connecta - Blog Wtransnet Portugal","robots":{"index":"index","follow":"follow","max-snippet":"max-snippet:-1","max-image-preview":"max-image-preview:large","max-video-preview":"max-video-preview:-1"},"canonical":"https:\/\/blog.wtransnet.com\/pt\/assim-foi-barcelona-connecta\/","og_locale":"es_ES","og_type":"article","og_title":"Assim foi Barcelona Connecta - Blog Wtransnet Portugal","og_description":"A \u00faltima edi\u00e7\u00e3o de Barcelona Connecta, celebrada o passado m\u00eas de Outubro, fez poss\u00edvel mais de 5.930 entrevistas entre profissionais de 13 pa\u00edses Europeus. Uma iniciativa pioneira da Funda\u00e7\u00e3o Wtransnet que j\u00e1 se converteu em evento de refer\u00eancia no sector pelas possibilidades de neg\u00f3cio que oferece: em apenas uma jornada, os assistentes podem conhecer a &hellip;","og_url":"https:\/\/blog.wtransnet.com\/pt\/assim-foi-barcelona-connecta\/","og_site_name":"Blog Wtransnet Portugal","article_published_time":"2013-02-08T00:00:00+00:00","article_modified_time":"2016-02-03T16:35:53+00:00","og_image":[{"width":150,"height":150,"url":"https:\/\/blog.wtransnet.com\/pt\/wp-content\/uploads\/sites\/8\/2013\/02\/connecta-blog.jpg","type":"image\/jpeg"}],"author":"wtransnet","twitter_card":"summary_large_image","twitter_misc":{"Escrito por":"wtransnet","Tiempo de lectura":"1 minuto"},"schema":{"@context":"https:\/\/schema.org","@graph":[{"@type":"Article","@id":"https:\/\/blog.wtransnet.com\/pt\/assim-foi-barcelona-connecta\/#article","isPartOf":{"@id":"https:\/\/blog.wtransnet.com\/pt\/assim-foi-barcelona-connecta\/"},"author":{"name":"wtransnet","@id":"https:\/\/blog.wtransnet.com\/pt\/#\/schema\/person\/fceb9548f80ce7f179d676f87807077c"},"headline":"Assim foi Barcelona Connecta","datePublished":"2013-02-08T00:00:00+00:00","dateModified":"2016-02-03T16:35:53+00:00","mainEntityOfPage":{"@id":"https:\/\/blog.wtransnet.com\/pt\/assim-foi-barcelona-connecta\/"},"wordCount":216,"commentCount":0,"image":{"@id":"https:\/\/blog.wtransnet.com\/pt\/assim-foi-barcelona-connecta\/#primaryimage"},"thumbnailUrl":"https:\/\/blog.wtransnet.com\/pt\/wp-content\/uploads\/sites\/8\/2013\/02\/connecta-blog.jpg","articleSection":["Actos e Eventos","Transporte e atualidade"],"inLanguage":"es","potentialAction":[{"@type":"CommentAction","name":"Comment","target":["https:\/\/blog.wtransnet.com\/pt\/assim-foi-barcelona-connecta\/#respond"]}]},{"@type":"WebPage","@id":"https:\/\/blog.wtransnet.com\/pt\/assim-foi-barcelona-connecta\/","url":"https:\/\/blog.wtransnet.com\/pt\/assim-foi-barcelona-connecta\/","name":"Assim foi Barcelona Connecta - Blog Wtransnet Portugal","isPartOf":{"@id":"https:\/\/blog.wtransnet.com\/pt\/#website"},"primaryImageOfPage":{"@id":"https:\/\/blog.wtransnet.com\/pt\/assim-foi-barcelona-connecta\/#primaryimage"},"image":{"@id":"https:\/\/blog.wtransnet.com\/pt\/assim-foi-barcelona-connecta\/#primaryimage"},"thumbnailUrl":"https:\/\/blog.wtransnet.com\/pt\/wp-content\/uploads\/sites\/8\/2013\/02\/connecta-blog.jpg","datePublished":"2013-02-08T00:00:00+00:00","dateModified":"2016-02-03T16:35:53+00:00","author":{"@id":"https:\/\/blog.wtransnet.com\/pt\/#\/schema\/person\/fceb9548f80ce7f179d676f87807077c"},"breadcrumb":{"@id":"https:\/\/blog.wtransnet.com\/pt\/assim-foi-barcelona-connecta\/#breadcrumb"},"inLanguage":"es","potentialAction":[{"@type":"ReadAction","target":["https:\/\/blog.wtransnet.com\/pt\/assim-foi-barcelona-connecta\/"]}]},{"@type":"ImageObject","inLanguage":"es","@id":"https:\/\/blog.wtransnet.com\/pt\/assim-foi-barcelona-connecta\/#primaryimage","url":"https:\/\/blog.wtransnet.com\/pt\/wp-content\/uploads\/sites\/8\/2013\/02\/connecta-blog.jpg","contentUrl":"https:\/\/blog.wtransnet.com\/pt\/wp-content\/uploads\/sites\/8\/2013\/02\/connecta-blog.jpg","width":150,"height":150},{"@type":"BreadcrumbList","@id":"https:\/\/blog.wtransnet.com\/pt\/assim-foi-barcelona-connecta\/#breadcrumb","itemListElement":[{"@type":"ListItem","position":1,"name":"Portada","item":"https:\/\/blog.wtransnet.com\/pt\/"},{"@type":"ListItem","position":2,"name":"Assim foi Barcelona Connecta"}]},{"@type":"WebSite","@id":"https:\/\/blog.wtransnet.com\/pt\/#website","url":"https:\/\/blog.wtransnet.com\/pt\/","name":"Blog Wtransnet Portugal","description":"Blog Wtransnet Portugal: Noticias do transporte, log\u00edstica e bolsa de cargas","potentialAction":[{"@type":"SearchAction","target":{"@type":"EntryPoint","urlTemplate":"https:\/\/blog.wtransnet.com\/pt\/?s={search_term_string}"},"query-input":{"@type":"PropertyValueSpecification","valueRequired":true,"valueName":"search_term_string"}}],"inLanguage":"es"},{"@type":"Person","@id":"https:\/\/blog.wtransnet.com\/pt\/#\/schema\/person\/fceb9548f80ce7f179d676f87807077c","name":"wtransnet","image":{"@type":"ImageObject","inLanguage":"es","@id":"https:\/\/blog.wtransnet.com\/pt\/#\/schema\/person\/image\/","url":"https:\/\/secure.gravatar.com\/avatar\/a05fe32dee93b4aac2b3ec7f2963147f4949dc5f60df7d491cc2199728053e0b?s=96&d=mm&r=g","contentUrl":"https:\/\/secure.gravatar.com\/avatar\/a05fe32dee93b4aac2b3ec7f2963147f4949dc5f60df7d491cc2199728053e0b?s=96&d=mm&r=g","caption":"wtransnet"},"url":"https:\/\/blog.wtransnet.com\/pt\/author\/wtransnet\/"}]}},"_links":{"self":[{"href":"https:\/\/blog.wtransnet.com\/pt\/wp-json\/wp\/v2\/posts\/40","targetHints":{"allow":["GET"]}}],"collection":[{"href":"https:\/\/blog.wtransnet.com\/pt\/wp-json\/wp\/v2\/posts"}],"about":[{"href":"https:\/\/blog.wtransnet.com\/pt\/wp-json\/wp\/v2\/types\/post"}],"author":[{"embeddable":true,"href":"https:\/\/blog.wtransnet.com\/pt\/wp-json\/wp\/v2\/users\/1"}],"replies":[{"embeddable":true,"href":"https:\/\/blog.wtransnet.com\/pt\/wp-json\/wp\/v2\/comments?post=40"}],"version-history":[{"count":0,"href":"https:\/\/blog.wtransnet.com\/pt\/wp-json\/wp\/v2\/posts\/40\/revisions"}],"wp:featuredmedia":[{"embeddable":true,"href":"https:\/\/blog.wtransnet.com\/pt\/wp-json\/wp\/v2\/media\/218"}],"wp:attachment":[{"href":"https:\/\/blog.wtransnet.com\/pt\/wp-json\/wp\/v2\/media?parent=40"}],"wp:term":[{"taxonomy":"category","embeddable":true,"href":"https:\/\/blog.wtransnet.com\/pt\/wp-json\/wp\/v2\/categories?post=40"},{"taxonomy":"post_tag","embeddable":true,"href":"https:\/\/blog.wtransnet.com\/pt\/wp-json\/wp\/v2\/tags?post=40"}],"curies":[{"name":"wp","href":"https:\/\/api.w.org\/{rel}","templated":true}]}}